{"id":1064,"date":"2017-04-12T15:18:27","date_gmt":"2017-04-12T13:18:27","guid":{"rendered":"http:\/\/www.barreiropsicologia.com\/?p=1064"},"modified":"2026-03-26T21:05:34","modified_gmt":"2026-03-26T20:05:34","slug":"como-afecta-el-cambio-de-hora","status":"publish","type":"post","link":"https:\/\/barreiropsicologia.com\/blog\/como-afecta-el-cambio-de-hora\/","title":{"rendered":"C\u00f3mo nos afecta psicol\u00f3gicamente el cambio de hora"},"content":{"rendered":"\n<h1 class=\"wp-block-heading\"><\/h1>\n\n\n\n<p>En el programa de \u00e9sta semana en <a href=\"http:\/\/cadenaser.com\/emisora\/radio_salamanca\/\">Hoy por hoy Salamanca<\/a> con Jes\u00fas Mart\u00edn, de la <a href=\"http:\/\/cadenaser.com\/\">Cadena Ser<\/a> vamos a hablar sobre <span style=\"color: #ff6600;\">c\u00f3mo nos afecta el cambio de hora<\/span>. <\/p>\n\n\n\n<blockquote class=\"wp-block-quote is-layout-flow wp-block-quote-is-layout-flow\"><p><em>Enlace al audio del programa al final del art\u00edculo, <a href=\"https:\/\/barreiropsicologia.com\/blog\/como-afecta-el-cambio-de-hora\/\">ir al audio<\/a>.<\/em><\/p><\/blockquote>\n\n\n\n<h2 class=\"wp-block-heading\">\u00bfQu\u00e9 ocurre en nuestro organismo?<\/h2>\n\n\n\n<p>Nuestro organismo tiene un <strong>regulador horario biol\u00f3gico<\/strong> que se encuentra en el interior del cerebro, y que se regula mediante la luz solar y los est\u00edmulos del entorno; regula un ciclo diario que afecta a los niveles de las hormonas y actividades celulares por lo que, cuando cambia el ritmo de la luz de fuera o el ritmo de las tareas, puede desorientarse.<\/p>\n\n\n\n<p><strong>La luz suprime la secreci\u00f3n de melatonina<\/strong>, que es la sustancia que nos induce el sue\u00f1o, una hormona que junto con el cortisol, act\u00faa regulando los estados de vigilia y sue\u00f1o en funci\u00f3n de la luz solar, a m\u00e1s luz se produce menos melatonina, por lo que la funci\u00f3n de inducir el sue\u00f1o que tiene esta hormona se produce de forma m\u00e1s tard\u00eda.<\/p>\n\n\n\n<h2 class=\"wp-block-heading\">\u00bfC\u00f3mo afecta el cambio de hora a nuestra salud?<\/h2>\n\n\n\n<div class=\"wp-block-image\"><figure class=\"alignright\"><img loading=\"lazy\" decoding=\"async\" width=\"300\" height=\"200\" src=\"http:\/\/barreiropsicologia.com\/blog\/wp-content\/uploads\/2017\/04\/amanecer-300x200.jpg\" alt=\"cambio de hora\" class=\"wp-image-1931\" srcset=\"https:\/\/barreiropsicologia.com\/blog\/wp-content\/uploads\/2017\/04\/amanecer-300x200.jpg 300w, https:\/\/barreiropsicologia.com\/blog\/wp-content\/uploads\/2017\/04\/amanecer.jpg 626w\" sizes=\"auto, (max-width: 300px) 100vw, 300px\" \/><\/figure><\/div>\n\n\n\n<p>Desde el punto de vista de la salud, esta variaci\u00f3n en el cambio de hora tiene un impacto leve en el organismo, aunque hay una respuesta individual, ya que algunas personas la llevan muy bien y otras no se adaptan tan bien, depende de cada persona, a veces se necesitan <strong>entre 1 y 5 d\u00edas para que el cerebro se ajuste al nuevo horario<\/strong>.<\/p>\n\n\n\n<p><strong>Los ni\u00f1os y los mayores<\/strong> son los grupos de poblaci\u00f3n m\u00e1s sensibles a estas alteraciones debido a que tienen unos horarios establecidos de comidas y de sue\u00f1o.<\/p>\n\n\n\n<p>El sue\u00f1o requiere de rutina y monoton\u00eda.<\/p>\n\n\n\n<p>Con el cambio de hora nos levantamos una hora antes de lo habitual, rompiendo la rutina del sue\u00f1o, de modo que no se descanse lo necesario puede implicar \u00abligeros\u00bb <a href=\"http:\/\/barreiropsicologia.com\/blog\/consejos-para-tratar-el-insomnio\/\">trastornos en el sue\u00f1o<\/a>, los h\u00e1bitos alimenticios y el estado de \u00e1nimo, que pueden aumentar el cansancio, la irritabilidad o la falta de concentraci\u00f3n, aunque estos problemas remiten en el plazo de tres o cuatro d\u00edas.<\/p>\n\n\n\n<p>La disminuci\u00f3n de las horas de luz y la bajada de las temperaturas suelen traducirse en una inhibici\u00f3n (alteraci\u00f3n de las actividades) y por consiguiente una mayor propensi\u00f3n a estar en casa, limitando tanto las relaciones f\u00edsicas, como las sociales\u00bb.<\/p>\n\n\n\n<h2 class=\"wp-block-heading\"><strong>Seis consejos para adaptarse mejor al cambio de hora:<\/strong><\/h2>\n\n\n\n<ol class=\"wp-block-list\"><li><strong><em>Recuperar el tiempo de sue\u00f1o<\/em><\/strong> perdido acost\u00e1ndose una hora antes o 15 min durante 4-5 d\u00edas antes. Acostarse un poco antes para ir adapt\u00e1ndose al nuevo horario, es mejor prepararse cuatro o cinco d\u00edas antes del cambio de hora modificando paulatinamente el nuestro horario de esta forma, el cambio no se produce de manera tan brusca.<\/li><li>Regla de oro: <a href=\"http:\/\/barreiropsicologia.com\/blog\/estres-concepto-y-prevencion\/\"><strong><em>A m\u00e1s estr\u00e9s, m\u00e1s ejercicio<\/em><\/strong><\/a>. Practicar con regularidad ejercicio f\u00edsico moderado ayuda al cuerpo, y a la mente, a relajarse y a adaptarse a los cambios. Se recomienda practicarlo por la ma\u00f1ana, para afrontar el d\u00eda con energ\u00eda, pero nunca antes de irse a dormir, ya que podr\u00eda dificultar el sue\u00f1o.<\/li><li><strong><em>Despedirse temporalmente de la siesta<\/em><\/strong>. Durante unos d\u00edas, para que el organismo se ajuste al nuevo ciclo de sue\u00f1o.<\/li><li><strong><em>Evitar los excitantes<\/em><\/strong>. Sobre todo durante la tarde, las bebidas con cafe\u00edna o excitantes como el caf\u00e9, el t\u00e9 o el alcohol pueden influir negativamente en la calidad del sue\u00f1o y el sistema nervioso.<\/li><li><strong><em>En la cena, las cantidades justas<\/em><\/strong>. Ni con el est\u00f3mago vac\u00edo, ni demasiado lleno. Para facilitar la digesti\u00f3n y que termine antes de irse a dormir, es recomendable hacer una cena ligera y a una hora temprana.<\/li><li><strong><em>Apagar los aparatos electr\u00f3nicos<\/em><\/strong>. Consultar el m\u00f3vil, la tablet o el ordenador antes de acostarse es un h\u00e1bito tan com\u00fan como perjudicial. ya que el exceso de luz, emitida por las pantallas, puede ser el causante de la alteraci\u00f3n de las pautas de sue\u00f1o, as\u00ed como de sufrir efectos secundarios en el organismo.<\/li><\/ol>\n\n\n\n<hr>\n<blockquote id=\"1\">\n<p>Escucha el audio del programa a partir del minuto 27\u00b4 pinchando <a href=\"https:\/\/play.cadenaser.com\/audio\/1490698885_803086\/\" target=\"_blank\" rel=\"noopener noreferrer\">aqu\u00ed<\/a>!<\/p>\n<\/blockquote>\n\n\n\n<p><strong><span style=\"font-size: medium;\"><\/span><\/strong><\/p>\n","protected":false},"excerpt":{"rendered":"<p>Entrevista con la cadena Ser, en el programa Hoy por hoy Salamanca, con el periodista Jes\u00fas Mart\u00edn In\u00e9s sobre como nos afecta el cambio horario.<\/p>\n","protected":false},"author":1,"featured_media":1065,"comment_status":"open","ping_status":"open","sticky":false,"template":"","format":"standard","meta":{"footnotes":""},"categories":[801],"tags":[166,159],"class_list":["post-1064","post","type-post","status-publish","format-standard","has-post-thumbnail","hentry","category-entorno-salud-mental","tag-entrevista","tag-radio-y-television"],"yoast_head":"<!-- This site is optimized with the Yoast SEO plugin v27.3 - https:\/\/yoast.com\/product\/yoast-seo-wordpress\/ -->\n<title>C\u00f3mo nos afecta psicol\u00f3gicamente el cambio de hora - Barreiro Psicolog\u00eda Blog<\/title>\n<meta name=\"description\" content=\"Conoce como afecta el cambio de hora a nuestra salud psicol\u00f3gica y aprende algunos consejos para adaptarte mejor y que no te afecte!\" \/>\n<meta name=\"robots\" content=\"index, follow, max-snippet:-1, max-image-preview:large, max-video-preview:-1\" \/>\n<link rel=\"canonical\" href=\"https:\/\/barreiropsicologia.com\/blog\/como-afecta-el-cambio-de-hora\/\" \/>\n<meta property=\"og:locale\" content=\"es_ES\" \/>\n<meta property=\"og:type\" content=\"article\" \/>\n<meta property=\"og:title\" content=\"C\u00f3mo nos afecta psicol\u00f3gicamente el cambio de hora - Barreiro Psicolog\u00eda Blog\" \/>\n<meta property=\"og:description\" content=\"Conoce como afecta el cambio de hora a nuestra salud psicol\u00f3gica y aprende algunos consejos para adaptarte mejor y que no te afecte!\" \/>\n<meta property=\"og:url\" content=\"https:\/\/barreiropsicologia.com\/blog\/como-afecta-el-cambio-de-hora\/\" \/>\n<meta property=\"og:site_name\" content=\"Blog de psicolog\u00eda\" \/>\n<meta property=\"article:publisher\" content=\"https:\/\/www.facebook.com\/psicologossalamanca\/\" \/>\n<meta property=\"article:author\" content=\"https:\/\/www.facebook.com\/psicologossalamanca\/\" \/>\n<meta property=\"article:published_time\" content=\"2017-04-12T13:18:27+00:00\" \/>\n<meta property=\"article:modified_time\" content=\"2026-03-26T20:05:34+00:00\" \/>\n<meta property=\"og:image\" content=\"https:\/\/barreiropsicologia.com\/blog\/wp-content\/uploads\/2017\/04\/ordu_aldaketa_cambio_de_hora_EFE_foto610x342.jpg\" \/>\n\t<meta property=\"og:image:width\" content=\"610\" \/>\n\t<meta property=\"og:image:height\" content=\"342\" \/>\n\t<meta property=\"og:image:type\" content=\"image\/jpeg\" \/>\n<meta name=\"author\" content=\"Javier Barreiro\" \/>\n<meta name=\"twitter:card\" content=\"summary_large_image\" \/>\n<meta name=\"twitter:creator\" content=\"@Barreiro.javier@hotmail.com\" \/>\n<meta name=\"twitter:site\" content=\"@Barreiro_Psi\" \/>\n<meta name=\"twitter:label1\" content=\"Escrito por\" \/>\n\t<meta name=\"twitter:data1\" content=\"Javier Barreiro\" \/>\n\t<meta name=\"twitter:label2\" content=\"Tiempo de lectura\" \/>\n\t<meta name=\"twitter:data2\" content=\"4 minutos\" \/>\n<script type=\"application\/ld+json\" class=\"yoast-schema-graph\">{\"@context\":\"https:\\\/\\\/schema.org\",\"@graph\":[{\"@type\":\"Article\",\"@id\":\"https:\\\/\\\/barreiropsicologia.com\\\/blog\\\/como-afecta-el-cambio-de-hora\\\/#article\",\"isPartOf\":{\"@id\":\"https:\\\/\\\/barreiropsicologia.com\\\/blog\\\/como-afecta-el-cambio-de-hora\\\/\"},\"author\":{\"name\":\"Javier Barreiro\",\"@id\":\"https:\\\/\\\/barreiropsicologia.com\\\/blog\\\/#\\\/schema\\\/person\\\/6068f8a0ae30566e1100f91905ead263\"},\"headline\":\"C\u00f3mo nos afecta psicol\u00f3gicamente el cambio de hora\",\"datePublished\":\"2017-04-12T13:18:27+00:00\",\"dateModified\":\"2026-03-26T20:05:34+00:00\",\"mainEntityOfPage\":{\"@id\":\"https:\\\/\\\/barreiropsicologia.com\\\/blog\\\/como-afecta-el-cambio-de-hora\\\/\"},\"wordCount\":726,\"commentCount\":0,\"image\":{\"@id\":\"https:\\\/\\\/barreiropsicologia.com\\\/blog\\\/como-afecta-el-cambio-de-hora\\\/#primaryimage\"},\"thumbnailUrl\":\"https:\\\/\\\/barreiropsicologia.com\\\/blog\\\/wp-content\\\/uploads\\\/2017\\\/04\\\/ordu_aldaketa_cambio_de_hora_EFE_foto610x342.jpg\",\"keywords\":[\"entrevista\",\"radio y televisi\u00f3n\"],\"articleSection\":[\"Entorno y salud mental\"],\"inLanguage\":\"es\",\"potentialAction\":[{\"@type\":\"CommentAction\",\"name\":\"Comment\",\"target\":[\"https:\\\/\\\/barreiropsicologia.com\\\/blog\\\/como-afecta-el-cambio-de-hora\\\/#respond\"]}]},{\"@type\":\"WebPage\",\"@id\":\"https:\\\/\\\/barreiropsicologia.com\\\/blog\\\/como-afecta-el-cambio-de-hora\\\/\",\"url\":\"https:\\\/\\\/barreiropsicologia.com\\\/blog\\\/como-afecta-el-cambio-de-hora\\\/\",\"name\":\"C\u00f3mo nos afecta psicol\u00f3gicamente el cambio de hora - Barreiro Psicolog\u00eda Blog\",\"isPartOf\":{\"@id\":\"https:\\\/\\\/barreiropsicologia.com\\\/blog\\\/#website\"},\"primaryImageOfPage\":{\"@id\":\"https:\\\/\\\/barreiropsicologia.com\\\/blog\\\/como-afecta-el-cambio-de-hora\\\/#primaryimage\"},\"image\":{\"@id\":\"https:\\\/\\\/barreiropsicologia.com\\\/blog\\\/como-afecta-el-cambio-de-hora\\\/#primaryimage\"},\"thumbnailUrl\":\"https:\\\/\\\/barreiropsicologia.com\\\/blog\\\/wp-content\\\/uploads\\\/2017\\\/04\\\/ordu_aldaketa_cambio_de_hora_EFE_foto610x342.jpg\",\"datePublished\":\"2017-04-12T13:18:27+00:00\",\"dateModified\":\"2026-03-26T20:05:34+00:00\",\"author\":{\"@id\":\"https:\\\/\\\/barreiropsicologia.com\\\/blog\\\/#\\\/schema\\\/person\\\/6068f8a0ae30566e1100f91905ead263\"},\"description\":\"Conoce como afecta el cambio de hora a nuestra salud psicol\u00f3gica y aprende algunos consejos para adaptarte mejor y que no te afecte!\",\"breadcrumb\":{\"@id\":\"https:\\\/\\\/barreiropsicologia.com\\\/blog\\\/como-afecta-el-cambio-de-hora\\\/#breadcrumb\"},\"inLanguage\":\"es\",\"potentialAction\":[{\"@type\":\"ReadAction\",\"target\":[\"https:\\\/\\\/barreiropsicologia.com\\\/blog\\\/como-afecta-el-cambio-de-hora\\\/\"]}]},{\"@type\":\"ImageObject\",\"inLanguage\":\"es\",\"@id\":\"https:\\\/\\\/barreiropsicologia.com\\\/blog\\\/como-afecta-el-cambio-de-hora\\\/#primaryimage\",\"url\":\"https:\\\/\\\/barreiropsicologia.com\\\/blog\\\/wp-content\\\/uploads\\\/2017\\\/04\\\/ordu_aldaketa_cambio_de_hora_EFE_foto610x342.jpg\",\"contentUrl\":\"https:\\\/\\\/barreiropsicologia.com\\\/blog\\\/wp-content\\\/uploads\\\/2017\\\/04\\\/ordu_aldaketa_cambio_de_hora_EFE_foto610x342.jpg\",\"width\":610,\"height\":342},{\"@type\":\"BreadcrumbList\",\"@id\":\"https:\\\/\\\/barreiropsicologia.com\\\/blog\\\/como-afecta-el-cambio-de-hora\\\/#breadcrumb\",\"itemListElement\":[{\"@type\":\"ListItem\",\"position\":1,\"name\":\"Portada\",\"item\":\"https:\\\/\\\/barreiropsicologia.com\\\/blog\\\/\"},{\"@type\":\"ListItem\",\"position\":2,\"name\":\"C\u00f3mo nos afecta psicol\u00f3gicamente el cambio de hora\"}]},{\"@type\":\"WebSite\",\"@id\":\"https:\\\/\\\/barreiropsicologia.com\\\/blog\\\/#website\",\"url\":\"https:\\\/\\\/barreiropsicologia.com\\\/blog\\\/\",\"name\":\"Blog de psicolog\u00eda\",\"description\":\"Barreiro Psicolog\u00eda Blog\",\"potentialAction\":[{\"@type\":\"SearchAction\",\"target\":{\"@type\":\"EntryPoint\",\"urlTemplate\":\"https:\\\/\\\/barreiropsicologia.com\\\/blog\\\/?s={search_term_string}\"},\"query-input\":{\"@type\":\"PropertyValueSpecification\",\"valueRequired\":true,\"valueName\":\"search_term_string\"}}],\"inLanguage\":\"es\"},{\"@type\":\"Person\",\"@id\":\"https:\\\/\\\/barreiropsicologia.com\\\/blog\\\/#\\\/schema\\\/person\\\/6068f8a0ae30566e1100f91905ead263\",\"name\":\"Javier Barreiro\",\"image\":{\"@type\":\"ImageObject\",\"inLanguage\":\"es\",\"@id\":\"https:\\\/\\\/secure.gravatar.com\\\/avatar\\\/ba2dc692a18d0909a9544d2d12c67449129af0c5441c8732f319a1ae7ae701b0?s=96&d=mm&r=g\",\"url\":\"https:\\\/\\\/secure.gravatar.com\\\/avatar\\\/ba2dc692a18d0909a9544d2d12c67449129af0c5441c8732f319a1ae7ae701b0?s=96&d=mm&r=g\",\"contentUrl\":\"https:\\\/\\\/secure.gravatar.com\\\/avatar\\\/ba2dc692a18d0909a9544d2d12c67449129af0c5441c8732f319a1ae7ae701b0?s=96&d=mm&r=g\",\"caption\":\"Javier Barreiro\"},\"description\":\"Javier Barreiro Santamarta es Licenciado en Psicolog\u00eda por la Universidad de Salamanca, Psic\u00f3logo General Sanitario en Salamanca colegiado n\u00ba CL-3735. M\u00e1ster en Psicolog\u00eda Cl\u00ednica cognitivo-conductual, M\u00e1ster en Terapia Breve Centrada en Soluciones y M\u00e1ster en Recursos Humanos.\",\"sameAs\":[\"https:\\\/\\\/www.facebook.com\\\/psicologossalamanca\\\/\",\"https:\\\/\\\/www.instagram.com\\\/barreiro.psi\",\"https:\\\/\\\/ar.linkedin.com\\\/in\\\/javier-barreiro-santamarta-9183b962\",\"https:\\\/\\\/x.com\\\/Barreiro.javier@hotmail.com\"],\"url\":\"https:\\\/\\\/barreiropsicologia.com\\\/blog\\\/author\\\/javier_barreiro\\\/\"}]}<\/script>\n<!-- \/ Yoast SEO plugin. -->","yoast_head_json":{"title":"C\u00f3mo nos afecta psicol\u00f3gicamente el cambio de hora - Barreiro Psicolog\u00eda Blog","description":"Conoce como afecta el cambio de hora a nuestra salud psicol\u00f3gica y aprende algunos consejos para adaptarte mejor y que no te afecte!","robots":{"index":"index","follow":"follow","max-snippet":"max-snippet:-1","max-image-preview":"max-image-preview:large","max-video-preview":"max-video-preview:-1"},"canonical":"https:\/\/barreiropsicologia.com\/blog\/como-afecta-el-cambio-de-hora\/","og_locale":"es_ES","og_type":"article","og_title":"C\u00f3mo nos afecta psicol\u00f3gicamente el cambio de hora - Barreiro Psicolog\u00eda Blog","og_description":"Conoce como afecta el cambio de hora a nuestra salud psicol\u00f3gica y aprende algunos consejos para adaptarte mejor y que no te afecte!","og_url":"https:\/\/barreiropsicologia.com\/blog\/como-afecta-el-cambio-de-hora\/","og_site_name":"Blog de psicolog\u00eda","article_publisher":"https:\/\/www.facebook.com\/psicologossalamanca\/","article_author":"https:\/\/www.facebook.com\/psicologossalamanca\/","article_published_time":"2017-04-12T13:18:27+00:00","article_modified_time":"2026-03-26T20:05:34+00:00","og_image":[{"width":610,"height":342,"url":"https:\/\/barreiropsicologia.com\/blog\/wp-content\/uploads\/2017\/04\/ordu_aldaketa_cambio_de_hora_EFE_foto610x342.jpg","type":"image\/jpeg"}],"author":"Javier Barreiro","twitter_card":"summary_large_image","twitter_creator":"@Barreiro.javier@hotmail.com","twitter_site":"@Barreiro_Psi","twitter_misc":{"Escrito por":"Javier Barreiro","Tiempo de lectura":"4 minutos"},"schema":{"@context":"https:\/\/schema.org","@graph":[{"@type":"Article","@id":"https:\/\/barreiropsicologia.com\/blog\/como-afecta-el-cambio-de-hora\/#article","isPartOf":{"@id":"https:\/\/barreiropsicologia.com\/blog\/como-afecta-el-cambio-de-hora\/"},"author":{"name":"Javier Barreiro","@id":"https:\/\/barreiropsicologia.com\/blog\/#\/schema\/person\/6068f8a0ae30566e1100f91905ead263"},"headline":"C\u00f3mo nos afecta psicol\u00f3gicamente el cambio de hora","datePublished":"2017-04-12T13:18:27+00:00","dateModified":"2026-03-26T20:05:34+00:00","mainEntityOfPage":{"@id":"https:\/\/barreiropsicologia.com\/blog\/como-afecta-el-cambio-de-hora\/"},"wordCount":726,"commentCount":0,"image":{"@id":"https:\/\/barreiropsicologia.com\/blog\/como-afecta-el-cambio-de-hora\/#primaryimage"},"thumbnailUrl":"https:\/\/barreiropsicologia.com\/blog\/wp-content\/uploads\/2017\/04\/ordu_aldaketa_cambio_de_hora_EFE_foto610x342.jpg","keywords":["entrevista","radio y televisi\u00f3n"],"articleSection":["Entorno y salud mental"],"inLanguage":"es","potentialAction":[{"@type":"CommentAction","name":"Comment","target":["https:\/\/barreiropsicologia.com\/blog\/como-afecta-el-cambio-de-hora\/#respond"]}]},{"@type":"WebPage","@id":"https:\/\/barreiropsicologia.com\/blog\/como-afecta-el-cambio-de-hora\/","url":"https:\/\/barreiropsicologia.com\/blog\/como-afecta-el-cambio-de-hora\/","name":"C\u00f3mo nos afecta psicol\u00f3gicamente el cambio de hora - Barreiro Psicolog\u00eda Blog","isPartOf":{"@id":"https:\/\/barreiropsicologia.com\/blog\/#website"},"primaryImageOfPage":{"@id":"https:\/\/barreiropsicologia.com\/blog\/como-afecta-el-cambio-de-hora\/#primaryimage"},"image":{"@id":"https:\/\/barreiropsicologia.com\/blog\/como-afecta-el-cambio-de-hora\/#primaryimage"},"thumbnailUrl":"https:\/\/barreiropsicologia.com\/blog\/wp-content\/uploads\/2017\/04\/ordu_aldaketa_cambio_de_hora_EFE_foto610x342.jpg","datePublished":"2017-04-12T13:18:27+00:00","dateModified":"2026-03-26T20:05:34+00:00","author":{"@id":"https:\/\/barreiropsicologia.com\/blog\/#\/schema\/person\/6068f8a0ae30566e1100f91905ead263"},"description":"Conoce como afecta el cambio de hora a nuestra salud psicol\u00f3gica y aprende algunos consejos para adaptarte mejor y que no te afecte!","breadcrumb":{"@id":"https:\/\/barreiropsicologia.com\/blog\/como-afecta-el-cambio-de-hora\/#breadcrumb"},"inLanguage":"es","potentialAction":[{"@type":"ReadAction","target":["https:\/\/barreiropsicologia.com\/blog\/como-afecta-el-cambio-de-hora\/"]}]},{"@type":"ImageObject","inLanguage":"es","@id":"https:\/\/barreiropsicologia.com\/blog\/como-afecta-el-cambio-de-hora\/#primaryimage","url":"https:\/\/barreiropsicologia.com\/blog\/wp-content\/uploads\/2017\/04\/ordu_aldaketa_cambio_de_hora_EFE_foto610x342.jpg","contentUrl":"https:\/\/barreiropsicologia.com\/blog\/wp-content\/uploads\/2017\/04\/ordu_aldaketa_cambio_de_hora_EFE_foto610x342.jpg","width":610,"height":342},{"@type":"BreadcrumbList","@id":"https:\/\/barreiropsicologia.com\/blog\/como-afecta-el-cambio-de-hora\/#breadcrumb","itemListElement":[{"@type":"ListItem","position":1,"name":"Portada","item":"https:\/\/barreiropsicologia.com\/blog\/"},{"@type":"ListItem","position":2,"name":"C\u00f3mo nos afecta psicol\u00f3gicamente el cambio de hora"}]},{"@type":"WebSite","@id":"https:\/\/barreiropsicologia.com\/blog\/#website","url":"https:\/\/barreiropsicologia.com\/blog\/","name":"Blog de psicolog\u00eda","description":"Barreiro Psicolog\u00eda Blog","potentialAction":[{"@type":"SearchAction","target":{"@type":"EntryPoint","urlTemplate":"https:\/\/barreiropsicologia.com\/blog\/?s={search_term_string}"},"query-input":{"@type":"PropertyValueSpecification","valueRequired":true,"valueName":"search_term_string"}}],"inLanguage":"es"},{"@type":"Person","@id":"https:\/\/barreiropsicologia.com\/blog\/#\/schema\/person\/6068f8a0ae30566e1100f91905ead263","name":"Javier Barreiro","image":{"@type":"ImageObject","inLanguage":"es","@id":"https:\/\/secure.gravatar.com\/avatar\/ba2dc692a18d0909a9544d2d12c67449129af0c5441c8732f319a1ae7ae701b0?s=96&d=mm&r=g","url":"https:\/\/secure.gravatar.com\/avatar\/ba2dc692a18d0909a9544d2d12c67449129af0c5441c8732f319a1ae7ae701b0?s=96&d=mm&r=g","contentUrl":"https:\/\/secure.gravatar.com\/avatar\/ba2dc692a18d0909a9544d2d12c67449129af0c5441c8732f319a1ae7ae701b0?s=96&d=mm&r=g","caption":"Javier Barreiro"},"description":"Javier Barreiro Santamarta es Licenciado en Psicolog\u00eda por la Universidad de Salamanca, Psic\u00f3logo General Sanitario en Salamanca colegiado n\u00ba CL-3735. M\u00e1ster en Psicolog\u00eda Cl\u00ednica cognitivo-conductual, M\u00e1ster en Terapia Breve Centrada en Soluciones y M\u00e1ster en Recursos Humanos.","sameAs":["https:\/\/www.facebook.com\/psicologossalamanca\/","https:\/\/www.instagram.com\/barreiro.psi","https:\/\/ar.linkedin.com\/in\/javier-barreiro-santamarta-9183b962","https:\/\/x.com\/Barreiro.javier@hotmail.com"],"url":"https:\/\/barreiropsicologia.com\/blog\/author\/javier_barreiro\/"}]}},"_links":{"self":[{"href":"https:\/\/barreiropsicologia.com\/blog\/wp-json\/wp\/v2\/posts\/1064","targetHints":{"allow":["GET"]}}],"collection":[{"href":"https:\/\/barreiropsicologia.com\/blog\/wp-json\/wp\/v2\/posts"}],"about":[{"href":"https:\/\/barreiropsicologia.com\/blog\/wp-json\/wp\/v2\/types\/post"}],"author":[{"embeddable":true,"href":"https:\/\/barreiropsicologia.com\/blog\/wp-json\/wp\/v2\/users\/1"}],"replies":[{"embeddable":true,"href":"https:\/\/barreiropsicologia.com\/blog\/wp-json\/wp\/v2\/comments?post=1064"}],"version-history":[{"count":11,"href":"https:\/\/barreiropsicologia.com\/blog\/wp-json\/wp\/v2\/posts\/1064\/revisions"}],"predecessor-version":[{"id":3193,"href":"https:\/\/barreiropsicologia.com\/blog\/wp-json\/wp\/v2\/posts\/1064\/revisions\/3193"}],"wp:featuredmedia":[{"embeddable":true,"href":"https:\/\/barreiropsicologia.com\/blog\/wp-json\/wp\/v2\/media\/1065"}],"wp:attachment":[{"href":"https:\/\/barreiropsicologia.com\/blog\/wp-json\/wp\/v2\/media?parent=1064"}],"wp:term":[{"taxonomy":"category","embeddable":true,"href":"https:\/\/barreiropsicologia.com\/blog\/wp-json\/wp\/v2\/categories?post=1064"},{"taxonomy":"post_tag","embeddable":true,"href":"https:\/\/barreiropsicologia.com\/blog\/wp-json\/wp\/v2\/tags?post=1064"}],"curies":[{"name":"wp","href":"https:\/\/api.w.org\/{rel}","templated":true}]}}