{"id":1089,"date":"2017-09-05T10:00:53","date_gmt":"2017-09-05T10:00:53","guid":{"rendered":"http:\/\/barreiropsicologia.com\/?p=1089"},"modified":"2026-04-29T19:33:36","modified_gmt":"2026-04-29T17:33:36","slug":"crisis-de-pareja-postvacacional","status":"publish","type":"post","link":"https:\/\/barreiropsicologia.com\/blog\/crisis-de-pareja-postvacacional\/","title":{"rendered":"C\u00f3mo evitar las crisis de pareja despu\u00e9s de vacaciones"},"content":{"rendered":"<p>Se acaban poco a poco las vacaciones, y nos encontramos de nuevo de vuelta a la rutina, las cosas se vuelven a normalizar, s\u00f3lo que en ocasiones, durante el periodo vacacional ocurren situaciones que no suceden como las esper\u00e1bamos y pueden aparecer <span style=\"color: #ff6600;\">crisis de pareja<\/span>.<\/p>\n<p>Al compartir m\u00e1s tiempo y espacio con nuestras parejas y familias, surgen a veces problemas que parecen dif\u00edciles de resolver.<\/p>\n<blockquote><p><em>Al final del art\u00edculo podeis escuchar el programa del <a href=\"http:\/\/play.cadenaser.com\/programa\/hoy_por_hoy_salamanca\/\">Hoy por Hoy Salamanca<\/a> de la <a href=\"http:\/\/cadenaser.com\/\">Cadena SER<\/a> en <a href=\"http:\/\/cadenaser.com\/emisora\/radio_salamanca\/\">Radio Salamanca<\/a>.<\/em><\/p><\/blockquote>\n<h2><\/h2>\n<p>Las vacaciones siempre son una fuente de relax, pero tambi\u00e9n una <strong>fuente de estr\u00e9s<\/strong> en la que se dan situaciones que provocan que haya ciertas crisis entre las parejas.<\/p>\n<p>El hecho de empezar a organizar las vacaciones o incluso la convivencia durante las 24 horas del d\u00eda de forma diferente a la habitual son factores que hacen que surjan problemas.<\/p>\n<p>Para evitar que surjan conflictos la <strong>planificaci\u00f3n de las vacaciones<\/strong> sea entre ambos o entre todos los miembros de la familia ayuda a que no se den situaciones de crisis.<\/p>\n<p>Cuando se produce una discusi\u00f3n lo mejor es <em>contar hasta diez, enfriar la situaci\u00f3n y entender que no siempre se puede estar de acuerdo<\/em>. Pero si el conflicto se estanca lo mejor es \u00abacudir a <a href=\"https:\/\/barreiropsicologia.com\/terapia-sexual-pareja\/\">terapia de pareja<\/a>\u00ab, ha dicho el psic\u00f3logo.<\/p>\n<p><img loading=\"lazy\" decoding=\"async\" class=\"size-medium wp-image-1970 alignright\" src=\"http:\/\/barreiropsicologia.com\/blog\/wp-content\/uploads\/2017\/09\/terapeuta-terapia-pareja_13339-294076-300x200.jpg\" alt=\"terapia de pareja\" width=\"300\" height=\"200\" srcset=\"https:\/\/barreiropsicologia.com\/blog\/wp-content\/uploads\/2017\/09\/terapeuta-terapia-pareja_13339-294076-300x200.jpg 300w, https:\/\/barreiropsicologia.com\/blog\/wp-content\/uploads\/2017\/09\/terapeuta-terapia-pareja_13339-294076.jpg 626w\" sizes=\"auto, (max-width: 300px) 100vw, 300px\" \/><\/p>\n<p>Una vez que una pareja acude a terapia, los psic\u00f3logos escuchan ambas partes para entender las dos posturas y, a partir de eso, generar soluciones. Aunque a veces el trabajo es m\u00e1s complicado: \u201cAlgunas crisis que se dan despu\u00e9s de las vacaciones no es m\u00e1s que un reflejo de algo que viene arrastrado de atr\u00e1s\u00bb, cuenta Barreiro.<\/p>\n<p>Sin embargo, las vacaciones no son cr\u00edticas para todas las parejas: \u201cQue la relaci\u00f3n mejore es lo ideal y es algo que ocurre con mucha frecuencia\u201d, ha comentado Barreiro.<\/p>\n<p>Como consejo fundamental para que no se den este tipo de situaciones, recalca que <strong>la paciencia <\/strong>es fundamental y que \u00abno pasa nada si un plan no sale, puede salir algo alternativo\u00bb.<\/p>\n<hr \/>\n<p><em>\u2666 Podeis escuchar el programa <a href=\"http:\/\/cadenaser.com\/emisora\/2017\/07\/19\/radio_salamanca\/1500459851_131784\/\">AQUI<\/a>!<\/em><\/p>\n<hr \/>\n<p><em>\u2666 Tambi\u00e9n os puede interesar el art\u00edculo <\/em><a href=\"http:\/\/barreiropsicologia.com\/blog\/fases-y-crisis-de-pareja\/\"><em>Fases y Crisis de Pareja<\/em><\/a><\/p>\n<p><em>\u2666 Tambi\u00e9n os puede interesar el art\u00edculo <\/em><a href=\"http:\/\/barreiropsicologia.com\/blog\/estres-postvacacional\/\"><em>Estr\u00e9s Postvacacional<\/em><\/a><\/p>\n<p><em>\u2666 Tambi\u00e9n os puede interesar el art\u00edculo <a href=\"http:\/\/barreiropsicologia.com\/blog\/sindrome-postvacacional\/\">S\u00edndrome postvacacional<\/a><\/em><\/p>\n","protected":false},"excerpt":{"rendered":"<p>Se acaban poco a poco las vacaciones, y nos encontramos de nuevo de vuelta a la rutina, las cosas se vuelven a normalizar, s\u00f3lo que en ocasiones, durante el periodo vacacional ocurren situaciones que no suceden como las esper\u00e1bamos y&#46;&#46;&#46;<\/p>\n","protected":false},"author":1,"featured_media":1090,"comment_status":"open","ping_status":"open","sticky":false,"template":"","format":"standard","meta":{"footnotes":""},"categories":[841],"tags":[166,159,75],"class_list":["post-1089","post","type-post","status-publish","format-standard","has-post-thumbnail","hentry","category-relaciones-vinculos","tag-entrevista","tag-radio-y-television","tag-vacaciones"],"yoast_head":"<!-- This site is optimized with the Yoast SEO plugin v27.5 - https:\/\/yoast.com\/product\/yoast-seo-wordpress\/ -->\n<title>C\u00f3mo evitar las crisis de pareja despu\u00e9s de vacaciones - Barreiro Psicolog\u00eda Blog<\/title>\n<meta name=\"description\" content=\"Las vacaciones pueden ser causa de crisis de pareja. En el art\u00edculo contamos porqu\u00e9 ocurren y qu\u00e9 podemos hacer contra las crisis de pareja postvacacionales\" \/>\n<meta name=\"robots\" content=\"index, follow, max-snippet:-1, max-image-preview:large, max-video-preview:-1\" \/>\n<link rel=\"canonical\" href=\"https:\/\/barreiropsicologia.com\/blog\/crisis-de-pareja-postvacacional\/\" \/>\n<meta property=\"og:locale\" content=\"es_ES\" \/>\n<meta property=\"og:type\" content=\"article\" \/>\n<meta property=\"og:title\" content=\"C\u00f3mo evitar las crisis de pareja despu\u00e9s de vacaciones - Barreiro Psicolog\u00eda Blog\" \/>\n<meta property=\"og:description\" content=\"Las vacaciones pueden ser causa de crisis de pareja. En el art\u00edculo contamos porqu\u00e9 ocurren y qu\u00e9 podemos hacer contra las crisis de pareja postvacacionales\" \/>\n<meta property=\"og:url\" content=\"https:\/\/barreiropsicologia.com\/blog\/crisis-de-pareja-postvacacional\/\" \/>\n<meta property=\"og:site_name\" content=\"Blog de psicolog\u00eda\" \/>\n<meta property=\"article:publisher\" content=\"https:\/\/www.facebook.com\/psicologossalamanca\/\" \/>\n<meta property=\"article:author\" content=\"https:\/\/www.facebook.com\/psicologossalamanca\/\" \/>\n<meta property=\"article:published_time\" content=\"2017-09-05T10:00:53+00:00\" \/>\n<meta property=\"article:modified_time\" content=\"2026-04-29T17:33:36+00:00\" \/>\n<meta property=\"og:image\" content=\"https:\/\/barreiropsicologia.com\/blog\/wp-content\/uploads\/2017\/09\/crisis-de-pareja.jpg\" \/>\n\t<meta property=\"og:image:width\" content=\"600\" \/>\n\t<meta property=\"og:image:height\" content=\"360\" \/>\n\t<meta property=\"og:image:type\" content=\"image\/jpeg\" \/>\n<meta name=\"author\" content=\"Javier Barreiro\" \/>\n<meta name=\"twitter:card\" content=\"summary_large_image\" \/>\n<meta name=\"twitter:creator\" content=\"@Barreiro.javier@hotmail.com\" \/>\n<meta name=\"twitter:site\" content=\"@Barreiro_Psi\" \/>\n<meta name=\"twitter:label1\" content=\"Escrito por\" \/>\n\t<meta name=\"twitter:data1\" content=\"Javier Barreiro\" \/>\n\t<meta name=\"twitter:label2\" content=\"Tiempo de lectura\" \/>\n\t<meta name=\"twitter:data2\" content=\"2 minutos\" \/>\n<script type=\"application\/ld+json\" class=\"yoast-schema-graph\">{\"@context\":\"https:\\\/\\\/schema.org\",\"@graph\":[{\"@type\":\"Article\",\"@id\":\"https:\\\/\\\/barreiropsicologia.com\\\/blog\\\/crisis-de-pareja-postvacacional\\\/#article\",\"isPartOf\":{\"@id\":\"https:\\\/\\\/barreiropsicologia.com\\\/blog\\\/crisis-de-pareja-postvacacional\\\/\"},\"author\":{\"name\":\"Javier Barreiro\",\"@id\":\"https:\\\/\\\/barreiropsicologia.com\\\/blog\\\/#\\\/schema\\\/person\\\/6068f8a0ae30566e1100f91905ead263\"},\"headline\":\"C\u00f3mo evitar las crisis de pareja despu\u00e9s de vacaciones\",\"datePublished\":\"2017-09-05T10:00:53+00:00\",\"dateModified\":\"2026-04-29T17:33:36+00:00\",\"mainEntityOfPage\":{\"@id\":\"https:\\\/\\\/barreiropsicologia.com\\\/blog\\\/crisis-de-pareja-postvacacional\\\/\"},\"wordCount\":404,\"commentCount\":0,\"image\":{\"@id\":\"https:\\\/\\\/barreiropsicologia.com\\\/blog\\\/crisis-de-pareja-postvacacional\\\/#primaryimage\"},\"thumbnailUrl\":\"https:\\\/\\\/barreiropsicologia.com\\\/blog\\\/wp-content\\\/uploads\\\/2017\\\/09\\\/crisis-de-pareja.jpg\",\"keywords\":[\"entrevista\",\"radio y televisi\u00f3n\",\"vacaciones\"],\"articleSection\":[\"Relaciones y v\u00ednculos\"],\"inLanguage\":\"es\",\"potentialAction\":[{\"@type\":\"CommentAction\",\"name\":\"Comment\",\"target\":[\"https:\\\/\\\/barreiropsicologia.com\\\/blog\\\/crisis-de-pareja-postvacacional\\\/#respond\"]}]},{\"@type\":\"WebPage\",\"@id\":\"https:\\\/\\\/barreiropsicologia.com\\\/blog\\\/crisis-de-pareja-postvacacional\\\/\",\"url\":\"https:\\\/\\\/barreiropsicologia.com\\\/blog\\\/crisis-de-pareja-postvacacional\\\/\",\"name\":\"C\u00f3mo evitar las crisis de pareja despu\u00e9s de vacaciones - Barreiro Psicolog\u00eda Blog\",\"isPartOf\":{\"@id\":\"https:\\\/\\\/barreiropsicologia.com\\\/blog\\\/#website\"},\"primaryImageOfPage\":{\"@id\":\"https:\\\/\\\/barreiropsicologia.com\\\/blog\\\/crisis-de-pareja-postvacacional\\\/#primaryimage\"},\"image\":{\"@id\":\"https:\\\/\\\/barreiropsicologia.com\\\/blog\\\/crisis-de-pareja-postvacacional\\\/#primaryimage\"},\"thumbnailUrl\":\"https:\\\/\\\/barreiropsicologia.com\\\/blog\\\/wp-content\\\/uploads\\\/2017\\\/09\\\/crisis-de-pareja.jpg\",\"datePublished\":\"2017-09-05T10:00:53+00:00\",\"dateModified\":\"2026-04-29T17:33:36+00:00\",\"author\":{\"@id\":\"https:\\\/\\\/barreiropsicologia.com\\\/blog\\\/#\\\/schema\\\/person\\\/6068f8a0ae30566e1100f91905ead263\"},\"description\":\"Las vacaciones pueden ser causa de crisis de pareja. En el art\u00edculo contamos porqu\u00e9 ocurren y qu\u00e9 podemos hacer contra las crisis de pareja postvacacionales\",\"breadcrumb\":{\"@id\":\"https:\\\/\\\/barreiropsicologia.com\\\/blog\\\/crisis-de-pareja-postvacacional\\\/#breadcrumb\"},\"inLanguage\":\"es\",\"potentialAction\":[{\"@type\":\"ReadAction\",\"target\":[\"https:\\\/\\\/barreiropsicologia.com\\\/blog\\\/crisis-de-pareja-postvacacional\\\/\"]}]},{\"@type\":\"ImageObject\",\"inLanguage\":\"es\",\"@id\":\"https:\\\/\\\/barreiropsicologia.com\\\/blog\\\/crisis-de-pareja-postvacacional\\\/#primaryimage\",\"url\":\"https:\\\/\\\/barreiropsicologia.com\\\/blog\\\/wp-content\\\/uploads\\\/2017\\\/09\\\/crisis-de-pareja.jpg\",\"contentUrl\":\"https:\\\/\\\/barreiropsicologia.com\\\/blog\\\/wp-content\\\/uploads\\\/2017\\\/09\\\/crisis-de-pareja.jpg\",\"width\":600,\"height\":360},{\"@type\":\"BreadcrumbList\",\"@id\":\"https:\\\/\\\/barreiropsicologia.com\\\/blog\\\/crisis-de-pareja-postvacacional\\\/#breadcrumb\",\"itemListElement\":[{\"@type\":\"ListItem\",\"position\":1,\"name\":\"Portada\",\"item\":\"https:\\\/\\\/barreiropsicologia.com\\\/blog\\\/\"},{\"@type\":\"ListItem\",\"position\":2,\"name\":\"C\u00f3mo evitar las crisis de pareja despu\u00e9s de vacaciones\"}]},{\"@type\":\"WebSite\",\"@id\":\"https:\\\/\\\/barreiropsicologia.com\\\/blog\\\/#website\",\"url\":\"https:\\\/\\\/barreiropsicologia.com\\\/blog\\\/\",\"name\":\"Blog de psicolog\u00eda\",\"description\":\"Barreiro Psicolog\u00eda Blog\",\"potentialAction\":[{\"@type\":\"SearchAction\",\"target\":{\"@type\":\"EntryPoint\",\"urlTemplate\":\"https:\\\/\\\/barreiropsicologia.com\\\/blog\\\/?s={search_term_string}\"},\"query-input\":{\"@type\":\"PropertyValueSpecification\",\"valueRequired\":true,\"valueName\":\"search_term_string\"}}],\"inLanguage\":\"es\"},{\"@type\":\"Person\",\"@id\":\"https:\\\/\\\/barreiropsicologia.com\\\/blog\\\/#\\\/schema\\\/person\\\/6068f8a0ae30566e1100f91905ead263\",\"name\":\"Javier Barreiro\",\"image\":{\"@type\":\"ImageObject\",\"inLanguage\":\"es\",\"@id\":\"https:\\\/\\\/secure.gravatar.com\\\/avatar\\\/ba2dc692a18d0909a9544d2d12c67449129af0c5441c8732f319a1ae7ae701b0?s=96&d=mm&r=g\",\"url\":\"https:\\\/\\\/secure.gravatar.com\\\/avatar\\\/ba2dc692a18d0909a9544d2d12c67449129af0c5441c8732f319a1ae7ae701b0?s=96&d=mm&r=g\",\"contentUrl\":\"https:\\\/\\\/secure.gravatar.com\\\/avatar\\\/ba2dc692a18d0909a9544d2d12c67449129af0c5441c8732f319a1ae7ae701b0?s=96&d=mm&r=g\",\"caption\":\"Javier Barreiro\"},\"description\":\"Javier Barreiro Santamarta es Licenciado en Psicolog\u00eda por la Universidad de Salamanca, Psic\u00f3logo General Sanitario en Salamanca colegiado n\u00ba CL-3735. M\u00e1ster en Psicolog\u00eda Cl\u00ednica cognitivo-conductual, M\u00e1ster en Terapia Breve Centrada en Soluciones y M\u00e1ster en Recursos Humanos.\",\"sameAs\":[\"https:\\\/\\\/www.facebook.com\\\/psicologossalamanca\\\/\",\"https:\\\/\\\/www.instagram.com\\\/barreiro.psi\",\"https:\\\/\\\/ar.linkedin.com\\\/in\\\/javier-barreiro-santamarta-9183b962\",\"https:\\\/\\\/x.com\\\/Barreiro.javier@hotmail.com\"],\"url\":\"https:\\\/\\\/barreiropsicologia.com\\\/blog\\\/author\\\/javier_barreiro\\\/\"}]}<\/script>\n<!-- \/ Yoast SEO plugin. -->","yoast_head_json":{"title":"C\u00f3mo evitar las crisis de pareja despu\u00e9s de vacaciones - Barreiro Psicolog\u00eda Blog","description":"Las vacaciones pueden ser causa de crisis de pareja. En el art\u00edculo contamos porqu\u00e9 ocurren y qu\u00e9 podemos hacer contra las crisis de pareja postvacacionales","robots":{"index":"index","follow":"follow","max-snippet":"max-snippet:-1","max-image-preview":"max-image-preview:large","max-video-preview":"max-video-preview:-1"},"canonical":"https:\/\/barreiropsicologia.com\/blog\/crisis-de-pareja-postvacacional\/","og_locale":"es_ES","og_type":"article","og_title":"C\u00f3mo evitar las crisis de pareja despu\u00e9s de vacaciones - Barreiro Psicolog\u00eda Blog","og_description":"Las vacaciones pueden ser causa de crisis de pareja. En el art\u00edculo contamos porqu\u00e9 ocurren y qu\u00e9 podemos hacer contra las crisis de pareja postvacacionales","og_url":"https:\/\/barreiropsicologia.com\/blog\/crisis-de-pareja-postvacacional\/","og_site_name":"Blog de psicolog\u00eda","article_publisher":"https:\/\/www.facebook.com\/psicologossalamanca\/","article_author":"https:\/\/www.facebook.com\/psicologossalamanca\/","article_published_time":"2017-09-05T10:00:53+00:00","article_modified_time":"2026-04-29T17:33:36+00:00","og_image":[{"width":600,"height":360,"url":"https:\/\/barreiropsicologia.com\/blog\/wp-content\/uploads\/2017\/09\/crisis-de-pareja.jpg","type":"image\/jpeg"}],"author":"Javier Barreiro","twitter_card":"summary_large_image","twitter_creator":"@Barreiro.javier@hotmail.com","twitter_site":"@Barreiro_Psi","twitter_misc":{"Escrito por":"Javier Barreiro","Tiempo de lectura":"2 minutos"},"schema":{"@context":"https:\/\/schema.org","@graph":[{"@type":"Article","@id":"https:\/\/barreiropsicologia.com\/blog\/crisis-de-pareja-postvacacional\/#article","isPartOf":{"@id":"https:\/\/barreiropsicologia.com\/blog\/crisis-de-pareja-postvacacional\/"},"author":{"name":"Javier Barreiro","@id":"https:\/\/barreiropsicologia.com\/blog\/#\/schema\/person\/6068f8a0ae30566e1100f91905ead263"},"headline":"C\u00f3mo evitar las crisis de pareja despu\u00e9s de vacaciones","datePublished":"2017-09-05T10:00:53+00:00","dateModified":"2026-04-29T17:33:36+00:00","mainEntityOfPage":{"@id":"https:\/\/barreiropsicologia.com\/blog\/crisis-de-pareja-postvacacional\/"},"wordCount":404,"commentCount":0,"image":{"@id":"https:\/\/barreiropsicologia.com\/blog\/crisis-de-pareja-postvacacional\/#primaryimage"},"thumbnailUrl":"https:\/\/barreiropsicologia.com\/blog\/wp-content\/uploads\/2017\/09\/crisis-de-pareja.jpg","keywords":["entrevista","radio y televisi\u00f3n","vacaciones"],"articleSection":["Relaciones y v\u00ednculos"],"inLanguage":"es","potentialAction":[{"@type":"CommentAction","name":"Comment","target":["https:\/\/barreiropsicologia.com\/blog\/crisis-de-pareja-postvacacional\/#respond"]}]},{"@type":"WebPage","@id":"https:\/\/barreiropsicologia.com\/blog\/crisis-de-pareja-postvacacional\/","url":"https:\/\/barreiropsicologia.com\/blog\/crisis-de-pareja-postvacacional\/","name":"C\u00f3mo evitar las crisis de pareja despu\u00e9s de vacaciones - Barreiro Psicolog\u00eda Blog","isPartOf":{"@id":"https:\/\/barreiropsicologia.com\/blog\/#website"},"primaryImageOfPage":{"@id":"https:\/\/barreiropsicologia.com\/blog\/crisis-de-pareja-postvacacional\/#primaryimage"},"image":{"@id":"https:\/\/barreiropsicologia.com\/blog\/crisis-de-pareja-postvacacional\/#primaryimage"},"thumbnailUrl":"https:\/\/barreiropsicologia.com\/blog\/wp-content\/uploads\/2017\/09\/crisis-de-pareja.jpg","datePublished":"2017-09-05T10:00:53+00:00","dateModified":"2026-04-29T17:33:36+00:00","author":{"@id":"https:\/\/barreiropsicologia.com\/blog\/#\/schema\/person\/6068f8a0ae30566e1100f91905ead263"},"description":"Las vacaciones pueden ser causa de crisis de pareja. En el art\u00edculo contamos porqu\u00e9 ocurren y qu\u00e9 podemos hacer contra las crisis de pareja postvacacionales","breadcrumb":{"@id":"https:\/\/barreiropsicologia.com\/blog\/crisis-de-pareja-postvacacional\/#breadcrumb"},"inLanguage":"es","potentialAction":[{"@type":"ReadAction","target":["https:\/\/barreiropsicologia.com\/blog\/crisis-de-pareja-postvacacional\/"]}]},{"@type":"ImageObject","inLanguage":"es","@id":"https:\/\/barreiropsicologia.com\/blog\/crisis-de-pareja-postvacacional\/#primaryimage","url":"https:\/\/barreiropsicologia.com\/blog\/wp-content\/uploads\/2017\/09\/crisis-de-pareja.jpg","contentUrl":"https:\/\/barreiropsicologia.com\/blog\/wp-content\/uploads\/2017\/09\/crisis-de-pareja.jpg","width":600,"height":360},{"@type":"BreadcrumbList","@id":"https:\/\/barreiropsicologia.com\/blog\/crisis-de-pareja-postvacacional\/#breadcrumb","itemListElement":[{"@type":"ListItem","position":1,"name":"Portada","item":"https:\/\/barreiropsicologia.com\/blog\/"},{"@type":"ListItem","position":2,"name":"C\u00f3mo evitar las crisis de pareja despu\u00e9s de vacaciones"}]},{"@type":"WebSite","@id":"https:\/\/barreiropsicologia.com\/blog\/#website","url":"https:\/\/barreiropsicologia.com\/blog\/","name":"Blog de psicolog\u00eda","description":"Barreiro Psicolog\u00eda Blog","potentialAction":[{"@type":"SearchAction","target":{"@type":"EntryPoint","urlTemplate":"https:\/\/barreiropsicologia.com\/blog\/?s={search_term_string}"},"query-input":{"@type":"PropertyValueSpecification","valueRequired":true,"valueName":"search_term_string"}}],"inLanguage":"es"},{"@type":"Person","@id":"https:\/\/barreiropsicologia.com\/blog\/#\/schema\/person\/6068f8a0ae30566e1100f91905ead263","name":"Javier Barreiro","image":{"@type":"ImageObject","inLanguage":"es","@id":"https:\/\/secure.gravatar.com\/avatar\/ba2dc692a18d0909a9544d2d12c67449129af0c5441c8732f319a1ae7ae701b0?s=96&d=mm&r=g","url":"https:\/\/secure.gravatar.com\/avatar\/ba2dc692a18d0909a9544d2d12c67449129af0c5441c8732f319a1ae7ae701b0?s=96&d=mm&r=g","contentUrl":"https:\/\/secure.gravatar.com\/avatar\/ba2dc692a18d0909a9544d2d12c67449129af0c5441c8732f319a1ae7ae701b0?s=96&d=mm&r=g","caption":"Javier Barreiro"},"description":"Javier Barreiro Santamarta es Licenciado en Psicolog\u00eda por la Universidad de Salamanca, Psic\u00f3logo General Sanitario en Salamanca colegiado n\u00ba CL-3735. M\u00e1ster en Psicolog\u00eda Cl\u00ednica cognitivo-conductual, M\u00e1ster en Terapia Breve Centrada en Soluciones y M\u00e1ster en Recursos Humanos.","sameAs":["https:\/\/www.facebook.com\/psicologossalamanca\/","https:\/\/www.instagram.com\/barreiro.psi","https:\/\/ar.linkedin.com\/in\/javier-barreiro-santamarta-9183b962","https:\/\/x.com\/Barreiro.javier@hotmail.com"],"url":"https:\/\/barreiropsicologia.com\/blog\/author\/javier_barreiro\/"}]}},"_links":{"self":[{"href":"https:\/\/barreiropsicologia.com\/blog\/wp-json\/wp\/v2\/posts\/1089","targetHints":{"allow":["GET"]}}],"collection":[{"href":"https:\/\/barreiropsicologia.com\/blog\/wp-json\/wp\/v2\/posts"}],"about":[{"href":"https:\/\/barreiropsicologia.com\/blog\/wp-json\/wp\/v2\/types\/post"}],"author":[{"embeddable":true,"href":"https:\/\/barreiropsicologia.com\/blog\/wp-json\/wp\/v2\/users\/1"}],"replies":[{"embeddable":true,"href":"https:\/\/barreiropsicologia.com\/blog\/wp-json\/wp\/v2\/comments?post=1089"}],"version-history":[{"count":8,"href":"https:\/\/barreiropsicologia.com\/blog\/wp-json\/wp\/v2\/posts\/1089\/revisions"}],"predecessor-version":[{"id":3240,"href":"https:\/\/barreiropsicologia.com\/blog\/wp-json\/wp\/v2\/posts\/1089\/revisions\/3240"}],"wp:featuredmedia":[{"embeddable":true,"href":"https:\/\/barreiropsicologia.com\/blog\/wp-json\/wp\/v2\/media\/1090"}],"wp:attachment":[{"href":"https:\/\/barreiropsicologia.com\/blog\/wp-json\/wp\/v2\/media?parent=1089"}],"wp:term":[{"taxonomy":"category","embeddable":true,"href":"https:\/\/barreiropsicologia.com\/blog\/wp-json\/wp\/v2\/categories?post=1089"},{"taxonomy":"post_tag","embeddable":true,"href":"https:\/\/barreiropsicologia.com\/blog\/wp-json\/wp\/v2\/tags?post=1089"}],"curies":[{"name":"wp","href":"https:\/\/api.w.org\/{rel}","templated":true}]}}