{"id":1118,"date":"2017-11-13T15:34:01","date_gmt":"2017-11-13T14:34:01","guid":{"rendered":"http:\/\/barreiropsicologia.com\/?p=1118"},"modified":"2026-03-27T13:39:15","modified_gmt":"2026-03-27T12:39:15","slug":"shec-sincronizacion-hemisferios-cerebrales","status":"publish","type":"post","link":"https:\/\/barreiropsicologia.com\/blog\/shec-sincronizacion-hemisferios-cerebrales\/","title":{"rendered":"Los traumas psicol\u00f3gicos y la sincronizacion de hemisferios cerebrales &#8211; T\u00e9cnica SHEC"},"content":{"rendered":"<p>Una de las t\u00e9cnicas que utilizo en sesiones dependiendo de la situaci\u00f3n que se presenta, es la t\u00e9cnica neuropsicol\u00f3gica<strong><a href=\"https:\/\/metodoshec.com\/\"><span style=\"color: #0000ff;\"> SHEC<\/span><\/a><\/strong> (Sincronizaci\u00f3n de los hemisferios cerebrales), pero \u00bfsabeis qu\u00e9 es y para que se utiliza?.<\/p>\n<h2>Qu\u00e9 es el SHEC?<\/h2>\n<p>Pues se trata de una t\u00e9cnica que trabaja sobre la sincronizaci\u00f3n de los<span style=\"color: #ff6600;\"><em> hemisferios cerebrales<\/em><\/span>. Es un m\u00e9todo psicoterap\u00e9utico, basado en la neurociencia, que permite solucionar tanto situaciones traum\u00e1ticas, como <a href=\"http:\/\/barreiropsicologia.com\/blog\/trabajando-el-duelo\/\">procesos de duelo<\/a> o situaciones que generan gran malestar emocional, de una manera r\u00e1pida y eficaz.<\/p>\n<p>Y adem\u00e1s es un m\u00e9todo que tambi\u00e9n se puede utilizar para ayudar en los procesos de toma de decisiones y tiene como efecto que ayuda a fortalecer el autoestima, la seguridad y la confianza en uno mismo.<\/p>\n<p><img loading=\"lazy\" decoding=\"async\" class=\" wp-image-1999 alignright\" src=\"http:\/\/barreiropsicologia.com\/blog\/wp-content\/uploads\/2017\/11\/cerebro-300x300.jpg\" alt=\"hemisferios cerebrales\" width=\"223\" height=\"223\" srcset=\"https:\/\/barreiropsicologia.com\/blog\/wp-content\/uploads\/2017\/11\/cerebro-300x300.jpg 300w, https:\/\/barreiropsicologia.com\/blog\/wp-content\/uploads\/2017\/11\/cerebro-150x150.jpg 150w, https:\/\/barreiropsicologia.com\/blog\/wp-content\/uploads\/2017\/11\/cerebro-160x160.jpg 160w, https:\/\/barreiropsicologia.com\/blog\/wp-content\/uploads\/2017\/11\/cerebro-320x320.jpg 320w, https:\/\/barreiropsicologia.com\/blog\/wp-content\/uploads\/2017\/11\/cerebro.jpg 626w\" sizes=\"auto, (max-width: 223px) 100vw, 223px\" \/><\/p>\n<h3>Nuestros hemisferios cerebrales<\/h3>\n<p>El cerebro se compone de <strong>dos hemisferios<\/strong> que se conectan a trav\u00e9s de una serie de las fibras nerviosas que se encuentran en el cuerpo calloso y que se utiliza para procesar la informaci\u00f3n que recibimos.<\/p>\n<p>Cada uno de nuestros hemisferios cerebrales tienen funciones totalmente diferentes, pero ambos act\u00faan de manera complementaria.<\/p>\n<p>Esto quiere decir que mientras el <strong>hemisferio derecho<\/strong> nos permite percibir las situaciones de un modo m\u00e1s emocional, el <strong>hemisferio izquierdo<\/strong> nos ofrece una visi\u00f3n m\u00e1s racional y nos ayuda a encontrar recursos y habilidades para solucionar las diferentes situaciones.<\/p>\n<p>La comunicaci\u00f3n entre los hemisferios es constante y nos ayuda a procesar las situaciones y a buscar soluciones.<\/p>\n<div id=\"Secci\u00f3n1\" dir=\"LTR\">\n<p>En ocasiones ante situaciones traum\u00e1ticas, los hemisferios dejan de funcionar de manera equilibrada y como resultado el cerebro entra en una especie de colapso y en ese momento <strong>no es capaz<\/strong> de encontrar recursos para superar la situaci\u00f3n vivida.<\/p>\n<p>\u00c9ste estado implica que las sensaciones experimentadas como la angustia, culpa, tristeza, etc.. quedan almacenadas en una parte del cerebro produciendo bloqueos psicol\u00f3gicos e incluso malestar f\u00edsico.<\/p>\n<p>\u00c9sto hace que sea necesario volver a <strong>sincronizar ambos hemisferios<\/strong> para liberar esa informaci\u00f3n que qued\u00f3 estancada.<\/p>\n<h3>\u00bfC\u00f3mo trabaja el m\u00e9todo SHEC sobre los hemisferios cerebrales?<\/h3>\n<p>Se trata de <strong>activar de forma alterna los dos hemisferios cerebrales<\/strong> y compara la informaci\u00f3n que ha recibido cada uno de ellos. Se activa la funci\u00f3n de cada uno de los hemisferios a trav\u00e9s de la estimulaci\u00f3n del campo visual, a trav\u00e9s de la luz.<\/p>\n<p>En ocasiones se pueden activar tambi\u00e9n a trav\u00e9s del sonido y ciertos movimientos bilaterales.<\/p>\n<p>Se dispone tambi\u00e9n de varias <strong>herramientas complementarias<\/strong> que ayudan a desbloquear y por tanto a acelerar el proceso.<\/p>\n<p>Algunas de \u00e9stas herramientas buscan ciertos n\u00f3dulos emocionales apra ayudar a desbloquearlos; otras trabajan a nivel energ\u00e9tico desactivando la am\u00edgdala para reducir la intensidad del malestar, y otras ayudan a cambiar las creencias generadas antes las diferentes situaciones vividas.<\/p>\n<p>El intercambio de informaci\u00f3n entre los dos hemisferios, permite la r<strong>eestructuraci\u00f3n cognitiva<\/strong> y una cierta desensibilizaci\u00f3n respecto a ella; de esta forma, es posible atenuar o hacer desaparecer las sensaciones corporales y construir nuevas y positivas conexiones neuronales.<\/p>\n<h2>Nuestras conclusiones<\/h2>\n<p><img loading=\"lazy\" decoding=\"async\" class=\" wp-image-2001 alignleft\" src=\"http:\/\/barreiropsicologia.com\/blog\/wp-content\/uploads\/2017\/11\/laberinto-300x200.jpg\" alt=\"hemisferios cerebrales\" width=\"273\" height=\"182\" srcset=\"https:\/\/barreiropsicologia.com\/blog\/wp-content\/uploads\/2017\/11\/laberinto-300x200.jpg 300w, https:\/\/barreiropsicologia.com\/blog\/wp-content\/uploads\/2017\/11\/laberinto.jpg 626w\" sizes=\"auto, (max-width: 273px) 100vw, 273px\" \/><\/p>\n<\/div>\n<p>El m\u00e9todo SHEC es una t\u00e9cnica a trav\u00e9s de la cual es posible ayudar al paciente a <strong>reelaborar el trauma y\/o el duelo<\/strong> de forma r\u00e1pida y eficaz, permitiendo recuperar el equilibrio emocional ya que estimula los mecanismos fisiol\u00f3gicos naturales del cerebro y consigue provocar la manera correcta respecto a c\u00f3mo el cerebro deber\u00eda haber procesado esa situaci\u00f3n que gener\u00f3 bloqueo y malestar.<\/p>\n<hr>\n<p><strong>Tambi\u00e9n te puede interesar los art\u00edculos:<\/strong><\/p>\n<ul>\n<li><a href=\"https:\/\/barreiropsicologia.com\/blog\/como-trabajar-el-duelo\/\">C\u00f3mo trabajar el duelo<\/a><\/li>\n<li><a href=\"https:\/\/barreiropsicologia.com\/blog\/pasos-en-el-duelo\/\">8 pasos a seguir para superar el duelo<\/a><\/li>\n<\/ul>\n<p align=\"JUSTIFY\">\n","protected":false},"excerpt":{"rendered":"<p>Una de las t\u00e9cnicas que utilizo en sesiones dependiendo de la situaci\u00f3n que se presenta, es la t\u00e9cnica neuropsicol\u00f3gica SHEC (Sincronizaci\u00f3n de los hemisferios cerebrales), pero \u00bfsabeis qu\u00e9 es y para que se utiliza?. Qu\u00e9 es el SHEC? Pues se&#46;&#46;&#46;<\/p>\n","protected":false},"author":1,"featured_media":1119,"comment_status":"open","ping_status":"open","sticky":false,"template":"","format":"standard","meta":{"footnotes":""},"categories":[815],"tags":[287,700,692],"class_list":["post-1118","post","type-post","status-publish","format-standard","has-post-thumbnail","hentry","category-rumiacion-pensamientos","tag-neuropsicologia","tag-tecnicas-y-herramientas","tag-trauma-y-duelo"],"yoast_head":"<!-- This site is optimized with the Yoast SEO plugin v27.3 - https:\/\/yoast.com\/product\/yoast-seo-wordpress\/ -->\n<title>Los traumas psicol\u00f3gicos y la sincronizacion de hemisferios cerebrales - T\u00e9cnica SHEC - Barreiro Psicolog\u00eda Blog<\/title>\n<meta name=\"description\" content=\"Conoce la t\u00e9cnica de sincronizacion de hemisferios cerebrales para trabajar con traumas o duelos? Este art\u00edculo te puede ayudar a solucionar tu situaci\u00f3n.\" \/>\n<meta name=\"robots\" content=\"index, follow, max-snippet:-1, max-image-preview:large, max-video-preview:-1\" \/>\n<link rel=\"canonical\" href=\"https:\/\/barreiropsicologia.com\/blog\/shec-sincronizacion-hemisferios-cerebrales\/\" \/>\n<meta property=\"og:locale\" content=\"es_ES\" \/>\n<meta property=\"og:type\" content=\"article\" \/>\n<meta property=\"og:title\" content=\"Los traumas psicol\u00f3gicos y la sincronizacion de hemisferios cerebrales - T\u00e9cnica SHEC - Barreiro Psicolog\u00eda Blog\" \/>\n<meta property=\"og:description\" content=\"Conoce la t\u00e9cnica de sincronizacion de hemisferios cerebrales para trabajar con traumas o duelos? Este art\u00edculo te puede ayudar a solucionar tu situaci\u00f3n.\" \/>\n<meta property=\"og:url\" content=\"https:\/\/barreiropsicologia.com\/blog\/shec-sincronizacion-hemisferios-cerebrales\/\" \/>\n<meta property=\"og:site_name\" content=\"Blog de psicolog\u00eda\" \/>\n<meta property=\"article:publisher\" content=\"https:\/\/www.facebook.com\/psicologossalamanca\/\" \/>\n<meta property=\"article:author\" content=\"https:\/\/www.facebook.com\/psicologossalamanca\/\" \/>\n<meta property=\"article:published_time\" content=\"2017-11-13T14:34:01+00:00\" \/>\n<meta property=\"article:modified_time\" content=\"2026-03-27T12:39:15+00:00\" \/>\n<meta property=\"og:image\" content=\"https:\/\/barreiropsicologia.com\/blog\/wp-content\/uploads\/2017\/11\/850_400_hemisferios-cerebrales-personalidad.jpg\" \/>\n\t<meta property=\"og:image:width\" content=\"850\" \/>\n\t<meta property=\"og:image:height\" content=\"400\" \/>\n\t<meta property=\"og:image:type\" content=\"image\/jpeg\" \/>\n<meta name=\"author\" content=\"Javier Barreiro\" \/>\n<meta name=\"twitter:card\" content=\"summary_large_image\" \/>\n<meta name=\"twitter:creator\" content=\"@Barreiro.javier@hotmail.com\" \/>\n<meta name=\"twitter:site\" content=\"@Barreiro_Psi\" \/>\n<meta name=\"twitter:label1\" content=\"Escrito por\" \/>\n\t<meta name=\"twitter:data1\" content=\"Javier Barreiro\" \/>\n\t<meta name=\"twitter:label2\" content=\"Tiempo de lectura\" \/>\n\t<meta name=\"twitter:data2\" content=\"4 minutos\" \/>\n<script type=\"application\/ld+json\" class=\"yoast-schema-graph\">{\"@context\":\"https:\\\/\\\/schema.org\",\"@graph\":[{\"@type\":\"Article\",\"@id\":\"https:\\\/\\\/barreiropsicologia.com\\\/blog\\\/shec-sincronizacion-hemisferios-cerebrales\\\/#article\",\"isPartOf\":{\"@id\":\"https:\\\/\\\/barreiropsicologia.com\\\/blog\\\/shec-sincronizacion-hemisferios-cerebrales\\\/\"},\"author\":{\"name\":\"Javier Barreiro\",\"@id\":\"https:\\\/\\\/barreiropsicologia.com\\\/blog\\\/#\\\/schema\\\/person\\\/6068f8a0ae30566e1100f91905ead263\"},\"headline\":\"Los traumas psicol\u00f3gicos y la sincronizacion de hemisferios cerebrales &#8211; T\u00e9cnica SHEC\",\"datePublished\":\"2017-11-13T14:34:01+00:00\",\"dateModified\":\"2026-03-27T12:39:15+00:00\",\"mainEntityOfPage\":{\"@id\":\"https:\\\/\\\/barreiropsicologia.com\\\/blog\\\/shec-sincronizacion-hemisferios-cerebrales\\\/\"},\"wordCount\":630,\"commentCount\":9,\"image\":{\"@id\":\"https:\\\/\\\/barreiropsicologia.com\\\/blog\\\/shec-sincronizacion-hemisferios-cerebrales\\\/#primaryimage\"},\"thumbnailUrl\":\"https:\\\/\\\/barreiropsicologia.com\\\/blog\\\/wp-content\\\/uploads\\\/2017\\\/11\\\/850_400_hemisferios-cerebrales-personalidad.jpg\",\"keywords\":[\"neuropsicolog\u00eda\",\"t\u00e9cnicas y herramientas\",\"trauma y duelo\"],\"articleSection\":[\"Pensamiento y rumiaci\u00f3n\"],\"inLanguage\":\"es\",\"potentialAction\":[{\"@type\":\"CommentAction\",\"name\":\"Comment\",\"target\":[\"https:\\\/\\\/barreiropsicologia.com\\\/blog\\\/shec-sincronizacion-hemisferios-cerebrales\\\/#respond\"]}]},{\"@type\":\"WebPage\",\"@id\":\"https:\\\/\\\/barreiropsicologia.com\\\/blog\\\/shec-sincronizacion-hemisferios-cerebrales\\\/\",\"url\":\"https:\\\/\\\/barreiropsicologia.com\\\/blog\\\/shec-sincronizacion-hemisferios-cerebrales\\\/\",\"name\":\"Los traumas psicol\u00f3gicos y la sincronizacion de hemisferios cerebrales - T\u00e9cnica SHEC - Barreiro Psicolog\u00eda Blog\",\"isPartOf\":{\"@id\":\"https:\\\/\\\/barreiropsicologia.com\\\/blog\\\/#website\"},\"primaryImageOfPage\":{\"@id\":\"https:\\\/\\\/barreiropsicologia.com\\\/blog\\\/shec-sincronizacion-hemisferios-cerebrales\\\/#primaryimage\"},\"image\":{\"@id\":\"https:\\\/\\\/barreiropsicologia.com\\\/blog\\\/shec-sincronizacion-hemisferios-cerebrales\\\/#primaryimage\"},\"thumbnailUrl\":\"https:\\\/\\\/barreiropsicologia.com\\\/blog\\\/wp-content\\\/uploads\\\/2017\\\/11\\\/850_400_hemisferios-cerebrales-personalidad.jpg\",\"datePublished\":\"2017-11-13T14:34:01+00:00\",\"dateModified\":\"2026-03-27T12:39:15+00:00\",\"author\":{\"@id\":\"https:\\\/\\\/barreiropsicologia.com\\\/blog\\\/#\\\/schema\\\/person\\\/6068f8a0ae30566e1100f91905ead263\"},\"description\":\"Conoce la t\u00e9cnica de sincronizacion de hemisferios cerebrales para trabajar con traumas o duelos? Este art\u00edculo te puede ayudar a solucionar tu situaci\u00f3n.\",\"breadcrumb\":{\"@id\":\"https:\\\/\\\/barreiropsicologia.com\\\/blog\\\/shec-sincronizacion-hemisferios-cerebrales\\\/#breadcrumb\"},\"inLanguage\":\"es\",\"potentialAction\":[{\"@type\":\"ReadAction\",\"target\":[\"https:\\\/\\\/barreiropsicologia.com\\\/blog\\\/shec-sincronizacion-hemisferios-cerebrales\\\/\"]}]},{\"@type\":\"ImageObject\",\"inLanguage\":\"es\",\"@id\":\"https:\\\/\\\/barreiropsicologia.com\\\/blog\\\/shec-sincronizacion-hemisferios-cerebrales\\\/#primaryimage\",\"url\":\"https:\\\/\\\/barreiropsicologia.com\\\/blog\\\/wp-content\\\/uploads\\\/2017\\\/11\\\/850_400_hemisferios-cerebrales-personalidad.jpg\",\"contentUrl\":\"https:\\\/\\\/barreiropsicologia.com\\\/blog\\\/wp-content\\\/uploads\\\/2017\\\/11\\\/850_400_hemisferios-cerebrales-personalidad.jpg\",\"width\":850,\"height\":400},{\"@type\":\"BreadcrumbList\",\"@id\":\"https:\\\/\\\/barreiropsicologia.com\\\/blog\\\/shec-sincronizacion-hemisferios-cerebrales\\\/#breadcrumb\",\"itemListElement\":[{\"@type\":\"ListItem\",\"position\":1,\"name\":\"Portada\",\"item\":\"https:\\\/\\\/barreiropsicologia.com\\\/blog\\\/\"},{\"@type\":\"ListItem\",\"position\":2,\"name\":\"Los traumas psicol\u00f3gicos y la sincronizacion de hemisferios cerebrales &#8211; T\u00e9cnica SHEC\"}]},{\"@type\":\"WebSite\",\"@id\":\"https:\\\/\\\/barreiropsicologia.com\\\/blog\\\/#website\",\"url\":\"https:\\\/\\\/barreiropsicologia.com\\\/blog\\\/\",\"name\":\"Blog de psicolog\u00eda\",\"description\":\"Barreiro Psicolog\u00eda Blog\",\"potentialAction\":[{\"@type\":\"SearchAction\",\"target\":{\"@type\":\"EntryPoint\",\"urlTemplate\":\"https:\\\/\\\/barreiropsicologia.com\\\/blog\\\/?s={search_term_string}\"},\"query-input\":{\"@type\":\"PropertyValueSpecification\",\"valueRequired\":true,\"valueName\":\"search_term_string\"}}],\"inLanguage\":\"es\"},{\"@type\":\"Person\",\"@id\":\"https:\\\/\\\/barreiropsicologia.com\\\/blog\\\/#\\\/schema\\\/person\\\/6068f8a0ae30566e1100f91905ead263\",\"name\":\"Javier Barreiro\",\"image\":{\"@type\":\"ImageObject\",\"inLanguage\":\"es\",\"@id\":\"https:\\\/\\\/secure.gravatar.com\\\/avatar\\\/ba2dc692a18d0909a9544d2d12c67449129af0c5441c8732f319a1ae7ae701b0?s=96&d=mm&r=g\",\"url\":\"https:\\\/\\\/secure.gravatar.com\\\/avatar\\\/ba2dc692a18d0909a9544d2d12c67449129af0c5441c8732f319a1ae7ae701b0?s=96&d=mm&r=g\",\"contentUrl\":\"https:\\\/\\\/secure.gravatar.com\\\/avatar\\\/ba2dc692a18d0909a9544d2d12c67449129af0c5441c8732f319a1ae7ae701b0?s=96&d=mm&r=g\",\"caption\":\"Javier Barreiro\"},\"description\":\"Javier Barreiro Santamarta es Licenciado en Psicolog\u00eda por la Universidad de Salamanca, Psic\u00f3logo General Sanitario en Salamanca colegiado n\u00ba CL-3735. M\u00e1ster en Psicolog\u00eda Cl\u00ednica cognitivo-conductual, M\u00e1ster en Terapia Breve Centrada en Soluciones y M\u00e1ster en Recursos Humanos.\",\"sameAs\":[\"https:\\\/\\\/www.facebook.com\\\/psicologossalamanca\\\/\",\"https:\\\/\\\/www.instagram.com\\\/barreiro.psi\",\"https:\\\/\\\/ar.linkedin.com\\\/in\\\/javier-barreiro-santamarta-9183b962\",\"https:\\\/\\\/x.com\\\/Barreiro.javier@hotmail.com\"],\"url\":\"https:\\\/\\\/barreiropsicologia.com\\\/blog\\\/author\\\/javier_barreiro\\\/\"}]}<\/script>\n<!-- \/ Yoast SEO plugin. -->","yoast_head_json":{"title":"Los traumas psicol\u00f3gicos y la sincronizacion de hemisferios cerebrales - T\u00e9cnica SHEC - Barreiro Psicolog\u00eda Blog","description":"Conoce la t\u00e9cnica de sincronizacion de hemisferios cerebrales para trabajar con traumas o duelos? Este art\u00edculo te puede ayudar a solucionar tu situaci\u00f3n.","robots":{"index":"index","follow":"follow","max-snippet":"max-snippet:-1","max-image-preview":"max-image-preview:large","max-video-preview":"max-video-preview:-1"},"canonical":"https:\/\/barreiropsicologia.com\/blog\/shec-sincronizacion-hemisferios-cerebrales\/","og_locale":"es_ES","og_type":"article","og_title":"Los traumas psicol\u00f3gicos y la sincronizacion de hemisferios cerebrales - T\u00e9cnica SHEC - Barreiro Psicolog\u00eda Blog","og_description":"Conoce la t\u00e9cnica de sincronizacion de hemisferios cerebrales para trabajar con traumas o duelos? Este art\u00edculo te puede ayudar a solucionar tu situaci\u00f3n.","og_url":"https:\/\/barreiropsicologia.com\/blog\/shec-sincronizacion-hemisferios-cerebrales\/","og_site_name":"Blog de psicolog\u00eda","article_publisher":"https:\/\/www.facebook.com\/psicologossalamanca\/","article_author":"https:\/\/www.facebook.com\/psicologossalamanca\/","article_published_time":"2017-11-13T14:34:01+00:00","article_modified_time":"2026-03-27T12:39:15+00:00","og_image":[{"width":850,"height":400,"url":"https:\/\/barreiropsicologia.com\/blog\/wp-content\/uploads\/2017\/11\/850_400_hemisferios-cerebrales-personalidad.jpg","type":"image\/jpeg"}],"author":"Javier Barreiro","twitter_card":"summary_large_image","twitter_creator":"@Barreiro.javier@hotmail.com","twitter_site":"@Barreiro_Psi","twitter_misc":{"Escrito por":"Javier Barreiro","Tiempo de lectura":"4 minutos"},"schema":{"@context":"https:\/\/schema.org","@graph":[{"@type":"Article","@id":"https:\/\/barreiropsicologia.com\/blog\/shec-sincronizacion-hemisferios-cerebrales\/#article","isPartOf":{"@id":"https:\/\/barreiropsicologia.com\/blog\/shec-sincronizacion-hemisferios-cerebrales\/"},"author":{"name":"Javier Barreiro","@id":"https:\/\/barreiropsicologia.com\/blog\/#\/schema\/person\/6068f8a0ae30566e1100f91905ead263"},"headline":"Los traumas psicol\u00f3gicos y la sincronizacion de hemisferios cerebrales &#8211; T\u00e9cnica SHEC","datePublished":"2017-11-13T14:34:01+00:00","dateModified":"2026-03-27T12:39:15+00:00","mainEntityOfPage":{"@id":"https:\/\/barreiropsicologia.com\/blog\/shec-sincronizacion-hemisferios-cerebrales\/"},"wordCount":630,"commentCount":9,"image":{"@id":"https:\/\/barreiropsicologia.com\/blog\/shec-sincronizacion-hemisferios-cerebrales\/#primaryimage"},"thumbnailUrl":"https:\/\/barreiropsicologia.com\/blog\/wp-content\/uploads\/2017\/11\/850_400_hemisferios-cerebrales-personalidad.jpg","keywords":["neuropsicolog\u00eda","t\u00e9cnicas y herramientas","trauma y duelo"],"articleSection":["Pensamiento y rumiaci\u00f3n"],"inLanguage":"es","potentialAction":[{"@type":"CommentAction","name":"Comment","target":["https:\/\/barreiropsicologia.com\/blog\/shec-sincronizacion-hemisferios-cerebrales\/#respond"]}]},{"@type":"WebPage","@id":"https:\/\/barreiropsicologia.com\/blog\/shec-sincronizacion-hemisferios-cerebrales\/","url":"https:\/\/barreiropsicologia.com\/blog\/shec-sincronizacion-hemisferios-cerebrales\/","name":"Los traumas psicol\u00f3gicos y la sincronizacion de hemisferios cerebrales - T\u00e9cnica SHEC - Barreiro Psicolog\u00eda Blog","isPartOf":{"@id":"https:\/\/barreiropsicologia.com\/blog\/#website"},"primaryImageOfPage":{"@id":"https:\/\/barreiropsicologia.com\/blog\/shec-sincronizacion-hemisferios-cerebrales\/#primaryimage"},"image":{"@id":"https:\/\/barreiropsicologia.com\/blog\/shec-sincronizacion-hemisferios-cerebrales\/#primaryimage"},"thumbnailUrl":"https:\/\/barreiropsicologia.com\/blog\/wp-content\/uploads\/2017\/11\/850_400_hemisferios-cerebrales-personalidad.jpg","datePublished":"2017-11-13T14:34:01+00:00","dateModified":"2026-03-27T12:39:15+00:00","author":{"@id":"https:\/\/barreiropsicologia.com\/blog\/#\/schema\/person\/6068f8a0ae30566e1100f91905ead263"},"description":"Conoce la t\u00e9cnica de sincronizacion de hemisferios cerebrales para trabajar con traumas o duelos? Este art\u00edculo te puede ayudar a solucionar tu situaci\u00f3n.","breadcrumb":{"@id":"https:\/\/barreiropsicologia.com\/blog\/shec-sincronizacion-hemisferios-cerebrales\/#breadcrumb"},"inLanguage":"es","potentialAction":[{"@type":"ReadAction","target":["https:\/\/barreiropsicologia.com\/blog\/shec-sincronizacion-hemisferios-cerebrales\/"]}]},{"@type":"ImageObject","inLanguage":"es","@id":"https:\/\/barreiropsicologia.com\/blog\/shec-sincronizacion-hemisferios-cerebrales\/#primaryimage","url":"https:\/\/barreiropsicologia.com\/blog\/wp-content\/uploads\/2017\/11\/850_400_hemisferios-cerebrales-personalidad.jpg","contentUrl":"https:\/\/barreiropsicologia.com\/blog\/wp-content\/uploads\/2017\/11\/850_400_hemisferios-cerebrales-personalidad.jpg","width":850,"height":400},{"@type":"BreadcrumbList","@id":"https:\/\/barreiropsicologia.com\/blog\/shec-sincronizacion-hemisferios-cerebrales\/#breadcrumb","itemListElement":[{"@type":"ListItem","position":1,"name":"Portada","item":"https:\/\/barreiropsicologia.com\/blog\/"},{"@type":"ListItem","position":2,"name":"Los traumas psicol\u00f3gicos y la sincronizacion de hemisferios cerebrales &#8211; T\u00e9cnica SHEC"}]},{"@type":"WebSite","@id":"https:\/\/barreiropsicologia.com\/blog\/#website","url":"https:\/\/barreiropsicologia.com\/blog\/","name":"Blog de psicolog\u00eda","description":"Barreiro Psicolog\u00eda Blog","potentialAction":[{"@type":"SearchAction","target":{"@type":"EntryPoint","urlTemplate":"https:\/\/barreiropsicologia.com\/blog\/?s={search_term_string}"},"query-input":{"@type":"PropertyValueSpecification","valueRequired":true,"valueName":"search_term_string"}}],"inLanguage":"es"},{"@type":"Person","@id":"https:\/\/barreiropsicologia.com\/blog\/#\/schema\/person\/6068f8a0ae30566e1100f91905ead263","name":"Javier Barreiro","image":{"@type":"ImageObject","inLanguage":"es","@id":"https:\/\/secure.gravatar.com\/avatar\/ba2dc692a18d0909a9544d2d12c67449129af0c5441c8732f319a1ae7ae701b0?s=96&d=mm&r=g","url":"https:\/\/secure.gravatar.com\/avatar\/ba2dc692a18d0909a9544d2d12c67449129af0c5441c8732f319a1ae7ae701b0?s=96&d=mm&r=g","contentUrl":"https:\/\/secure.gravatar.com\/avatar\/ba2dc692a18d0909a9544d2d12c67449129af0c5441c8732f319a1ae7ae701b0?s=96&d=mm&r=g","caption":"Javier Barreiro"},"description":"Javier Barreiro Santamarta es Licenciado en Psicolog\u00eda por la Universidad de Salamanca, Psic\u00f3logo General Sanitario en Salamanca colegiado n\u00ba CL-3735. M\u00e1ster en Psicolog\u00eda Cl\u00ednica cognitivo-conductual, M\u00e1ster en Terapia Breve Centrada en Soluciones y M\u00e1ster en Recursos Humanos.","sameAs":["https:\/\/www.facebook.com\/psicologossalamanca\/","https:\/\/www.instagram.com\/barreiro.psi","https:\/\/ar.linkedin.com\/in\/javier-barreiro-santamarta-9183b962","https:\/\/x.com\/Barreiro.javier@hotmail.com"],"url":"https:\/\/barreiropsicologia.com\/blog\/author\/javier_barreiro\/"}]}},"_links":{"self":[{"href":"https:\/\/barreiropsicologia.com\/blog\/wp-json\/wp\/v2\/posts\/1118","targetHints":{"allow":["GET"]}}],"collection":[{"href":"https:\/\/barreiropsicologia.com\/blog\/wp-json\/wp\/v2\/posts"}],"about":[{"href":"https:\/\/barreiropsicologia.com\/blog\/wp-json\/wp\/v2\/types\/post"}],"author":[{"embeddable":true,"href":"https:\/\/barreiropsicologia.com\/blog\/wp-json\/wp\/v2\/users\/1"}],"replies":[{"embeddable":true,"href":"https:\/\/barreiropsicologia.com\/blog\/wp-json\/wp\/v2\/comments?post=1118"}],"version-history":[{"count":9,"href":"https:\/\/barreiropsicologia.com\/blog\/wp-json\/wp\/v2\/posts\/1118\/revisions"}],"predecessor-version":[{"id":3258,"href":"https:\/\/barreiropsicologia.com\/blog\/wp-json\/wp\/v2\/posts\/1118\/revisions\/3258"}],"wp:featuredmedia":[{"embeddable":true,"href":"https:\/\/barreiropsicologia.com\/blog\/wp-json\/wp\/v2\/media\/1119"}],"wp:attachment":[{"href":"https:\/\/barreiropsicologia.com\/blog\/wp-json\/wp\/v2\/media?parent=1118"}],"wp:term":[{"taxonomy":"category","embeddable":true,"href":"https:\/\/barreiropsicologia.com\/blog\/wp-json\/wp\/v2\/categories?post=1118"},{"taxonomy":"post_tag","embeddable":true,"href":"https:\/\/barreiropsicologia.com\/blog\/wp-json\/wp\/v2\/tags?post=1118"}],"curies":[{"name":"wp","href":"https:\/\/api.w.org\/{rel}","templated":true}]}}