{"id":1898,"date":"2018-11-30T11:39:13","date_gmt":"2018-11-30T10:39:13","guid":{"rendered":"http:\/\/barreiropsicologia.com\/blog\/?p=1898"},"modified":"2026-03-26T21:07:52","modified_gmt":"2026-03-26T20:07:52","slug":"cuidados-personales-y-salud-psicologica","status":"publish","type":"post","link":"https:\/\/barreiropsicologia.com\/blog\/cuidados-personales-y-salud-psicologica\/","title":{"rendered":"Conoce los cuidados personales para la salud psicologica"},"content":{"rendered":"<p>Los <span style=\"color: #ff6600;\">cuidados personales<\/span> comprenden todas las habilidades relacionadas con el aseo, la comida, el vestido, la higiene, el aspecto personal, la salud y el autoestima.<\/p>\n<p>Es decir que los podemos englobar en <em>tres grandes grupos<\/em> que son: <strong>La salud f\u00edsica<\/strong>; <strong>la imagen personal<\/strong> y <strong>la salud psicol\u00f3gica<\/strong>.<\/p>\n<p>Cada persona debe preocuparse por desarrollar el cuidado de uno mismo, y tambi\u00e9n somos nosotros mismos quienes podemos potenciar todas las habilidades y destrezas de nuestra autonom\u00eda personal. El proceso de cuidado es \u00fanico para cada persona.<\/p>\n<h2>La importancia de los cuidados personales<\/h2>\n<p>Cuidarse es ponerse a uno mismo como <strong>prioridad<\/strong><b>.<\/b><\/p>\n<p>A veces hacemos de otra actividad o de otra persona el centro en el que gira nuestra vida, pero la prioridad constante a lo largo de nuestra vida debemos ser nosotros mismos.<\/p>\n<p><strong>Autocuidarse<\/strong> es hacer lo que nos sienta bien de forma cotidiana, aunque \u00e9sto parece que pueda resultar muy dif\u00edcil.<\/p>\n<p><img loading=\"lazy\" decoding=\"async\" class=\"wp-image-1902 alignright\" src=\"http:\/\/barreiropsicologia.com\/blog\/wp-content\/uploads\/2018\/11\/cuidar-la-imagen-personal-222x300.jpg\" alt=\"cuidados personales\" width=\"182\" height=\"246\" srcset=\"https:\/\/barreiropsicologia.com\/blog\/wp-content\/uploads\/2018\/11\/cuidar-la-imagen-personal-222x300.jpg 222w, https:\/\/barreiropsicologia.com\/blog\/wp-content\/uploads\/2018\/11\/cuidar-la-imagen-personal.jpg 626w\" sizes=\"auto, (max-width: 182px) 100vw, 182px\" \/><\/p>\n<p>Hay personas que no aparecen en su propia agenda, ni siquiera para cubrir sus necesidades b\u00e1sicas.<\/p>\n<h2>Indicadores de que <em><strong>no<\/strong> est\u00e1s cuidandote bien<\/em><\/h2>\n<p>Existen algunos indicadores de que <em><strong>no<\/strong> est\u00e1s cuidando bien<\/em> sus cuidados personales.<\/p>\n<ul>\n<li>Sentir que nos falta tiempo.<\/li>\n<li>No practicar actividades placenteras.<\/li>\n<li>Fatigarse, tener constantemente dolor de cabeza, de espalda o estre\u00f1imiento.<\/li>\n<li>No preocuparse por los s\u00edntomas de alguna posible enfermedad.<\/li>\n<li>No cuidar el aspecto f\u00edsico.<\/li>\n<li>Tener cambios de humor.<\/li>\n<li>Tener las aspectos de nuestra vida desordenados.<\/li>\n<li>Manifestar alguna conducta compulsiva.<\/li>\n<li>Descubrirse d\u00e1ndose mensajes negativos sobre uno mismo o sobre tus capacidades.<\/li>\n<\/ul>\n<p align=\"JUSTIFY\">La buena noticia es que el cuidado personal es una habilidad, y como tal, puede aprenderse!<\/p>\n<p align=\"JUSTIFY\">Lo que quiere decir que podemos desarrollar un plan de acci\u00f3n para conseguir desarrollar nuestros cuidados personales.<\/p>\n<h2 align=\"JUSTIFY\">Plan de acci\u00f3n para los cuidados personales<\/h2>\n<p align=\"JUSTIFY\">Te propongo algunas buenas ideas para que empieces a desarrollar tu propio <strong>plan de acci\u00f3n<\/strong>:<\/p>\n<p align=\"JUSTIFY\"><strong>Alimentaci\u00f3n:<\/strong> <a href=\"http:\/\/barreiropsicologia.com\/blog\/programa-psicodiet-decalogo\/\">Comer bien<\/a> es fundamental para tener suficiente <strong>energ\u00eda<\/strong>.<\/p>\n<p style=\"padding-left: 40px;\" align=\"JUSTIFY\">Aseg\u00farate de comer lo suficiente a lo largo del d\u00eda y de una manera adecuada. Conc\u00e9ntrate en alimentos sanos que te hagan sentir bien y te mantengan hidratad@. Tambi\u00e9n perm\u00edtete alg\u00fan peque\u00f1o capricho de vez en cuando!.<\/p>\n<p align=\"JUSTIFY\"><strong>Ejercicio:<\/strong> Sal afuera a caminar, correr o andar en bicicleta. Contin\u00faa con tu programa de ejercicios, ya que estos pueden aliviar la <a href=\"https:\/\/barreiropsicologia.com\/tratamiento-psicologico\/depresion\/\">depresi\u00f3n<\/a> y la <a href=\"https:\/\/barreiropsicologia.com\/tratamiento-psicologico\/ansiedad-y-estres\/\">ansiedad<\/a>. Prueba meditar, practicar yoga y concentrarte en la <a href=\"http:\/\/barreiropsicologia.com\/blog\/tecnicas-de-respiracion-adecuadas\/\">respiraci\u00f3n<\/a>.<\/p>\n<p align=\"JUSTIFY\">\n<p align=\"JUSTIFY\"><strong>Sue\u00f1o: <\/strong><a href=\"http:\/\/barreiropsicologia.com\/blog\/consejos-para-tratar-el-insomnio\/\">Trata de dormir<\/a> por lo menos siete horas cada noche para recargarte. Apaga los aparatos por lo menos una hora antes y prueba meditar, <a href=\"http:\/\/barreiropsicologia.com\/blog\/tecnicas-de-respiracion-adecuadas\/\">t\u00e9cnicas de respiraci\u00f3n<\/a>, escribir un diario o leer algo que te relaje y te ayude a conciliar el sue\u00f1o.<\/p>\n<p align=\"JUSTIFY\"><strong>T\u00f3mate un tiempo todos los d\u00edas:<\/strong> T\u00f3mate un \u201crato\u201d de vacaciones de tu vida \u201cnormal\u201d. Realiza tus tareas habituales por gusto o qu\u00edtate de encima tu lista de tareas. Si\u00e9ntate al sol, contempla la luna.<\/p>\n<p align=\"JUSTIFY\"><strong><a href=\"http:\/\/barreiropsicologia.com\/blog\/estres-concepto-y-prevencion\/\">Alivio del estr\u00e9s<\/a>:<\/strong> Realiza algunos de tus hobbies, date un ba\u00f1o con aceites esenciales relajantes, date un masaje, date permiso para llorar, comienza a escribir un diario personal, escribe los aspectos positivos que ha tenido el d\u00eda, pinta, toca un instrumento, sube la m\u00fasica y baila, <a href=\"http:\/\/barreiropsicologia.com\/blog\/lecturas-de-psicologia-recomendadas\/\">lee un libro<\/a>&#8230;<\/p>\n<p align=\"JUSTIFY\"><strong>Rod\u00e9ate de cari\u00f1o:<\/strong> Abraza a las personas que quieres. Visita o conversa con tus amigos o familiares. Preoc\u00fapate por tus mascotas.<\/p>\n<p style=\"padding-left: 40px;\" align=\"JUSTIFY\">Valora y reconoce el esfuerzo que est\u00e1s realizando por t\u00ed, incluso <strong>pr\u00e9miate<\/strong> por ello.<\/p>\n<p style=\"padding-left: 40px;\" align=\"JUSTIFY\">Cuando te sientas <strong>molest@ o enfadad@<\/strong> t\u00f3mate un tiempo para relajarte a solas y c\u00e9ntrate en otras cosas que no sea la situaci\u00f3n o las actitudes que te han molestado.<\/p>\n<p align=\"JUSTIFY\"><img loading=\"lazy\" decoding=\"async\" class=\"wp-image-1905 alignright\" src=\"http:\/\/barreiropsicologia.com\/blog\/wp-content\/uploads\/2018\/11\/amigos-300x200.jpg\" alt=\"cuidados personales\" width=\"248\" height=\"165\" srcset=\"https:\/\/barreiropsicologia.com\/blog\/wp-content\/uploads\/2018\/11\/amigos-300x200.jpg 300w, https:\/\/barreiropsicologia.com\/blog\/wp-content\/uploads\/2018\/11\/amigos.jpg 626w\" sizes=\"auto, (max-width: 248px) 100vw, 248px\" \/><\/p>\n<p align=\"JUSTIFY\"><strong>Apoyo social:<\/strong> Comun\u00edcate con tus amistades y familia y busca a una persona que puedas llamar o visitar cada vez que la necesites. Administra tus relaciones de modo que puedas equilibrar el tiempo privado y el tiempo social y no te sientas presionad@ a estar con conocidos.<\/p>\n<p align=\"JUSTIFY\"><b>Pide<\/b> <strong>ayuda<\/strong> cuando la necesites a las personas de tu entorno sin esperar a que te la ofrezcan. <em>S\u00e9 consciente de tus capacidades y limitaciones.<\/em><\/p>\n<p align=\"JUSTIFY\"><strong>Cuidado profesional:<\/strong> Es importante reconocer cu\u00e1ndo necesitas ver a un m\u00e9dico, o a un <a href=\"https:\/\/barreiropsicologia.com\/quien-soy\/\">terapeuta<\/a>. Considera tambi\u00e9n encontrar un grupo de apoyo espec\u00edfico.<\/p>\n<hr \/>\n<p align=\"JUSTIFY\">Ten en cuenta que al desarrollar tus cuidados personales est\u00e1s tambi\u00e9n cuidando tu <a href=\"https:\/\/barreiropsicologia.com\/tratamiento-psicologico\/autoestima\/\">autoestima<\/a>!.<\/p>\n<hr \/>\n<p align=\"JUSTIFY\">Pudimos desarrollar \u00e9stos conceptos y muchos m\u00e1s relacionados con los cuidados personales en el taller realizado junto con la <a href=\"https:\/\/somospacientes.com\/asea\/\">Asociaci\u00f3n Salamantina de Espondilitis Anquilosante (ASEA).<\/a><\/p>\n","protected":false},"excerpt":{"rendered":"<p>Los cuidados personales comprenden todas las habilidades relacionadas con el aseo, la comida, el vestido, la higiene, el aspecto personal, la salud y el autoestima. Es decir que los podemos englobar en tres grandes grupos que son: La salud f\u00edsica;&#46;&#46;&#46;<\/p>\n","protected":false},"author":1,"featured_media":1901,"comment_status":"open","ping_status":"open","sticky":false,"template":"","format":"standard","meta":{"footnotes":""},"categories":[799],"tags":[94,696,700],"class_list":["post-1898","post","type-post","status-publish","format-standard","has-post-thumbnail","hentry","category-autoexigencia-control","tag-autoestima","tag-emociones","tag-tecnicas-y-herramientas"],"yoast_head":"<!-- This site is optimized with the Yoast SEO plugin v27.3 - https:\/\/yoast.com\/product\/yoast-seo-wordpress\/ -->\n<title>Conoce los cuidados personales para la salud psicologica - Barreiro Psicolog\u00eda Blog<\/title>\n<meta name=\"description\" content=\"Conoce y aprende a desarrollar tus cuidados personales para una buena salud psicol\u00f3gica. En \u00e9ste post puedes aprender unos buenos consejos.\" \/>\n<meta name=\"robots\" content=\"index, follow, max-snippet:-1, max-image-preview:large, max-video-preview:-1\" \/>\n<link rel=\"canonical\" href=\"https:\/\/barreiropsicologia.com\/blog\/cuidados-personales-y-salud-psicologica\/\" \/>\n<meta property=\"og:locale\" content=\"es_ES\" \/>\n<meta property=\"og:type\" content=\"article\" \/>\n<meta property=\"og:title\" content=\"Conoce los cuidados personales para la salud psicologica - Barreiro Psicolog\u00eda Blog\" \/>\n<meta property=\"og:description\" content=\"Conoce y aprende a desarrollar tus cuidados personales para una buena salud psicol\u00f3gica. En \u00e9ste post puedes aprender unos buenos consejos.\" \/>\n<meta property=\"og:url\" content=\"https:\/\/barreiropsicologia.com\/blog\/cuidados-personales-y-salud-psicologica\/\" \/>\n<meta property=\"og:site_name\" content=\"Blog de psicolog\u00eda\" \/>\n<meta property=\"article:publisher\" content=\"https:\/\/www.facebook.com\/psicologossalamanca\/\" \/>\n<meta property=\"article:author\" content=\"https:\/\/www.facebook.com\/psicologossalamanca\/\" \/>\n<meta property=\"article:published_time\" content=\"2018-11-30T10:39:13+00:00\" \/>\n<meta property=\"article:modified_time\" content=\"2026-03-26T20:07:52+00:00\" \/>\n<meta property=\"og:image\" content=\"https:\/\/barreiropsicologia.com\/blog\/wp-content\/uploads\/2018\/11\/Cartel-Cuidados-personales.jpg\" \/>\n\t<meta property=\"og:image:width\" content=\"1074\" \/>\n\t<meta property=\"og:image:height\" content=\"821\" \/>\n\t<meta property=\"og:image:type\" content=\"image\/jpeg\" \/>\n<meta name=\"author\" content=\"Javier Barreiro\" \/>\n<meta name=\"twitter:card\" content=\"summary_large_image\" \/>\n<meta name=\"twitter:creator\" content=\"@Barreiro.javier@hotmail.com\" \/>\n<meta name=\"twitter:site\" content=\"@Barreiro_Psi\" \/>\n<meta name=\"twitter:label1\" content=\"Escrito por\" \/>\n\t<meta name=\"twitter:data1\" content=\"Javier Barreiro\" \/>\n\t<meta name=\"twitter:label2\" content=\"Tiempo de lectura\" \/>\n\t<meta name=\"twitter:data2\" content=\"4 minutos\" \/>\n<script type=\"application\/ld+json\" class=\"yoast-schema-graph\">{\"@context\":\"https:\\\/\\\/schema.org\",\"@graph\":[{\"@type\":\"Article\",\"@id\":\"https:\\\/\\\/barreiropsicologia.com\\\/blog\\\/cuidados-personales-y-salud-psicologica\\\/#article\",\"isPartOf\":{\"@id\":\"https:\\\/\\\/barreiropsicologia.com\\\/blog\\\/cuidados-personales-y-salud-psicologica\\\/\"},\"author\":{\"name\":\"Javier Barreiro\",\"@id\":\"https:\\\/\\\/barreiropsicologia.com\\\/blog\\\/#\\\/schema\\\/person\\\/6068f8a0ae30566e1100f91905ead263\"},\"headline\":\"Conoce los cuidados personales para la salud psicologica\",\"datePublished\":\"2018-11-30T10:39:13+00:00\",\"dateModified\":\"2026-03-26T20:07:52+00:00\",\"mainEntityOfPage\":{\"@id\":\"https:\\\/\\\/barreiropsicologia.com\\\/blog\\\/cuidados-personales-y-salud-psicologica\\\/\"},\"wordCount\":771,\"commentCount\":0,\"image\":{\"@id\":\"https:\\\/\\\/barreiropsicologia.com\\\/blog\\\/cuidados-personales-y-salud-psicologica\\\/#primaryimage\"},\"thumbnailUrl\":\"https:\\\/\\\/barreiropsicologia.com\\\/blog\\\/wp-content\\\/uploads\\\/2018\\\/11\\\/Cartel-Cuidados-personales.jpg\",\"keywords\":[\"autoestima\",\"emociones\",\"t\u00e9cnicas y herramientas\"],\"articleSection\":[\"Autoexigencia y control\"],\"inLanguage\":\"es\",\"potentialAction\":[{\"@type\":\"CommentAction\",\"name\":\"Comment\",\"target\":[\"https:\\\/\\\/barreiropsicologia.com\\\/blog\\\/cuidados-personales-y-salud-psicologica\\\/#respond\"]}]},{\"@type\":\"WebPage\",\"@id\":\"https:\\\/\\\/barreiropsicologia.com\\\/blog\\\/cuidados-personales-y-salud-psicologica\\\/\",\"url\":\"https:\\\/\\\/barreiropsicologia.com\\\/blog\\\/cuidados-personales-y-salud-psicologica\\\/\",\"name\":\"Conoce los cuidados personales para la salud psicologica - Barreiro Psicolog\u00eda Blog\",\"isPartOf\":{\"@id\":\"https:\\\/\\\/barreiropsicologia.com\\\/blog\\\/#website\"},\"primaryImageOfPage\":{\"@id\":\"https:\\\/\\\/barreiropsicologia.com\\\/blog\\\/cuidados-personales-y-salud-psicologica\\\/#primaryimage\"},\"image\":{\"@id\":\"https:\\\/\\\/barreiropsicologia.com\\\/blog\\\/cuidados-personales-y-salud-psicologica\\\/#primaryimage\"},\"thumbnailUrl\":\"https:\\\/\\\/barreiropsicologia.com\\\/blog\\\/wp-content\\\/uploads\\\/2018\\\/11\\\/Cartel-Cuidados-personales.jpg\",\"datePublished\":\"2018-11-30T10:39:13+00:00\",\"dateModified\":\"2026-03-26T20:07:52+00:00\",\"author\":{\"@id\":\"https:\\\/\\\/barreiropsicologia.com\\\/blog\\\/#\\\/schema\\\/person\\\/6068f8a0ae30566e1100f91905ead263\"},\"description\":\"Conoce y aprende a desarrollar tus cuidados personales para una buena salud psicol\u00f3gica. En \u00e9ste post puedes aprender unos buenos consejos.\",\"breadcrumb\":{\"@id\":\"https:\\\/\\\/barreiropsicologia.com\\\/blog\\\/cuidados-personales-y-salud-psicologica\\\/#breadcrumb\"},\"inLanguage\":\"es\",\"potentialAction\":[{\"@type\":\"ReadAction\",\"target\":[\"https:\\\/\\\/barreiropsicologia.com\\\/blog\\\/cuidados-personales-y-salud-psicologica\\\/\"]}]},{\"@type\":\"ImageObject\",\"inLanguage\":\"es\",\"@id\":\"https:\\\/\\\/barreiropsicologia.com\\\/blog\\\/cuidados-personales-y-salud-psicologica\\\/#primaryimage\",\"url\":\"https:\\\/\\\/barreiropsicologia.com\\\/blog\\\/wp-content\\\/uploads\\\/2018\\\/11\\\/Cartel-Cuidados-personales.jpg\",\"contentUrl\":\"https:\\\/\\\/barreiropsicologia.com\\\/blog\\\/wp-content\\\/uploads\\\/2018\\\/11\\\/Cartel-Cuidados-personales.jpg\",\"width\":1074,\"height\":821,\"caption\":\"Cuidados Personales\"},{\"@type\":\"BreadcrumbList\",\"@id\":\"https:\\\/\\\/barreiropsicologia.com\\\/blog\\\/cuidados-personales-y-salud-psicologica\\\/#breadcrumb\",\"itemListElement\":[{\"@type\":\"ListItem\",\"position\":1,\"name\":\"Portada\",\"item\":\"https:\\\/\\\/barreiropsicologia.com\\\/blog\\\/\"},{\"@type\":\"ListItem\",\"position\":2,\"name\":\"Conoce los cuidados personales para la salud psicologica\"}]},{\"@type\":\"WebSite\",\"@id\":\"https:\\\/\\\/barreiropsicologia.com\\\/blog\\\/#website\",\"url\":\"https:\\\/\\\/barreiropsicologia.com\\\/blog\\\/\",\"name\":\"Blog de psicolog\u00eda\",\"description\":\"Barreiro Psicolog\u00eda Blog\",\"potentialAction\":[{\"@type\":\"SearchAction\",\"target\":{\"@type\":\"EntryPoint\",\"urlTemplate\":\"https:\\\/\\\/barreiropsicologia.com\\\/blog\\\/?s={search_term_string}\"},\"query-input\":{\"@type\":\"PropertyValueSpecification\",\"valueRequired\":true,\"valueName\":\"search_term_string\"}}],\"inLanguage\":\"es\"},{\"@type\":\"Person\",\"@id\":\"https:\\\/\\\/barreiropsicologia.com\\\/blog\\\/#\\\/schema\\\/person\\\/6068f8a0ae30566e1100f91905ead263\",\"name\":\"Javier Barreiro\",\"image\":{\"@type\":\"ImageObject\",\"inLanguage\":\"es\",\"@id\":\"https:\\\/\\\/secure.gravatar.com\\\/avatar\\\/ba2dc692a18d0909a9544d2d12c67449129af0c5441c8732f319a1ae7ae701b0?s=96&d=mm&r=g\",\"url\":\"https:\\\/\\\/secure.gravatar.com\\\/avatar\\\/ba2dc692a18d0909a9544d2d12c67449129af0c5441c8732f319a1ae7ae701b0?s=96&d=mm&r=g\",\"contentUrl\":\"https:\\\/\\\/secure.gravatar.com\\\/avatar\\\/ba2dc692a18d0909a9544d2d12c67449129af0c5441c8732f319a1ae7ae701b0?s=96&d=mm&r=g\",\"caption\":\"Javier Barreiro\"},\"description\":\"Javier Barreiro Santamarta es Licenciado en Psicolog\u00eda por la Universidad de Salamanca, Psic\u00f3logo General Sanitario en Salamanca colegiado n\u00ba CL-3735. M\u00e1ster en Psicolog\u00eda Cl\u00ednica cognitivo-conductual, M\u00e1ster en Terapia Breve Centrada en Soluciones y M\u00e1ster en Recursos Humanos.\",\"sameAs\":[\"https:\\\/\\\/www.facebook.com\\\/psicologossalamanca\\\/\",\"https:\\\/\\\/www.instagram.com\\\/barreiro.psi\",\"https:\\\/\\\/ar.linkedin.com\\\/in\\\/javier-barreiro-santamarta-9183b962\",\"https:\\\/\\\/x.com\\\/Barreiro.javier@hotmail.com\"],\"url\":\"https:\\\/\\\/barreiropsicologia.com\\\/blog\\\/author\\\/javier_barreiro\\\/\"}]}<\/script>\n<!-- \/ Yoast SEO plugin. -->","yoast_head_json":{"title":"Conoce los cuidados personales para la salud psicologica - Barreiro Psicolog\u00eda Blog","description":"Conoce y aprende a desarrollar tus cuidados personales para una buena salud psicol\u00f3gica. En \u00e9ste post puedes aprender unos buenos consejos.","robots":{"index":"index","follow":"follow","max-snippet":"max-snippet:-1","max-image-preview":"max-image-preview:large","max-video-preview":"max-video-preview:-1"},"canonical":"https:\/\/barreiropsicologia.com\/blog\/cuidados-personales-y-salud-psicologica\/","og_locale":"es_ES","og_type":"article","og_title":"Conoce los cuidados personales para la salud psicologica - Barreiro Psicolog\u00eda Blog","og_description":"Conoce y aprende a desarrollar tus cuidados personales para una buena salud psicol\u00f3gica. En \u00e9ste post puedes aprender unos buenos consejos.","og_url":"https:\/\/barreiropsicologia.com\/blog\/cuidados-personales-y-salud-psicologica\/","og_site_name":"Blog de psicolog\u00eda","article_publisher":"https:\/\/www.facebook.com\/psicologossalamanca\/","article_author":"https:\/\/www.facebook.com\/psicologossalamanca\/","article_published_time":"2018-11-30T10:39:13+00:00","article_modified_time":"2026-03-26T20:07:52+00:00","og_image":[{"width":1074,"height":821,"url":"https:\/\/barreiropsicologia.com\/blog\/wp-content\/uploads\/2018\/11\/Cartel-Cuidados-personales.jpg","type":"image\/jpeg"}],"author":"Javier Barreiro","twitter_card":"summary_large_image","twitter_creator":"@Barreiro.javier@hotmail.com","twitter_site":"@Barreiro_Psi","twitter_misc":{"Escrito por":"Javier Barreiro","Tiempo de lectura":"4 minutos"},"schema":{"@context":"https:\/\/schema.org","@graph":[{"@type":"Article","@id":"https:\/\/barreiropsicologia.com\/blog\/cuidados-personales-y-salud-psicologica\/#article","isPartOf":{"@id":"https:\/\/barreiropsicologia.com\/blog\/cuidados-personales-y-salud-psicologica\/"},"author":{"name":"Javier Barreiro","@id":"https:\/\/barreiropsicologia.com\/blog\/#\/schema\/person\/6068f8a0ae30566e1100f91905ead263"},"headline":"Conoce los cuidados personales para la salud psicologica","datePublished":"2018-11-30T10:39:13+00:00","dateModified":"2026-03-26T20:07:52+00:00","mainEntityOfPage":{"@id":"https:\/\/barreiropsicologia.com\/blog\/cuidados-personales-y-salud-psicologica\/"},"wordCount":771,"commentCount":0,"image":{"@id":"https:\/\/barreiropsicologia.com\/blog\/cuidados-personales-y-salud-psicologica\/#primaryimage"},"thumbnailUrl":"https:\/\/barreiropsicologia.com\/blog\/wp-content\/uploads\/2018\/11\/Cartel-Cuidados-personales.jpg","keywords":["autoestima","emociones","t\u00e9cnicas y herramientas"],"articleSection":["Autoexigencia y control"],"inLanguage":"es","potentialAction":[{"@type":"CommentAction","name":"Comment","target":["https:\/\/barreiropsicologia.com\/blog\/cuidados-personales-y-salud-psicologica\/#respond"]}]},{"@type":"WebPage","@id":"https:\/\/barreiropsicologia.com\/blog\/cuidados-personales-y-salud-psicologica\/","url":"https:\/\/barreiropsicologia.com\/blog\/cuidados-personales-y-salud-psicologica\/","name":"Conoce los cuidados personales para la salud psicologica - Barreiro Psicolog\u00eda Blog","isPartOf":{"@id":"https:\/\/barreiropsicologia.com\/blog\/#website"},"primaryImageOfPage":{"@id":"https:\/\/barreiropsicologia.com\/blog\/cuidados-personales-y-salud-psicologica\/#primaryimage"},"image":{"@id":"https:\/\/barreiropsicologia.com\/blog\/cuidados-personales-y-salud-psicologica\/#primaryimage"},"thumbnailUrl":"https:\/\/barreiropsicologia.com\/blog\/wp-content\/uploads\/2018\/11\/Cartel-Cuidados-personales.jpg","datePublished":"2018-11-30T10:39:13+00:00","dateModified":"2026-03-26T20:07:52+00:00","author":{"@id":"https:\/\/barreiropsicologia.com\/blog\/#\/schema\/person\/6068f8a0ae30566e1100f91905ead263"},"description":"Conoce y aprende a desarrollar tus cuidados personales para una buena salud psicol\u00f3gica. En \u00e9ste post puedes aprender unos buenos consejos.","breadcrumb":{"@id":"https:\/\/barreiropsicologia.com\/blog\/cuidados-personales-y-salud-psicologica\/#breadcrumb"},"inLanguage":"es","potentialAction":[{"@type":"ReadAction","target":["https:\/\/barreiropsicologia.com\/blog\/cuidados-personales-y-salud-psicologica\/"]}]},{"@type":"ImageObject","inLanguage":"es","@id":"https:\/\/barreiropsicologia.com\/blog\/cuidados-personales-y-salud-psicologica\/#primaryimage","url":"https:\/\/barreiropsicologia.com\/blog\/wp-content\/uploads\/2018\/11\/Cartel-Cuidados-personales.jpg","contentUrl":"https:\/\/barreiropsicologia.com\/blog\/wp-content\/uploads\/2018\/11\/Cartel-Cuidados-personales.jpg","width":1074,"height":821,"caption":"Cuidados Personales"},{"@type":"BreadcrumbList","@id":"https:\/\/barreiropsicologia.com\/blog\/cuidados-personales-y-salud-psicologica\/#breadcrumb","itemListElement":[{"@type":"ListItem","position":1,"name":"Portada","item":"https:\/\/barreiropsicologia.com\/blog\/"},{"@type":"ListItem","position":2,"name":"Conoce los cuidados personales para la salud psicologica"}]},{"@type":"WebSite","@id":"https:\/\/barreiropsicologia.com\/blog\/#website","url":"https:\/\/barreiropsicologia.com\/blog\/","name":"Blog de psicolog\u00eda","description":"Barreiro Psicolog\u00eda Blog","potentialAction":[{"@type":"SearchAction","target":{"@type":"EntryPoint","urlTemplate":"https:\/\/barreiropsicologia.com\/blog\/?s={search_term_string}"},"query-input":{"@type":"PropertyValueSpecification","valueRequired":true,"valueName":"search_term_string"}}],"inLanguage":"es"},{"@type":"Person","@id":"https:\/\/barreiropsicologia.com\/blog\/#\/schema\/person\/6068f8a0ae30566e1100f91905ead263","name":"Javier Barreiro","image":{"@type":"ImageObject","inLanguage":"es","@id":"https:\/\/secure.gravatar.com\/avatar\/ba2dc692a18d0909a9544d2d12c67449129af0c5441c8732f319a1ae7ae701b0?s=96&d=mm&r=g","url":"https:\/\/secure.gravatar.com\/avatar\/ba2dc692a18d0909a9544d2d12c67449129af0c5441c8732f319a1ae7ae701b0?s=96&d=mm&r=g","contentUrl":"https:\/\/secure.gravatar.com\/avatar\/ba2dc692a18d0909a9544d2d12c67449129af0c5441c8732f319a1ae7ae701b0?s=96&d=mm&r=g","caption":"Javier Barreiro"},"description":"Javier Barreiro Santamarta es Licenciado en Psicolog\u00eda por la Universidad de Salamanca, Psic\u00f3logo General Sanitario en Salamanca colegiado n\u00ba CL-3735. M\u00e1ster en Psicolog\u00eda Cl\u00ednica cognitivo-conductual, M\u00e1ster en Terapia Breve Centrada en Soluciones y M\u00e1ster en Recursos Humanos.","sameAs":["https:\/\/www.facebook.com\/psicologossalamanca\/","https:\/\/www.instagram.com\/barreiro.psi","https:\/\/ar.linkedin.com\/in\/javier-barreiro-santamarta-9183b962","https:\/\/x.com\/Barreiro.javier@hotmail.com"],"url":"https:\/\/barreiropsicologia.com\/blog\/author\/javier_barreiro\/"}]}},"_links":{"self":[{"href":"https:\/\/barreiropsicologia.com\/blog\/wp-json\/wp\/v2\/posts\/1898","targetHints":{"allow":["GET"]}}],"collection":[{"href":"https:\/\/barreiropsicologia.com\/blog\/wp-json\/wp\/v2\/posts"}],"about":[{"href":"https:\/\/barreiropsicologia.com\/blog\/wp-json\/wp\/v2\/types\/post"}],"author":[{"embeddable":true,"href":"https:\/\/barreiropsicologia.com\/blog\/wp-json\/wp\/v2\/users\/1"}],"replies":[{"embeddable":true,"href":"https:\/\/barreiropsicologia.com\/blog\/wp-json\/wp\/v2\/comments?post=1898"}],"version-history":[{"count":7,"href":"https:\/\/barreiropsicologia.com\/blog\/wp-json\/wp\/v2\/posts\/1898\/revisions"}],"predecessor-version":[{"id":3327,"href":"https:\/\/barreiropsicologia.com\/blog\/wp-json\/wp\/v2\/posts\/1898\/revisions\/3327"}],"wp:featuredmedia":[{"embeddable":true,"href":"https:\/\/barreiropsicologia.com\/blog\/wp-json\/wp\/v2\/media\/1901"}],"wp:attachment":[{"href":"https:\/\/barreiropsicologia.com\/blog\/wp-json\/wp\/v2\/media?parent=1898"}],"wp:term":[{"taxonomy":"category","embeddable":true,"href":"https:\/\/barreiropsicologia.com\/blog\/wp-json\/wp\/v2\/categories?post=1898"},{"taxonomy":"post_tag","embeddable":true,"href":"https:\/\/barreiropsicologia.com\/blog\/wp-json\/wp\/v2\/tags?post=1898"}],"curies":[{"name":"wp","href":"https:\/\/api.w.org\/{rel}","templated":true}]}}