{"id":2108,"date":"2019-01-24T18:16:41","date_gmt":"2019-01-24T17:16:41","guid":{"rendered":"http:\/\/barreiropsicologia.com\/blog\/?p=2108"},"modified":"2026-03-26T21:11:41","modified_gmt":"2026-03-26T20:11:41","slug":"depresion-causas-tipos-y-tratamientos","status":"publish","type":"post","link":"https:\/\/barreiropsicologia.com\/blog\/depresion-causas-tipos-y-tratamientos\/","title":{"rendered":"Depresi\u00f3n, causas, tipos y tratamiento psicol\u00f3gico"},"content":{"rendered":"<p>En el programa <a href=\"https:\/\/play.cadenaser.com\/programa\/hoy_por_hoy_salamanca\/\">Hoy por Hoy Salamanca<\/a> en la <a href=\"https:\/\/cadenaser.com\/\">Cadena SER<\/a> Salamanca, hablamos sobre uno de los temas que m\u00e1s se consultan en la pr\u00e1ctica cl\u00ednica y tambi\u00e9n uno de los temas m\u00e1s preocupantes para los pacientes, ya que hablamos sobre <span style=\"color: #ff6600;\">la Depresi\u00f3n<\/span>.<\/p>\n<blockquote><p><em>Enlace al audio del programa al final del art\u00edculo, <a href=\"https:\/\/barreiropsicologia.com\/blog\/depresion-causas-tipos-y-tratamientos\/#1\">ir al audio<\/a>.<\/em><\/p><\/blockquote>\n<h2>\u00bfQu\u00e9 es la depresi\u00f3n?<\/h2>\n<p><strong>La Depresi\u00f3n<\/strong> se trata de un trastorno del estado del \u00e1nimo muy frecuente, seg\u00fan la <a href=\"https:\/\/who.int\/topics\/depression\/es\/\">OMS<\/a> <em>m\u00e1s de 350 millones de personas<\/em> la sufren actualmente en el mundo, y al menos el 5% de las personas se han visto afectadas por ella en el \u00faltimo a\u00f1o.<\/p>\n<p><img loading=\"lazy\" decoding=\"async\" class=\"size-medium wp-image-2115 alignright\" src=\"http:\/\/barreiropsicologia.com\/blog\/wp-content\/uploads\/2019\/01\/deprimido-300x199.jpg\" alt=\"Depresi\u00f3n\" width=\"300\" height=\"199\" srcset=\"https:\/\/barreiropsicologia.com\/blog\/wp-content\/uploads\/2019\/01\/deprimido-300x199.jpg 300w, https:\/\/barreiropsicologia.com\/blog\/wp-content\/uploads\/2019\/01\/deprimido.jpg 626w\" sizes=\"auto, (max-width: 300px) 100vw, 300px\" \/><\/p>\n<p>Parece, seg\u00fan los estudios cl\u00e1sicos, que tiene una mayor incidencia en mujeres que en hombres, y <span style=\"color: #ff6600;\"><span style=\"color: #000000;\">se<\/span><\/span><strong> caracteriza<\/strong> fundamentalmente por la presencia de un sentimiento de gran <strong>tristeza<\/strong>, p\u00e9rdida de <strong>inter\u00e9s<\/strong> por las cosas, o p\u00e9rdida del <strong>sentimiento de placer<\/strong>, sentimientos de <strong>culpa<\/strong> o de fracaso, <strong>baja autoestima<\/strong>, <strong>trastornos de sue\u00f1o<\/strong> y\/o de apetito, sensaci\u00f3n de <strong>cansancio<\/strong> y <strong>falta de concentraci\u00f3n<\/strong>, y puede estar acompa\u00f1ada de <a href=\"https:\/\/barreiropsicologia.com\/tratamiento-psicologico\/ansiedad-y-estres\/\">ansiedad<\/a>.<\/p>\n<p>Los episodios de depresi\u00f3n suelen ser recurrentes al igual que las <strong>reca\u00eddas<\/strong>, se calcula que se produce una reca\u00edda al menos en el 70% de las ocasiones, la buena noticia es que con el tratamiento adecuado se pueden \u201c<strong>curar<\/strong>\u201d en un 85% de los casos.<\/p>\n<p>Los casos m\u00e1s graves pueden llevar al <strong>suicidio<\/strong>, de nuevo la OMS calcula que hay un <em>15% de intentos de suicidio<\/em> en personas afectadas por la depresi\u00f3n y que mueren debido a ello <em>1 mill\u00f3n de personas cada a\u00f1o<\/em>.<\/p>\n<h2>\u00bfCu\u00e1les son las causas de la depresi\u00f3n?<\/h2>\n<p>La Depresi\u00f3n puede tener causas <strong>biol\u00f3gicas<\/strong> \u2013 Debido a <em>componentes gen\u00e9ticos<\/em>, o bien debido a <em>causas hormonales<\/em>, como en el caso de la depresi\u00f3n post parto por ejemplo, o bien por alteraciones en el funcionamiento de los <em>neurotransmisores<\/em> y de la qu\u00edmica cerebral, pero tambi\u00e9n puede deberse a causas que pueden estar relacionados con <em>rasgos de personalidad<\/em> extrema, como en el caso de perfeccionismo, hipocondr\u00eda, dependencia etc&#8230;<\/p>\n<p>Otro tipo de causas con las causas <strong>ambientales<\/strong> y circunstanciales, como el hecho de vivir un trauma, o bien debido a estados de estr\u00e9s prolongados, o situaciones vitales mal gestionadas.<\/p>\n<p><img loading=\"lazy\" decoding=\"async\" class=\" wp-image-2117 alignright\" src=\"http:\/\/barreiropsicologia.com\/blog\/wp-content\/uploads\/2019\/01\/genetico-300x300.jpg\" alt=\"Depresi\u00f3n\" width=\"249\" height=\"249\" srcset=\"https:\/\/barreiropsicologia.com\/blog\/wp-content\/uploads\/2019\/01\/genetico-300x300.jpg 300w, https:\/\/barreiropsicologia.com\/blog\/wp-content\/uploads\/2019\/01\/genetico-150x150.jpg 150w, https:\/\/barreiropsicologia.com\/blog\/wp-content\/uploads\/2019\/01\/genetico-160x160.jpg 160w, https:\/\/barreiropsicologia.com\/blog\/wp-content\/uploads\/2019\/01\/genetico-320x320.jpg 320w, https:\/\/barreiropsicologia.com\/blog\/wp-content\/uploads\/2019\/01\/genetico.jpg 626w\" sizes=\"auto, (max-width: 249px) 100vw, 249px\" \/><\/p>\n<h2>\u00bfQu\u00e9 tipos de depresi\u00f3n hay?<\/h2>\n<ul>\n<li><strong>Trastorno Depresivo Mayor<\/strong> si se trata tan s\u00f3lo de un episodio aislado y <strong>Trastorno Depresivo Mayor Recurrente<\/strong> si de dan m\u00e1s episodios, se entiende un trastorno cuando los sentimientos de tristeza, culpa, etc&#8230; interfieren en la vida diaria durante un periodo largo de tiempo<\/li>\n<\/ul>\n<p>Seg\u00fan los manuales diagn\u00f3sticos <a href=\"https:\/\/psychiatry.org\/psychiatrists\/practice\/dsm\">DSM IV-R<\/a> y el <a href=\"https:\/\/who.int\/classifications\/icd\/en\/\">CIE 10<\/a>, deben darse al menos cinco <strong>s\u00edntomas<\/strong> de los descritos en los <strong>criterios<\/strong>, durante dos semanas como m\u00ednimo para poder diagnosticar un Trastorno Depresivo Mayor.<\/p>\n<h3>Criterios diagn\u00f3sticos:<\/h3>\n<p><em>Criterio A:<\/em><\/p>\n<ol>\n<li>Estado de \u00e1nimo triste.<\/li>\n<li>Disminuci\u00f3n en la capacidad de disfrutar de las actividades normales.<\/li>\n<li>Insomnio o hipersomnio.<\/li>\n<li>Lentitud o agitaci\u00f3n psicomotriz.<\/li>\n<li>Sensaci\u00f3n de debilidad f\u00edsica.<\/li>\n<li>Sentimientos de culpa o inutilidad.<\/li>\n<li>Disminuci\u00f3n de capacidad intelectual.<\/li>\n<li>Ideas suicidas o pensamientos recurrentes de muerte.<\/li>\n<\/ol>\n<p><em>Criterio B.<\/em> Que no se produzcan otros trastornos afectivos tipo man\u00edaco &#8211; depresivos o esquizofr\u00e9nicos.<\/p>\n<p><em>Criterio C.<\/em> Que la sintomatolog\u00eda repercuta en la actividad social, la actividad laboral y en el resto de \u00e1reas funcionales.<\/p>\n<p><em>Criterio D.<\/em> Que los s\u00edntomas no se deban al <a href=\"https:\/\/barreiropsicologia.com\/tratamiento-psicologico\/adicciones\/\">consumo de sustancias<\/a>.<\/p>\n<p><em>Criterio E.<\/em> Que el estado depresivo no se deba a una causa por <a href=\"http:\/\/barreiropsicologia.com\/blog\/trabajando-el-duelo\/\">duelo<\/a>.<\/p>\n<hr \/>\n<ul>\n<li><strong>Dist\u00edmia<\/strong> \u2013 Se caracteriza por s\u00edntomas menos intensos que el Trastorno Depresivo Mayor (TDM), pero son s\u00edntomas m\u00e1s prolongados en el tiempo, durante al menos 2 a\u00f1os.<\/li>\n<li><strong>Trastorno adaptativo<\/strong><b> \u2013 <\/b>Se producen s\u00edntomas m\u00e1s leves y durante menos tiempo que el TDM y normalmente se deben a una causa estresante.<\/li>\n<li><strong>Otros trastornos depresivos<\/strong><b> \u2013<\/b> El estado depresivo forma parte de otros trastornos c\u00f3mo el trastorno bipolar, la esquizofrenia o trastornos no psiquiatricos como la esclerosis, o el hipotiroidismo&#8230;<\/li>\n<li><strong>Trastornos determinados<\/strong> como el trastorno postparto, el trastorno disf\u00f3rico premenstrual, el trastorno afectivo estacional.<\/li>\n<\/ul>\n<h2>Los tratamientos recomendados para la depresi\u00f3n<\/h2>\n<p><strong>El tratamiento farmacol\u00f3gico<\/strong> es recomendado sobretodo si el estado depresivo se debe a causas biol\u00f3gicas, o normalmente en el caso de la dist\u00edmia. Dependiendo del criterio m\u00e9dico se recomiendan antidepresivos y\/o ansiol\u00edticos.<\/p>\n<p><strong>El tratamiento psicol\u00f3gico<\/strong> se recomienda en todos los casos. El tratamiento m\u00e1s recomendado es el<span style=\"color: #0000ff;\"><a style=\"color: #0000ff;\" href=\"https:\/\/barreiropsicologia.com\/tratamiento-psicologico\/depresion\/\"> cognitivo &#8211; conductual<\/a>,<\/span> a trav\u00e9s de la reinterpretaci\u00f3n de la situaci\u00f3n causante del estado depresivo, y hablar para reelaborar los sentimientos generados ,y la recuperaci\u00f3n de determindas actividades b\u00e1sicas de la vida diaria como los cuidados personales, etc&#8230;.<\/p>\n<p>Tambi\u00e9n forma parte de la intervenci\u00f3n el aprendizaje por parte del paciente de estrategias de identificaci\u00f3n de los s\u00edntomas y <strong>prevenci\u00f3n de reca\u00eddas<\/strong>.<\/p>\n<p>Tambi\u00e9n existe la intervenci\u00f3n a trav\u00e9s del <strong>tratamiento electroconvulsivo (TEC).<\/strong><\/p>\n<p><img loading=\"lazy\" decoding=\"async\" class=\"size-medium wp-image-2119 alignright\" src=\"http:\/\/barreiropsicologia.com\/blog\/wp-content\/uploads\/2019\/01\/tratamiento-300x200.jpg\" alt=\"Depresi\u00f3n\" width=\"300\" height=\"200\" srcset=\"https:\/\/barreiropsicologia.com\/blog\/wp-content\/uploads\/2019\/01\/tratamiento-300x200.jpg 300w, https:\/\/barreiropsicologia.com\/blog\/wp-content\/uploads\/2019\/01\/tratamiento.jpg 626w\" sizes=\"auto, (max-width: 300px) 100vw, 300px\" \/><\/p>\n<h2>La importancia del entorno del paciente<\/h2>\n<p>Como siempre la intervenci\u00f3n de las personas del entorno cercano es fundamental, por ello se suelen dar pautas a las <strong>personas y familiares<\/strong> que acompa\u00f1an al paciente.<\/p>\n<p>Se suele recomendar la<em> escucha activa<\/em> de lo que la persona depresiva quiere expresar, con <em>paciencia<\/em>, y \u00e1nimo para tolerar y enfrentar de mejor modo las situaciones complicadas que se van a generar en el paciente, tambi\u00e9n se recomienda que se trate de invitar a la persona a <em>realizar actividades diferentes<\/em> a las que realiza en el estado depresivo (que normalmente se ven reducidas), y siempre se debe recomendar que la persona afectada asista a un <a href=\"https:\/\/barreiropsicologia.com\/quien-soy\/\">especialista<\/a>.<\/p>\n<p>En los casos que exista <em>ideaci\u00f3n suicida<\/em> o intentos autol\u00edticos siempre se debe avisar a profesionales o a los <a href=\"https:\/\/112.jcyl.es\">servicios de emergencia<\/a>.<\/p>\n<h3>A tener en cuenta<\/h3>\n<p><img loading=\"lazy\" decoding=\"async\" class=\"alignleft wp-image-2120 size-medium\" src=\"https:\/\/barreiropsicologia.com\/blog\/wp-content\/uploads\/2019\/01\/entorno-300x200.jpg\" alt=\"\" width=\"300\" height=\"200\" srcset=\"https:\/\/barreiropsicologia.com\/blog\/wp-content\/uploads\/2019\/01\/entorno-300x200.jpg 300w, https:\/\/barreiropsicologia.com\/blog\/wp-content\/uploads\/2019\/01\/entorno.jpg 626w\" sizes=\"auto, (max-width: 300px) 100vw, 300px\" \/><\/p>\n<p><span style=\"color: #ff6600;\">La Depresi\u00f3n<\/span> es un problema a tomar muy en serio, y que en ocasiones es complicado de entender por las personas que no la padecen, por lo tanto la toma de conciencia sobre el problema por parte de todos ayuda a que se le de la importancia que requiere y se entienda mejor para poder enfrentarla adecuadamente.<\/p>\n<hr \/>\n<blockquote id=\"1\"><p>Escucha el audio del programa a partir del minuto 24.30\u00b4 pinchando <a href=\"https:\/\/play.cadenaser.com\/audio\/1547558292_193251\/\" target=\"_blank\" rel=\"noopener noreferrer\">aqu\u00ed<\/a>!<\/p><\/blockquote>\n","protected":false},"excerpt":{"rendered":"<p>En el programa Hoy por Hoy Salamanca en la Cadena SER Salamanca, hablamos sobre uno de los temas que m\u00e1s se consultan en la pr\u00e1ctica cl\u00ednica y tambi\u00e9n uno de los temas m\u00e1s preocupantes para los pacientes, ya que hablamos&#46;&#46;&#46;<\/p>\n","protected":false},"author":1,"featured_media":2113,"comment_status":"open","ping_status":"open","sticky":false,"template":"","format":"standard","meta":{"footnotes":""},"categories":[802],"tags":[267],"class_list":["post-2108","post","type-post","status-publish","format-standard","has-post-thumbnail","hentry","category-estado-animo","tag-depresion-y-tristeza"],"yoast_head":"<!-- This site is optimized with the Yoast SEO plugin v27.3 - https:\/\/yoast.com\/product\/yoast-seo-wordpress\/ -->\n<title>Depresi\u00f3n, causas, tipos y tratamiento psicol\u00f3gico - Barreiro Psicolog\u00eda Blog<\/title>\n<meta name=\"description\" content=\"La Depresi\u00f3n es uno de los problemas psicol\u00f3gicos m\u00e1s frecuentes y que podemos enfrentar si sabemos c\u00f3mo. En el art\u00edculo te explicamos c\u00f3mo.\" \/>\n<meta name=\"robots\" content=\"index, follow, max-snippet:-1, max-image-preview:large, max-video-preview:-1\" \/>\n<link rel=\"canonical\" href=\"https:\/\/barreiropsicologia.com\/blog\/depresion-causas-tipos-y-tratamientos\/\" \/>\n<meta property=\"og:locale\" content=\"es_ES\" \/>\n<meta property=\"og:type\" content=\"article\" \/>\n<meta property=\"og:title\" content=\"Depresi\u00f3n, causas, tipos y tratamiento psicol\u00f3gico - Barreiro Psicolog\u00eda Blog\" \/>\n<meta property=\"og:description\" content=\"La Depresi\u00f3n es uno de los problemas psicol\u00f3gicos m\u00e1s frecuentes y que podemos enfrentar si sabemos c\u00f3mo. En el art\u00edculo te explicamos c\u00f3mo.\" \/>\n<meta property=\"og:url\" content=\"https:\/\/barreiropsicologia.com\/blog\/depresion-causas-tipos-y-tratamientos\/\" \/>\n<meta property=\"og:site_name\" content=\"Blog de psicolog\u00eda\" \/>\n<meta property=\"article:publisher\" content=\"https:\/\/www.facebook.com\/psicologossalamanca\/\" \/>\n<meta property=\"article:author\" content=\"https:\/\/www.facebook.com\/psicologossalamanca\/\" \/>\n<meta property=\"article:published_time\" content=\"2019-01-24T17:16:41+00:00\" \/>\n<meta property=\"article:modified_time\" content=\"2026-03-26T20:11:41+00:00\" \/>\n<meta property=\"og:image\" content=\"https:\/\/barreiropsicologia.com\/blog\/wp-content\/uploads\/2019\/01\/depresion.jpg\" \/>\n\t<meta property=\"og:image:width\" content=\"626\" \/>\n\t<meta property=\"og:image:height\" content=\"417\" \/>\n\t<meta property=\"og:image:type\" content=\"image\/jpeg\" \/>\n<meta name=\"author\" content=\"Javier Barreiro\" \/>\n<meta name=\"twitter:card\" content=\"summary_large_image\" \/>\n<meta name=\"twitter:creator\" content=\"@Barreiro.javier@hotmail.com\" \/>\n<meta name=\"twitter:site\" content=\"@Barreiro_Psi\" \/>\n<meta name=\"twitter:label1\" content=\"Escrito por\" \/>\n\t<meta name=\"twitter:data1\" content=\"Javier Barreiro\" \/>\n\t<meta name=\"twitter:label2\" content=\"Tiempo de lectura\" \/>\n\t<meta name=\"twitter:data2\" content=\"5 minutos\" \/>\n<script type=\"application\/ld+json\" class=\"yoast-schema-graph\">{\"@context\":\"https:\\\/\\\/schema.org\",\"@graph\":[{\"@type\":\"Article\",\"@id\":\"https:\\\/\\\/barreiropsicologia.com\\\/blog\\\/depresion-causas-tipos-y-tratamientos\\\/#article\",\"isPartOf\":{\"@id\":\"https:\\\/\\\/barreiropsicologia.com\\\/blog\\\/depresion-causas-tipos-y-tratamientos\\\/\"},\"author\":{\"name\":\"Javier Barreiro\",\"@id\":\"https:\\\/\\\/barreiropsicologia.com\\\/blog\\\/#\\\/schema\\\/person\\\/6068f8a0ae30566e1100f91905ead263\"},\"headline\":\"Depresi\u00f3n, causas, tipos y tratamiento psicol\u00f3gico\",\"datePublished\":\"2019-01-24T17:16:41+00:00\",\"dateModified\":\"2026-03-26T20:11:41+00:00\",\"mainEntityOfPage\":{\"@id\":\"https:\\\/\\\/barreiropsicologia.com\\\/blog\\\/depresion-causas-tipos-y-tratamientos\\\/\"},\"wordCount\":1059,\"commentCount\":2,\"image\":{\"@id\":\"https:\\\/\\\/barreiropsicologia.com\\\/blog\\\/depresion-causas-tipos-y-tratamientos\\\/#primaryimage\"},\"thumbnailUrl\":\"https:\\\/\\\/barreiropsicologia.com\\\/blog\\\/wp-content\\\/uploads\\\/2019\\\/01\\\/depresion.jpg\",\"keywords\":[\"depresi\u00f3n y tristeza\"],\"articleSection\":[\"Estado de \u00e1nimo\"],\"inLanguage\":\"es\",\"potentialAction\":[{\"@type\":\"CommentAction\",\"name\":\"Comment\",\"target\":[\"https:\\\/\\\/barreiropsicologia.com\\\/blog\\\/depresion-causas-tipos-y-tratamientos\\\/#respond\"]}]},{\"@type\":\"WebPage\",\"@id\":\"https:\\\/\\\/barreiropsicologia.com\\\/blog\\\/depresion-causas-tipos-y-tratamientos\\\/\",\"url\":\"https:\\\/\\\/barreiropsicologia.com\\\/blog\\\/depresion-causas-tipos-y-tratamientos\\\/\",\"name\":\"Depresi\u00f3n, causas, tipos y tratamiento psicol\u00f3gico - Barreiro Psicolog\u00eda Blog\",\"isPartOf\":{\"@id\":\"https:\\\/\\\/barreiropsicologia.com\\\/blog\\\/#website\"},\"primaryImageOfPage\":{\"@id\":\"https:\\\/\\\/barreiropsicologia.com\\\/blog\\\/depresion-causas-tipos-y-tratamientos\\\/#primaryimage\"},\"image\":{\"@id\":\"https:\\\/\\\/barreiropsicologia.com\\\/blog\\\/depresion-causas-tipos-y-tratamientos\\\/#primaryimage\"},\"thumbnailUrl\":\"https:\\\/\\\/barreiropsicologia.com\\\/blog\\\/wp-content\\\/uploads\\\/2019\\\/01\\\/depresion.jpg\",\"datePublished\":\"2019-01-24T17:16:41+00:00\",\"dateModified\":\"2026-03-26T20:11:41+00:00\",\"author\":{\"@id\":\"https:\\\/\\\/barreiropsicologia.com\\\/blog\\\/#\\\/schema\\\/person\\\/6068f8a0ae30566e1100f91905ead263\"},\"description\":\"La Depresi\u00f3n es uno de los problemas psicol\u00f3gicos m\u00e1s frecuentes y que podemos enfrentar si sabemos c\u00f3mo. En el art\u00edculo te explicamos c\u00f3mo.\",\"breadcrumb\":{\"@id\":\"https:\\\/\\\/barreiropsicologia.com\\\/blog\\\/depresion-causas-tipos-y-tratamientos\\\/#breadcrumb\"},\"inLanguage\":\"es\",\"potentialAction\":[{\"@type\":\"ReadAction\",\"target\":[\"https:\\\/\\\/barreiropsicologia.com\\\/blog\\\/depresion-causas-tipos-y-tratamientos\\\/\"]}]},{\"@type\":\"ImageObject\",\"inLanguage\":\"es\",\"@id\":\"https:\\\/\\\/barreiropsicologia.com\\\/blog\\\/depresion-causas-tipos-y-tratamientos\\\/#primaryimage\",\"url\":\"https:\\\/\\\/barreiropsicologia.com\\\/blog\\\/wp-content\\\/uploads\\\/2019\\\/01\\\/depresion.jpg\",\"contentUrl\":\"https:\\\/\\\/barreiropsicologia.com\\\/blog\\\/wp-content\\\/uploads\\\/2019\\\/01\\\/depresion.jpg\",\"width\":626,\"height\":417,\"caption\":\"Depresi\u00f3n\"},{\"@type\":\"BreadcrumbList\",\"@id\":\"https:\\\/\\\/barreiropsicologia.com\\\/blog\\\/depresion-causas-tipos-y-tratamientos\\\/#breadcrumb\",\"itemListElement\":[{\"@type\":\"ListItem\",\"position\":1,\"name\":\"Portada\",\"item\":\"https:\\\/\\\/barreiropsicologia.com\\\/blog\\\/\"},{\"@type\":\"ListItem\",\"position\":2,\"name\":\"Depresi\u00f3n, causas, tipos y tratamiento psicol\u00f3gico\"}]},{\"@type\":\"WebSite\",\"@id\":\"https:\\\/\\\/barreiropsicologia.com\\\/blog\\\/#website\",\"url\":\"https:\\\/\\\/barreiropsicologia.com\\\/blog\\\/\",\"name\":\"Blog de psicolog\u00eda\",\"description\":\"Barreiro Psicolog\u00eda Blog\",\"potentialAction\":[{\"@type\":\"SearchAction\",\"target\":{\"@type\":\"EntryPoint\",\"urlTemplate\":\"https:\\\/\\\/barreiropsicologia.com\\\/blog\\\/?s={search_term_string}\"},\"query-input\":{\"@type\":\"PropertyValueSpecification\",\"valueRequired\":true,\"valueName\":\"search_term_string\"}}],\"inLanguage\":\"es\"},{\"@type\":\"Person\",\"@id\":\"https:\\\/\\\/barreiropsicologia.com\\\/blog\\\/#\\\/schema\\\/person\\\/6068f8a0ae30566e1100f91905ead263\",\"name\":\"Javier Barreiro\",\"image\":{\"@type\":\"ImageObject\",\"inLanguage\":\"es\",\"@id\":\"https:\\\/\\\/secure.gravatar.com\\\/avatar\\\/ba2dc692a18d0909a9544d2d12c67449129af0c5441c8732f319a1ae7ae701b0?s=96&d=mm&r=g\",\"url\":\"https:\\\/\\\/secure.gravatar.com\\\/avatar\\\/ba2dc692a18d0909a9544d2d12c67449129af0c5441c8732f319a1ae7ae701b0?s=96&d=mm&r=g\",\"contentUrl\":\"https:\\\/\\\/secure.gravatar.com\\\/avatar\\\/ba2dc692a18d0909a9544d2d12c67449129af0c5441c8732f319a1ae7ae701b0?s=96&d=mm&r=g\",\"caption\":\"Javier Barreiro\"},\"description\":\"Javier Barreiro Santamarta es Licenciado en Psicolog\u00eda por la Universidad de Salamanca, Psic\u00f3logo General Sanitario en Salamanca colegiado n\u00ba CL-3735. M\u00e1ster en Psicolog\u00eda Cl\u00ednica cognitivo-conductual, M\u00e1ster en Terapia Breve Centrada en Soluciones y M\u00e1ster en Recursos Humanos.\",\"sameAs\":[\"https:\\\/\\\/www.facebook.com\\\/psicologossalamanca\\\/\",\"https:\\\/\\\/www.instagram.com\\\/barreiro.psi\",\"https:\\\/\\\/ar.linkedin.com\\\/in\\\/javier-barreiro-santamarta-9183b962\",\"https:\\\/\\\/x.com\\\/Barreiro.javier@hotmail.com\"],\"url\":\"https:\\\/\\\/barreiropsicologia.com\\\/blog\\\/author\\\/javier_barreiro\\\/\"}]}<\/script>\n<!-- \/ Yoast SEO plugin. -->","yoast_head_json":{"title":"Depresi\u00f3n, causas, tipos y tratamiento psicol\u00f3gico - Barreiro Psicolog\u00eda Blog","description":"La Depresi\u00f3n es uno de los problemas psicol\u00f3gicos m\u00e1s frecuentes y que podemos enfrentar si sabemos c\u00f3mo. En el art\u00edculo te explicamos c\u00f3mo.","robots":{"index":"index","follow":"follow","max-snippet":"max-snippet:-1","max-image-preview":"max-image-preview:large","max-video-preview":"max-video-preview:-1"},"canonical":"https:\/\/barreiropsicologia.com\/blog\/depresion-causas-tipos-y-tratamientos\/","og_locale":"es_ES","og_type":"article","og_title":"Depresi\u00f3n, causas, tipos y tratamiento psicol\u00f3gico - Barreiro Psicolog\u00eda Blog","og_description":"La Depresi\u00f3n es uno de los problemas psicol\u00f3gicos m\u00e1s frecuentes y que podemos enfrentar si sabemos c\u00f3mo. En el art\u00edculo te explicamos c\u00f3mo.","og_url":"https:\/\/barreiropsicologia.com\/blog\/depresion-causas-tipos-y-tratamientos\/","og_site_name":"Blog de psicolog\u00eda","article_publisher":"https:\/\/www.facebook.com\/psicologossalamanca\/","article_author":"https:\/\/www.facebook.com\/psicologossalamanca\/","article_published_time":"2019-01-24T17:16:41+00:00","article_modified_time":"2026-03-26T20:11:41+00:00","og_image":[{"width":626,"height":417,"url":"https:\/\/barreiropsicologia.com\/blog\/wp-content\/uploads\/2019\/01\/depresion.jpg","type":"image\/jpeg"}],"author":"Javier Barreiro","twitter_card":"summary_large_image","twitter_creator":"@Barreiro.javier@hotmail.com","twitter_site":"@Barreiro_Psi","twitter_misc":{"Escrito por":"Javier Barreiro","Tiempo de lectura":"5 minutos"},"schema":{"@context":"https:\/\/schema.org","@graph":[{"@type":"Article","@id":"https:\/\/barreiropsicologia.com\/blog\/depresion-causas-tipos-y-tratamientos\/#article","isPartOf":{"@id":"https:\/\/barreiropsicologia.com\/blog\/depresion-causas-tipos-y-tratamientos\/"},"author":{"name":"Javier Barreiro","@id":"https:\/\/barreiropsicologia.com\/blog\/#\/schema\/person\/6068f8a0ae30566e1100f91905ead263"},"headline":"Depresi\u00f3n, causas, tipos y tratamiento psicol\u00f3gico","datePublished":"2019-01-24T17:16:41+00:00","dateModified":"2026-03-26T20:11:41+00:00","mainEntityOfPage":{"@id":"https:\/\/barreiropsicologia.com\/blog\/depresion-causas-tipos-y-tratamientos\/"},"wordCount":1059,"commentCount":2,"image":{"@id":"https:\/\/barreiropsicologia.com\/blog\/depresion-causas-tipos-y-tratamientos\/#primaryimage"},"thumbnailUrl":"https:\/\/barreiropsicologia.com\/blog\/wp-content\/uploads\/2019\/01\/depresion.jpg","keywords":["depresi\u00f3n y tristeza"],"articleSection":["Estado de \u00e1nimo"],"inLanguage":"es","potentialAction":[{"@type":"CommentAction","name":"Comment","target":["https:\/\/barreiropsicologia.com\/blog\/depresion-causas-tipos-y-tratamientos\/#respond"]}]},{"@type":"WebPage","@id":"https:\/\/barreiropsicologia.com\/blog\/depresion-causas-tipos-y-tratamientos\/","url":"https:\/\/barreiropsicologia.com\/blog\/depresion-causas-tipos-y-tratamientos\/","name":"Depresi\u00f3n, causas, tipos y tratamiento psicol\u00f3gico - Barreiro Psicolog\u00eda Blog","isPartOf":{"@id":"https:\/\/barreiropsicologia.com\/blog\/#website"},"primaryImageOfPage":{"@id":"https:\/\/barreiropsicologia.com\/blog\/depresion-causas-tipos-y-tratamientos\/#primaryimage"},"image":{"@id":"https:\/\/barreiropsicologia.com\/blog\/depresion-causas-tipos-y-tratamientos\/#primaryimage"},"thumbnailUrl":"https:\/\/barreiropsicologia.com\/blog\/wp-content\/uploads\/2019\/01\/depresion.jpg","datePublished":"2019-01-24T17:16:41+00:00","dateModified":"2026-03-26T20:11:41+00:00","author":{"@id":"https:\/\/barreiropsicologia.com\/blog\/#\/schema\/person\/6068f8a0ae30566e1100f91905ead263"},"description":"La Depresi\u00f3n es uno de los problemas psicol\u00f3gicos m\u00e1s frecuentes y que podemos enfrentar si sabemos c\u00f3mo. En el art\u00edculo te explicamos c\u00f3mo.","breadcrumb":{"@id":"https:\/\/barreiropsicologia.com\/blog\/depresion-causas-tipos-y-tratamientos\/#breadcrumb"},"inLanguage":"es","potentialAction":[{"@type":"ReadAction","target":["https:\/\/barreiropsicologia.com\/blog\/depresion-causas-tipos-y-tratamientos\/"]}]},{"@type":"ImageObject","inLanguage":"es","@id":"https:\/\/barreiropsicologia.com\/blog\/depresion-causas-tipos-y-tratamientos\/#primaryimage","url":"https:\/\/barreiropsicologia.com\/blog\/wp-content\/uploads\/2019\/01\/depresion.jpg","contentUrl":"https:\/\/barreiropsicologia.com\/blog\/wp-content\/uploads\/2019\/01\/depresion.jpg","width":626,"height":417,"caption":"Depresi\u00f3n"},{"@type":"BreadcrumbList","@id":"https:\/\/barreiropsicologia.com\/blog\/depresion-causas-tipos-y-tratamientos\/#breadcrumb","itemListElement":[{"@type":"ListItem","position":1,"name":"Portada","item":"https:\/\/barreiropsicologia.com\/blog\/"},{"@type":"ListItem","position":2,"name":"Depresi\u00f3n, causas, tipos y tratamiento psicol\u00f3gico"}]},{"@type":"WebSite","@id":"https:\/\/barreiropsicologia.com\/blog\/#website","url":"https:\/\/barreiropsicologia.com\/blog\/","name":"Blog de psicolog\u00eda","description":"Barreiro Psicolog\u00eda Blog","potentialAction":[{"@type":"SearchAction","target":{"@type":"EntryPoint","urlTemplate":"https:\/\/barreiropsicologia.com\/blog\/?s={search_term_string}"},"query-input":{"@type":"PropertyValueSpecification","valueRequired":true,"valueName":"search_term_string"}}],"inLanguage":"es"},{"@type":"Person","@id":"https:\/\/barreiropsicologia.com\/blog\/#\/schema\/person\/6068f8a0ae30566e1100f91905ead263","name":"Javier Barreiro","image":{"@type":"ImageObject","inLanguage":"es","@id":"https:\/\/secure.gravatar.com\/avatar\/ba2dc692a18d0909a9544d2d12c67449129af0c5441c8732f319a1ae7ae701b0?s=96&d=mm&r=g","url":"https:\/\/secure.gravatar.com\/avatar\/ba2dc692a18d0909a9544d2d12c67449129af0c5441c8732f319a1ae7ae701b0?s=96&d=mm&r=g","contentUrl":"https:\/\/secure.gravatar.com\/avatar\/ba2dc692a18d0909a9544d2d12c67449129af0c5441c8732f319a1ae7ae701b0?s=96&d=mm&r=g","caption":"Javier Barreiro"},"description":"Javier Barreiro Santamarta es Licenciado en Psicolog\u00eda por la Universidad de Salamanca, Psic\u00f3logo General Sanitario en Salamanca colegiado n\u00ba CL-3735. M\u00e1ster en Psicolog\u00eda Cl\u00ednica cognitivo-conductual, M\u00e1ster en Terapia Breve Centrada en Soluciones y M\u00e1ster en Recursos Humanos.","sameAs":["https:\/\/www.facebook.com\/psicologossalamanca\/","https:\/\/www.instagram.com\/barreiro.psi","https:\/\/ar.linkedin.com\/in\/javier-barreiro-santamarta-9183b962","https:\/\/x.com\/Barreiro.javier@hotmail.com"],"url":"https:\/\/barreiropsicologia.com\/blog\/author\/javier_barreiro\/"}]}},"_links":{"self":[{"href":"https:\/\/barreiropsicologia.com\/blog\/wp-json\/wp\/v2\/posts\/2108","targetHints":{"allow":["GET"]}}],"collection":[{"href":"https:\/\/barreiropsicologia.com\/blog\/wp-json\/wp\/v2\/posts"}],"about":[{"href":"https:\/\/barreiropsicologia.com\/blog\/wp-json\/wp\/v2\/types\/post"}],"author":[{"embeddable":true,"href":"https:\/\/barreiropsicologia.com\/blog\/wp-json\/wp\/v2\/users\/1"}],"replies":[{"embeddable":true,"href":"https:\/\/barreiropsicologia.com\/blog\/wp-json\/wp\/v2\/comments?post=2108"}],"version-history":[{"count":10,"href":"https:\/\/barreiropsicologia.com\/blog\/wp-json\/wp\/v2\/posts\/2108\/revisions"}],"predecessor-version":[{"id":3171,"href":"https:\/\/barreiropsicologia.com\/blog\/wp-json\/wp\/v2\/posts\/2108\/revisions\/3171"}],"wp:featuredmedia":[{"embeddable":true,"href":"https:\/\/barreiropsicologia.com\/blog\/wp-json\/wp\/v2\/media\/2113"}],"wp:attachment":[{"href":"https:\/\/barreiropsicologia.com\/blog\/wp-json\/wp\/v2\/media?parent=2108"}],"wp:term":[{"taxonomy":"category","embeddable":true,"href":"https:\/\/barreiropsicologia.com\/blog\/wp-json\/wp\/v2\/categories?post=2108"},{"taxonomy":"post_tag","embeddable":true,"href":"https:\/\/barreiropsicologia.com\/blog\/wp-json\/wp\/v2\/tags?post=2108"}],"curies":[{"name":"wp","href":"https:\/\/api.w.org\/{rel}","templated":true}]}}