{"id":2316,"date":"2019-07-25T11:37:39","date_gmt":"2019-07-25T11:37:39","guid":{"rendered":"http:\/\/barreiropsicologia.com\/blog\/?p=2316"},"modified":"2026-03-27T13:21:25","modified_gmt":"2026-03-27T12:21:25","slug":"vacaciones-compartidas","status":"publish","type":"post","link":"https:\/\/barreiropsicologia.com\/blog\/vacaciones-compartidas\/","title":{"rendered":"C\u00f3mo pasar unas buenas vacaciones compartidas con pareja y familia"},"content":{"rendered":"<p>En el programa Hoy por Hoy de <a href=\"https:\/\/cadenaser.com\/emisora\/radio_salamanca\/\">Radio Salamanca<\/a> en la <a href=\"https:\/\/cadenaser.com\/\">Cadena SER<\/a> hablamos sobre c\u00f3mo pasar de la mejor manera las <span style=\"color: #ff6600;\">vacaciones compatidas<\/span> sin que lleguen a ser un problema o un trauma.<\/p>\n<blockquote>\n<p><em>Enlace al audio del programa al final del art\u00edculo, <a href=\"https:\/\/barreiropsicologia.com\/blog\/vacaciones-compartidas\/#1\">ir al audio<\/a>.<\/em><\/p>\n<\/blockquote>\n<h2>Comienzan las vacaciones<\/h2>\n<p>Ya lleg\u00f3 el <strong>verano<\/strong> y afortunadamente mucha gente nos encontramos en <strong>vacaciones<\/strong>, o cerca de disfrutarlas, por lo tanto se produce una situaci\u00f3n que no es habitual en muchas ocasiones, que es la de tener que pasar un tiempo extra al cotidiano con nuestra pareja, familia o amigos, es decir, vacaciones compartidas, lo que puede ser un sue\u00f1o id\u00edlico o transformarse en la peor de las pesadillas.<\/p>\n<p><img loading=\"lazy\" decoding=\"async\" class=\"wp-image-2317 size-medium alignright\" src=\"http:\/\/barreiropsicologia.com\/blog\/wp-content\/uploads\/2019\/07\/fondo-playa-elementos-playa-copyspace_23-2147836084-300x200.jpg\" alt=\"vacaciones\" width=\"300\" height=\"200\" srcset=\"https:\/\/barreiropsicologia.com\/blog\/wp-content\/uploads\/2019\/07\/fondo-playa-elementos-playa-copyspace_23-2147836084-300x200.jpg 300w, https:\/\/barreiropsicologia.com\/blog\/wp-content\/uploads\/2019\/07\/fondo-playa-elementos-playa-copyspace_23-2147836084.jpg 626w\" sizes=\"auto, (max-width: 300px) 100vw, 300px\" \/><\/p>\n<p><span style=\"color: #ff6600;\">Las vacaciones<\/span> son un <strong>periodo de tiempo excepcional<\/strong> (lamentablemente creo yo), y como tal, pueden ser un factor de estr\u00e9s al cual hay que saber <strong>adaptarse<\/strong>.<\/p>\n<p>Se trata de una situaci\u00f3n diferente a la normal del d\u00eda a d\u00eda, y en la que compartimos espacios distintos a los habituales y tambi\u00e9n compartimos tiempo con personas de nuestro entorno familiar, que pueden tener rutinas diferentes a las nuestras, o a las que se presentan cada d\u00eda.<\/p>\n<p>Por lo tanto pueden surgir problemas si no gestionamos adecuadamente esas vacaciones compartidas.<\/p>\n<h2>Llegan las vacaciones compartidas<\/h2>\n<h3>Con la pareja<\/h3>\n<p><em><strong>La pareja<\/strong><\/em> puede ser un motivo de conflicto si no se llega a un punto de consenso en la planificaci\u00f3n de cuiertos aspectos y se hace un reparto del tiempo individual y de convivencia, de las actividades para que sean satisfactorias para los dos, y tambi\u00e9n un reparto de las tareas que haya que hacer.<\/p>\n<p>Debemos recordar que las vacaciones son para los dos, no s\u00f3lo para uno. Encontrar espacios individuales y tambi\u00e9n encontrar espacios comunes puede ayudar a que tengamos menos situaciones de conflictos.<\/p>\n<h3>Con los ni\u00f1os<\/h3>\n<p><img loading=\"lazy\" decoding=\"async\" class=\"size-medium wp-image-2319 alignleft\" src=\"http:\/\/barreiropsicologia.com\/blog\/wp-content\/uploads\/2019\/07\/playa-pareja-300x200.jpg\" alt=\"vacaiones en pareja\" width=\"300\" height=\"200\" srcset=\"https:\/\/barreiropsicologia.com\/blog\/wp-content\/uploads\/2019\/07\/playa-pareja-300x200.jpg 300w, https:\/\/barreiropsicologia.com\/blog\/wp-content\/uploads\/2019\/07\/playa-pareja.jpg 626w\" sizes=\"auto, (max-width: 300px) 100vw, 300px\" \/><\/p>\n<p><em><strong>Los ni\u00f1os<\/strong><\/em> pueden ser el mayor motivo de alegr\u00edas, pero tambi\u00e9n de quebraderos de cabeza, ya que tendemos a olvidarnos que tienen ritmos diferentes a nosotros los adultos, por lo que van a tener m\u00e1s ritmo de actividad.<\/p>\n<p>Adem\u00e1s les gusta hacer cosas y planes diferentes a nosotros, b\u00e1sicamente quieren jugar y no pasarse el d\u00eda sentados en una toalla o viendo monumentos caminando por la ciudad, as\u00ed que teniendo en cuenta \u00e9sto, es m\u00e1s f\u00e1cil que se tengan en cuenta a la hora de organizar actividades, que puedan ser tambi\u00e9n l\u00fadicas e interesantes para los ni\u00f1os.<\/p>\n<h3>Con la familia<\/h3>\n<p><em><strong>La familia<\/strong><\/em> cercana suele ser una fuente enorme de bienestar pero tambi\u00e9n de conflictos, ya sea porque es tu familia o bien si es la familia de tu pareja.<\/p>\n<p>La posibilidad de que las costumbres sean distintas a las nuestras y el hecho de compartir un espacio que no sueles compartir, puede generar problemas si no se va con una predisposici\u00f3n adecuada para la convivencia y de nuevo se trata de negociar y consens\u00faar las actividades y tareas comunes.<\/p>\n<h3>Vacaciones compartidas con los amigos<\/h3>\n<p><img loading=\"lazy\" decoding=\"async\" class=\" wp-image-2321 alignright\" src=\"http:\/\/barreiropsicologia.com\/blog\/wp-content\/uploads\/2019\/07\/familia-feliz-caminando-campo_53876-46888-300x200.jpg\" alt=\"vacaciones en familia\" width=\"231\" height=\"154\" srcset=\"https:\/\/barreiropsicologia.com\/blog\/wp-content\/uploads\/2019\/07\/familia-feliz-caminando-campo_53876-46888-300x200.jpg 300w, https:\/\/barreiropsicologia.com\/blog\/wp-content\/uploads\/2019\/07\/familia-feliz-caminando-campo_53876-46888.jpg 626w\" sizes=\"auto, (max-width: 231px) 100vw, 231px\" \/><\/p>\n<p><em><strong>Los amigos<\/strong><\/em> son muy divertidos pero pueden absorber mucho tiempo y energ\u00eda, y siempre es recomendable guardar un espacio personal y un tiempo para uno mismo, adem\u00e1s de cierto descanso que nos ayude a reponer las energ\u00edas perdidas durante el a\u00f1o.<\/p>\n<h2>Nuestra recomendaci\u00f3n para unas vacaciones compartidas<\/h2>\n<p>As\u00ed que teniendo en cuenta las diferentes circunstancias que se pueden dar cuando realizamos vacaciones compartidas es que no hay mejor recomendaci\u00f3n que tratar de disfrutar lo m\u00e1ximo posible las vacaciones teniendo en cuenta y respetando tambi\u00e9n a los dem\u00e1s.<\/p>\n<hr \/>\n<blockquote id=\"1\">\n<p>Escucha el audio del programa a partir del minuto 30\u00b4 pinchando <a href=\"https:\/\/play.cadenaser.com\/audio\/1563278356_595295\/\" target=\"_blank\" rel=\"noopener noreferrer\">aqu\u00ed<\/a>!<\/p>\n<\/blockquote>\n<hr \/>\n<p>Tambi\u00e9n te pueden interesar los art\u00edculos:<\/p>\n<ul>\n<li><a href=\"https:\/\/barreiropsicologia.com\/blog\/problemas-de-parejas-en-vacaciones\/\">Las parejas en vacaciones, problemas y soluciones.<\/a><\/li>\n<li><a href=\"http:\/\/barreiropsicologia.com\/blog\/consejos-para-desconectar-del-movil-en-vacaciones\/\">8 Consejos para desconectar del m\u00f3vil en vacaciones.<\/a><\/li>\n<li><a href=\"http:\/\/barreiropsicologia.com\/blog\/conflictos-familiares-en-navidad\/\">12 Consejos para manejar los conflictos familiares en Navidad.<\/a><\/li>\n<\/ul>\n<p align=\"JUSTIFY\">\u00a0<\/p>\n\n\n<p><\/p>\n","protected":false},"excerpt":{"rendered":"<p>En el programa Hoy por Hoy de Radio Salamanca en la Cadena SER hablamos sobre c\u00f3mo pasar de la mejor manera las vacaciones compatidas sin que lleguen a ser un problema o un trauma. Enlace al audio del programa al&#46;&#46;&#46;<\/p>\n","protected":false},"author":1,"featured_media":2327,"comment_status":"open","ping_status":"open","sticky":false,"template":"","format":"standard","meta":{"footnotes":""},"categories":[801],"tags":[83,75],"class_list":["post-2316","post","type-post","status-publish","format-standard","has-post-thumbnail","hentry","category-entorno-salud-mental","tag-pareja","tag-vacaciones"],"yoast_head":"<!-- This site is optimized with the Yoast SEO plugin v27.3 - https:\/\/yoast.com\/product\/yoast-seo-wordpress\/ -->\n<title>C\u00f3mo pasar unas buenas vacaciones compartidas con pareja y familia - Barreiro Psicolog\u00eda Blog<\/title>\n<meta name=\"description\" content=\"Te gustar\u00eda pasar unas buenas vacaciones compartidas en pareja, con la familia o con los amigos? Lee el art\u00edculo para saber c\u00f3mo puedes hacer\" \/>\n<meta name=\"robots\" content=\"index, follow, max-snippet:-1, max-image-preview:large, max-video-preview:-1\" \/>\n<link rel=\"canonical\" href=\"https:\/\/barreiropsicologia.com\/blog\/vacaciones-compartidas\/\" \/>\n<meta property=\"og:locale\" content=\"es_ES\" \/>\n<meta property=\"og:type\" content=\"article\" \/>\n<meta property=\"og:title\" content=\"C\u00f3mo pasar unas buenas vacaciones compartidas con pareja y familia - Barreiro Psicolog\u00eda Blog\" \/>\n<meta property=\"og:description\" content=\"Te gustar\u00eda pasar unas buenas vacaciones compartidas en pareja, con la familia o con los amigos? Lee el art\u00edculo para saber c\u00f3mo puedes hacer\" \/>\n<meta property=\"og:url\" content=\"https:\/\/barreiropsicologia.com\/blog\/vacaciones-compartidas\/\" \/>\n<meta property=\"og:site_name\" content=\"Blog de psicolog\u00eda\" \/>\n<meta property=\"article:publisher\" content=\"https:\/\/www.facebook.com\/psicologossalamanca\/\" \/>\n<meta property=\"article:author\" content=\"https:\/\/www.facebook.com\/psicologossalamanca\/\" \/>\n<meta property=\"article:published_time\" content=\"2019-07-25T11:37:39+00:00\" \/>\n<meta property=\"article:modified_time\" content=\"2026-03-27T12:21:25+00:00\" \/>\n<meta property=\"og:image\" content=\"https:\/\/barreiropsicologia.com\/blog\/wp-content\/uploads\/2019\/07\/vacaciones-compartidas.jpg\" \/>\n\t<meta property=\"og:image:width\" content=\"626\" \/>\n\t<meta property=\"og:image:height\" content=\"438\" \/>\n\t<meta property=\"og:image:type\" content=\"image\/jpeg\" \/>\n<meta name=\"author\" content=\"Javier Barreiro\" \/>\n<meta name=\"twitter:card\" content=\"summary_large_image\" \/>\n<meta name=\"twitter:creator\" content=\"@Barreiro.javier@hotmail.com\" \/>\n<meta name=\"twitter:site\" content=\"@Barreiro_Psi\" \/>\n<meta name=\"twitter:label1\" content=\"Escrito por\" \/>\n\t<meta name=\"twitter:data1\" content=\"Javier Barreiro\" \/>\n\t<meta name=\"twitter:label2\" content=\"Tiempo de lectura\" \/>\n\t<meta name=\"twitter:data2\" content=\"4 minutos\" \/>\n<script type=\"application\/ld+json\" class=\"yoast-schema-graph\">{\"@context\":\"https:\\\/\\\/schema.org\",\"@graph\":[{\"@type\":\"Article\",\"@id\":\"https:\\\/\\\/barreiropsicologia.com\\\/blog\\\/vacaciones-compartidas\\\/#article\",\"isPartOf\":{\"@id\":\"https:\\\/\\\/barreiropsicologia.com\\\/blog\\\/vacaciones-compartidas\\\/\"},\"author\":{\"name\":\"Javier Barreiro\",\"@id\":\"https:\\\/\\\/barreiropsicologia.com\\\/blog\\\/#\\\/schema\\\/person\\\/6068f8a0ae30566e1100f91905ead263\"},\"headline\":\"C\u00f3mo pasar unas buenas vacaciones compartidas con pareja y familia\",\"datePublished\":\"2019-07-25T11:37:39+00:00\",\"dateModified\":\"2026-03-27T12:21:25+00:00\",\"mainEntityOfPage\":{\"@id\":\"https:\\\/\\\/barreiropsicologia.com\\\/blog\\\/vacaciones-compartidas\\\/\"},\"wordCount\":663,\"commentCount\":0,\"image\":{\"@id\":\"https:\\\/\\\/barreiropsicologia.com\\\/blog\\\/vacaciones-compartidas\\\/#primaryimage\"},\"thumbnailUrl\":\"https:\\\/\\\/barreiropsicologia.com\\\/blog\\\/wp-content\\\/uploads\\\/2019\\\/07\\\/vacaciones-compartidas.jpg\",\"keywords\":[\"pareja\",\"vacaciones\"],\"articleSection\":[\"Entorno y salud mental\"],\"inLanguage\":\"es\",\"potentialAction\":[{\"@type\":\"CommentAction\",\"name\":\"Comment\",\"target\":[\"https:\\\/\\\/barreiropsicologia.com\\\/blog\\\/vacaciones-compartidas\\\/#respond\"]}]},{\"@type\":\"WebPage\",\"@id\":\"https:\\\/\\\/barreiropsicologia.com\\\/blog\\\/vacaciones-compartidas\\\/\",\"url\":\"https:\\\/\\\/barreiropsicologia.com\\\/blog\\\/vacaciones-compartidas\\\/\",\"name\":\"C\u00f3mo pasar unas buenas vacaciones compartidas con pareja y familia - Barreiro Psicolog\u00eda Blog\",\"isPartOf\":{\"@id\":\"https:\\\/\\\/barreiropsicologia.com\\\/blog\\\/#website\"},\"primaryImageOfPage\":{\"@id\":\"https:\\\/\\\/barreiropsicologia.com\\\/blog\\\/vacaciones-compartidas\\\/#primaryimage\"},\"image\":{\"@id\":\"https:\\\/\\\/barreiropsicologia.com\\\/blog\\\/vacaciones-compartidas\\\/#primaryimage\"},\"thumbnailUrl\":\"https:\\\/\\\/barreiropsicologia.com\\\/blog\\\/wp-content\\\/uploads\\\/2019\\\/07\\\/vacaciones-compartidas.jpg\",\"datePublished\":\"2019-07-25T11:37:39+00:00\",\"dateModified\":\"2026-03-27T12:21:25+00:00\",\"author\":{\"@id\":\"https:\\\/\\\/barreiropsicologia.com\\\/blog\\\/#\\\/schema\\\/person\\\/6068f8a0ae30566e1100f91905ead263\"},\"description\":\"Te gustar\u00eda pasar unas buenas vacaciones compartidas en pareja, con la familia o con los amigos? Lee el art\u00edculo para saber c\u00f3mo puedes hacer\",\"breadcrumb\":{\"@id\":\"https:\\\/\\\/barreiropsicologia.com\\\/blog\\\/vacaciones-compartidas\\\/#breadcrumb\"},\"inLanguage\":\"es\",\"potentialAction\":[{\"@type\":\"ReadAction\",\"target\":[\"https:\\\/\\\/barreiropsicologia.com\\\/blog\\\/vacaciones-compartidas\\\/\"]}]},{\"@type\":\"ImageObject\",\"inLanguage\":\"es\",\"@id\":\"https:\\\/\\\/barreiropsicologia.com\\\/blog\\\/vacaciones-compartidas\\\/#primaryimage\",\"url\":\"https:\\\/\\\/barreiropsicologia.com\\\/blog\\\/wp-content\\\/uploads\\\/2019\\\/07\\\/vacaciones-compartidas.jpg\",\"contentUrl\":\"https:\\\/\\\/barreiropsicologia.com\\\/blog\\\/wp-content\\\/uploads\\\/2019\\\/07\\\/vacaciones-compartidas.jpg\",\"width\":626,\"height\":438},{\"@type\":\"BreadcrumbList\",\"@id\":\"https:\\\/\\\/barreiropsicologia.com\\\/blog\\\/vacaciones-compartidas\\\/#breadcrumb\",\"itemListElement\":[{\"@type\":\"ListItem\",\"position\":1,\"name\":\"Portada\",\"item\":\"https:\\\/\\\/barreiropsicologia.com\\\/blog\\\/\"},{\"@type\":\"ListItem\",\"position\":2,\"name\":\"C\u00f3mo pasar unas buenas vacaciones compartidas con pareja y familia\"}]},{\"@type\":\"WebSite\",\"@id\":\"https:\\\/\\\/barreiropsicologia.com\\\/blog\\\/#website\",\"url\":\"https:\\\/\\\/barreiropsicologia.com\\\/blog\\\/\",\"name\":\"Blog de psicolog\u00eda\",\"description\":\"Barreiro Psicolog\u00eda Blog\",\"potentialAction\":[{\"@type\":\"SearchAction\",\"target\":{\"@type\":\"EntryPoint\",\"urlTemplate\":\"https:\\\/\\\/barreiropsicologia.com\\\/blog\\\/?s={search_term_string}\"},\"query-input\":{\"@type\":\"PropertyValueSpecification\",\"valueRequired\":true,\"valueName\":\"search_term_string\"}}],\"inLanguage\":\"es\"},{\"@type\":\"Person\",\"@id\":\"https:\\\/\\\/barreiropsicologia.com\\\/blog\\\/#\\\/schema\\\/person\\\/6068f8a0ae30566e1100f91905ead263\",\"name\":\"Javier Barreiro\",\"image\":{\"@type\":\"ImageObject\",\"inLanguage\":\"es\",\"@id\":\"https:\\\/\\\/secure.gravatar.com\\\/avatar\\\/ba2dc692a18d0909a9544d2d12c67449129af0c5441c8732f319a1ae7ae701b0?s=96&d=mm&r=g\",\"url\":\"https:\\\/\\\/secure.gravatar.com\\\/avatar\\\/ba2dc692a18d0909a9544d2d12c67449129af0c5441c8732f319a1ae7ae701b0?s=96&d=mm&r=g\",\"contentUrl\":\"https:\\\/\\\/secure.gravatar.com\\\/avatar\\\/ba2dc692a18d0909a9544d2d12c67449129af0c5441c8732f319a1ae7ae701b0?s=96&d=mm&r=g\",\"caption\":\"Javier Barreiro\"},\"description\":\"Javier Barreiro Santamarta es Licenciado en Psicolog\u00eda por la Universidad de Salamanca, Psic\u00f3logo General Sanitario en Salamanca colegiado n\u00ba CL-3735. M\u00e1ster en Psicolog\u00eda Cl\u00ednica cognitivo-conductual, M\u00e1ster en Terapia Breve Centrada en Soluciones y M\u00e1ster en Recursos Humanos.\",\"sameAs\":[\"https:\\\/\\\/www.facebook.com\\\/psicologossalamanca\\\/\",\"https:\\\/\\\/www.instagram.com\\\/barreiro.psi\",\"https:\\\/\\\/ar.linkedin.com\\\/in\\\/javier-barreiro-santamarta-9183b962\",\"https:\\\/\\\/x.com\\\/Barreiro.javier@hotmail.com\"],\"url\":\"https:\\\/\\\/barreiropsicologia.com\\\/blog\\\/author\\\/javier_barreiro\\\/\"}]}<\/script>\n<!-- \/ Yoast SEO plugin. -->","yoast_head_json":{"title":"C\u00f3mo pasar unas buenas vacaciones compartidas con pareja y familia - Barreiro Psicolog\u00eda Blog","description":"Te gustar\u00eda pasar unas buenas vacaciones compartidas en pareja, con la familia o con los amigos? Lee el art\u00edculo para saber c\u00f3mo puedes hacer","robots":{"index":"index","follow":"follow","max-snippet":"max-snippet:-1","max-image-preview":"max-image-preview:large","max-video-preview":"max-video-preview:-1"},"canonical":"https:\/\/barreiropsicologia.com\/blog\/vacaciones-compartidas\/","og_locale":"es_ES","og_type":"article","og_title":"C\u00f3mo pasar unas buenas vacaciones compartidas con pareja y familia - Barreiro Psicolog\u00eda Blog","og_description":"Te gustar\u00eda pasar unas buenas vacaciones compartidas en pareja, con la familia o con los amigos? Lee el art\u00edculo para saber c\u00f3mo puedes hacer","og_url":"https:\/\/barreiropsicologia.com\/blog\/vacaciones-compartidas\/","og_site_name":"Blog de psicolog\u00eda","article_publisher":"https:\/\/www.facebook.com\/psicologossalamanca\/","article_author":"https:\/\/www.facebook.com\/psicologossalamanca\/","article_published_time":"2019-07-25T11:37:39+00:00","article_modified_time":"2026-03-27T12:21:25+00:00","og_image":[{"width":626,"height":438,"url":"https:\/\/barreiropsicologia.com\/blog\/wp-content\/uploads\/2019\/07\/vacaciones-compartidas.jpg","type":"image\/jpeg"}],"author":"Javier Barreiro","twitter_card":"summary_large_image","twitter_creator":"@Barreiro.javier@hotmail.com","twitter_site":"@Barreiro_Psi","twitter_misc":{"Escrito por":"Javier Barreiro","Tiempo de lectura":"4 minutos"},"schema":{"@context":"https:\/\/schema.org","@graph":[{"@type":"Article","@id":"https:\/\/barreiropsicologia.com\/blog\/vacaciones-compartidas\/#article","isPartOf":{"@id":"https:\/\/barreiropsicologia.com\/blog\/vacaciones-compartidas\/"},"author":{"name":"Javier Barreiro","@id":"https:\/\/barreiropsicologia.com\/blog\/#\/schema\/person\/6068f8a0ae30566e1100f91905ead263"},"headline":"C\u00f3mo pasar unas buenas vacaciones compartidas con pareja y familia","datePublished":"2019-07-25T11:37:39+00:00","dateModified":"2026-03-27T12:21:25+00:00","mainEntityOfPage":{"@id":"https:\/\/barreiropsicologia.com\/blog\/vacaciones-compartidas\/"},"wordCount":663,"commentCount":0,"image":{"@id":"https:\/\/barreiropsicologia.com\/blog\/vacaciones-compartidas\/#primaryimage"},"thumbnailUrl":"https:\/\/barreiropsicologia.com\/blog\/wp-content\/uploads\/2019\/07\/vacaciones-compartidas.jpg","keywords":["pareja","vacaciones"],"articleSection":["Entorno y salud mental"],"inLanguage":"es","potentialAction":[{"@type":"CommentAction","name":"Comment","target":["https:\/\/barreiropsicologia.com\/blog\/vacaciones-compartidas\/#respond"]}]},{"@type":"WebPage","@id":"https:\/\/barreiropsicologia.com\/blog\/vacaciones-compartidas\/","url":"https:\/\/barreiropsicologia.com\/blog\/vacaciones-compartidas\/","name":"C\u00f3mo pasar unas buenas vacaciones compartidas con pareja y familia - Barreiro Psicolog\u00eda Blog","isPartOf":{"@id":"https:\/\/barreiropsicologia.com\/blog\/#website"},"primaryImageOfPage":{"@id":"https:\/\/barreiropsicologia.com\/blog\/vacaciones-compartidas\/#primaryimage"},"image":{"@id":"https:\/\/barreiropsicologia.com\/blog\/vacaciones-compartidas\/#primaryimage"},"thumbnailUrl":"https:\/\/barreiropsicologia.com\/blog\/wp-content\/uploads\/2019\/07\/vacaciones-compartidas.jpg","datePublished":"2019-07-25T11:37:39+00:00","dateModified":"2026-03-27T12:21:25+00:00","author":{"@id":"https:\/\/barreiropsicologia.com\/blog\/#\/schema\/person\/6068f8a0ae30566e1100f91905ead263"},"description":"Te gustar\u00eda pasar unas buenas vacaciones compartidas en pareja, con la familia o con los amigos? Lee el art\u00edculo para saber c\u00f3mo puedes hacer","breadcrumb":{"@id":"https:\/\/barreiropsicologia.com\/blog\/vacaciones-compartidas\/#breadcrumb"},"inLanguage":"es","potentialAction":[{"@type":"ReadAction","target":["https:\/\/barreiropsicologia.com\/blog\/vacaciones-compartidas\/"]}]},{"@type":"ImageObject","inLanguage":"es","@id":"https:\/\/barreiropsicologia.com\/blog\/vacaciones-compartidas\/#primaryimage","url":"https:\/\/barreiropsicologia.com\/blog\/wp-content\/uploads\/2019\/07\/vacaciones-compartidas.jpg","contentUrl":"https:\/\/barreiropsicologia.com\/blog\/wp-content\/uploads\/2019\/07\/vacaciones-compartidas.jpg","width":626,"height":438},{"@type":"BreadcrumbList","@id":"https:\/\/barreiropsicologia.com\/blog\/vacaciones-compartidas\/#breadcrumb","itemListElement":[{"@type":"ListItem","position":1,"name":"Portada","item":"https:\/\/barreiropsicologia.com\/blog\/"},{"@type":"ListItem","position":2,"name":"C\u00f3mo pasar unas buenas vacaciones compartidas con pareja y familia"}]},{"@type":"WebSite","@id":"https:\/\/barreiropsicologia.com\/blog\/#website","url":"https:\/\/barreiropsicologia.com\/blog\/","name":"Blog de psicolog\u00eda","description":"Barreiro Psicolog\u00eda Blog","potentialAction":[{"@type":"SearchAction","target":{"@type":"EntryPoint","urlTemplate":"https:\/\/barreiropsicologia.com\/blog\/?s={search_term_string}"},"query-input":{"@type":"PropertyValueSpecification","valueRequired":true,"valueName":"search_term_string"}}],"inLanguage":"es"},{"@type":"Person","@id":"https:\/\/barreiropsicologia.com\/blog\/#\/schema\/person\/6068f8a0ae30566e1100f91905ead263","name":"Javier Barreiro","image":{"@type":"ImageObject","inLanguage":"es","@id":"https:\/\/secure.gravatar.com\/avatar\/ba2dc692a18d0909a9544d2d12c67449129af0c5441c8732f319a1ae7ae701b0?s=96&d=mm&r=g","url":"https:\/\/secure.gravatar.com\/avatar\/ba2dc692a18d0909a9544d2d12c67449129af0c5441c8732f319a1ae7ae701b0?s=96&d=mm&r=g","contentUrl":"https:\/\/secure.gravatar.com\/avatar\/ba2dc692a18d0909a9544d2d12c67449129af0c5441c8732f319a1ae7ae701b0?s=96&d=mm&r=g","caption":"Javier Barreiro"},"description":"Javier Barreiro Santamarta es Licenciado en Psicolog\u00eda por la Universidad de Salamanca, Psic\u00f3logo General Sanitario en Salamanca colegiado n\u00ba CL-3735. M\u00e1ster en Psicolog\u00eda Cl\u00ednica cognitivo-conductual, M\u00e1ster en Terapia Breve Centrada en Soluciones y M\u00e1ster en Recursos Humanos.","sameAs":["https:\/\/www.facebook.com\/psicologossalamanca\/","https:\/\/www.instagram.com\/barreiro.psi","https:\/\/ar.linkedin.com\/in\/javier-barreiro-santamarta-9183b962","https:\/\/x.com\/Barreiro.javier@hotmail.com"],"url":"https:\/\/barreiropsicologia.com\/blog\/author\/javier_barreiro\/"}]}},"_links":{"self":[{"href":"https:\/\/barreiropsicologia.com\/blog\/wp-json\/wp\/v2\/posts\/2316","targetHints":{"allow":["GET"]}}],"collection":[{"href":"https:\/\/barreiropsicologia.com\/blog\/wp-json\/wp\/v2\/posts"}],"about":[{"href":"https:\/\/barreiropsicologia.com\/blog\/wp-json\/wp\/v2\/types\/post"}],"author":[{"embeddable":true,"href":"https:\/\/barreiropsicologia.com\/blog\/wp-json\/wp\/v2\/users\/1"}],"replies":[{"embeddable":true,"href":"https:\/\/barreiropsicologia.com\/blog\/wp-json\/wp\/v2\/comments?post=2316"}],"version-history":[{"count":8,"href":"https:\/\/barreiropsicologia.com\/blog\/wp-json\/wp\/v2\/posts\/2316\/revisions"}],"predecessor-version":[{"id":3640,"href":"https:\/\/barreiropsicologia.com\/blog\/wp-json\/wp\/v2\/posts\/2316\/revisions\/3640"}],"wp:featuredmedia":[{"embeddable":true,"href":"https:\/\/barreiropsicologia.com\/blog\/wp-json\/wp\/v2\/media\/2327"}],"wp:attachment":[{"href":"https:\/\/barreiropsicologia.com\/blog\/wp-json\/wp\/v2\/media?parent=2316"}],"wp:term":[{"taxonomy":"category","embeddable":true,"href":"https:\/\/barreiropsicologia.com\/blog\/wp-json\/wp\/v2\/categories?post=2316"},{"taxonomy":"post_tag","embeddable":true,"href":"https:\/\/barreiropsicologia.com\/blog\/wp-json\/wp\/v2\/tags?post=2316"}],"curies":[{"name":"wp","href":"https:\/\/api.w.org\/{rel}","templated":true}]}}