{"id":2400,"date":"2019-10-01T17:41:18","date_gmt":"2019-10-01T17:41:18","guid":{"rendered":"http:\/\/barreiropsicologia.com\/blog\/?p=2400"},"modified":"2026-03-27T13:29:14","modified_gmt":"2026-03-27T12:29:14","slug":"como-afecta-el-otono-al-estado-de-animo","status":"publish","type":"post","link":"https:\/\/barreiropsicologia.com\/blog\/como-afecta-el-otono-al-estado-de-animo\/","title":{"rendered":"C\u00f3mo afecta el oto\u00f1o al estado de \u00e1nimo"},"content":{"rendered":"<p>En el programa del <a href=\"https:\/\/cadenaser.com\/emisora\/radio_salamanca\/\">Hoy por Hoy Salamanca<\/a> de Radio Salamanca en la <a href=\"https:\/\/cadenaser.com\/\">Cadena SER<\/a> hablamos sobre <span style=\"color: #ff6600;\">c\u00f3mo afecta el oto\u00f1o al estado de \u00e1nimo.<\/span><\/p>\n<blockquote><p><em>Enlace al audio del programa al final del art\u00edculo, <a href=\"https:\/\/barreiropsicologia.com\/blog\/como-afecta-el-otono-al-estado-de-animo\/#1\">ir al audio<\/a>.<\/em><\/p><\/blockquote>\n<h2>\u00bfQu\u00e9 ocurre y c\u00f3mo afecta el oto\u00f1o al estado de \u00e1nimo?<\/h2>\n<p>El <strong>oto\u00f1o<\/strong> de caracteriza por ser una estaci\u00f3n del a\u00f1o donde las horas solares disminuyen, por lo tanto los d\u00edas se acortan, descienden las temperaturas, hay mayor frecuencia de d\u00edas grises y lluviosos, etc&#8230; lo que no afecta a todos de alguna manera.<\/p>\n<p><img loading=\"lazy\" decoding=\"async\" class=\"size-medium wp-image-2405 alignright\" src=\"http:\/\/barreiropsicologia.com\/blog\/wp-content\/uploads\/2019\/10\/arbol-3d-contra-cielo-al-atardecer_1048-9754-300x225.jpg\" alt=\"horas de luz\" width=\"300\" height=\"225\" srcset=\"https:\/\/barreiropsicologia.com\/blog\/wp-content\/uploads\/2019\/10\/arbol-3d-contra-cielo-al-atardecer_1048-9754-300x225.jpg 300w, https:\/\/barreiropsicologia.com\/blog\/wp-content\/uploads\/2019\/10\/arbol-3d-contra-cielo-al-atardecer_1048-9754.jpg 626w\" sizes=\"auto, (max-width: 300px) 100vw, 300px\" \/><\/p>\n<p>Ante \u00e9ste cambio estacional hay <strong>personas que se adaptan mejor y otras peor<\/strong>, tanto a nivel f\u00edsico, como a nivel psicol\u00f3gico.<\/p>\n<p>Para algunas personas el oto\u00f1o puede ser un periodo de relativa tristeza o melancol\u00eda, donde disminuye el inter\u00e9s y la energ\u00eda a la hora de realizar tareas, pero para otras personas es el momento ideal para realizar <a href=\"http:\/\/barreiropsicologia.com\/blog\/efectos-psicologicos-ante-las-altas-temperaturas\/\">actividades fuera del sofocante calor del verano<\/a>.<\/p>\n<h2>La temida astenia oto\u00f1al<\/h2>\n<p>En oto\u00f1o, se puede producir <b>Astenia oto\u00f1al o Trastorno afectivo estacional (TAE),<\/b> que se produce por una respuesta adaptativa de nuestro cuerpo a nivel hormonal ante \u00e9ste cambio clim\u00e1tico, y en la que se pueden llegar a percibir ciertos s\u00edntomas como fatiga, alteraciones del hambre, falta de concentraci\u00f3n, <a href=\"http:\/\/barreiropsicologia.com\/blog\/las-emociones-tipos-y-funciones\/\">emociones<\/a> como irritabilidad, tristeza, nostalgia, recogimiento, melancol\u00eda, p\u00e9rdida de inter\u00e9s, tambi\u00e9n aumento de somnolencia y de horas de sue\u00f1o, mayor apetito, etc&#8230;<\/p>\n<p>Se trata de un s\u00edndrome leve y temporal que sucede en \u00e9ste tiempo hasta que nos adaptamos.<\/p>\n<p>\u00c9sto se debe a que al haber menos horas de sol, se produce una <strong>alteraci\u00f3n a nivel hormonal<\/strong>. Se reduce la producci\u00f3n de <strong>serotonina<\/strong>, que es una hormona que regula nuestro estado de \u00e1nimo y nuestra conducta alimenticia entre otras funciones, y tambi\u00e9n hay una disminuci\u00f3n en la producci\u00f3n de <strong>melanotonina<\/strong> que es la hormona que influye en la regulaci\u00f3n de la temperatura corporal, el sue\u00f1o y la energ\u00eda.<\/p>\n<h2>Consejos para evitar o reducir los efectos de la adaptaci\u00f3n al oto\u00f1o<\/h2>\n<ul>\n<li>Llevar una<strong> vida activa<\/strong> en la que atendamos a nuestros <a href=\"http:\/\/barreiropsicologia.com\/blog\/cuidados-personales-y-salud-psicologica\/\">cuidados personales<\/a> y nos planteemos realizar tareas agradables adaptadas a \u00e9ste periodo. Una buena tarea consiste en realizar una lista de cosas que hacer en oto\u00f1o.<\/li>\n<li>Debemos <strong>dormir las horas necesarias<\/strong>, entre 7 \u00f3 8 horas, a pesar de que nos apetezca quedarnos m\u00e1s tiempo en la cama. Tener una adecuada <a href=\"http:\/\/barreiropsicologia.com\/blog\/higiene-del-sueno-contra-el-insomnio\/\">higiene del sue\u00f1o<\/a> es fundamental para adaptarse mejor.<\/li>\n<li>Mantener una <a href=\"http:\/\/barreiropsicologia.com\/blog\/programa-psicodiet-decalogo\/\"><strong>alimentaci\u00f3n saludable<\/strong><\/a> con frutas y verduras de temporada y comidas ligeras, en \u00e9ste tiempo apetecen m\u00e1s las comidas cal\u00f3ricas, pero no es necesario abusar de ellas para tener una mejor adaptaci\u00f3n al oto\u00f1o.<\/li>\n<li>Realizar <strong>ejercicio f\u00edsico<\/strong>, no porque bajen las temperaturas o disminuyan las horas de luz, es una excusa para no practicar deporte.<\/li>\n<li>Aprovechar para realizar <strong>actividades de ocio<\/strong> de interior como <a href=\"http:\/\/barreiropsicologia.com\/blog\/lecturas-de-psicologia-recomendadas\/\">leer<\/a>, escuchar m\u00fasica o tocar alg\u00fan instrumento, ir al cine o <a href=\"http:\/\/barreiropsicologia.com\/blog\/10-peliculas-relacionadas-con-la-psicologia\/\">ver pel\u00edculas<\/a> o series en casa, usar juegos de mesa con amigos o en familia, hacer puzzles, tejer, etc&#8230;<\/li>\n<li>Aprovechar las <strong>relaciones sociales<\/strong> para hacer actividades como tomar un caf\u00e9, o un chocolate, o asistir a museos o exposiciones, etc&#8230;<\/li>\n<li>Y por supuesto <strong>aprovechar las horas de luz<\/strong> para salir al exterior y dar paseos que permiten contemplar los colores del oto\u00f1o, percibir el frescor del clima que ayuda a despejar, disfrutar esos d\u00edas de sol oto\u00f1ales tan bonitos, realizar excursiones y ver paisajes, etc&#8230;<\/li>\n<\/ul>\n<hr \/>\n<blockquote id=\"1\"><p>Escucha el audio del programa a partir del minuto 27\u00b4 pinchando <a href=\"https:\/\/play.cadenaser.com\/audio\/1569931756_170096\/\" target=\"_blank\" rel=\"noopener noreferrer\">aqu\u00ed<\/a>!<\/p><\/blockquote>\n<hr \/>\n<p><strong>Tambi\u00e9n te pueden interesar los art\u00edculos:<\/strong><\/p>\n<ul>\n<li><a href=\"https:\/\/barreiropsicologia.com\/blog\/como-afecta-el-cambio-de-hora\/\">C\u00f3mo nos afecta psicol\u00f3gicamente el cambio de hora<\/a><\/li>\n<li><a href=\"https:\/\/barreiropsicologia.com\/blog\/conoce-como-nos-afecta-la-navidad\/\">C\u00f3mo nos afecta la navidad emocionalmente<\/a><\/li>\n<\/ul>\n","protected":false},"excerpt":{"rendered":"<p>En el programa del Hoy por Hoy Salamanca de Radio Salamanca en la Cadena SER hablamos sobre c\u00f3mo afecta el oto\u00f1o al estado de \u00e1nimo. Enlace al audio del programa al final del art\u00edculo, ir al audio. \u00bfQu\u00e9 ocurre y&#46;&#46;&#46;<\/p>\n","protected":false},"author":1,"featured_media":2403,"comment_status":"open","ping_status":"open","sticky":false,"template":"","format":"standard","meta":{"footnotes":""},"categories":[802],"tags":[701,287,700,75],"class_list":["post-2400","post","type-post","status-publish","format-standard","has-post-thumbnail","hentry","category-estado-animo","tag-cerebro-y-mente","tag-neuropsicologia","tag-tecnicas-y-herramientas","tag-vacaciones"],"yoast_head":"<!-- This site is optimized with the Yoast SEO plugin v27.3 - https:\/\/yoast.com\/product\/yoast-seo-wordpress\/ -->\n<title>C\u00f3mo afecta el oto\u00f1o al estado de \u00e1nimo - Barreiro Psicolog\u00eda Blog<\/title>\n<meta name=\"description\" content=\"Si quieres saber c\u00f3mo nos afecta el oto\u00f1o al estado de \u00e1nimo y qu\u00e9 podemos hacer para evitar o reducir sus efectos, lee el art\u00edculo!\" \/>\n<meta name=\"robots\" content=\"index, follow, max-snippet:-1, max-image-preview:large, max-video-preview:-1\" \/>\n<link rel=\"canonical\" href=\"https:\/\/barreiropsicologia.com\/blog\/como-afecta-el-otono-al-estado-de-animo\/\" \/>\n<meta property=\"og:locale\" content=\"es_ES\" \/>\n<meta property=\"og:type\" content=\"article\" \/>\n<meta property=\"og:title\" content=\"C\u00f3mo afecta el oto\u00f1o al estado de \u00e1nimo - Barreiro Psicolog\u00eda Blog\" \/>\n<meta property=\"og:description\" content=\"Si quieres saber c\u00f3mo nos afecta el oto\u00f1o al estado de \u00e1nimo y qu\u00e9 podemos hacer para evitar o reducir sus efectos, lee el art\u00edculo!\" \/>\n<meta property=\"og:url\" content=\"https:\/\/barreiropsicologia.com\/blog\/como-afecta-el-otono-al-estado-de-animo\/\" \/>\n<meta property=\"og:site_name\" content=\"Blog de psicolog\u00eda\" \/>\n<meta property=\"article:publisher\" content=\"https:\/\/www.facebook.com\/psicologossalamanca\/\" \/>\n<meta property=\"article:author\" content=\"https:\/\/www.facebook.com\/psicologossalamanca\/\" \/>\n<meta property=\"article:published_time\" content=\"2019-10-01T17:41:18+00:00\" \/>\n<meta property=\"article:modified_time\" content=\"2026-03-27T12:29:14+00:00\" \/>\n<meta property=\"og:image\" content=\"https:\/\/barreiropsicologia.com\/blog\/wp-content\/uploads\/2019\/10\/mujer-montana-pie-junto-valla-disfrutar-vista_137573-145.jpg\" \/>\n\t<meta property=\"og:image:width\" content=\"626\" \/>\n\t<meta property=\"og:image:height\" content=\"417\" \/>\n\t<meta property=\"og:image:type\" content=\"image\/jpeg\" \/>\n<meta name=\"author\" content=\"Javier Barreiro\" \/>\n<meta name=\"twitter:card\" content=\"summary_large_image\" \/>\n<meta name=\"twitter:creator\" content=\"@Barreiro.javier@hotmail.com\" \/>\n<meta name=\"twitter:site\" content=\"@Barreiro_Psi\" \/>\n<meta name=\"twitter:label1\" content=\"Escrito por\" \/>\n\t<meta name=\"twitter:data1\" content=\"Javier Barreiro\" \/>\n\t<meta name=\"twitter:label2\" content=\"Tiempo de lectura\" \/>\n\t<meta name=\"twitter:data2\" content=\"3 minutos\" \/>\n<script type=\"application\/ld+json\" class=\"yoast-schema-graph\">{\"@context\":\"https:\\\/\\\/schema.org\",\"@graph\":[{\"@type\":\"Article\",\"@id\":\"https:\\\/\\\/barreiropsicologia.com\\\/blog\\\/como-afecta-el-otono-al-estado-de-animo\\\/#article\",\"isPartOf\":{\"@id\":\"https:\\\/\\\/barreiropsicologia.com\\\/blog\\\/como-afecta-el-otono-al-estado-de-animo\\\/\"},\"author\":{\"name\":\"Javier Barreiro\",\"@id\":\"https:\\\/\\\/barreiropsicologia.com\\\/blog\\\/#\\\/schema\\\/person\\\/6068f8a0ae30566e1100f91905ead263\"},\"headline\":\"C\u00f3mo afecta el oto\u00f1o al estado de \u00e1nimo\",\"datePublished\":\"2019-10-01T17:41:18+00:00\",\"dateModified\":\"2026-03-27T12:29:14+00:00\",\"mainEntityOfPage\":{\"@id\":\"https:\\\/\\\/barreiropsicologia.com\\\/blog\\\/como-afecta-el-otono-al-estado-de-animo\\\/\"},\"wordCount\":654,\"commentCount\":0,\"image\":{\"@id\":\"https:\\\/\\\/barreiropsicologia.com\\\/blog\\\/como-afecta-el-otono-al-estado-de-animo\\\/#primaryimage\"},\"thumbnailUrl\":\"https:\\\/\\\/barreiropsicologia.com\\\/blog\\\/wp-content\\\/uploads\\\/2019\\\/10\\\/mujer-montana-pie-junto-valla-disfrutar-vista_137573-145.jpg\",\"keywords\":[\"cerebro y mente\",\"neuropsicolog\u00eda\",\"t\u00e9cnicas y herramientas\",\"vacaciones\"],\"articleSection\":[\"Estado de \u00e1nimo\"],\"inLanguage\":\"es\",\"potentialAction\":[{\"@type\":\"CommentAction\",\"name\":\"Comment\",\"target\":[\"https:\\\/\\\/barreiropsicologia.com\\\/blog\\\/como-afecta-el-otono-al-estado-de-animo\\\/#respond\"]}]},{\"@type\":\"WebPage\",\"@id\":\"https:\\\/\\\/barreiropsicologia.com\\\/blog\\\/como-afecta-el-otono-al-estado-de-animo\\\/\",\"url\":\"https:\\\/\\\/barreiropsicologia.com\\\/blog\\\/como-afecta-el-otono-al-estado-de-animo\\\/\",\"name\":\"C\u00f3mo afecta el oto\u00f1o al estado de \u00e1nimo - Barreiro Psicolog\u00eda Blog\",\"isPartOf\":{\"@id\":\"https:\\\/\\\/barreiropsicologia.com\\\/blog\\\/#website\"},\"primaryImageOfPage\":{\"@id\":\"https:\\\/\\\/barreiropsicologia.com\\\/blog\\\/como-afecta-el-otono-al-estado-de-animo\\\/#primaryimage\"},\"image\":{\"@id\":\"https:\\\/\\\/barreiropsicologia.com\\\/blog\\\/como-afecta-el-otono-al-estado-de-animo\\\/#primaryimage\"},\"thumbnailUrl\":\"https:\\\/\\\/barreiropsicologia.com\\\/blog\\\/wp-content\\\/uploads\\\/2019\\\/10\\\/mujer-montana-pie-junto-valla-disfrutar-vista_137573-145.jpg\",\"datePublished\":\"2019-10-01T17:41:18+00:00\",\"dateModified\":\"2026-03-27T12:29:14+00:00\",\"author\":{\"@id\":\"https:\\\/\\\/barreiropsicologia.com\\\/blog\\\/#\\\/schema\\\/person\\\/6068f8a0ae30566e1100f91905ead263\"},\"description\":\"Si quieres saber c\u00f3mo nos afecta el oto\u00f1o al estado de \u00e1nimo y qu\u00e9 podemos hacer para evitar o reducir sus efectos, lee el art\u00edculo!\",\"breadcrumb\":{\"@id\":\"https:\\\/\\\/barreiropsicologia.com\\\/blog\\\/como-afecta-el-otono-al-estado-de-animo\\\/#breadcrumb\"},\"inLanguage\":\"es\",\"potentialAction\":[{\"@type\":\"ReadAction\",\"target\":[\"https:\\\/\\\/barreiropsicologia.com\\\/blog\\\/como-afecta-el-otono-al-estado-de-animo\\\/\"]}]},{\"@type\":\"ImageObject\",\"inLanguage\":\"es\",\"@id\":\"https:\\\/\\\/barreiropsicologia.com\\\/blog\\\/como-afecta-el-otono-al-estado-de-animo\\\/#primaryimage\",\"url\":\"https:\\\/\\\/barreiropsicologia.com\\\/blog\\\/wp-content\\\/uploads\\\/2019\\\/10\\\/mujer-montana-pie-junto-valla-disfrutar-vista_137573-145.jpg\",\"contentUrl\":\"https:\\\/\\\/barreiropsicologia.com\\\/blog\\\/wp-content\\\/uploads\\\/2019\\\/10\\\/mujer-montana-pie-junto-valla-disfrutar-vista_137573-145.jpg\",\"width\":626,\"height\":417,\"caption\":\"c\u00f3mo nos afecta el oto\u00f1o al estado de \u00e1nimo\"},{\"@type\":\"BreadcrumbList\",\"@id\":\"https:\\\/\\\/barreiropsicologia.com\\\/blog\\\/como-afecta-el-otono-al-estado-de-animo\\\/#breadcrumb\",\"itemListElement\":[{\"@type\":\"ListItem\",\"position\":1,\"name\":\"Portada\",\"item\":\"https:\\\/\\\/barreiropsicologia.com\\\/blog\\\/\"},{\"@type\":\"ListItem\",\"position\":2,\"name\":\"C\u00f3mo afecta el oto\u00f1o al estado de \u00e1nimo\"}]},{\"@type\":\"WebSite\",\"@id\":\"https:\\\/\\\/barreiropsicologia.com\\\/blog\\\/#website\",\"url\":\"https:\\\/\\\/barreiropsicologia.com\\\/blog\\\/\",\"name\":\"Blog de psicolog\u00eda\",\"description\":\"Barreiro Psicolog\u00eda Blog\",\"potentialAction\":[{\"@type\":\"SearchAction\",\"target\":{\"@type\":\"EntryPoint\",\"urlTemplate\":\"https:\\\/\\\/barreiropsicologia.com\\\/blog\\\/?s={search_term_string}\"},\"query-input\":{\"@type\":\"PropertyValueSpecification\",\"valueRequired\":true,\"valueName\":\"search_term_string\"}}],\"inLanguage\":\"es\"},{\"@type\":\"Person\",\"@id\":\"https:\\\/\\\/barreiropsicologia.com\\\/blog\\\/#\\\/schema\\\/person\\\/6068f8a0ae30566e1100f91905ead263\",\"name\":\"Javier Barreiro\",\"image\":{\"@type\":\"ImageObject\",\"inLanguage\":\"es\",\"@id\":\"https:\\\/\\\/secure.gravatar.com\\\/avatar\\\/ba2dc692a18d0909a9544d2d12c67449129af0c5441c8732f319a1ae7ae701b0?s=96&d=mm&r=g\",\"url\":\"https:\\\/\\\/secure.gravatar.com\\\/avatar\\\/ba2dc692a18d0909a9544d2d12c67449129af0c5441c8732f319a1ae7ae701b0?s=96&d=mm&r=g\",\"contentUrl\":\"https:\\\/\\\/secure.gravatar.com\\\/avatar\\\/ba2dc692a18d0909a9544d2d12c67449129af0c5441c8732f319a1ae7ae701b0?s=96&d=mm&r=g\",\"caption\":\"Javier Barreiro\"},\"description\":\"Javier Barreiro Santamarta es Licenciado en Psicolog\u00eda por la Universidad de Salamanca, Psic\u00f3logo General Sanitario en Salamanca colegiado n\u00ba CL-3735. M\u00e1ster en Psicolog\u00eda Cl\u00ednica cognitivo-conductual, M\u00e1ster en Terapia Breve Centrada en Soluciones y M\u00e1ster en Recursos Humanos.\",\"sameAs\":[\"https:\\\/\\\/www.facebook.com\\\/psicologossalamanca\\\/\",\"https:\\\/\\\/www.instagram.com\\\/barreiro.psi\",\"https:\\\/\\\/ar.linkedin.com\\\/in\\\/javier-barreiro-santamarta-9183b962\",\"https:\\\/\\\/x.com\\\/Barreiro.javier@hotmail.com\"],\"url\":\"https:\\\/\\\/barreiropsicologia.com\\\/blog\\\/author\\\/javier_barreiro\\\/\"}]}<\/script>\n<!-- \/ Yoast SEO plugin. -->","yoast_head_json":{"title":"C\u00f3mo afecta el oto\u00f1o al estado de \u00e1nimo - Barreiro Psicolog\u00eda Blog","description":"Si quieres saber c\u00f3mo nos afecta el oto\u00f1o al estado de \u00e1nimo y qu\u00e9 podemos hacer para evitar o reducir sus efectos, lee el art\u00edculo!","robots":{"index":"index","follow":"follow","max-snippet":"max-snippet:-1","max-image-preview":"max-image-preview:large","max-video-preview":"max-video-preview:-1"},"canonical":"https:\/\/barreiropsicologia.com\/blog\/como-afecta-el-otono-al-estado-de-animo\/","og_locale":"es_ES","og_type":"article","og_title":"C\u00f3mo afecta el oto\u00f1o al estado de \u00e1nimo - Barreiro Psicolog\u00eda Blog","og_description":"Si quieres saber c\u00f3mo nos afecta el oto\u00f1o al estado de \u00e1nimo y qu\u00e9 podemos hacer para evitar o reducir sus efectos, lee el art\u00edculo!","og_url":"https:\/\/barreiropsicologia.com\/blog\/como-afecta-el-otono-al-estado-de-animo\/","og_site_name":"Blog de psicolog\u00eda","article_publisher":"https:\/\/www.facebook.com\/psicologossalamanca\/","article_author":"https:\/\/www.facebook.com\/psicologossalamanca\/","article_published_time":"2019-10-01T17:41:18+00:00","article_modified_time":"2026-03-27T12:29:14+00:00","og_image":[{"width":626,"height":417,"url":"https:\/\/barreiropsicologia.com\/blog\/wp-content\/uploads\/2019\/10\/mujer-montana-pie-junto-valla-disfrutar-vista_137573-145.jpg","type":"image\/jpeg"}],"author":"Javier Barreiro","twitter_card":"summary_large_image","twitter_creator":"@Barreiro.javier@hotmail.com","twitter_site":"@Barreiro_Psi","twitter_misc":{"Escrito por":"Javier Barreiro","Tiempo de lectura":"3 minutos"},"schema":{"@context":"https:\/\/schema.org","@graph":[{"@type":"Article","@id":"https:\/\/barreiropsicologia.com\/blog\/como-afecta-el-otono-al-estado-de-animo\/#article","isPartOf":{"@id":"https:\/\/barreiropsicologia.com\/blog\/como-afecta-el-otono-al-estado-de-animo\/"},"author":{"name":"Javier Barreiro","@id":"https:\/\/barreiropsicologia.com\/blog\/#\/schema\/person\/6068f8a0ae30566e1100f91905ead263"},"headline":"C\u00f3mo afecta el oto\u00f1o al estado de \u00e1nimo","datePublished":"2019-10-01T17:41:18+00:00","dateModified":"2026-03-27T12:29:14+00:00","mainEntityOfPage":{"@id":"https:\/\/barreiropsicologia.com\/blog\/como-afecta-el-otono-al-estado-de-animo\/"},"wordCount":654,"commentCount":0,"image":{"@id":"https:\/\/barreiropsicologia.com\/blog\/como-afecta-el-otono-al-estado-de-animo\/#primaryimage"},"thumbnailUrl":"https:\/\/barreiropsicologia.com\/blog\/wp-content\/uploads\/2019\/10\/mujer-montana-pie-junto-valla-disfrutar-vista_137573-145.jpg","keywords":["cerebro y mente","neuropsicolog\u00eda","t\u00e9cnicas y herramientas","vacaciones"],"articleSection":["Estado de \u00e1nimo"],"inLanguage":"es","potentialAction":[{"@type":"CommentAction","name":"Comment","target":["https:\/\/barreiropsicologia.com\/blog\/como-afecta-el-otono-al-estado-de-animo\/#respond"]}]},{"@type":"WebPage","@id":"https:\/\/barreiropsicologia.com\/blog\/como-afecta-el-otono-al-estado-de-animo\/","url":"https:\/\/barreiropsicologia.com\/blog\/como-afecta-el-otono-al-estado-de-animo\/","name":"C\u00f3mo afecta el oto\u00f1o al estado de \u00e1nimo - Barreiro Psicolog\u00eda Blog","isPartOf":{"@id":"https:\/\/barreiropsicologia.com\/blog\/#website"},"primaryImageOfPage":{"@id":"https:\/\/barreiropsicologia.com\/blog\/como-afecta-el-otono-al-estado-de-animo\/#primaryimage"},"image":{"@id":"https:\/\/barreiropsicologia.com\/blog\/como-afecta-el-otono-al-estado-de-animo\/#primaryimage"},"thumbnailUrl":"https:\/\/barreiropsicologia.com\/blog\/wp-content\/uploads\/2019\/10\/mujer-montana-pie-junto-valla-disfrutar-vista_137573-145.jpg","datePublished":"2019-10-01T17:41:18+00:00","dateModified":"2026-03-27T12:29:14+00:00","author":{"@id":"https:\/\/barreiropsicologia.com\/blog\/#\/schema\/person\/6068f8a0ae30566e1100f91905ead263"},"description":"Si quieres saber c\u00f3mo nos afecta el oto\u00f1o al estado de \u00e1nimo y qu\u00e9 podemos hacer para evitar o reducir sus efectos, lee el art\u00edculo!","breadcrumb":{"@id":"https:\/\/barreiropsicologia.com\/blog\/como-afecta-el-otono-al-estado-de-animo\/#breadcrumb"},"inLanguage":"es","potentialAction":[{"@type":"ReadAction","target":["https:\/\/barreiropsicologia.com\/blog\/como-afecta-el-otono-al-estado-de-animo\/"]}]},{"@type":"ImageObject","inLanguage":"es","@id":"https:\/\/barreiropsicologia.com\/blog\/como-afecta-el-otono-al-estado-de-animo\/#primaryimage","url":"https:\/\/barreiropsicologia.com\/blog\/wp-content\/uploads\/2019\/10\/mujer-montana-pie-junto-valla-disfrutar-vista_137573-145.jpg","contentUrl":"https:\/\/barreiropsicologia.com\/blog\/wp-content\/uploads\/2019\/10\/mujer-montana-pie-junto-valla-disfrutar-vista_137573-145.jpg","width":626,"height":417,"caption":"c\u00f3mo nos afecta el oto\u00f1o al estado de \u00e1nimo"},{"@type":"BreadcrumbList","@id":"https:\/\/barreiropsicologia.com\/blog\/como-afecta-el-otono-al-estado-de-animo\/#breadcrumb","itemListElement":[{"@type":"ListItem","position":1,"name":"Portada","item":"https:\/\/barreiropsicologia.com\/blog\/"},{"@type":"ListItem","position":2,"name":"C\u00f3mo afecta el oto\u00f1o al estado de \u00e1nimo"}]},{"@type":"WebSite","@id":"https:\/\/barreiropsicologia.com\/blog\/#website","url":"https:\/\/barreiropsicologia.com\/blog\/","name":"Blog de psicolog\u00eda","description":"Barreiro Psicolog\u00eda Blog","potentialAction":[{"@type":"SearchAction","target":{"@type":"EntryPoint","urlTemplate":"https:\/\/barreiropsicologia.com\/blog\/?s={search_term_string}"},"query-input":{"@type":"PropertyValueSpecification","valueRequired":true,"valueName":"search_term_string"}}],"inLanguage":"es"},{"@type":"Person","@id":"https:\/\/barreiropsicologia.com\/blog\/#\/schema\/person\/6068f8a0ae30566e1100f91905ead263","name":"Javier Barreiro","image":{"@type":"ImageObject","inLanguage":"es","@id":"https:\/\/secure.gravatar.com\/avatar\/ba2dc692a18d0909a9544d2d12c67449129af0c5441c8732f319a1ae7ae701b0?s=96&d=mm&r=g","url":"https:\/\/secure.gravatar.com\/avatar\/ba2dc692a18d0909a9544d2d12c67449129af0c5441c8732f319a1ae7ae701b0?s=96&d=mm&r=g","contentUrl":"https:\/\/secure.gravatar.com\/avatar\/ba2dc692a18d0909a9544d2d12c67449129af0c5441c8732f319a1ae7ae701b0?s=96&d=mm&r=g","caption":"Javier Barreiro"},"description":"Javier Barreiro Santamarta es Licenciado en Psicolog\u00eda por la Universidad de Salamanca, Psic\u00f3logo General Sanitario en Salamanca colegiado n\u00ba CL-3735. M\u00e1ster en Psicolog\u00eda Cl\u00ednica cognitivo-conductual, M\u00e1ster en Terapia Breve Centrada en Soluciones y M\u00e1ster en Recursos Humanos.","sameAs":["https:\/\/www.facebook.com\/psicologossalamanca\/","https:\/\/www.instagram.com\/barreiro.psi","https:\/\/ar.linkedin.com\/in\/javier-barreiro-santamarta-9183b962","https:\/\/x.com\/Barreiro.javier@hotmail.com"],"url":"https:\/\/barreiropsicologia.com\/blog\/author\/javier_barreiro\/"}]}},"_links":{"self":[{"href":"https:\/\/barreiropsicologia.com\/blog\/wp-json\/wp\/v2\/posts\/2400","targetHints":{"allow":["GET"]}}],"collection":[{"href":"https:\/\/barreiropsicologia.com\/blog\/wp-json\/wp\/v2\/posts"}],"about":[{"href":"https:\/\/barreiropsicologia.com\/blog\/wp-json\/wp\/v2\/types\/post"}],"author":[{"embeddable":true,"href":"https:\/\/barreiropsicologia.com\/blog\/wp-json\/wp\/v2\/users\/1"}],"replies":[{"embeddable":true,"href":"https:\/\/barreiropsicologia.com\/blog\/wp-json\/wp\/v2\/comments?post=2400"}],"version-history":[{"count":8,"href":"https:\/\/barreiropsicologia.com\/blog\/wp-json\/wp\/v2\/posts\/2400\/revisions"}],"predecessor-version":[{"id":3391,"href":"https:\/\/barreiropsicologia.com\/blog\/wp-json\/wp\/v2\/posts\/2400\/revisions\/3391"}],"wp:featuredmedia":[{"embeddable":true,"href":"https:\/\/barreiropsicologia.com\/blog\/wp-json\/wp\/v2\/media\/2403"}],"wp:attachment":[{"href":"https:\/\/barreiropsicologia.com\/blog\/wp-json\/wp\/v2\/media?parent=2400"}],"wp:term":[{"taxonomy":"category","embeddable":true,"href":"https:\/\/barreiropsicologia.com\/blog\/wp-json\/wp\/v2\/categories?post=2400"},{"taxonomy":"post_tag","embeddable":true,"href":"https:\/\/barreiropsicologia.com\/blog\/wp-json\/wp\/v2\/tags?post=2400"}],"curies":[{"name":"wp","href":"https:\/\/api.w.org\/{rel}","templated":true}]}}