{"id":2484,"date":"2019-12-20T17:36:16","date_gmt":"2019-12-20T17:36:16","guid":{"rendered":"https:\/\/barreiropsicologia.com\/blog\/?p=2484"},"modified":"2026-03-26T21:18:03","modified_gmt":"2026-03-26T20:18:03","slug":"conoce-como-nos-afecta-la-navidad","status":"publish","type":"post","link":"https:\/\/barreiropsicologia.com\/blog\/conoce-como-nos-afecta-la-navidad\/","title":{"rendered":"C\u00f3mo nos afecta la Navidad emocionalmente"},"content":{"rendered":"<p>Al acercarse \u00e9stas fechas tan particulares se nos ha ocurrido hablar en el programa <a href=\"https:\/\/play.cadenaser.com\/programa\/hoy_por_hoy_salamanca\/\">Hoy por Hoy de Radio Salamanca<\/a> en la <a href=\"https:\/\/cadenaser.com\/\">Cadena SER<\/a> sobre <span style=\"color: #ff6600;\">c\u00f3mo nos afecta la Navidad<\/span>.<\/p>\n<blockquote><p><em>Enlace al audio del programa al final del art\u00edculo, <a href=\"https:\/\/barreiropsicologia.com\/blog\/conoce-como-nos-afecta-la-navidad\/#1\">ir al audio<\/a>.<\/em><\/p><\/blockquote>\n<h2>\u00bfPorqu\u00e9 nos afecta la navidad?<\/h2>\n<p>La Navidad es una \u00e9poca del a\u00f1o que tiene una gran <strong>carga emocional<\/strong> y que puede afectarnos de forma positiva o negativa, dependiendo de la persona, de su historia previa y del momento personal en el que se encuentre.<\/p>\n<p><em>Sucede curiosamente que la Navidad se suele dar en el invierno<\/em>, estaci\u00f3n que se relaciona con un momento del a\u00f1o m\u00e1s triste en el que adem\u00e1s nuestras hormonas var\u00edan tratando de adaptarse a un <strong>ritmo m\u00e1s lento y de recogimiento<\/strong>, lo que tambi\u00e9n se asocia a estados depresivos.<\/p>\n<p><img loading=\"lazy\" decoding=\"async\" class=\"size-medium wp-image-2486 alignright\" src=\"https:\/\/barreiropsicologia.com\/blog\/wp-content\/uploads\/2019\/12\/invierno-300x200.jpg\" alt=\"Invierno\" width=\"300\" height=\"200\" srcset=\"https:\/\/barreiropsicologia.com\/blog\/wp-content\/uploads\/2019\/12\/invierno-300x200.jpg 300w, https:\/\/barreiropsicologia.com\/blog\/wp-content\/uploads\/2019\/12\/invierno.jpg 625w\" sizes=\"auto, (max-width: 300px) 100vw, 300px\" \/><\/p>\n<p>Dependiendo de las experiencias pasadas que hayamos tenido en \u00e9stas fechas, se puede <strong>valorar<\/strong> \u00e9ste periodo como un momento de tristeza, melancol\u00eda, pesimismo o soledad, o bien como un periodo de alegr\u00eda e ilusi\u00f3n y oportunidad de reuniones familiares o con amigos, que en otras fechas no se producen, as\u00ed podremos valorar realmente c\u00f3mo nos afecta la Navidad.<\/p>\n<p><strong>La sociedad y nuestra cultura<\/strong>, nos proponen una forma de vivir la Navidad que en ocasiones se contrapone a como nosotros la percibimos, lo que de alguna manera nos predispone a que estemos en contra de esa forma de vivirla, y nos puede preparar para llevarla mal sacando de nosotros el conocido \u201cGrinch de la Navidad\u201d.<\/p>\n<p>Por otro lado, la Navidad se siente como un <strong>momento de cierre<\/strong> por la proximidad del fin de a\u00f1o y suele ser un momento donde hacemos una valoraci\u00f3n de las cosas que han sucedido a lo largo del a\u00f1o y normalmente debido a esa sensaci\u00f3n de cierre, tendemos a fijarnos en lo que no hemos logrado conseguir, en vez de en <a href=\"https:\/\/barreiropsicologia.com\/blog\/propositos-ano-nuevo\/\">los logros conseguidos<\/a>.<\/p>\n<p>En \u00e9sta \u00e9poca ocurren m\u00e1s <strong>reuniones familiares<\/strong> y al reunirnos en familia tambi\u00e9n es m\u00e1s f\u00e1cil que echemos de menos a quienes no est\u00e1n lo que de alg\u00fan modo tambi\u00e9n puede provocar que tengamos una sensaci\u00f3n agridulce en est\u00e1s fechas.<\/p>\n<h2>Qu\u00e9 podemos hacer para llevar mejor c\u00f3mo nos afecta la Navidad<\/h2>\n<ul>\n<li>Lo primero que podemos hace es <strong>romper con el concepto<\/strong> de navidad de las pel\u00edculas si es que detectamos que \u00e9sto nos pueda estar influyendo, o bien tambi\u00e9n podemos dejarnos envolver por el esp\u00edritu de pel\u00edcula de la Navidad.<\/li>\n<li>Podemos <strong>valorar los aspectos positivos<\/strong> del esp\u00edritu navide\u00f1o como la habilidad, el cari\u00f1o, la cercan\u00eda entre las personas, la alegr\u00eda, etc&#8230;<\/li>\n<li>Apreciar y fijarnos en <strong>aspectos m\u00e1s pr\u00e1cticos<\/strong> como que son unas fechas en las que suele haber m\u00e1s festivos y d\u00edas de fiesta.<\/li>\n<li>Tambi\u00e9n podemos <strong>aprovechar a hacer cosas<\/strong> que en otras fechas no podemos por falta de tiempo, como ver pelis concretas o pasar m\u00e1s tiempo con familia o amigos, comer cosas que no hay en otras \u00e9pocas, permitirnos alg\u00fan capricho por que se dan m\u00e1s ofertas, dedicar m\u00e1s tiempo a nuestros hobbys habituales, etc&#8230;<\/li>\n<li>Pensar y <strong>valorar los objetivos que si hemos conseguido<\/strong> a lo largo del a\u00f1o, en vez de los que no hemos logrado. Tambi\u00e9n es un buen momento para<a href=\"https:\/\/barreiropsicologia.com\/blog\/propositos-ano-nuevo\/\"> proponerse nuevos objetivos<\/a> para el pr\u00f3ximo a\u00f1o.<\/li>\n<li><strong>Disfrutar de los \u00abpeques\u00bb<\/strong> que haya en casa y dejarse inundar por la ilusi\u00f3n con la que ellos viven \u00e9stas fechas y la llegada de Pap\u00e1 Noel o de los Reyes Magos, y darnos un peque\u00f1o homenaje aprovechando la ocasi\u00f3n.<\/li>\n<li>En caso que se produzcan <a href=\"https:\/\/barreiropsicologia.com\/blog\/conflictos-familiares-en-navidad\/\">conflictos en familia<\/a> es importante valorar aspectos positivos de las personas con las que podemos tener conflicto para llevar mejor la situaci\u00f3n y tambi\u00e9n es posible tratar de dar nueva oportunidad a la gente, ya que todas las personas podemos llegar a cambiar.<\/li>\n<\/ul>\n<h2>Nuestra reflexi\u00f3n<\/h2>\n<p>La Navidad es un \u00e9poca del a\u00f1o que de una forma u otra tiene unas caracter\u00edsticas especiales, as\u00ed que siempre parece recomendable aprovecharlas en nuestro beneficio y as\u00ed manejar mejor c\u00f3mo nos afecta la Navidad.<\/p>\n<hr \/>\n<blockquote id=\"1\"><p>Escucha el audio del programa a partir del minuto 28\u00b4 pinchando <a href=\"https:\/\/play.cadenaser.com\/audio\/1576588172_518827\/\" target=\"_blank\" rel=\"noopener noreferrer\">aqu\u00ed<\/a>!<\/p><\/blockquote>\n<hr \/>\n<p><strong>Tambi\u00e9n te pueden interesar los art\u00edculos:<\/strong><\/p>\n<ul>\n<li><a href=\"https:\/\/barreiropsicologia.com\/blog\/la-nostalgia-en-navidad\/\">La nostalgia en Navidad<\/a><\/li>\n<li><a href=\"https:\/\/barreiropsicologia.com\/blog\/conflictos-familiares-en-navidad\/\">12 Consejos para manejar los conflictos familiares en Navidad<\/a><\/li>\n<\/ul>\n","protected":false},"excerpt":{"rendered":"<p>Al acercarse \u00e9stas fechas tan particulares se nos ha ocurrido hablar en el programa Hoy por Hoy de Radio Salamanca en la Cadena SER sobre c\u00f3mo nos afecta la Navidad. Enlace al audio del programa al final del art\u00edculo, ir&#46;&#46;&#46;<\/p>\n","protected":false},"author":1,"featured_media":2497,"comment_status":"open","ping_status":"open","sticky":false,"template":"","format":"standard","meta":{"footnotes":""},"categories":[801],"tags":[184,445,75],"class_list":["post-2484","post","type-post","status-publish","format-standard","has-post-thumbnail","hentry","category-entorno-salud-mental","tag-familia","tag-navidad","tag-vacaciones"],"yoast_head":"<!-- This site is optimized with the Yoast SEO plugin v27.3 - https:\/\/yoast.com\/product\/yoast-seo-wordpress\/ -->\n<title>C\u00f3mo nos afecta la Navidad emocionalmente - Barreiro Psicolog\u00eda Blog<\/title>\n<meta name=\"description\" content=\"La Navidad es una \u00e9poca del a\u00f1o que nos afecta a nivel emocional y podemos encontrar maneras para aprovechar \u00e9stas fechas y disfrutarlas\" \/>\n<meta name=\"robots\" content=\"index, follow, max-snippet:-1, max-image-preview:large, max-video-preview:-1\" \/>\n<link rel=\"canonical\" href=\"https:\/\/barreiropsicologia.com\/blog\/conoce-como-nos-afecta-la-navidad\/\" \/>\n<meta property=\"og:locale\" content=\"es_ES\" \/>\n<meta property=\"og:type\" content=\"article\" \/>\n<meta property=\"og:title\" content=\"C\u00f3mo nos afecta la Navidad emocionalmente - Barreiro Psicolog\u00eda Blog\" \/>\n<meta property=\"og:description\" content=\"La Navidad es una \u00e9poca del a\u00f1o que nos afecta a nivel emocional y podemos encontrar maneras para aprovechar \u00e9stas fechas y disfrutarlas\" \/>\n<meta property=\"og:url\" content=\"https:\/\/barreiropsicologia.com\/blog\/conoce-como-nos-afecta-la-navidad\/\" \/>\n<meta property=\"og:site_name\" content=\"Blog de psicolog\u00eda\" \/>\n<meta property=\"article:publisher\" content=\"https:\/\/www.facebook.com\/psicologossalamanca\/\" \/>\n<meta property=\"article:author\" content=\"https:\/\/www.facebook.com\/psicologossalamanca\/\" \/>\n<meta property=\"article:published_time\" content=\"2019-12-20T17:36:16+00:00\" \/>\n<meta property=\"article:modified_time\" content=\"2026-03-26T20:18:03+00:00\" \/>\n<meta property=\"og:image\" content=\"https:\/\/barreiropsicologia.com\/blog\/wp-content\/uploads\/2019\/12\/bolas-azules-navidad-nieve-ramas-abeto_23-2147969583.jpg\" \/>\n\t<meta property=\"og:image:width\" content=\"626\" \/>\n\t<meta property=\"og:image:height\" content=\"417\" \/>\n\t<meta property=\"og:image:type\" content=\"image\/jpeg\" \/>\n<meta name=\"author\" content=\"Javier Barreiro\" \/>\n<meta name=\"twitter:card\" content=\"summary_large_image\" \/>\n<meta name=\"twitter:creator\" content=\"@Barreiro.javier@hotmail.com\" \/>\n<meta name=\"twitter:site\" content=\"@Barreiro_Psi\" \/>\n<meta name=\"twitter:label1\" content=\"Escrito por\" \/>\n\t<meta name=\"twitter:data1\" content=\"Javier Barreiro\" \/>\n\t<meta name=\"twitter:label2\" content=\"Tiempo de lectura\" \/>\n\t<meta name=\"twitter:data2\" content=\"4 minutos\" \/>\n<script type=\"application\/ld+json\" class=\"yoast-schema-graph\">{\"@context\":\"https:\\\/\\\/schema.org\",\"@graph\":[{\"@type\":\"Article\",\"@id\":\"https:\\\/\\\/barreiropsicologia.com\\\/blog\\\/conoce-como-nos-afecta-la-navidad\\\/#article\",\"isPartOf\":{\"@id\":\"https:\\\/\\\/barreiropsicologia.com\\\/blog\\\/conoce-como-nos-afecta-la-navidad\\\/\"},\"author\":{\"name\":\"Javier Barreiro\",\"@id\":\"https:\\\/\\\/barreiropsicologia.com\\\/blog\\\/#\\\/schema\\\/person\\\/6068f8a0ae30566e1100f91905ead263\"},\"headline\":\"C\u00f3mo nos afecta la Navidad emocionalmente\",\"datePublished\":\"2019-12-20T17:36:16+00:00\",\"dateModified\":\"2026-03-26T20:18:03+00:00\",\"mainEntityOfPage\":{\"@id\":\"https:\\\/\\\/barreiropsicologia.com\\\/blog\\\/conoce-como-nos-afecta-la-navidad\\\/\"},\"wordCount\":756,\"commentCount\":0,\"image\":{\"@id\":\"https:\\\/\\\/barreiropsicologia.com\\\/blog\\\/conoce-como-nos-afecta-la-navidad\\\/#primaryimage\"},\"thumbnailUrl\":\"https:\\\/\\\/barreiropsicologia.com\\\/blog\\\/wp-content\\\/uploads\\\/2019\\\/12\\\/bolas-azules-navidad-nieve-ramas-abeto_23-2147969583.jpg\",\"keywords\":[\"familia\",\"navidad\",\"vacaciones\"],\"articleSection\":[\"Entorno y salud mental\"],\"inLanguage\":\"es\",\"potentialAction\":[{\"@type\":\"CommentAction\",\"name\":\"Comment\",\"target\":[\"https:\\\/\\\/barreiropsicologia.com\\\/blog\\\/conoce-como-nos-afecta-la-navidad\\\/#respond\"]}]},{\"@type\":\"WebPage\",\"@id\":\"https:\\\/\\\/barreiropsicologia.com\\\/blog\\\/conoce-como-nos-afecta-la-navidad\\\/\",\"url\":\"https:\\\/\\\/barreiropsicologia.com\\\/blog\\\/conoce-como-nos-afecta-la-navidad\\\/\",\"name\":\"C\u00f3mo nos afecta la Navidad emocionalmente - Barreiro Psicolog\u00eda Blog\",\"isPartOf\":{\"@id\":\"https:\\\/\\\/barreiropsicologia.com\\\/blog\\\/#website\"},\"primaryImageOfPage\":{\"@id\":\"https:\\\/\\\/barreiropsicologia.com\\\/blog\\\/conoce-como-nos-afecta-la-navidad\\\/#primaryimage\"},\"image\":{\"@id\":\"https:\\\/\\\/barreiropsicologia.com\\\/blog\\\/conoce-como-nos-afecta-la-navidad\\\/#primaryimage\"},\"thumbnailUrl\":\"https:\\\/\\\/barreiropsicologia.com\\\/blog\\\/wp-content\\\/uploads\\\/2019\\\/12\\\/bolas-azules-navidad-nieve-ramas-abeto_23-2147969583.jpg\",\"datePublished\":\"2019-12-20T17:36:16+00:00\",\"dateModified\":\"2026-03-26T20:18:03+00:00\",\"author\":{\"@id\":\"https:\\\/\\\/barreiropsicologia.com\\\/blog\\\/#\\\/schema\\\/person\\\/6068f8a0ae30566e1100f91905ead263\"},\"description\":\"La Navidad es una \u00e9poca del a\u00f1o que nos afecta a nivel emocional y podemos encontrar maneras para aprovechar \u00e9stas fechas y disfrutarlas\",\"breadcrumb\":{\"@id\":\"https:\\\/\\\/barreiropsicologia.com\\\/blog\\\/conoce-como-nos-afecta-la-navidad\\\/#breadcrumb\"},\"inLanguage\":\"es\",\"potentialAction\":[{\"@type\":\"ReadAction\",\"target\":[\"https:\\\/\\\/barreiropsicologia.com\\\/blog\\\/conoce-como-nos-afecta-la-navidad\\\/\"]}]},{\"@type\":\"ImageObject\",\"inLanguage\":\"es\",\"@id\":\"https:\\\/\\\/barreiropsicologia.com\\\/blog\\\/conoce-como-nos-afecta-la-navidad\\\/#primaryimage\",\"url\":\"https:\\\/\\\/barreiropsicologia.com\\\/blog\\\/wp-content\\\/uploads\\\/2019\\\/12\\\/bolas-azules-navidad-nieve-ramas-abeto_23-2147969583.jpg\",\"contentUrl\":\"https:\\\/\\\/barreiropsicologia.com\\\/blog\\\/wp-content\\\/uploads\\\/2019\\\/12\\\/bolas-azules-navidad-nieve-ramas-abeto_23-2147969583.jpg\",\"width\":626,\"height\":417,\"caption\":\"C\u00f3mo nos afecta la Navidad\"},{\"@type\":\"BreadcrumbList\",\"@id\":\"https:\\\/\\\/barreiropsicologia.com\\\/blog\\\/conoce-como-nos-afecta-la-navidad\\\/#breadcrumb\",\"itemListElement\":[{\"@type\":\"ListItem\",\"position\":1,\"name\":\"Portada\",\"item\":\"https:\\\/\\\/barreiropsicologia.com\\\/blog\\\/\"},{\"@type\":\"ListItem\",\"position\":2,\"name\":\"C\u00f3mo nos afecta la Navidad emocionalmente\"}]},{\"@type\":\"WebSite\",\"@id\":\"https:\\\/\\\/barreiropsicologia.com\\\/blog\\\/#website\",\"url\":\"https:\\\/\\\/barreiropsicologia.com\\\/blog\\\/\",\"name\":\"Blog de psicolog\u00eda\",\"description\":\"Barreiro Psicolog\u00eda Blog\",\"potentialAction\":[{\"@type\":\"SearchAction\",\"target\":{\"@type\":\"EntryPoint\",\"urlTemplate\":\"https:\\\/\\\/barreiropsicologia.com\\\/blog\\\/?s={search_term_string}\"},\"query-input\":{\"@type\":\"PropertyValueSpecification\",\"valueRequired\":true,\"valueName\":\"search_term_string\"}}],\"inLanguage\":\"es\"},{\"@type\":\"Person\",\"@id\":\"https:\\\/\\\/barreiropsicologia.com\\\/blog\\\/#\\\/schema\\\/person\\\/6068f8a0ae30566e1100f91905ead263\",\"name\":\"Javier Barreiro\",\"image\":{\"@type\":\"ImageObject\",\"inLanguage\":\"es\",\"@id\":\"https:\\\/\\\/secure.gravatar.com\\\/avatar\\\/ba2dc692a18d0909a9544d2d12c67449129af0c5441c8732f319a1ae7ae701b0?s=96&d=mm&r=g\",\"url\":\"https:\\\/\\\/secure.gravatar.com\\\/avatar\\\/ba2dc692a18d0909a9544d2d12c67449129af0c5441c8732f319a1ae7ae701b0?s=96&d=mm&r=g\",\"contentUrl\":\"https:\\\/\\\/secure.gravatar.com\\\/avatar\\\/ba2dc692a18d0909a9544d2d12c67449129af0c5441c8732f319a1ae7ae701b0?s=96&d=mm&r=g\",\"caption\":\"Javier Barreiro\"},\"description\":\"Javier Barreiro Santamarta es Licenciado en Psicolog\u00eda por la Universidad de Salamanca, Psic\u00f3logo General Sanitario en Salamanca colegiado n\u00ba CL-3735. M\u00e1ster en Psicolog\u00eda Cl\u00ednica cognitivo-conductual, M\u00e1ster en Terapia Breve Centrada en Soluciones y M\u00e1ster en Recursos Humanos.\",\"sameAs\":[\"https:\\\/\\\/www.facebook.com\\\/psicologossalamanca\\\/\",\"https:\\\/\\\/www.instagram.com\\\/barreiro.psi\",\"https:\\\/\\\/ar.linkedin.com\\\/in\\\/javier-barreiro-santamarta-9183b962\",\"https:\\\/\\\/x.com\\\/Barreiro.javier@hotmail.com\"],\"url\":\"https:\\\/\\\/barreiropsicologia.com\\\/blog\\\/author\\\/javier_barreiro\\\/\"}]}<\/script>\n<!-- \/ Yoast SEO plugin. -->","yoast_head_json":{"title":"C\u00f3mo nos afecta la Navidad emocionalmente - Barreiro Psicolog\u00eda Blog","description":"La Navidad es una \u00e9poca del a\u00f1o que nos afecta a nivel emocional y podemos encontrar maneras para aprovechar \u00e9stas fechas y disfrutarlas","robots":{"index":"index","follow":"follow","max-snippet":"max-snippet:-1","max-image-preview":"max-image-preview:large","max-video-preview":"max-video-preview:-1"},"canonical":"https:\/\/barreiropsicologia.com\/blog\/conoce-como-nos-afecta-la-navidad\/","og_locale":"es_ES","og_type":"article","og_title":"C\u00f3mo nos afecta la Navidad emocionalmente - Barreiro Psicolog\u00eda Blog","og_description":"La Navidad es una \u00e9poca del a\u00f1o que nos afecta a nivel emocional y podemos encontrar maneras para aprovechar \u00e9stas fechas y disfrutarlas","og_url":"https:\/\/barreiropsicologia.com\/blog\/conoce-como-nos-afecta-la-navidad\/","og_site_name":"Blog de psicolog\u00eda","article_publisher":"https:\/\/www.facebook.com\/psicologossalamanca\/","article_author":"https:\/\/www.facebook.com\/psicologossalamanca\/","article_published_time":"2019-12-20T17:36:16+00:00","article_modified_time":"2026-03-26T20:18:03+00:00","og_image":[{"width":626,"height":417,"url":"https:\/\/barreiropsicologia.com\/blog\/wp-content\/uploads\/2019\/12\/bolas-azules-navidad-nieve-ramas-abeto_23-2147969583.jpg","type":"image\/jpeg"}],"author":"Javier Barreiro","twitter_card":"summary_large_image","twitter_creator":"@Barreiro.javier@hotmail.com","twitter_site":"@Barreiro_Psi","twitter_misc":{"Escrito por":"Javier Barreiro","Tiempo de lectura":"4 minutos"},"schema":{"@context":"https:\/\/schema.org","@graph":[{"@type":"Article","@id":"https:\/\/barreiropsicologia.com\/blog\/conoce-como-nos-afecta-la-navidad\/#article","isPartOf":{"@id":"https:\/\/barreiropsicologia.com\/blog\/conoce-como-nos-afecta-la-navidad\/"},"author":{"name":"Javier Barreiro","@id":"https:\/\/barreiropsicologia.com\/blog\/#\/schema\/person\/6068f8a0ae30566e1100f91905ead263"},"headline":"C\u00f3mo nos afecta la Navidad emocionalmente","datePublished":"2019-12-20T17:36:16+00:00","dateModified":"2026-03-26T20:18:03+00:00","mainEntityOfPage":{"@id":"https:\/\/barreiropsicologia.com\/blog\/conoce-como-nos-afecta-la-navidad\/"},"wordCount":756,"commentCount":0,"image":{"@id":"https:\/\/barreiropsicologia.com\/blog\/conoce-como-nos-afecta-la-navidad\/#primaryimage"},"thumbnailUrl":"https:\/\/barreiropsicologia.com\/blog\/wp-content\/uploads\/2019\/12\/bolas-azules-navidad-nieve-ramas-abeto_23-2147969583.jpg","keywords":["familia","navidad","vacaciones"],"articleSection":["Entorno y salud mental"],"inLanguage":"es","potentialAction":[{"@type":"CommentAction","name":"Comment","target":["https:\/\/barreiropsicologia.com\/blog\/conoce-como-nos-afecta-la-navidad\/#respond"]}]},{"@type":"WebPage","@id":"https:\/\/barreiropsicologia.com\/blog\/conoce-como-nos-afecta-la-navidad\/","url":"https:\/\/barreiropsicologia.com\/blog\/conoce-como-nos-afecta-la-navidad\/","name":"C\u00f3mo nos afecta la Navidad emocionalmente - Barreiro Psicolog\u00eda Blog","isPartOf":{"@id":"https:\/\/barreiropsicologia.com\/blog\/#website"},"primaryImageOfPage":{"@id":"https:\/\/barreiropsicologia.com\/blog\/conoce-como-nos-afecta-la-navidad\/#primaryimage"},"image":{"@id":"https:\/\/barreiropsicologia.com\/blog\/conoce-como-nos-afecta-la-navidad\/#primaryimage"},"thumbnailUrl":"https:\/\/barreiropsicologia.com\/blog\/wp-content\/uploads\/2019\/12\/bolas-azules-navidad-nieve-ramas-abeto_23-2147969583.jpg","datePublished":"2019-12-20T17:36:16+00:00","dateModified":"2026-03-26T20:18:03+00:00","author":{"@id":"https:\/\/barreiropsicologia.com\/blog\/#\/schema\/person\/6068f8a0ae30566e1100f91905ead263"},"description":"La Navidad es una \u00e9poca del a\u00f1o que nos afecta a nivel emocional y podemos encontrar maneras para aprovechar \u00e9stas fechas y disfrutarlas","breadcrumb":{"@id":"https:\/\/barreiropsicologia.com\/blog\/conoce-como-nos-afecta-la-navidad\/#breadcrumb"},"inLanguage":"es","potentialAction":[{"@type":"ReadAction","target":["https:\/\/barreiropsicologia.com\/blog\/conoce-como-nos-afecta-la-navidad\/"]}]},{"@type":"ImageObject","inLanguage":"es","@id":"https:\/\/barreiropsicologia.com\/blog\/conoce-como-nos-afecta-la-navidad\/#primaryimage","url":"https:\/\/barreiropsicologia.com\/blog\/wp-content\/uploads\/2019\/12\/bolas-azules-navidad-nieve-ramas-abeto_23-2147969583.jpg","contentUrl":"https:\/\/barreiropsicologia.com\/blog\/wp-content\/uploads\/2019\/12\/bolas-azules-navidad-nieve-ramas-abeto_23-2147969583.jpg","width":626,"height":417,"caption":"C\u00f3mo nos afecta la Navidad"},{"@type":"BreadcrumbList","@id":"https:\/\/barreiropsicologia.com\/blog\/conoce-como-nos-afecta-la-navidad\/#breadcrumb","itemListElement":[{"@type":"ListItem","position":1,"name":"Portada","item":"https:\/\/barreiropsicologia.com\/blog\/"},{"@type":"ListItem","position":2,"name":"C\u00f3mo nos afecta la Navidad emocionalmente"}]},{"@type":"WebSite","@id":"https:\/\/barreiropsicologia.com\/blog\/#website","url":"https:\/\/barreiropsicologia.com\/blog\/","name":"Blog de psicolog\u00eda","description":"Barreiro Psicolog\u00eda Blog","potentialAction":[{"@type":"SearchAction","target":{"@type":"EntryPoint","urlTemplate":"https:\/\/barreiropsicologia.com\/blog\/?s={search_term_string}"},"query-input":{"@type":"PropertyValueSpecification","valueRequired":true,"valueName":"search_term_string"}}],"inLanguage":"es"},{"@type":"Person","@id":"https:\/\/barreiropsicologia.com\/blog\/#\/schema\/person\/6068f8a0ae30566e1100f91905ead263","name":"Javier Barreiro","image":{"@type":"ImageObject","inLanguage":"es","@id":"https:\/\/secure.gravatar.com\/avatar\/ba2dc692a18d0909a9544d2d12c67449129af0c5441c8732f319a1ae7ae701b0?s=96&d=mm&r=g","url":"https:\/\/secure.gravatar.com\/avatar\/ba2dc692a18d0909a9544d2d12c67449129af0c5441c8732f319a1ae7ae701b0?s=96&d=mm&r=g","contentUrl":"https:\/\/secure.gravatar.com\/avatar\/ba2dc692a18d0909a9544d2d12c67449129af0c5441c8732f319a1ae7ae701b0?s=96&d=mm&r=g","caption":"Javier Barreiro"},"description":"Javier Barreiro Santamarta es Licenciado en Psicolog\u00eda por la Universidad de Salamanca, Psic\u00f3logo General Sanitario en Salamanca colegiado n\u00ba CL-3735. M\u00e1ster en Psicolog\u00eda Cl\u00ednica cognitivo-conductual, M\u00e1ster en Terapia Breve Centrada en Soluciones y M\u00e1ster en Recursos Humanos.","sameAs":["https:\/\/www.facebook.com\/psicologossalamanca\/","https:\/\/www.instagram.com\/barreiro.psi","https:\/\/ar.linkedin.com\/in\/javier-barreiro-santamarta-9183b962","https:\/\/x.com\/Barreiro.javier@hotmail.com"],"url":"https:\/\/barreiropsicologia.com\/blog\/author\/javier_barreiro\/"}]}},"_links":{"self":[{"href":"https:\/\/barreiropsicologia.com\/blog\/wp-json\/wp\/v2\/posts\/2484","targetHints":{"allow":["GET"]}}],"collection":[{"href":"https:\/\/barreiropsicologia.com\/blog\/wp-json\/wp\/v2\/posts"}],"about":[{"href":"https:\/\/barreiropsicologia.com\/blog\/wp-json\/wp\/v2\/types\/post"}],"author":[{"embeddable":true,"href":"https:\/\/barreiropsicologia.com\/blog\/wp-json\/wp\/v2\/users\/1"}],"replies":[{"embeddable":true,"href":"https:\/\/barreiropsicologia.com\/blog\/wp-json\/wp\/v2\/comments?post=2484"}],"version-history":[{"count":7,"href":"https:\/\/barreiropsicologia.com\/blog\/wp-json\/wp\/v2\/posts\/2484\/revisions"}],"predecessor-version":[{"id":3350,"href":"https:\/\/barreiropsicologia.com\/blog\/wp-json\/wp\/v2\/posts\/2484\/revisions\/3350"}],"wp:featuredmedia":[{"embeddable":true,"href":"https:\/\/barreiropsicologia.com\/blog\/wp-json\/wp\/v2\/media\/2497"}],"wp:attachment":[{"href":"https:\/\/barreiropsicologia.com\/blog\/wp-json\/wp\/v2\/media?parent=2484"}],"wp:term":[{"taxonomy":"category","embeddable":true,"href":"https:\/\/barreiropsicologia.com\/blog\/wp-json\/wp\/v2\/categories?post=2484"},{"taxonomy":"post_tag","embeddable":true,"href":"https:\/\/barreiropsicologia.com\/blog\/wp-json\/wp\/v2\/tags?post=2484"}],"curies":[{"name":"wp","href":"https:\/\/api.w.org\/{rel}","templated":true}]}}