{"id":2656,"date":"2020-05-06T10:50:02","date_gmt":"2020-05-06T10:50:02","guid":{"rendered":"https:\/\/barreiropsicologia.com\/blog\/?p=2656"},"modified":"2026-03-27T12:53:37","modified_gmt":"2026-03-27T11:53:37","slug":"10-consejos-para-no-caerse-en-la-desescalada","status":"publish","type":"post","link":"https:\/\/barreiropsicologia.com\/blog\/10-consejos-para-no-caerse-en-la-desescalada\/","title":{"rendered":"10 Consejos para no caerse en la desescalada"},"content":{"rendered":"<p>En \u00e9ste art\u00edculo puedes poner en marcha <span style=\"color: #ff6600;\">10 consejos para no caerse en la desescalada<\/span>.<\/p>\n<p>Comienza el proceso para\u00a0<span style=\"color: #000000;\"><strong>adaptarse<\/strong> a la desescalada del confinamiento<\/span>, en el que poco a poco y siguiendo las normas marcadas por el gobierno, vamos a ir pudiendo hacer una actividad parecida a lo que antes era normal, a la antigua \u201cnormalidad\u201d.<\/p>\n<p>Pero hay que darse cuenta que lo que suceda a partir de ahora no va a ser igual que antes, por definici\u00f3n no existe el concepto de <strong>nueva normalidad<\/strong>, en \u00faltimo caso ser\u00e1 una novedad, lo cual es importante entender as\u00ed, para que nos ajustemos mejor a la realidad.<\/p>\n<p>En el programa <a href=\"https:\/\/play.cadenaser.com\/programa\/hoy_por_hoy_salamanca\/\">Hoy por hoy Salamanca de Radio Salamanca<\/a> en la Cadena SER hablamos sobre ello.<\/p>\n<blockquote><p><em>Enlace al audio del programa al final del art\u00edculo, <a href=\"https:\/\/barreiropsicologia.com\/blog\/10-consejos-para-no-caerse-en-la-desescalada\/#1\">ir al audio<\/a>.<\/em><\/p><\/blockquote>\n<h2>10 Consejos para no caerse en la desescalada<\/h2>\n<ol>\n<li>Debemos <strong>ser realistas<\/strong>, la situaci\u00f3n no es una vuelta a la normalidad, si no que se trata de una creaci\u00f3n de una nueva normalidad, entendiendo esta situaci\u00f3n, evitaremos mayores frustraciones por no generar expectativas poco reales.<\/li>\n<li><a href=\"https:\/\/barreiropsicologia.com\/blog\/gestion-emocional-en-el-confinamiento\/\">Aprende de tus propias emociones<\/a> para gestionar mejor el momento.<\/li>\n<li><strong>Crea protocolos<\/strong> personales y familiares de cuidado, limpieza, desinfecci\u00f3n, etc&#8230; y automatizarlos poco a poco.<\/li>\n<li><strong>Reflexiona<\/strong> sobre <a href=\"https:\/\/barreiropsicologia.com\/blog\/como-manejar-el-confinamiento-de-forma-individual\/\">qu\u00e9 actividades adaptar<\/a> del periodo de confinamiento al nuevo d\u00eda a d\u00eda y hazte conscientes de porqu\u00e9 las quieres adaptar. Es decir qu\u00e9 es lo que te han aportado durante \u00e9ste tiempo y qu\u00e9 te pueden aportar a partir de ahora.<\/li>\n<li><strong>Realizate una buenas preguntas<\/strong> de <a href=\"https:\/\/barreiropsicologia.com\/blog\/como-ver-el-lado-positivo-del-confinamiento\/\">reflexi\u00f3n sobre los aspectos positivos<\/a> para que puedas ver el lado positivo de todo \u00e9sto.<\/li>\n<li><strong>Introduce actividades<\/strong> a las cuales has empezado a dar un valor nuevo como salir al campo, viajar m\u00e1s, hacer deporte al aire libre, tener m\u00e1s contacto social o familiar, y hazlo de una manera progresiva y sabiendo que no todo se va a poder hacer de manera inmediata.<\/li>\n<li><strong>Planea <\/strong>con cabeza cuales van a ser los <strong>primeros pasos<\/strong> para retomar las actividades de antes o poner en marcha las nuevas actividades.<\/li>\n<li><strong>Planifica los encuentros y contactos sociales<\/strong> con familia, amigos y adaptalos a la nueva situaci\u00f3n teniendo en cuenta las m\u00e1ximas precauciones posibles.<\/li>\n<li><strong>Antic\u00edpate<\/strong> a lo que pueda ocurrir en las pr\u00f3ximas semanas o en los pr\u00f3ximos meses, como una nueva vuelta al conf\u00edn por posibles rebrotes, y manten ciertas precauciones.<\/li>\n<li>Confia y <strong>cumple con las normas <\/strong>que marcan las autoridades competentes aunque no estemos del todo de acuerdo con ellas. El hacer lo que nos da la gana por no estar de acuerdo con esas normas puede generar ira y frustraci\u00f3n.<\/li>\n<\/ol>\n<p>Con un poco de cabeza, pensando y planificando bien las cosas va a ser m\u00e1s facil adaptarse y no caerse en la descalada.<\/p>\n<hr \/>\n<blockquote id=\"1\"><p>Escucha el audio del programa a partir del minuto 26.30\u00b4 pinchando <a href=\"https:\/\/play.cadenaser.com\/audio\/1588076307_070582\/\" target=\"_blank\" rel=\"noopener noreferrer\">aqu\u00ed<\/a>!<\/p><\/blockquote>\n<hr \/>\n<p><strong>Tambi\u00e9n te pueden interesar los art\u00edculos:<\/strong><\/p>\n<ul>\n<li><a href=\"https:\/\/barreiropsicologia.com\/blog\/como-manejar-el-confinamiento-de-forma-individual\/\">C\u00f3mo manejar el confinamiento de forma individual<\/a>.<\/li>\n<li><a href=\"https:\/\/barreiropsicologia.com\/blog\/como-manejar-el-confinamiento-en-pareja\/\">C\u00f3mo manejar el confinamiento en pareja<\/a>.<\/li>\n<li><a href=\"https:\/\/barreiropsicologia.com\/blog\/como-manejar-el-confinamiento-en-familia\/\">C\u00f3mo manejar el confinamiento en familia<\/a>.<\/li>\n<li><a href=\"https:\/\/barreiropsicologia.com\/blog\/la-histeria-colectiva\/\">La histeria colectiva<\/a>.<\/li>\n<li><a href=\"https:\/\/barreiropsicologia.com\/blog\/como-ver-el-lado-positivo-del-confinamiento\/\">C\u00f3mo ver el lado positivo del confinamiento<\/a>.<\/li>\n<li><a href=\"https:\/\/barreiropsicologia.com\/blog\/gestion-emocional-en-el-confinamiento\/\">Gesti\u00f3n emocional en el confinamiento<\/a>.<\/li>\n<\/ul>\n","protected":false},"excerpt":{"rendered":"<p>En \u00e9ste art\u00edculo puedes poner en marcha 10 consejos para no caerse en la desescalada. Comienza el proceso para\u00a0adaptarse a la desescalada del confinamiento, en el que poco a poco y siguiendo las normas marcadas por el gobierno, vamos a&#46;&#46;&#46;<\/p>\n","protected":false},"author":1,"featured_media":2667,"comment_status":"open","ping_status":"open","sticky":false,"template":"","format":"standard","meta":{"footnotes":""},"categories":[801],"tags":[630,696,700],"class_list":["post-2656","post","type-post","status-publish","format-standard","has-post-thumbnail","hentry","category-entorno-salud-mental","tag-covid_19","tag-emociones","tag-tecnicas-y-herramientas"],"yoast_head":"<!-- This site is optimized with the Yoast SEO plugin v27.3 - https:\/\/yoast.com\/product\/yoast-seo-wordpress\/ -->\n<title>10 Consejos para no caerse en la desescalada - Barreiro Psicolog\u00eda Blog<\/title>\n<meta name=\"description\" content=\"10 consejos para no caerse en la desescalada!!. Empieza el momento de la desescalada, si quieres saber como adaptarte mejor, no te pierdas \u00e9ste art\u00edculo!\" \/>\n<meta name=\"robots\" content=\"index, follow, max-snippet:-1, max-image-preview:large, max-video-preview:-1\" \/>\n<link rel=\"canonical\" href=\"https:\/\/barreiropsicologia.com\/blog\/10-consejos-para-no-caerse-en-la-desescalada\/\" \/>\n<meta property=\"og:locale\" content=\"es_ES\" \/>\n<meta property=\"og:type\" content=\"article\" \/>\n<meta property=\"og:title\" content=\"10 Consejos para no caerse en la desescalada - Barreiro Psicolog\u00eda Blog\" \/>\n<meta property=\"og:description\" content=\"10 consejos para no caerse en la desescalada!!. Empieza el momento de la desescalada, si quieres saber como adaptarte mejor, no te pierdas \u00e9ste art\u00edculo!\" \/>\n<meta property=\"og:url\" content=\"https:\/\/barreiropsicologia.com\/blog\/10-consejos-para-no-caerse-en-la-desescalada\/\" \/>\n<meta property=\"og:site_name\" content=\"Blog de psicolog\u00eda\" \/>\n<meta property=\"article:publisher\" content=\"https:\/\/www.facebook.com\/psicologossalamanca\/\" \/>\n<meta property=\"article:author\" content=\"https:\/\/www.facebook.com\/psicologossalamanca\/\" \/>\n<meta property=\"article:published_time\" content=\"2020-05-06T10:50:02+00:00\" \/>\n<meta property=\"article:modified_time\" content=\"2026-03-27T11:53:37+00:00\" \/>\n<meta property=\"og:image\" content=\"https:\/\/barreiropsicologia.com\/blog\/wp-content\/uploads\/2020\/04\/dedo-presentacion-cansada-escuela-oscura_1134-822.jpg\" \/>\n\t<meta property=\"og:image:width\" content=\"626\" \/>\n\t<meta property=\"og:image:height\" content=\"442\" \/>\n\t<meta property=\"og:image:type\" content=\"image\/jpeg\" \/>\n<meta name=\"author\" content=\"Javier Barreiro\" \/>\n<meta name=\"twitter:card\" content=\"summary_large_image\" \/>\n<meta name=\"twitter:creator\" content=\"@Barreiro.javier@hotmail.com\" \/>\n<meta name=\"twitter:site\" content=\"@Barreiro_Psi\" \/>\n<meta name=\"twitter:label1\" content=\"Escrito por\" \/>\n\t<meta name=\"twitter:data1\" content=\"Javier Barreiro\" \/>\n\t<meta name=\"twitter:label2\" content=\"Tiempo de lectura\" \/>\n\t<meta name=\"twitter:data2\" content=\"3 minutos\" \/>\n<script type=\"application\/ld+json\" class=\"yoast-schema-graph\">{\"@context\":\"https:\\\/\\\/schema.org\",\"@graph\":[{\"@type\":\"Article\",\"@id\":\"https:\\\/\\\/barreiropsicologia.com\\\/blog\\\/10-consejos-para-no-caerse-en-la-desescalada\\\/#article\",\"isPartOf\":{\"@id\":\"https:\\\/\\\/barreiropsicologia.com\\\/blog\\\/10-consejos-para-no-caerse-en-la-desescalada\\\/\"},\"author\":{\"name\":\"Javier Barreiro\",\"@id\":\"https:\\\/\\\/barreiropsicologia.com\\\/blog\\\/#\\\/schema\\\/person\\\/6068f8a0ae30566e1100f91905ead263\"},\"headline\":\"10 Consejos para no caerse en la desescalada\",\"datePublished\":\"2020-05-06T10:50:02+00:00\",\"dateModified\":\"2026-03-27T11:53:37+00:00\",\"mainEntityOfPage\":{\"@id\":\"https:\\\/\\\/barreiropsicologia.com\\\/blog\\\/10-consejos-para-no-caerse-en-la-desescalada\\\/\"},\"wordCount\":535,\"commentCount\":4,\"image\":{\"@id\":\"https:\\\/\\\/barreiropsicologia.com\\\/blog\\\/10-consejos-para-no-caerse-en-la-desescalada\\\/#primaryimage\"},\"thumbnailUrl\":\"https:\\\/\\\/barreiropsicologia.com\\\/blog\\\/wp-content\\\/uploads\\\/2020\\\/04\\\/dedo-presentacion-cansada-escuela-oscura_1134-822.jpg\",\"keywords\":[\"covid_19\",\"emociones\",\"t\u00e9cnicas y herramientas\"],\"articleSection\":[\"Entorno y salud mental\"],\"inLanguage\":\"es\",\"potentialAction\":[{\"@type\":\"CommentAction\",\"name\":\"Comment\",\"target\":[\"https:\\\/\\\/barreiropsicologia.com\\\/blog\\\/10-consejos-para-no-caerse-en-la-desescalada\\\/#respond\"]}]},{\"@type\":\"WebPage\",\"@id\":\"https:\\\/\\\/barreiropsicologia.com\\\/blog\\\/10-consejos-para-no-caerse-en-la-desescalada\\\/\",\"url\":\"https:\\\/\\\/barreiropsicologia.com\\\/blog\\\/10-consejos-para-no-caerse-en-la-desescalada\\\/\",\"name\":\"10 Consejos para no caerse en la desescalada - Barreiro Psicolog\u00eda Blog\",\"isPartOf\":{\"@id\":\"https:\\\/\\\/barreiropsicologia.com\\\/blog\\\/#website\"},\"primaryImageOfPage\":{\"@id\":\"https:\\\/\\\/barreiropsicologia.com\\\/blog\\\/10-consejos-para-no-caerse-en-la-desescalada\\\/#primaryimage\"},\"image\":{\"@id\":\"https:\\\/\\\/barreiropsicologia.com\\\/blog\\\/10-consejos-para-no-caerse-en-la-desescalada\\\/#primaryimage\"},\"thumbnailUrl\":\"https:\\\/\\\/barreiropsicologia.com\\\/blog\\\/wp-content\\\/uploads\\\/2020\\\/04\\\/dedo-presentacion-cansada-escuela-oscura_1134-822.jpg\",\"datePublished\":\"2020-05-06T10:50:02+00:00\",\"dateModified\":\"2026-03-27T11:53:37+00:00\",\"author\":{\"@id\":\"https:\\\/\\\/barreiropsicologia.com\\\/blog\\\/#\\\/schema\\\/person\\\/6068f8a0ae30566e1100f91905ead263\"},\"description\":\"10 consejos para no caerse en la desescalada!!. Empieza el momento de la desescalada, si quieres saber como adaptarte mejor, no te pierdas \u00e9ste art\u00edculo!\",\"breadcrumb\":{\"@id\":\"https:\\\/\\\/barreiropsicologia.com\\\/blog\\\/10-consejos-para-no-caerse-en-la-desescalada\\\/#breadcrumb\"},\"inLanguage\":\"es\",\"potentialAction\":[{\"@type\":\"ReadAction\",\"target\":[\"https:\\\/\\\/barreiropsicologia.com\\\/blog\\\/10-consejos-para-no-caerse-en-la-desescalada\\\/\"]}]},{\"@type\":\"ImageObject\",\"inLanguage\":\"es\",\"@id\":\"https:\\\/\\\/barreiropsicologia.com\\\/blog\\\/10-consejos-para-no-caerse-en-la-desescalada\\\/#primaryimage\",\"url\":\"https:\\\/\\\/barreiropsicologia.com\\\/blog\\\/wp-content\\\/uploads\\\/2020\\\/04\\\/dedo-presentacion-cansada-escuela-oscura_1134-822.jpg\",\"contentUrl\":\"https:\\\/\\\/barreiropsicologia.com\\\/blog\\\/wp-content\\\/uploads\\\/2020\\\/04\\\/dedo-presentacion-cansada-escuela-oscura_1134-822.jpg\",\"width\":626,\"height\":442,\"caption\":\"consejos para no caerse en la desescalada\"},{\"@type\":\"BreadcrumbList\",\"@id\":\"https:\\\/\\\/barreiropsicologia.com\\\/blog\\\/10-consejos-para-no-caerse-en-la-desescalada\\\/#breadcrumb\",\"itemListElement\":[{\"@type\":\"ListItem\",\"position\":1,\"name\":\"Portada\",\"item\":\"https:\\\/\\\/barreiropsicologia.com\\\/blog\\\/\"},{\"@type\":\"ListItem\",\"position\":2,\"name\":\"10 Consejos para no caerse en la desescalada\"}]},{\"@type\":\"WebSite\",\"@id\":\"https:\\\/\\\/barreiropsicologia.com\\\/blog\\\/#website\",\"url\":\"https:\\\/\\\/barreiropsicologia.com\\\/blog\\\/\",\"name\":\"Blog de psicolog\u00eda\",\"description\":\"Barreiro Psicolog\u00eda Blog\",\"potentialAction\":[{\"@type\":\"SearchAction\",\"target\":{\"@type\":\"EntryPoint\",\"urlTemplate\":\"https:\\\/\\\/barreiropsicologia.com\\\/blog\\\/?s={search_term_string}\"},\"query-input\":{\"@type\":\"PropertyValueSpecification\",\"valueRequired\":true,\"valueName\":\"search_term_string\"}}],\"inLanguage\":\"es\"},{\"@type\":\"Person\",\"@id\":\"https:\\\/\\\/barreiropsicologia.com\\\/blog\\\/#\\\/schema\\\/person\\\/6068f8a0ae30566e1100f91905ead263\",\"name\":\"Javier Barreiro\",\"image\":{\"@type\":\"ImageObject\",\"inLanguage\":\"es\",\"@id\":\"https:\\\/\\\/secure.gravatar.com\\\/avatar\\\/ba2dc692a18d0909a9544d2d12c67449129af0c5441c8732f319a1ae7ae701b0?s=96&d=mm&r=g\",\"url\":\"https:\\\/\\\/secure.gravatar.com\\\/avatar\\\/ba2dc692a18d0909a9544d2d12c67449129af0c5441c8732f319a1ae7ae701b0?s=96&d=mm&r=g\",\"contentUrl\":\"https:\\\/\\\/secure.gravatar.com\\\/avatar\\\/ba2dc692a18d0909a9544d2d12c67449129af0c5441c8732f319a1ae7ae701b0?s=96&d=mm&r=g\",\"caption\":\"Javier Barreiro\"},\"description\":\"Javier Barreiro Santamarta es Licenciado en Psicolog\u00eda por la Universidad de Salamanca, Psic\u00f3logo General Sanitario en Salamanca colegiado n\u00ba CL-3735. M\u00e1ster en Psicolog\u00eda Cl\u00ednica cognitivo-conductual, M\u00e1ster en Terapia Breve Centrada en Soluciones y M\u00e1ster en Recursos Humanos.\",\"sameAs\":[\"https:\\\/\\\/www.facebook.com\\\/psicologossalamanca\\\/\",\"https:\\\/\\\/www.instagram.com\\\/barreiro.psi\",\"https:\\\/\\\/ar.linkedin.com\\\/in\\\/javier-barreiro-santamarta-9183b962\",\"https:\\\/\\\/x.com\\\/Barreiro.javier@hotmail.com\"],\"url\":\"https:\\\/\\\/barreiropsicologia.com\\\/blog\\\/author\\\/javier_barreiro\\\/\"}]}<\/script>\n<!-- \/ Yoast SEO plugin. -->","yoast_head_json":{"title":"10 Consejos para no caerse en la desescalada - Barreiro Psicolog\u00eda Blog","description":"10 consejos para no caerse en la desescalada!!. Empieza el momento de la desescalada, si quieres saber como adaptarte mejor, no te pierdas \u00e9ste art\u00edculo!","robots":{"index":"index","follow":"follow","max-snippet":"max-snippet:-1","max-image-preview":"max-image-preview:large","max-video-preview":"max-video-preview:-1"},"canonical":"https:\/\/barreiropsicologia.com\/blog\/10-consejos-para-no-caerse-en-la-desescalada\/","og_locale":"es_ES","og_type":"article","og_title":"10 Consejos para no caerse en la desescalada - Barreiro Psicolog\u00eda Blog","og_description":"10 consejos para no caerse en la desescalada!!. Empieza el momento de la desescalada, si quieres saber como adaptarte mejor, no te pierdas \u00e9ste art\u00edculo!","og_url":"https:\/\/barreiropsicologia.com\/blog\/10-consejos-para-no-caerse-en-la-desescalada\/","og_site_name":"Blog de psicolog\u00eda","article_publisher":"https:\/\/www.facebook.com\/psicologossalamanca\/","article_author":"https:\/\/www.facebook.com\/psicologossalamanca\/","article_published_time":"2020-05-06T10:50:02+00:00","article_modified_time":"2026-03-27T11:53:37+00:00","og_image":[{"width":626,"height":442,"url":"https:\/\/barreiropsicologia.com\/blog\/wp-content\/uploads\/2020\/04\/dedo-presentacion-cansada-escuela-oscura_1134-822.jpg","type":"image\/jpeg"}],"author":"Javier Barreiro","twitter_card":"summary_large_image","twitter_creator":"@Barreiro.javier@hotmail.com","twitter_site":"@Barreiro_Psi","twitter_misc":{"Escrito por":"Javier Barreiro","Tiempo de lectura":"3 minutos"},"schema":{"@context":"https:\/\/schema.org","@graph":[{"@type":"Article","@id":"https:\/\/barreiropsicologia.com\/blog\/10-consejos-para-no-caerse-en-la-desescalada\/#article","isPartOf":{"@id":"https:\/\/barreiropsicologia.com\/blog\/10-consejos-para-no-caerse-en-la-desescalada\/"},"author":{"name":"Javier Barreiro","@id":"https:\/\/barreiropsicologia.com\/blog\/#\/schema\/person\/6068f8a0ae30566e1100f91905ead263"},"headline":"10 Consejos para no caerse en la desescalada","datePublished":"2020-05-06T10:50:02+00:00","dateModified":"2026-03-27T11:53:37+00:00","mainEntityOfPage":{"@id":"https:\/\/barreiropsicologia.com\/blog\/10-consejos-para-no-caerse-en-la-desescalada\/"},"wordCount":535,"commentCount":4,"image":{"@id":"https:\/\/barreiropsicologia.com\/blog\/10-consejos-para-no-caerse-en-la-desescalada\/#primaryimage"},"thumbnailUrl":"https:\/\/barreiropsicologia.com\/blog\/wp-content\/uploads\/2020\/04\/dedo-presentacion-cansada-escuela-oscura_1134-822.jpg","keywords":["covid_19","emociones","t\u00e9cnicas y herramientas"],"articleSection":["Entorno y salud mental"],"inLanguage":"es","potentialAction":[{"@type":"CommentAction","name":"Comment","target":["https:\/\/barreiropsicologia.com\/blog\/10-consejos-para-no-caerse-en-la-desescalada\/#respond"]}]},{"@type":"WebPage","@id":"https:\/\/barreiropsicologia.com\/blog\/10-consejos-para-no-caerse-en-la-desescalada\/","url":"https:\/\/barreiropsicologia.com\/blog\/10-consejos-para-no-caerse-en-la-desescalada\/","name":"10 Consejos para no caerse en la desescalada - Barreiro Psicolog\u00eda Blog","isPartOf":{"@id":"https:\/\/barreiropsicologia.com\/blog\/#website"},"primaryImageOfPage":{"@id":"https:\/\/barreiropsicologia.com\/blog\/10-consejos-para-no-caerse-en-la-desescalada\/#primaryimage"},"image":{"@id":"https:\/\/barreiropsicologia.com\/blog\/10-consejos-para-no-caerse-en-la-desescalada\/#primaryimage"},"thumbnailUrl":"https:\/\/barreiropsicologia.com\/blog\/wp-content\/uploads\/2020\/04\/dedo-presentacion-cansada-escuela-oscura_1134-822.jpg","datePublished":"2020-05-06T10:50:02+00:00","dateModified":"2026-03-27T11:53:37+00:00","author":{"@id":"https:\/\/barreiropsicologia.com\/blog\/#\/schema\/person\/6068f8a0ae30566e1100f91905ead263"},"description":"10 consejos para no caerse en la desescalada!!. Empieza el momento de la desescalada, si quieres saber como adaptarte mejor, no te pierdas \u00e9ste art\u00edculo!","breadcrumb":{"@id":"https:\/\/barreiropsicologia.com\/blog\/10-consejos-para-no-caerse-en-la-desescalada\/#breadcrumb"},"inLanguage":"es","potentialAction":[{"@type":"ReadAction","target":["https:\/\/barreiropsicologia.com\/blog\/10-consejos-para-no-caerse-en-la-desescalada\/"]}]},{"@type":"ImageObject","inLanguage":"es","@id":"https:\/\/barreiropsicologia.com\/blog\/10-consejos-para-no-caerse-en-la-desescalada\/#primaryimage","url":"https:\/\/barreiropsicologia.com\/blog\/wp-content\/uploads\/2020\/04\/dedo-presentacion-cansada-escuela-oscura_1134-822.jpg","contentUrl":"https:\/\/barreiropsicologia.com\/blog\/wp-content\/uploads\/2020\/04\/dedo-presentacion-cansada-escuela-oscura_1134-822.jpg","width":626,"height":442,"caption":"consejos para no caerse en la desescalada"},{"@type":"BreadcrumbList","@id":"https:\/\/barreiropsicologia.com\/blog\/10-consejos-para-no-caerse-en-la-desescalada\/#breadcrumb","itemListElement":[{"@type":"ListItem","position":1,"name":"Portada","item":"https:\/\/barreiropsicologia.com\/blog\/"},{"@type":"ListItem","position":2,"name":"10 Consejos para no caerse en la desescalada"}]},{"@type":"WebSite","@id":"https:\/\/barreiropsicologia.com\/blog\/#website","url":"https:\/\/barreiropsicologia.com\/blog\/","name":"Blog de psicolog\u00eda","description":"Barreiro Psicolog\u00eda Blog","potentialAction":[{"@type":"SearchAction","target":{"@type":"EntryPoint","urlTemplate":"https:\/\/barreiropsicologia.com\/blog\/?s={search_term_string}"},"query-input":{"@type":"PropertyValueSpecification","valueRequired":true,"valueName":"search_term_string"}}],"inLanguage":"es"},{"@type":"Person","@id":"https:\/\/barreiropsicologia.com\/blog\/#\/schema\/person\/6068f8a0ae30566e1100f91905ead263","name":"Javier Barreiro","image":{"@type":"ImageObject","inLanguage":"es","@id":"https:\/\/secure.gravatar.com\/avatar\/ba2dc692a18d0909a9544d2d12c67449129af0c5441c8732f319a1ae7ae701b0?s=96&d=mm&r=g","url":"https:\/\/secure.gravatar.com\/avatar\/ba2dc692a18d0909a9544d2d12c67449129af0c5441c8732f319a1ae7ae701b0?s=96&d=mm&r=g","contentUrl":"https:\/\/secure.gravatar.com\/avatar\/ba2dc692a18d0909a9544d2d12c67449129af0c5441c8732f319a1ae7ae701b0?s=96&d=mm&r=g","caption":"Javier Barreiro"},"description":"Javier Barreiro Santamarta es Licenciado en Psicolog\u00eda por la Universidad de Salamanca, Psic\u00f3logo General Sanitario en Salamanca colegiado n\u00ba CL-3735. M\u00e1ster en Psicolog\u00eda Cl\u00ednica cognitivo-conductual, M\u00e1ster en Terapia Breve Centrada en Soluciones y M\u00e1ster en Recursos Humanos.","sameAs":["https:\/\/www.facebook.com\/psicologossalamanca\/","https:\/\/www.instagram.com\/barreiro.psi","https:\/\/ar.linkedin.com\/in\/javier-barreiro-santamarta-9183b962","https:\/\/x.com\/Barreiro.javier@hotmail.com"],"url":"https:\/\/barreiropsicologia.com\/blog\/author\/javier_barreiro\/"}]}},"_links":{"self":[{"href":"https:\/\/barreiropsicologia.com\/blog\/wp-json\/wp\/v2\/posts\/2656","targetHints":{"allow":["GET"]}}],"collection":[{"href":"https:\/\/barreiropsicologia.com\/blog\/wp-json\/wp\/v2\/posts"}],"about":[{"href":"https:\/\/barreiropsicologia.com\/blog\/wp-json\/wp\/v2\/types\/post"}],"author":[{"embeddable":true,"href":"https:\/\/barreiropsicologia.com\/blog\/wp-json\/wp\/v2\/users\/1"}],"replies":[{"embeddable":true,"href":"https:\/\/barreiropsicologia.com\/blog\/wp-json\/wp\/v2\/comments?post=2656"}],"version-history":[{"count":16,"href":"https:\/\/barreiropsicologia.com\/blog\/wp-json\/wp\/v2\/posts\/2656\/revisions"}],"predecessor-version":[{"id":3431,"href":"https:\/\/barreiropsicologia.com\/blog\/wp-json\/wp\/v2\/posts\/2656\/revisions\/3431"}],"wp:featuredmedia":[{"embeddable":true,"href":"https:\/\/barreiropsicologia.com\/blog\/wp-json\/wp\/v2\/media\/2667"}],"wp:attachment":[{"href":"https:\/\/barreiropsicologia.com\/blog\/wp-json\/wp\/v2\/media?parent=2656"}],"wp:term":[{"taxonomy":"category","embeddable":true,"href":"https:\/\/barreiropsicologia.com\/blog\/wp-json\/wp\/v2\/categories?post=2656"},{"taxonomy":"post_tag","embeddable":true,"href":"https:\/\/barreiropsicologia.com\/blog\/wp-json\/wp\/v2\/tags?post=2656"}],"curies":[{"name":"wp","href":"https:\/\/api.w.org\/{rel}","templated":true}]}}