{"id":2745,"date":"2020-07-01T11:34:30","date_gmt":"2020-07-01T11:34:30","guid":{"rendered":"https:\/\/barreiropsicologia.com\/blog\/?p=2745"},"modified":"2026-03-27T12:53:32","modified_gmt":"2026-03-27T11:53:32","slug":"como-gestionar-la-frustracion-ante-la-nueva-normalidad","status":"publish","type":"post","link":"https:\/\/barreiropsicologia.com\/blog\/como-gestionar-la-frustracion-ante-la-nueva-normalidad\/","title":{"rendered":"C\u00f3mo gestionar la frustraci\u00f3n ante la nueva normalidad"},"content":{"rendered":"<p>En el programa de radio del Hoy por hoy Salamanca hablamos sobre <span style=\"color: #ff6600;\">c\u00f3mo gestionar la frustraci\u00f3n<\/span> que estamos viviendo a la hora de <a href=\"https:\/\/barreiropsicologia.com\/blog\/10-consejos-para-no-caerse-en-la-desescalada\/\">adaptarnos a la desescalada<\/a>.<\/p>\n<blockquote><p><em>Enlace a los dos audios del programa al final del art\u00edculo, <a href=\"https:\/\/barreiropsicologia.com\/blog\/como-gestionar-la-frustracion-ante-la-nueva-normalidad\/#1\">ir al audio<\/a>.<\/em><\/p><\/blockquote>\n<h2>Qu\u00e9 es la frustraci\u00f3n<\/h2>\n<p>Lo primero que tenemos que saber es que la frustraci\u00f3n es una <a href=\"https:\/\/barreiropsicologia.com\/blog\/las-emociones-tipos-y-funciones\/\"><strong>respuesta emocional<\/strong><\/a> que se genera cuando alguien <strong>no puede conseguir el objetivos<\/strong> que se plantea y que desea y normalmente se asocia a otras emociones como la ira o la ansiedad, adem\u00e1s produce sentimientos como <strong>enfado hacia uno mismo<\/strong> <strong>o hacia otros<\/strong> y en ocasiones puede aparecer la sensaci\u00f3n de injusticia por lo que nos ha ocurrido.<\/p>\n<p><img loading=\"lazy\" decoding=\"async\" class=\"size-medium wp-image-2753 alignright\" src=\"https:\/\/barreiropsicologia.com\/blog\/wp-content\/uploads\/2020\/06\/frustraci\u00f3n3-300x200.jpg\" alt=\"frustraci\u00f3n\" width=\"300\" height=\"200\" srcset=\"https:\/\/barreiropsicologia.com\/blog\/wp-content\/uploads\/2020\/06\/frustraci\u00f3n3-300x200.jpg 300w, https:\/\/barreiropsicologia.com\/blog\/wp-content\/uploads\/2020\/06\/frustraci\u00f3n3.jpg 626w\" sizes=\"auto, (max-width: 300px) 100vw, 300px\" \/><\/p>\n<h2>Qu\u00e9 podemos hacer<\/h2>\n<ol>\n<li>Es fundamental que lleguemos a <strong>aceptar nuestra realidad<\/strong>, es decir, tenemos que entender que no podemos controlar lo que hacen otros, y que el hecho de enfadarse o protestar no produce ning\u00fan cambio y lo \u00fanico que se consigue es enfadarse m\u00e1s y retroalimentarse con ese enfado, con lo que la mayor consecuencia es para uno mismo.<\/li>\n<li>Darse cuenta que <strong>el propio hecho de quejarse<\/strong>, de protestar y de dirigirlo a otros, es una manera poco eficaz de gestionar nuestra frustraci\u00f3n y adem\u00e1s nos paraliza, lo cu\u00e1l genera mayor ansiedad y frustraci\u00f3n, ya que no nos deja pensar con claridad.<\/li>\n<li><strong>Identificar el origen<\/strong> de la frustracion y de la rabia ayuda a cambiar el pensamiento y a rel\u00e1jarse para poder pensar con m\u00e1s claridad de ideas.<\/li>\n<li>Tomar conciencia de que <strong>no se puede controlar lo que los otros hacen<\/strong> y siendo consciente de que solo se puede controlar lo que depende de uno mismo, ya que si se puede dirigir el esfuerzo para conseguir de una mejor manera lo que si depende de m\u00ed, o bien dirigir el esfuerzo para tratar de crear un nuevo objetivo que sea m\u00e1s realista.<\/li>\n<li>Tambi\u00e9n entender <strong>cu\u00e1l es el deseo que existe detr\u00e1s de la queja<\/strong> ya que puede ayudar a aceptar mejor la situaci\u00f3n y tratar de cambiarla o aceptarla como es.<\/li>\n<li><strong>Aliarse con la paciencia<\/strong>, tratar de relajarse y de respirar nos ayuda a desconectarse de lo que nos origina la frustraci\u00f3n.<\/li>\n<\/ol>\n<p>Siguiendo \u00e9stos pasos podras tolerar mejor la frustraci\u00f3n que se produce por el momento que estamos viviendo.<\/p>\n<hr \/>\n<blockquote id=\"1\">\n<ul>\n<li>Escucha el audio del programa <a href=\"https:\/\/play.cadenaser.com\/programa\/hoy_por_hoy_salamanca\/\" target=\"_blank\" rel=\"noopener noreferrer\">Hoy por hoy en Radio Salamanca<\/a> de la Cadena SER. A partir del minuto 28\u00b4 pinchando <a href=\"https:\/\/play.cadenaser.com\/audio\/1590495592_165843\/\" target=\"_blank\" rel=\"noopener noreferrer\">aqu\u00ed<\/a>!<\/li>\n<li>Escucha el audio del programa. A partir del minuto 37,30\u00b4 pinchando <a href=\"https:\/\/play.cadenaser.com\/audio\/1614691290_634159\/\" target=\"_blank\" rel=\"noopener noreferrer\">aqu\u00ed<\/a>!<\/li>\n<\/ul>\n<\/blockquote>\n<hr \/>\n<p><strong>Tambi\u00e9n te puede interesar los art\u00edculos:<\/strong><\/p>\n<ul>\n<li><a href=\"https:\/\/barreiropsicologia.com\/blog\/ansiedad-anticipatoria-ante-la-desescalada\/\">Ansiedad anticipatoria ante la desescalada.<\/a><\/li>\n<li><a href=\"https:\/\/barreiropsicologia.com\/blog\/10-consejos-para-no-caerse-en-la-desescalada\/\">10 Consejos para no caerse en la desescalada<\/a>.<\/li>\n<\/ul>\n<p align=\"JUSTIFY\">\n","protected":false},"excerpt":{"rendered":"<p>En el programa de radio del Hoy por hoy Salamanca hablamos sobre c\u00f3mo gestionar la frustraci\u00f3n que estamos viviendo a la hora de adaptarnos a la desescalada. Enlace a los dos audios del programa al final del art\u00edculo, ir al&#46;&#46;&#46;<\/p>\n","protected":false},"author":1,"featured_media":2751,"comment_status":"open","ping_status":"open","sticky":false,"template":"","format":"standard","meta":{"footnotes":""},"categories":[801],"tags":[630,696,700],"class_list":["post-2745","post","type-post","status-publish","format-standard","has-post-thumbnail","hentry","category-entorno-salud-mental","tag-covid_19","tag-emociones","tag-tecnicas-y-herramientas"],"yoast_head":"<!-- This site is optimized with the Yoast SEO plugin v27.3 - https:\/\/yoast.com\/product\/yoast-seo-wordpress\/ -->\n<title>C\u00f3mo gestionar la frustraci\u00f3n ante la nueva normalidad - Barreiro Psicolog\u00eda Blog<\/title>\n<meta name=\"description\" content=\"Durante la desescalada est\u00e1n apareciendo sentimientos de frustraci\u00f3n y enfado con nosotros mismos o con los dem\u00e1s. Gesti\u00f3nalos con \u00e9ste post.\" \/>\n<meta name=\"robots\" content=\"index, follow, max-snippet:-1, max-image-preview:large, max-video-preview:-1\" \/>\n<link rel=\"canonical\" href=\"https:\/\/barreiropsicologia.com\/blog\/como-gestionar-la-frustracion-ante-la-nueva-normalidad\/\" \/>\n<meta property=\"og:locale\" content=\"es_ES\" \/>\n<meta property=\"og:type\" content=\"article\" \/>\n<meta property=\"og:title\" content=\"C\u00f3mo gestionar la frustraci\u00f3n ante la nueva normalidad - Barreiro Psicolog\u00eda Blog\" \/>\n<meta property=\"og:description\" content=\"Durante la desescalada est\u00e1n apareciendo sentimientos de frustraci\u00f3n y enfado con nosotros mismos o con los dem\u00e1s. Gesti\u00f3nalos con \u00e9ste post.\" \/>\n<meta property=\"og:url\" content=\"https:\/\/barreiropsicologia.com\/blog\/como-gestionar-la-frustracion-ante-la-nueva-normalidad\/\" \/>\n<meta property=\"og:site_name\" content=\"Blog de psicolog\u00eda\" \/>\n<meta property=\"article:publisher\" content=\"https:\/\/www.facebook.com\/psicologossalamanca\/\" \/>\n<meta property=\"article:author\" content=\"https:\/\/www.facebook.com\/psicologossalamanca\/\" \/>\n<meta property=\"article:published_time\" content=\"2020-07-01T11:34:30+00:00\" \/>\n<meta property=\"article:modified_time\" content=\"2026-03-27T11:53:32+00:00\" \/>\n<meta property=\"og:image\" content=\"https:\/\/barreiropsicologia.com\/blog\/wp-content\/uploads\/2020\/06\/Frustraci\u00f3n.jpg\" \/>\n\t<meta property=\"og:image:width\" content=\"626\" \/>\n\t<meta property=\"og:image:height\" content=\"417\" \/>\n\t<meta property=\"og:image:type\" content=\"image\/jpeg\" \/>\n<meta name=\"author\" content=\"Javier Barreiro\" \/>\n<meta name=\"twitter:card\" content=\"summary_large_image\" \/>\n<meta name=\"twitter:creator\" content=\"@Barreiro.javier@hotmail.com\" \/>\n<meta name=\"twitter:site\" content=\"@Barreiro_Psi\" \/>\n<meta name=\"twitter:label1\" content=\"Escrito por\" \/>\n\t<meta name=\"twitter:data1\" content=\"Javier Barreiro\" \/>\n\t<meta name=\"twitter:label2\" content=\"Tiempo de lectura\" \/>\n\t<meta name=\"twitter:data2\" content=\"3 minutos\" \/>\n<script type=\"application\/ld+json\" class=\"yoast-schema-graph\">{\"@context\":\"https:\\\/\\\/schema.org\",\"@graph\":[{\"@type\":\"Article\",\"@id\":\"https:\\\/\\\/barreiropsicologia.com\\\/blog\\\/como-gestionar-la-frustracion-ante-la-nueva-normalidad\\\/#article\",\"isPartOf\":{\"@id\":\"https:\\\/\\\/barreiropsicologia.com\\\/blog\\\/como-gestionar-la-frustracion-ante-la-nueva-normalidad\\\/\"},\"author\":{\"name\":\"Javier Barreiro\",\"@id\":\"https:\\\/\\\/barreiropsicologia.com\\\/blog\\\/#\\\/schema\\\/person\\\/6068f8a0ae30566e1100f91905ead263\"},\"headline\":\"C\u00f3mo gestionar la frustraci\u00f3n ante la nueva normalidad\",\"datePublished\":\"2020-07-01T11:34:30+00:00\",\"dateModified\":\"2026-03-27T11:53:32+00:00\",\"mainEntityOfPage\":{\"@id\":\"https:\\\/\\\/barreiropsicologia.com\\\/blog\\\/como-gestionar-la-frustracion-ante-la-nueva-normalidad\\\/\"},\"wordCount\":458,\"commentCount\":0,\"image\":{\"@id\":\"https:\\\/\\\/barreiropsicologia.com\\\/blog\\\/como-gestionar-la-frustracion-ante-la-nueva-normalidad\\\/#primaryimage\"},\"thumbnailUrl\":\"https:\\\/\\\/barreiropsicologia.com\\\/blog\\\/wp-content\\\/uploads\\\/2020\\\/06\\\/Frustraci\u00f3n.jpg\",\"keywords\":[\"covid_19\",\"emociones\",\"t\u00e9cnicas y herramientas\"],\"articleSection\":[\"Entorno y salud mental\"],\"inLanguage\":\"es\",\"potentialAction\":[{\"@type\":\"CommentAction\",\"name\":\"Comment\",\"target\":[\"https:\\\/\\\/barreiropsicologia.com\\\/blog\\\/como-gestionar-la-frustracion-ante-la-nueva-normalidad\\\/#respond\"]}]},{\"@type\":\"WebPage\",\"@id\":\"https:\\\/\\\/barreiropsicologia.com\\\/blog\\\/como-gestionar-la-frustracion-ante-la-nueva-normalidad\\\/\",\"url\":\"https:\\\/\\\/barreiropsicologia.com\\\/blog\\\/como-gestionar-la-frustracion-ante-la-nueva-normalidad\\\/\",\"name\":\"C\u00f3mo gestionar la frustraci\u00f3n ante la nueva normalidad - Barreiro Psicolog\u00eda Blog\",\"isPartOf\":{\"@id\":\"https:\\\/\\\/barreiropsicologia.com\\\/blog\\\/#website\"},\"primaryImageOfPage\":{\"@id\":\"https:\\\/\\\/barreiropsicologia.com\\\/blog\\\/como-gestionar-la-frustracion-ante-la-nueva-normalidad\\\/#primaryimage\"},\"image\":{\"@id\":\"https:\\\/\\\/barreiropsicologia.com\\\/blog\\\/como-gestionar-la-frustracion-ante-la-nueva-normalidad\\\/#primaryimage\"},\"thumbnailUrl\":\"https:\\\/\\\/barreiropsicologia.com\\\/blog\\\/wp-content\\\/uploads\\\/2020\\\/06\\\/Frustraci\u00f3n.jpg\",\"datePublished\":\"2020-07-01T11:34:30+00:00\",\"dateModified\":\"2026-03-27T11:53:32+00:00\",\"author\":{\"@id\":\"https:\\\/\\\/barreiropsicologia.com\\\/blog\\\/#\\\/schema\\\/person\\\/6068f8a0ae30566e1100f91905ead263\"},\"description\":\"Durante la desescalada est\u00e1n apareciendo sentimientos de frustraci\u00f3n y enfado con nosotros mismos o con los dem\u00e1s. Gesti\u00f3nalos con \u00e9ste post.\",\"breadcrumb\":{\"@id\":\"https:\\\/\\\/barreiropsicologia.com\\\/blog\\\/como-gestionar-la-frustracion-ante-la-nueva-normalidad\\\/#breadcrumb\"},\"inLanguage\":\"es\",\"potentialAction\":[{\"@type\":\"ReadAction\",\"target\":[\"https:\\\/\\\/barreiropsicologia.com\\\/blog\\\/como-gestionar-la-frustracion-ante-la-nueva-normalidad\\\/\"]}]},{\"@type\":\"ImageObject\",\"inLanguage\":\"es\",\"@id\":\"https:\\\/\\\/barreiropsicologia.com\\\/blog\\\/como-gestionar-la-frustracion-ante-la-nueva-normalidad\\\/#primaryimage\",\"url\":\"https:\\\/\\\/barreiropsicologia.com\\\/blog\\\/wp-content\\\/uploads\\\/2020\\\/06\\\/Frustraci\u00f3n.jpg\",\"contentUrl\":\"https:\\\/\\\/barreiropsicologia.com\\\/blog\\\/wp-content\\\/uploads\\\/2020\\\/06\\\/Frustraci\u00f3n.jpg\",\"width\":626,\"height\":417,\"caption\":\"Frustraci\u00f3n\"},{\"@type\":\"BreadcrumbList\",\"@id\":\"https:\\\/\\\/barreiropsicologia.com\\\/blog\\\/como-gestionar-la-frustracion-ante-la-nueva-normalidad\\\/#breadcrumb\",\"itemListElement\":[{\"@type\":\"ListItem\",\"position\":1,\"name\":\"Portada\",\"item\":\"https:\\\/\\\/barreiropsicologia.com\\\/blog\\\/\"},{\"@type\":\"ListItem\",\"position\":2,\"name\":\"C\u00f3mo gestionar la frustraci\u00f3n ante la nueva normalidad\"}]},{\"@type\":\"WebSite\",\"@id\":\"https:\\\/\\\/barreiropsicologia.com\\\/blog\\\/#website\",\"url\":\"https:\\\/\\\/barreiropsicologia.com\\\/blog\\\/\",\"name\":\"Blog de psicolog\u00eda\",\"description\":\"Barreiro Psicolog\u00eda Blog\",\"potentialAction\":[{\"@type\":\"SearchAction\",\"target\":{\"@type\":\"EntryPoint\",\"urlTemplate\":\"https:\\\/\\\/barreiropsicologia.com\\\/blog\\\/?s={search_term_string}\"},\"query-input\":{\"@type\":\"PropertyValueSpecification\",\"valueRequired\":true,\"valueName\":\"search_term_string\"}}],\"inLanguage\":\"es\"},{\"@type\":\"Person\",\"@id\":\"https:\\\/\\\/barreiropsicologia.com\\\/blog\\\/#\\\/schema\\\/person\\\/6068f8a0ae30566e1100f91905ead263\",\"name\":\"Javier Barreiro\",\"image\":{\"@type\":\"ImageObject\",\"inLanguage\":\"es\",\"@id\":\"https:\\\/\\\/secure.gravatar.com\\\/avatar\\\/ba2dc692a18d0909a9544d2d12c67449129af0c5441c8732f319a1ae7ae701b0?s=96&d=mm&r=g\",\"url\":\"https:\\\/\\\/secure.gravatar.com\\\/avatar\\\/ba2dc692a18d0909a9544d2d12c67449129af0c5441c8732f319a1ae7ae701b0?s=96&d=mm&r=g\",\"contentUrl\":\"https:\\\/\\\/secure.gravatar.com\\\/avatar\\\/ba2dc692a18d0909a9544d2d12c67449129af0c5441c8732f319a1ae7ae701b0?s=96&d=mm&r=g\",\"caption\":\"Javier Barreiro\"},\"description\":\"Javier Barreiro Santamarta es Licenciado en Psicolog\u00eda por la Universidad de Salamanca, Psic\u00f3logo General Sanitario en Salamanca colegiado n\u00ba CL-3735. M\u00e1ster en Psicolog\u00eda Cl\u00ednica cognitivo-conductual, M\u00e1ster en Terapia Breve Centrada en Soluciones y M\u00e1ster en Recursos Humanos.\",\"sameAs\":[\"https:\\\/\\\/www.facebook.com\\\/psicologossalamanca\\\/\",\"https:\\\/\\\/www.instagram.com\\\/barreiro.psi\",\"https:\\\/\\\/ar.linkedin.com\\\/in\\\/javier-barreiro-santamarta-9183b962\",\"https:\\\/\\\/x.com\\\/Barreiro.javier@hotmail.com\"],\"url\":\"https:\\\/\\\/barreiropsicologia.com\\\/blog\\\/author\\\/javier_barreiro\\\/\"}]}<\/script>\n<!-- \/ Yoast SEO plugin. -->","yoast_head_json":{"title":"C\u00f3mo gestionar la frustraci\u00f3n ante la nueva normalidad - Barreiro Psicolog\u00eda Blog","description":"Durante la desescalada est\u00e1n apareciendo sentimientos de frustraci\u00f3n y enfado con nosotros mismos o con los dem\u00e1s. Gesti\u00f3nalos con \u00e9ste post.","robots":{"index":"index","follow":"follow","max-snippet":"max-snippet:-1","max-image-preview":"max-image-preview:large","max-video-preview":"max-video-preview:-1"},"canonical":"https:\/\/barreiropsicologia.com\/blog\/como-gestionar-la-frustracion-ante-la-nueva-normalidad\/","og_locale":"es_ES","og_type":"article","og_title":"C\u00f3mo gestionar la frustraci\u00f3n ante la nueva normalidad - Barreiro Psicolog\u00eda Blog","og_description":"Durante la desescalada est\u00e1n apareciendo sentimientos de frustraci\u00f3n y enfado con nosotros mismos o con los dem\u00e1s. Gesti\u00f3nalos con \u00e9ste post.","og_url":"https:\/\/barreiropsicologia.com\/blog\/como-gestionar-la-frustracion-ante-la-nueva-normalidad\/","og_site_name":"Blog de psicolog\u00eda","article_publisher":"https:\/\/www.facebook.com\/psicologossalamanca\/","article_author":"https:\/\/www.facebook.com\/psicologossalamanca\/","article_published_time":"2020-07-01T11:34:30+00:00","article_modified_time":"2026-03-27T11:53:32+00:00","og_image":[{"width":626,"height":417,"url":"https:\/\/barreiropsicologia.com\/blog\/wp-content\/uploads\/2020\/06\/Frustraci\u00f3n.jpg","type":"image\/jpeg"}],"author":"Javier Barreiro","twitter_card":"summary_large_image","twitter_creator":"@Barreiro.javier@hotmail.com","twitter_site":"@Barreiro_Psi","twitter_misc":{"Escrito por":"Javier Barreiro","Tiempo de lectura":"3 minutos"},"schema":{"@context":"https:\/\/schema.org","@graph":[{"@type":"Article","@id":"https:\/\/barreiropsicologia.com\/blog\/como-gestionar-la-frustracion-ante-la-nueva-normalidad\/#article","isPartOf":{"@id":"https:\/\/barreiropsicologia.com\/blog\/como-gestionar-la-frustracion-ante-la-nueva-normalidad\/"},"author":{"name":"Javier Barreiro","@id":"https:\/\/barreiropsicologia.com\/blog\/#\/schema\/person\/6068f8a0ae30566e1100f91905ead263"},"headline":"C\u00f3mo gestionar la frustraci\u00f3n ante la nueva normalidad","datePublished":"2020-07-01T11:34:30+00:00","dateModified":"2026-03-27T11:53:32+00:00","mainEntityOfPage":{"@id":"https:\/\/barreiropsicologia.com\/blog\/como-gestionar-la-frustracion-ante-la-nueva-normalidad\/"},"wordCount":458,"commentCount":0,"image":{"@id":"https:\/\/barreiropsicologia.com\/blog\/como-gestionar-la-frustracion-ante-la-nueva-normalidad\/#primaryimage"},"thumbnailUrl":"https:\/\/barreiropsicologia.com\/blog\/wp-content\/uploads\/2020\/06\/Frustraci\u00f3n.jpg","keywords":["covid_19","emociones","t\u00e9cnicas y herramientas"],"articleSection":["Entorno y salud mental"],"inLanguage":"es","potentialAction":[{"@type":"CommentAction","name":"Comment","target":["https:\/\/barreiropsicologia.com\/blog\/como-gestionar-la-frustracion-ante-la-nueva-normalidad\/#respond"]}]},{"@type":"WebPage","@id":"https:\/\/barreiropsicologia.com\/blog\/como-gestionar-la-frustracion-ante-la-nueva-normalidad\/","url":"https:\/\/barreiropsicologia.com\/blog\/como-gestionar-la-frustracion-ante-la-nueva-normalidad\/","name":"C\u00f3mo gestionar la frustraci\u00f3n ante la nueva normalidad - Barreiro Psicolog\u00eda Blog","isPartOf":{"@id":"https:\/\/barreiropsicologia.com\/blog\/#website"},"primaryImageOfPage":{"@id":"https:\/\/barreiropsicologia.com\/blog\/como-gestionar-la-frustracion-ante-la-nueva-normalidad\/#primaryimage"},"image":{"@id":"https:\/\/barreiropsicologia.com\/blog\/como-gestionar-la-frustracion-ante-la-nueva-normalidad\/#primaryimage"},"thumbnailUrl":"https:\/\/barreiropsicologia.com\/blog\/wp-content\/uploads\/2020\/06\/Frustraci\u00f3n.jpg","datePublished":"2020-07-01T11:34:30+00:00","dateModified":"2026-03-27T11:53:32+00:00","author":{"@id":"https:\/\/barreiropsicologia.com\/blog\/#\/schema\/person\/6068f8a0ae30566e1100f91905ead263"},"description":"Durante la desescalada est\u00e1n apareciendo sentimientos de frustraci\u00f3n y enfado con nosotros mismos o con los dem\u00e1s. Gesti\u00f3nalos con \u00e9ste post.","breadcrumb":{"@id":"https:\/\/barreiropsicologia.com\/blog\/como-gestionar-la-frustracion-ante-la-nueva-normalidad\/#breadcrumb"},"inLanguage":"es","potentialAction":[{"@type":"ReadAction","target":["https:\/\/barreiropsicologia.com\/blog\/como-gestionar-la-frustracion-ante-la-nueva-normalidad\/"]}]},{"@type":"ImageObject","inLanguage":"es","@id":"https:\/\/barreiropsicologia.com\/blog\/como-gestionar-la-frustracion-ante-la-nueva-normalidad\/#primaryimage","url":"https:\/\/barreiropsicologia.com\/blog\/wp-content\/uploads\/2020\/06\/Frustraci\u00f3n.jpg","contentUrl":"https:\/\/barreiropsicologia.com\/blog\/wp-content\/uploads\/2020\/06\/Frustraci\u00f3n.jpg","width":626,"height":417,"caption":"Frustraci\u00f3n"},{"@type":"BreadcrumbList","@id":"https:\/\/barreiropsicologia.com\/blog\/como-gestionar-la-frustracion-ante-la-nueva-normalidad\/#breadcrumb","itemListElement":[{"@type":"ListItem","position":1,"name":"Portada","item":"https:\/\/barreiropsicologia.com\/blog\/"},{"@type":"ListItem","position":2,"name":"C\u00f3mo gestionar la frustraci\u00f3n ante la nueva normalidad"}]},{"@type":"WebSite","@id":"https:\/\/barreiropsicologia.com\/blog\/#website","url":"https:\/\/barreiropsicologia.com\/blog\/","name":"Blog de psicolog\u00eda","description":"Barreiro Psicolog\u00eda Blog","potentialAction":[{"@type":"SearchAction","target":{"@type":"EntryPoint","urlTemplate":"https:\/\/barreiropsicologia.com\/blog\/?s={search_term_string}"},"query-input":{"@type":"PropertyValueSpecification","valueRequired":true,"valueName":"search_term_string"}}],"inLanguage":"es"},{"@type":"Person","@id":"https:\/\/barreiropsicologia.com\/blog\/#\/schema\/person\/6068f8a0ae30566e1100f91905ead263","name":"Javier Barreiro","image":{"@type":"ImageObject","inLanguage":"es","@id":"https:\/\/secure.gravatar.com\/avatar\/ba2dc692a18d0909a9544d2d12c67449129af0c5441c8732f319a1ae7ae701b0?s=96&d=mm&r=g","url":"https:\/\/secure.gravatar.com\/avatar\/ba2dc692a18d0909a9544d2d12c67449129af0c5441c8732f319a1ae7ae701b0?s=96&d=mm&r=g","contentUrl":"https:\/\/secure.gravatar.com\/avatar\/ba2dc692a18d0909a9544d2d12c67449129af0c5441c8732f319a1ae7ae701b0?s=96&d=mm&r=g","caption":"Javier Barreiro"},"description":"Javier Barreiro Santamarta es Licenciado en Psicolog\u00eda por la Universidad de Salamanca, Psic\u00f3logo General Sanitario en Salamanca colegiado n\u00ba CL-3735. M\u00e1ster en Psicolog\u00eda Cl\u00ednica cognitivo-conductual, M\u00e1ster en Terapia Breve Centrada en Soluciones y M\u00e1ster en Recursos Humanos.","sameAs":["https:\/\/www.facebook.com\/psicologossalamanca\/","https:\/\/www.instagram.com\/barreiro.psi","https:\/\/ar.linkedin.com\/in\/javier-barreiro-santamarta-9183b962","https:\/\/x.com\/Barreiro.javier@hotmail.com"],"url":"https:\/\/barreiropsicologia.com\/blog\/author\/javier_barreiro\/"}]}},"_links":{"self":[{"href":"https:\/\/barreiropsicologia.com\/blog\/wp-json\/wp\/v2\/posts\/2745","targetHints":{"allow":["GET"]}}],"collection":[{"href":"https:\/\/barreiropsicologia.com\/blog\/wp-json\/wp\/v2\/posts"}],"about":[{"href":"https:\/\/barreiropsicologia.com\/blog\/wp-json\/wp\/v2\/types\/post"}],"author":[{"embeddable":true,"href":"https:\/\/barreiropsicologia.com\/blog\/wp-json\/wp\/v2\/users\/1"}],"replies":[{"embeddable":true,"href":"https:\/\/barreiropsicologia.com\/blog\/wp-json\/wp\/v2\/comments?post=2745"}],"version-history":[{"count":12,"href":"https:\/\/barreiropsicologia.com\/blog\/wp-json\/wp\/v2\/posts\/2745\/revisions"}],"predecessor-version":[{"id":3567,"href":"https:\/\/barreiropsicologia.com\/blog\/wp-json\/wp\/v2\/posts\/2745\/revisions\/3567"}],"wp:featuredmedia":[{"embeddable":true,"href":"https:\/\/barreiropsicologia.com\/blog\/wp-json\/wp\/v2\/media\/2751"}],"wp:attachment":[{"href":"https:\/\/barreiropsicologia.com\/blog\/wp-json\/wp\/v2\/media?parent=2745"}],"wp:term":[{"taxonomy":"category","embeddable":true,"href":"https:\/\/barreiropsicologia.com\/blog\/wp-json\/wp\/v2\/categories?post=2745"},{"taxonomy":"post_tag","embeddable":true,"href":"https:\/\/barreiropsicologia.com\/blog\/wp-json\/wp\/v2\/tags?post=2745"}],"curies":[{"name":"wp","href":"https:\/\/api.w.org\/{rel}","templated":true}]}}