{"id":2872,"date":"2020-12-11T16:09:40","date_gmt":"2020-12-11T15:09:40","guid":{"rendered":"https:\/\/barreiropsicologia.com\/blog\/?p=2872"},"modified":"2026-03-26T21:21:39","modified_gmt":"2026-03-26T20:21:39","slug":"3-consejos-contra-el-miedo-generado-por-el-coronavirus","status":"publish","type":"post","link":"https:\/\/barreiropsicologia.com\/blog\/3-consejos-contra-el-miedo-generado-por-el-coronavirus\/","title":{"rendered":"3 consejos contra el miedo generado por el coronavirus"},"content":{"rendered":"<p>En el programa del Hoy por hoy Salamanca en <a href=\"https:\/\/cadenaser.com\/emisora\/radio_salamanca\/\">Radio Salamanca<\/a> de la Cadena SER, hablamos sobre <span style=\"color: #000000;\"><strong>el miedo<\/strong><\/span> en general y <span style=\"color: #ff6600;\">el miedo generado por el coronavirus<\/span>.<\/p>\n<blockquote><p><em>Enlace al audio del programa al final del art\u00edculo, <a href=\"https:\/\/barreiropsicologia.com\/blog\/3-consejos-contra-el-miedo-generado-por-el-coronavirus\/#1\">ir al audio<\/a>.<\/em><\/p><\/blockquote>\n<h2>Qu\u00e9 es el miedo<\/h2>\n<p><strong>El miedo<\/strong> es una <a href=\"https:\/\/barreiropsicologia.com\/blog\/las-emociones-tipos-y-funciones\/\">emoci\u00f3n b\u00e1sica<\/a> que nos sirve para protegernos de un posible peligro.<\/p>\n<p>Nuestra <strong>am\u00edgdala cerebral<\/strong> env\u00eda una serie de ordenes qu\u00edmicas que nos hacen reaccionar poni\u00e9ndonos en un estado de alerta que nos prepara para protegernos ante un posible peligro.<\/p>\n<p>Existe un <strong>miedo asociado a la cultura<\/strong>, como el miedo a morir o el miedo al rid\u00edculo, o a otras circunstancias humanas, como lo que puede estar ocurriendo con la situaci\u00f3n provocada por el COVID ya que de trata de una situaci\u00f3n novedosa y extra\u00f1a.<\/p>\n<p>En esta situaci\u00f3n pueden aparecer <strong>nuevos miedos<\/strong> que antes no ten\u00edamos derivados de la situaci\u00f3n por exceso de <strong>noticias<\/strong> o estar inundados de noticias err\u00f3neas, o acentuarse miedos anteriores como miedos a relaciones sociales&#8230; El miedo se puede usar tambi\u00e9n para dirigir grandes masas.<\/p>\n<p>De esta circunstancia puede aparecer el <strong>miedo generado por el coronavirus<\/strong>.<\/p>\n<h2>\u00bfA qu\u00e9 se debe el miedo generado por el coronavirus?<\/h2>\n<p>El miedo generado por el coronavirus pueden ser por el <strong>miedo al contagio propio<\/strong> o a contagiar a otros, el miedo derivado de la <strong>crisis econ\u00f3mica<\/strong>, miedo por la <strong>falta de control<\/strong> ante las conductas de otros, miedo a <strong>salir de casa<\/strong> y enfrentarse a la <strong>vida social y laboral anterior<\/strong>, o a la nueva y extra\u00f1a normalidad (<a href=\"https:\/\/barreiropsicologia.com\/blog\/el-sindrome-de-la-cabana-y-como-superarlo\/\"><strong>s\u00edndrome caba\u00f1a<\/strong><\/a>). Miedo a estar en <strong>lugares p\u00fablicos<\/strong> como las piscinas o el transporte p\u00fablico, o asistir a eventos populares.<\/p>\n<p><img loading=\"lazy\" decoding=\"async\" class=\"size-medium wp-image-2879 alignright\" src=\"https:\/\/barreiropsicologia.com\/blog\/wp-content\/uploads\/2020\/08\/miedo-post-300x200.jpg\" alt=\"miedo generado por el coronavirus\" width=\"300\" height=\"200\" srcset=\"https:\/\/barreiropsicologia.com\/blog\/wp-content\/uploads\/2020\/08\/miedo-post-300x200.jpg 300w, https:\/\/barreiropsicologia.com\/blog\/wp-content\/uploads\/2020\/08\/miedo-post.jpg 626w\" sizes=\"auto, (max-width: 300px) 100vw, 300px\" \/><\/p>\n<p>El miedo en su justa medida <strong>es adecuado<\/strong>, ya que como emoci\u00f3n es adaptativo, pero el miedo en exceso nos lleva a <strong>cometer errores,<\/strong> o a no reaccionar adecuadamente.<\/p>\n<p>Normalmente <strong>la imaginaci\u00f3n<\/strong> se al\u00eda con el miedo exagerando la realidad y llev\u00e1ndonos a interpretar las se\u00f1ales normales como peligrosas o bien exagerando las que realmente son peligrosas.<\/p>\n<p>El miedo no nos permite pensar con claridad, lo que provoca que actuemos de maneras poco adaptativas, como qued\u00e1ndonos parados o bloqueados, o tomando malas decisiones.<\/p>\n<h2>3 Consejos para actuar contra miedo generado por el coronavirus<\/h2>\n<ol>\n<li><a href=\"https:\/\/barreiropsicologia.com\/blog\/gestion-emocional-en-el-confinamiento\/\"><strong>Descubrir y entender<\/strong><\/a> el origen del miedo para gestionarlo mejor. Si sabes de d\u00f3nde viene y qu\u00e9 tipo de miedo es, te va a resultar m\u00e1s facil enfrentarlo o prepararte para hacerlo.<\/li>\n<li><strong>Planificar de menor a mayor<\/strong> lo que nos da miedo y preparar la forma de enfrentar los diferentes niveles.<\/li>\n<li><strong>Cambiar miedo por prudencia<\/strong>, lo cual nos permite actuar sobre lo que podemos controlar y nos permite poner en marcha conductas m\u00e1s adecuadas que nos llevan a enfrentar la realidad.<\/li>\n<\/ol>\n<hr \/>\n<blockquote id=\"1\"><p>Escucha el audio del programa a partir del minuto 22\u00b4 pinchando <a href=\"https:\/\/play.cadenaser.com\/audio\/1592914065_672996\/\" target=\"_blank\" rel=\"noopener noreferrer\">aqu\u00ed<\/a>!<\/p><\/blockquote>\n<hr \/>\n<p><strong>Te pueden interesar los siguientes art\u00edculos relacionados:<\/strong><\/p>\n<ul>\n<li><a href=\"https:\/\/barreiropsicologia.com\/blog\/consecuencias-psicologicas-en-el-personal-sanitario-y-el-trastorno-de-estres-postraumatico\/\">Consecuencias psicol\u00f3gicas en el personal sanitario<\/a><\/li>\n<li><a href=\"https:\/\/barreiropsicologia.com\/blog\/como-gestionar-la-frustracion-ante-la-nueva-normalidad\/\">C\u00f3mo gestionar la frustraci\u00f3n<\/a><\/li>\n<li><a href=\"https:\/\/barreiropsicologia.com\/blog\/consecuencias-psicologicas-del-confinamiento\/\">Consecuencias psicol\u00f3gicas del confinamiento<\/a><\/li>\n<li><a href=\"https:\/\/barreiropsicologia.com\/blog\/gestion-emocional-en-el-confinamiento\/\">Gesti\u00f3n emocional en el confinamiento<\/a><\/li>\n<\/ul>\n","protected":false},"excerpt":{"rendered":"<p>En el programa del Hoy por hoy Salamanca en Radio Salamanca de la Cadena SER, hablamos sobre el miedo en general y el miedo generado por el coronavirus. Enlace al audio del programa al final del art\u00edculo, ir al audio.&#46;&#46;&#46;<\/p>\n","protected":false},"author":1,"featured_media":2878,"comment_status":"open","ping_status":"open","sticky":false,"template":"","format":"standard","meta":{"footnotes":""},"categories":[798],"tags":[630,471],"class_list":["post-2872","post","type-post","status-publish","format-standard","has-post-thumbnail","hentry","category-ansiedad","tag-covid_19","tag-miedo"],"yoast_head":"<!-- This site is optimized with the Yoast SEO plugin v27.3 - https:\/\/yoast.com\/product\/yoast-seo-wordpress\/ -->\n<title>3 consejos contra el miedo generado por el coronavirus - Barreiro Psicolog\u00eda Blog<\/title>\n<meta name=\"description\" content=\"Descubre 3 consejos para superar el miedo generado por el coronavirus y conoce los motivos por los cuales aparece y sus consecuencias.\" \/>\n<meta name=\"robots\" content=\"index, follow, max-snippet:-1, max-image-preview:large, max-video-preview:-1\" \/>\n<link rel=\"canonical\" href=\"https:\/\/barreiropsicologia.com\/blog\/3-consejos-contra-el-miedo-generado-por-el-coronavirus\/\" \/>\n<meta property=\"og:locale\" content=\"es_ES\" \/>\n<meta property=\"og:type\" content=\"article\" \/>\n<meta property=\"og:title\" content=\"3 consejos contra el miedo generado por el coronavirus - Barreiro Psicolog\u00eda Blog\" \/>\n<meta property=\"og:description\" content=\"Descubre 3 consejos para superar el miedo generado por el coronavirus y conoce los motivos por los cuales aparece y sus consecuencias.\" \/>\n<meta property=\"og:url\" content=\"https:\/\/barreiropsicologia.com\/blog\/3-consejos-contra-el-miedo-generado-por-el-coronavirus\/\" \/>\n<meta property=\"og:site_name\" content=\"Blog de psicolog\u00eda\" \/>\n<meta property=\"article:publisher\" content=\"https:\/\/www.facebook.com\/psicologossalamanca\/\" \/>\n<meta property=\"article:author\" content=\"https:\/\/www.facebook.com\/psicologossalamanca\/\" \/>\n<meta property=\"article:published_time\" content=\"2020-12-11T15:09:40+00:00\" \/>\n<meta property=\"article:modified_time\" content=\"2026-03-26T20:21:39+00:00\" \/>\n<meta property=\"og:image\" content=\"https:\/\/barreiropsicologia.com\/blog\/wp-content\/uploads\/2020\/08\/miedo-coronavirus.jpg\" \/>\n\t<meta property=\"og:image:width\" content=\"626\" \/>\n\t<meta property=\"og:image:height\" content=\"416\" \/>\n\t<meta property=\"og:image:type\" content=\"image\/jpeg\" \/>\n<meta name=\"author\" content=\"Javier Barreiro\" \/>\n<meta name=\"twitter:card\" content=\"summary_large_image\" \/>\n<meta name=\"twitter:creator\" content=\"@Barreiro.javier@hotmail.com\" \/>\n<meta name=\"twitter:site\" content=\"@Barreiro_Psi\" \/>\n<meta name=\"twitter:label1\" content=\"Escrito por\" \/>\n\t<meta name=\"twitter:data1\" content=\"Javier Barreiro\" \/>\n\t<meta name=\"twitter:label2\" content=\"Tiempo de lectura\" \/>\n\t<meta name=\"twitter:data2\" content=\"3 minutos\" \/>\n<script type=\"application\/ld+json\" class=\"yoast-schema-graph\">{\"@context\":\"https:\\\/\\\/schema.org\",\"@graph\":[{\"@type\":\"Article\",\"@id\":\"https:\\\/\\\/barreiropsicologia.com\\\/blog\\\/3-consejos-contra-el-miedo-generado-por-el-coronavirus\\\/#article\",\"isPartOf\":{\"@id\":\"https:\\\/\\\/barreiropsicologia.com\\\/blog\\\/3-consejos-contra-el-miedo-generado-por-el-coronavirus\\\/\"},\"author\":{\"name\":\"Javier Barreiro\",\"@id\":\"https:\\\/\\\/barreiropsicologia.com\\\/blog\\\/#\\\/schema\\\/person\\\/6068f8a0ae30566e1100f91905ead263\"},\"headline\":\"3 consejos contra el miedo generado por el coronavirus\",\"datePublished\":\"2020-12-11T15:09:40+00:00\",\"dateModified\":\"2026-03-26T20:21:39+00:00\",\"mainEntityOfPage\":{\"@id\":\"https:\\\/\\\/barreiropsicologia.com\\\/blog\\\/3-consejos-contra-el-miedo-generado-por-el-coronavirus\\\/\"},\"wordCount\":530,\"commentCount\":0,\"image\":{\"@id\":\"https:\\\/\\\/barreiropsicologia.com\\\/blog\\\/3-consejos-contra-el-miedo-generado-por-el-coronavirus\\\/#primaryimage\"},\"thumbnailUrl\":\"https:\\\/\\\/barreiropsicologia.com\\\/blog\\\/wp-content\\\/uploads\\\/2020\\\/08\\\/miedo-coronavirus.jpg\",\"keywords\":[\"covid_19\",\"miedo\"],\"articleSection\":[\"Ansiedad\"],\"inLanguage\":\"es\",\"potentialAction\":[{\"@type\":\"CommentAction\",\"name\":\"Comment\",\"target\":[\"https:\\\/\\\/barreiropsicologia.com\\\/blog\\\/3-consejos-contra-el-miedo-generado-por-el-coronavirus\\\/#respond\"]}]},{\"@type\":\"WebPage\",\"@id\":\"https:\\\/\\\/barreiropsicologia.com\\\/blog\\\/3-consejos-contra-el-miedo-generado-por-el-coronavirus\\\/\",\"url\":\"https:\\\/\\\/barreiropsicologia.com\\\/blog\\\/3-consejos-contra-el-miedo-generado-por-el-coronavirus\\\/\",\"name\":\"3 consejos contra el miedo generado por el coronavirus - Barreiro Psicolog\u00eda Blog\",\"isPartOf\":{\"@id\":\"https:\\\/\\\/barreiropsicologia.com\\\/blog\\\/#website\"},\"primaryImageOfPage\":{\"@id\":\"https:\\\/\\\/barreiropsicologia.com\\\/blog\\\/3-consejos-contra-el-miedo-generado-por-el-coronavirus\\\/#primaryimage\"},\"image\":{\"@id\":\"https:\\\/\\\/barreiropsicologia.com\\\/blog\\\/3-consejos-contra-el-miedo-generado-por-el-coronavirus\\\/#primaryimage\"},\"thumbnailUrl\":\"https:\\\/\\\/barreiropsicologia.com\\\/blog\\\/wp-content\\\/uploads\\\/2020\\\/08\\\/miedo-coronavirus.jpg\",\"datePublished\":\"2020-12-11T15:09:40+00:00\",\"dateModified\":\"2026-03-26T20:21:39+00:00\",\"author\":{\"@id\":\"https:\\\/\\\/barreiropsicologia.com\\\/blog\\\/#\\\/schema\\\/person\\\/6068f8a0ae30566e1100f91905ead263\"},\"description\":\"Descubre 3 consejos para superar el miedo generado por el coronavirus y conoce los motivos por los cuales aparece y sus consecuencias.\",\"breadcrumb\":{\"@id\":\"https:\\\/\\\/barreiropsicologia.com\\\/blog\\\/3-consejos-contra-el-miedo-generado-por-el-coronavirus\\\/#breadcrumb\"},\"inLanguage\":\"es\",\"potentialAction\":[{\"@type\":\"ReadAction\",\"target\":[\"https:\\\/\\\/barreiropsicologia.com\\\/blog\\\/3-consejos-contra-el-miedo-generado-por-el-coronavirus\\\/\"]}]},{\"@type\":\"ImageObject\",\"inLanguage\":\"es\",\"@id\":\"https:\\\/\\\/barreiropsicologia.com\\\/blog\\\/3-consejos-contra-el-miedo-generado-por-el-coronavirus\\\/#primaryimage\",\"url\":\"https:\\\/\\\/barreiropsicologia.com\\\/blog\\\/wp-content\\\/uploads\\\/2020\\\/08\\\/miedo-coronavirus.jpg\",\"contentUrl\":\"https:\\\/\\\/barreiropsicologia.com\\\/blog\\\/wp-content\\\/uploads\\\/2020\\\/08\\\/miedo-coronavirus.jpg\",\"width\":626,\"height\":416,\"caption\":\"miedo generado por el coronavirus\"},{\"@type\":\"BreadcrumbList\",\"@id\":\"https:\\\/\\\/barreiropsicologia.com\\\/blog\\\/3-consejos-contra-el-miedo-generado-por-el-coronavirus\\\/#breadcrumb\",\"itemListElement\":[{\"@type\":\"ListItem\",\"position\":1,\"name\":\"Portada\",\"item\":\"https:\\\/\\\/barreiropsicologia.com\\\/blog\\\/\"},{\"@type\":\"ListItem\",\"position\":2,\"name\":\"3 consejos contra el miedo generado por el coronavirus\"}]},{\"@type\":\"WebSite\",\"@id\":\"https:\\\/\\\/barreiropsicologia.com\\\/blog\\\/#website\",\"url\":\"https:\\\/\\\/barreiropsicologia.com\\\/blog\\\/\",\"name\":\"Blog de psicolog\u00eda\",\"description\":\"Barreiro Psicolog\u00eda Blog\",\"potentialAction\":[{\"@type\":\"SearchAction\",\"target\":{\"@type\":\"EntryPoint\",\"urlTemplate\":\"https:\\\/\\\/barreiropsicologia.com\\\/blog\\\/?s={search_term_string}\"},\"query-input\":{\"@type\":\"PropertyValueSpecification\",\"valueRequired\":true,\"valueName\":\"search_term_string\"}}],\"inLanguage\":\"es\"},{\"@type\":\"Person\",\"@id\":\"https:\\\/\\\/barreiropsicologia.com\\\/blog\\\/#\\\/schema\\\/person\\\/6068f8a0ae30566e1100f91905ead263\",\"name\":\"Javier Barreiro\",\"image\":{\"@type\":\"ImageObject\",\"inLanguage\":\"es\",\"@id\":\"https:\\\/\\\/secure.gravatar.com\\\/avatar\\\/ba2dc692a18d0909a9544d2d12c67449129af0c5441c8732f319a1ae7ae701b0?s=96&d=mm&r=g\",\"url\":\"https:\\\/\\\/secure.gravatar.com\\\/avatar\\\/ba2dc692a18d0909a9544d2d12c67449129af0c5441c8732f319a1ae7ae701b0?s=96&d=mm&r=g\",\"contentUrl\":\"https:\\\/\\\/secure.gravatar.com\\\/avatar\\\/ba2dc692a18d0909a9544d2d12c67449129af0c5441c8732f319a1ae7ae701b0?s=96&d=mm&r=g\",\"caption\":\"Javier Barreiro\"},\"description\":\"Javier Barreiro Santamarta es Licenciado en Psicolog\u00eda por la Universidad de Salamanca, Psic\u00f3logo General Sanitario en Salamanca colegiado n\u00ba CL-3735. M\u00e1ster en Psicolog\u00eda Cl\u00ednica cognitivo-conductual, M\u00e1ster en Terapia Breve Centrada en Soluciones y M\u00e1ster en Recursos Humanos.\",\"sameAs\":[\"https:\\\/\\\/www.facebook.com\\\/psicologossalamanca\\\/\",\"https:\\\/\\\/www.instagram.com\\\/barreiro.psi\",\"https:\\\/\\\/ar.linkedin.com\\\/in\\\/javier-barreiro-santamarta-9183b962\",\"https:\\\/\\\/x.com\\\/Barreiro.javier@hotmail.com\"],\"url\":\"https:\\\/\\\/barreiropsicologia.com\\\/blog\\\/author\\\/javier_barreiro\\\/\"}]}<\/script>\n<!-- \/ Yoast SEO plugin. -->","yoast_head_json":{"title":"3 consejos contra el miedo generado por el coronavirus - Barreiro Psicolog\u00eda Blog","description":"Descubre 3 consejos para superar el miedo generado por el coronavirus y conoce los motivos por los cuales aparece y sus consecuencias.","robots":{"index":"index","follow":"follow","max-snippet":"max-snippet:-1","max-image-preview":"max-image-preview:large","max-video-preview":"max-video-preview:-1"},"canonical":"https:\/\/barreiropsicologia.com\/blog\/3-consejos-contra-el-miedo-generado-por-el-coronavirus\/","og_locale":"es_ES","og_type":"article","og_title":"3 consejos contra el miedo generado por el coronavirus - Barreiro Psicolog\u00eda Blog","og_description":"Descubre 3 consejos para superar el miedo generado por el coronavirus y conoce los motivos por los cuales aparece y sus consecuencias.","og_url":"https:\/\/barreiropsicologia.com\/blog\/3-consejos-contra-el-miedo-generado-por-el-coronavirus\/","og_site_name":"Blog de psicolog\u00eda","article_publisher":"https:\/\/www.facebook.com\/psicologossalamanca\/","article_author":"https:\/\/www.facebook.com\/psicologossalamanca\/","article_published_time":"2020-12-11T15:09:40+00:00","article_modified_time":"2026-03-26T20:21:39+00:00","og_image":[{"width":626,"height":416,"url":"https:\/\/barreiropsicologia.com\/blog\/wp-content\/uploads\/2020\/08\/miedo-coronavirus.jpg","type":"image\/jpeg"}],"author":"Javier Barreiro","twitter_card":"summary_large_image","twitter_creator":"@Barreiro.javier@hotmail.com","twitter_site":"@Barreiro_Psi","twitter_misc":{"Escrito por":"Javier Barreiro","Tiempo de lectura":"3 minutos"},"schema":{"@context":"https:\/\/schema.org","@graph":[{"@type":"Article","@id":"https:\/\/barreiropsicologia.com\/blog\/3-consejos-contra-el-miedo-generado-por-el-coronavirus\/#article","isPartOf":{"@id":"https:\/\/barreiropsicologia.com\/blog\/3-consejos-contra-el-miedo-generado-por-el-coronavirus\/"},"author":{"name":"Javier Barreiro","@id":"https:\/\/barreiropsicologia.com\/blog\/#\/schema\/person\/6068f8a0ae30566e1100f91905ead263"},"headline":"3 consejos contra el miedo generado por el coronavirus","datePublished":"2020-12-11T15:09:40+00:00","dateModified":"2026-03-26T20:21:39+00:00","mainEntityOfPage":{"@id":"https:\/\/barreiropsicologia.com\/blog\/3-consejos-contra-el-miedo-generado-por-el-coronavirus\/"},"wordCount":530,"commentCount":0,"image":{"@id":"https:\/\/barreiropsicologia.com\/blog\/3-consejos-contra-el-miedo-generado-por-el-coronavirus\/#primaryimage"},"thumbnailUrl":"https:\/\/barreiropsicologia.com\/blog\/wp-content\/uploads\/2020\/08\/miedo-coronavirus.jpg","keywords":["covid_19","miedo"],"articleSection":["Ansiedad"],"inLanguage":"es","potentialAction":[{"@type":"CommentAction","name":"Comment","target":["https:\/\/barreiropsicologia.com\/blog\/3-consejos-contra-el-miedo-generado-por-el-coronavirus\/#respond"]}]},{"@type":"WebPage","@id":"https:\/\/barreiropsicologia.com\/blog\/3-consejos-contra-el-miedo-generado-por-el-coronavirus\/","url":"https:\/\/barreiropsicologia.com\/blog\/3-consejos-contra-el-miedo-generado-por-el-coronavirus\/","name":"3 consejos contra el miedo generado por el coronavirus - Barreiro Psicolog\u00eda Blog","isPartOf":{"@id":"https:\/\/barreiropsicologia.com\/blog\/#website"},"primaryImageOfPage":{"@id":"https:\/\/barreiropsicologia.com\/blog\/3-consejos-contra-el-miedo-generado-por-el-coronavirus\/#primaryimage"},"image":{"@id":"https:\/\/barreiropsicologia.com\/blog\/3-consejos-contra-el-miedo-generado-por-el-coronavirus\/#primaryimage"},"thumbnailUrl":"https:\/\/barreiropsicologia.com\/blog\/wp-content\/uploads\/2020\/08\/miedo-coronavirus.jpg","datePublished":"2020-12-11T15:09:40+00:00","dateModified":"2026-03-26T20:21:39+00:00","author":{"@id":"https:\/\/barreiropsicologia.com\/blog\/#\/schema\/person\/6068f8a0ae30566e1100f91905ead263"},"description":"Descubre 3 consejos para superar el miedo generado por el coronavirus y conoce los motivos por los cuales aparece y sus consecuencias.","breadcrumb":{"@id":"https:\/\/barreiropsicologia.com\/blog\/3-consejos-contra-el-miedo-generado-por-el-coronavirus\/#breadcrumb"},"inLanguage":"es","potentialAction":[{"@type":"ReadAction","target":["https:\/\/barreiropsicologia.com\/blog\/3-consejos-contra-el-miedo-generado-por-el-coronavirus\/"]}]},{"@type":"ImageObject","inLanguage":"es","@id":"https:\/\/barreiropsicologia.com\/blog\/3-consejos-contra-el-miedo-generado-por-el-coronavirus\/#primaryimage","url":"https:\/\/barreiropsicologia.com\/blog\/wp-content\/uploads\/2020\/08\/miedo-coronavirus.jpg","contentUrl":"https:\/\/barreiropsicologia.com\/blog\/wp-content\/uploads\/2020\/08\/miedo-coronavirus.jpg","width":626,"height":416,"caption":"miedo generado por el coronavirus"},{"@type":"BreadcrumbList","@id":"https:\/\/barreiropsicologia.com\/blog\/3-consejos-contra-el-miedo-generado-por-el-coronavirus\/#breadcrumb","itemListElement":[{"@type":"ListItem","position":1,"name":"Portada","item":"https:\/\/barreiropsicologia.com\/blog\/"},{"@type":"ListItem","position":2,"name":"3 consejos contra el miedo generado por el coronavirus"}]},{"@type":"WebSite","@id":"https:\/\/barreiropsicologia.com\/blog\/#website","url":"https:\/\/barreiropsicologia.com\/blog\/","name":"Blog de psicolog\u00eda","description":"Barreiro Psicolog\u00eda Blog","potentialAction":[{"@type":"SearchAction","target":{"@type":"EntryPoint","urlTemplate":"https:\/\/barreiropsicologia.com\/blog\/?s={search_term_string}"},"query-input":{"@type":"PropertyValueSpecification","valueRequired":true,"valueName":"search_term_string"}}],"inLanguage":"es"},{"@type":"Person","@id":"https:\/\/barreiropsicologia.com\/blog\/#\/schema\/person\/6068f8a0ae30566e1100f91905ead263","name":"Javier Barreiro","image":{"@type":"ImageObject","inLanguage":"es","@id":"https:\/\/secure.gravatar.com\/avatar\/ba2dc692a18d0909a9544d2d12c67449129af0c5441c8732f319a1ae7ae701b0?s=96&d=mm&r=g","url":"https:\/\/secure.gravatar.com\/avatar\/ba2dc692a18d0909a9544d2d12c67449129af0c5441c8732f319a1ae7ae701b0?s=96&d=mm&r=g","contentUrl":"https:\/\/secure.gravatar.com\/avatar\/ba2dc692a18d0909a9544d2d12c67449129af0c5441c8732f319a1ae7ae701b0?s=96&d=mm&r=g","caption":"Javier Barreiro"},"description":"Javier Barreiro Santamarta es Licenciado en Psicolog\u00eda por la Universidad de Salamanca, Psic\u00f3logo General Sanitario en Salamanca colegiado n\u00ba CL-3735. M\u00e1ster en Psicolog\u00eda Cl\u00ednica cognitivo-conductual, M\u00e1ster en Terapia Breve Centrada en Soluciones y M\u00e1ster en Recursos Humanos.","sameAs":["https:\/\/www.facebook.com\/psicologossalamanca\/","https:\/\/www.instagram.com\/barreiro.psi","https:\/\/ar.linkedin.com\/in\/javier-barreiro-santamarta-9183b962","https:\/\/x.com\/Barreiro.javier@hotmail.com"],"url":"https:\/\/barreiropsicologia.com\/blog\/author\/javier_barreiro\/"}]}},"_links":{"self":[{"href":"https:\/\/barreiropsicologia.com\/blog\/wp-json\/wp\/v2\/posts\/2872","targetHints":{"allow":["GET"]}}],"collection":[{"href":"https:\/\/barreiropsicologia.com\/blog\/wp-json\/wp\/v2\/posts"}],"about":[{"href":"https:\/\/barreiropsicologia.com\/blog\/wp-json\/wp\/v2\/types\/post"}],"author":[{"embeddable":true,"href":"https:\/\/barreiropsicologia.com\/blog\/wp-json\/wp\/v2\/users\/1"}],"replies":[{"embeddable":true,"href":"https:\/\/barreiropsicologia.com\/blog\/wp-json\/wp\/v2\/comments?post=2872"}],"version-history":[{"count":11,"href":"https:\/\/barreiropsicologia.com\/blog\/wp-json\/wp\/v2\/posts\/2872\/revisions"}],"predecessor-version":[{"id":3187,"href":"https:\/\/barreiropsicologia.com\/blog\/wp-json\/wp\/v2\/posts\/2872\/revisions\/3187"}],"wp:featuredmedia":[{"embeddable":true,"href":"https:\/\/barreiropsicologia.com\/blog\/wp-json\/wp\/v2\/media\/2878"}],"wp:attachment":[{"href":"https:\/\/barreiropsicologia.com\/blog\/wp-json\/wp\/v2\/media?parent=2872"}],"wp:term":[{"taxonomy":"category","embeddable":true,"href":"https:\/\/barreiropsicologia.com\/blog\/wp-json\/wp\/v2\/categories?post=2872"},{"taxonomy":"post_tag","embeddable":true,"href":"https:\/\/barreiropsicologia.com\/blog\/wp-json\/wp\/v2\/tags?post=2872"}],"curies":[{"name":"wp","href":"https:\/\/api.w.org\/{rel}","templated":true}]}}