{"id":3480,"date":"2021-01-12T17:44:59","date_gmt":"2021-01-12T16:44:59","guid":{"rendered":"https:\/\/barreiropsicologia.com\/blog\/?p=3480"},"modified":"2026-03-27T12:53:20","modified_gmt":"2026-03-27T11:53:20","slug":"fatiga-pandemica","status":"publish","type":"post","link":"https:\/\/barreiropsicologia.com\/blog\/fatiga-pandemica\/","title":{"rendered":"Qu\u00e9 es la fatiga pand\u00e9mica y c\u00f3mo nos afecta"},"content":{"rendered":"<p>En el diario online Salamanca al d\u00eda hablamos de una nueva situaci\u00f3n psicol\u00f3gica que aparece como consecuencia de la Covid_19, <span style=\"color: #ff6600;\">la fatiga pand\u00e9mica<\/span>.<\/p>\n<blockquote><p><em>Enlace a la entrevista del peri\u00f3dico al final del art\u00edculo, <a href=\"https:\/\/barreiropsicologia.com\/blog\/fatiga-pandemica\/#1\">ir al audio<\/a>.<\/em><\/p><\/blockquote>\n<h2>\u00bfQu\u00e9 es la fatiga pand\u00e9mica?<\/h2>\n<p>Se trata de la <span style=\"color: #000000;\"><strong>sensaci\u00f3n de apat\u00eda<\/strong><\/span>, desmotivaci\u00f3n y agotamiento mental que sufren las personas debido al impacto que ha causado el nuevo coronavirus en su vida.<\/p>\n<p>La fatiga pand\u00e9mica <strong>se caracteriza<\/strong> porque la persona que lo sufre comienza a sentirse mentalmente agotado, indefenso, triste, preocupado, frustrado e irritable.<\/p>\n<p>Estas emociones que pueden causar <strong>distintas afecciones<\/strong> como <a href=\"https:\/\/barreiropsicologia.com\/blog\/insomnio-causas-y-consejos\/\">alteraciones del sue\u00f1o<\/a>, cambios en el apetito, adem\u00e1s tambi\u00e9n puede afectar a la atenci\u00f3n y a la concentraci\u00f3n, aumentar los <a href=\"https:\/\/barreiropsicologia.com\/blog\/ansiedad-causas-y-tratamiento\/\">niveles de ansiedad<\/a>, estar m\u00e1s irritable, puede aparecer falta de motivaci\u00f3n para hacer las cosas que a uno le gustan, y querer apartarse de los dem\u00e1s.<\/p>\n<p><img loading=\"lazy\" decoding=\"async\" class=\"size-medium wp-image-3483 alignright\" src=\"https:\/\/barreiropsicologia.com\/blog\/wp-content\/uploads\/2021\/01\/hastio-pandemico-300x200.jpg\" alt=\"fatiga pand\u00e9mica\" width=\"300\" height=\"200\" srcset=\"https:\/\/barreiropsicologia.com\/blog\/wp-content\/uploads\/2021\/01\/hastio-pandemico-300x200.jpg 300w, https:\/\/barreiropsicologia.com\/blog\/wp-content\/uploads\/2021\/01\/hastio-pandemico.jpg 626w\" sizes=\"auto, (max-width: 300px) 100vw, 300px\" \/><\/p>\n<p>Un alto porcentaje de la poblaci\u00f3n sufre una <a href=\"https:\/\/barreiropsicologia.com\/blog\/depresion-causas-tipos-y-tratamientos\/\"><strong>sensaci\u00f3n de hast\u00edo, tristeza y desaz\u00f3n<\/strong><\/a> tras tantos meses de pandemia.<\/p>\n<p>Existe la sensaci\u00f3n de que <strong>hemos perdido los h\u00e1bitos<\/strong> que nos hac\u00edan felices normalmente y tenemos la creencia de que no los vamos a recuperar, adem\u00e1s parece que \u00e9sta tristeza sumado al c\u00famulo de estr\u00e9s hace que nos veamos incapaces de gestionarlo.<\/p>\n<p>Cuanto m\u00e1s fatiga hay, m\u00e1s cansancio, agotamiento y tambi\u00e9n m\u00e1s emociones negativas o desagradables.<\/p>\n<p>El hecho de estar m\u00e1s irritables nos va a afectar en diferentes \u00e1reas, tanto laboralmente, c\u00f3mo con al familia, amigos o con la pareja.<\/p>\n<h2>\u00bfCu\u00e1les son las principales causas?<\/h2>\n<p>Podemos pensar en diferentes <strong>causas<\/strong> que originan \u00e9sta fatiga pand\u00e9mica, por ejemplo los cambios en el estilo de vida relacionados con la cuarentena, la <strong>ansiedad<\/strong> producida por el miedo a contagiarse, las constantes <strong>noticias negativas<\/strong> relacionadas con la enfermedad, el <strong>temor<\/strong> a perder el trabajo, <strong>la soledad<\/strong> debida a la falta de contacto con amigos y familiares, o la sensaci\u00f3n de <strong>desesperanza<\/strong> ya que parece que la situaci\u00f3n no va a tener fin.<\/p>\n<h2>Qu\u00e9 soluciones podemos poner en marcha<\/h2>\n<ul>\n<li><strong>Reconoce tus emociones<\/strong> y perm\u00edtete expresarlas.<\/li>\n<li><strong>Retoma esos recursos<\/strong> que te funcionaron en su momento y que te pueden volver funcionar ahora tambi\u00e9n.<\/li>\n<li><strong>Proponte rutinas<\/strong> y mant\u00e9n los cuidados personales sobre la salud, el deporte que ayuda a desestresar, y una buena alimentaci\u00f3n.<\/li>\n<li><strong>Ad\u00e1ptate a la situaci\u00f3n<\/strong> acept\u00e1ndola y no luchando contra algo contra los que no puedes controlar.<\/li>\n<li><strong>Acude a <a href=\"https:\/\/barreiropsicologia.com\/quien-soy\/\">profesionales<\/a><\/strong> de la salud mental para aprender a gestionar la ansiedad y el estr\u00e9s.<\/li>\n<li><strong>Comparte tus experiencias<\/strong> y tus emociones con tus apoyos sociales como amigos y familiares.<\/li>\n<\/ul>\n<hr>\n<blockquote id=\"1\"><p>Lee el art\u00edculo del diario <a href=\"https:\/\/salamancartvaldia.es\/\">Salamanca al d\u00eda<\/a> pinchando <a href=\"https:\/\/salamancartvaldia.es\/not\/251754\/fatiga-pandemica-hace-nos-sintamos-mas-tristes-preocupados-nbsp\/\" target=\"_blank\" rel=\"noopener noreferrer\">aqu\u00ed<\/a>!<\/p><\/blockquote>\n<hr>\n<p><strong>Tambi\u00e9n te pueden interesar los art\u00edculos:<\/strong><\/p>\n<ul>\n<li><a href=\"https:\/\/barreiropsicologia.com\/blog\/gestion-emocional-en-el-confinamiento\/\">Gesti\u00f3n emocional en el confinamiento<\/a><\/li>\n<li><a href=\"https:\/\/barreiropsicologia.com\/blog\/consecuencias-psicologicas-del-confinamiento\/\">Consecuencias psicol\u00f3gicas del confinamiento<\/a><\/li>\n<li><a href=\"https:\/\/barreiropsicologia.com\/blog\/como-gestionar-la-frustracion-ante-la-nueva-normalidad\/\">C\u00f3mo gestional la frustraci\u00f3n ante la nueva normalidad<\/a><\/li>\n<\/ul>\n","protected":false},"excerpt":{"rendered":"<p>En el diario online Salamanca al d\u00eda hablamos de una nueva situaci\u00f3n psicol\u00f3gica que aparece como consecuencia de la Covid_19, la fatiga pand\u00e9mica. Enlace a la entrevista del peri\u00f3dico al final del art\u00edculo, ir al audio. \u00bfQu\u00e9 es la fatiga&#46;&#46;&#46;<\/p>\n","protected":false},"author":1,"featured_media":3481,"comment_status":"open","ping_status":"open","sticky":false,"template":"","format":"standard","meta":{"footnotes":""},"categories":[801],"tags":[630,696,700],"class_list":["post-3480","post","type-post","status-publish","format-standard","has-post-thumbnail","hentry","category-entorno-salud-mental","tag-covid_19","tag-emociones","tag-tecnicas-y-herramientas"],"yoast_head":"<!-- This site is optimized with the Yoast SEO plugin v27.3 - https:\/\/yoast.com\/product\/yoast-seo-wordpress\/ -->\n<title>Qu\u00e9 es la fatiga pand\u00e9mica y c\u00f3mo nos afecta - Barreiro Psicolog\u00eda Blog<\/title>\n<meta name=\"description\" content=\"La fatiga pand\u00e9mica nos hace sentir m\u00e1s tristes, preocupados y que nos aislemos. \u00bfCrees que te afecta y quieres librarte de ella? Lee el post\" \/>\n<meta name=\"robots\" content=\"index, follow, max-snippet:-1, max-image-preview:large, max-video-preview:-1\" \/>\n<link rel=\"canonical\" href=\"https:\/\/barreiropsicologia.com\/blog\/fatiga-pandemica\/\" \/>\n<meta property=\"og:locale\" content=\"es_ES\" \/>\n<meta property=\"og:type\" content=\"article\" \/>\n<meta property=\"og:title\" content=\"Qu\u00e9 es la fatiga pand\u00e9mica y c\u00f3mo nos afecta - Barreiro Psicolog\u00eda Blog\" \/>\n<meta property=\"og:description\" content=\"La fatiga pand\u00e9mica nos hace sentir m\u00e1s tristes, preocupados y que nos aislemos. \u00bfCrees que te afecta y quieres librarte de ella? Lee el post\" \/>\n<meta property=\"og:url\" content=\"https:\/\/barreiropsicologia.com\/blog\/fatiga-pandemica\/\" \/>\n<meta property=\"og:site_name\" content=\"Blog de psicolog\u00eda\" \/>\n<meta property=\"article:publisher\" content=\"https:\/\/www.facebook.com\/psicologossalamanca\/\" \/>\n<meta property=\"article:author\" content=\"https:\/\/www.facebook.com\/psicologossalamanca\/\" \/>\n<meta property=\"article:published_time\" content=\"2021-01-12T16:44:59+00:00\" \/>\n<meta property=\"article:modified_time\" content=\"2026-03-27T11:53:20+00:00\" \/>\n<meta property=\"og:image\" content=\"https:\/\/barreiropsicologia.com\/blog\/wp-content\/uploads\/2021\/01\/fatiga-pandemica.jpg\" \/>\n\t<meta property=\"og:image:width\" content=\"626\" \/>\n\t<meta property=\"og:image:height\" content=\"417\" \/>\n\t<meta property=\"og:image:type\" content=\"image\/jpeg\" \/>\n<meta name=\"author\" content=\"Javier Barreiro\" \/>\n<meta name=\"twitter:card\" content=\"summary_large_image\" \/>\n<meta name=\"twitter:creator\" content=\"@Barreiro.javier@hotmail.com\" \/>\n<meta name=\"twitter:site\" content=\"@Barreiro_Psi\" \/>\n<meta name=\"twitter:label1\" content=\"Escrito por\" \/>\n\t<meta name=\"twitter:data1\" content=\"Javier Barreiro\" \/>\n\t<meta name=\"twitter:label2\" content=\"Tiempo de lectura\" \/>\n\t<meta name=\"twitter:data2\" content=\"3 minutos\" \/>\n<script type=\"application\/ld+json\" class=\"yoast-schema-graph\">{\"@context\":\"https:\\\/\\\/schema.org\",\"@graph\":[{\"@type\":\"Article\",\"@id\":\"https:\\\/\\\/barreiropsicologia.com\\\/blog\\\/fatiga-pandemica\\\/#article\",\"isPartOf\":{\"@id\":\"https:\\\/\\\/barreiropsicologia.com\\\/blog\\\/fatiga-pandemica\\\/\"},\"author\":{\"name\":\"Javier Barreiro\",\"@id\":\"https:\\\/\\\/barreiropsicologia.com\\\/blog\\\/#\\\/schema\\\/person\\\/6068f8a0ae30566e1100f91905ead263\"},\"headline\":\"Qu\u00e9 es la fatiga pand\u00e9mica y c\u00f3mo nos afecta\",\"datePublished\":\"2021-01-12T16:44:59+00:00\",\"dateModified\":\"2026-03-27T11:53:20+00:00\",\"mainEntityOfPage\":{\"@id\":\"https:\\\/\\\/barreiropsicologia.com\\\/blog\\\/fatiga-pandemica\\\/\"},\"wordCount\":515,\"commentCount\":0,\"image\":{\"@id\":\"https:\\\/\\\/barreiropsicologia.com\\\/blog\\\/fatiga-pandemica\\\/#primaryimage\"},\"thumbnailUrl\":\"https:\\\/\\\/barreiropsicologia.com\\\/blog\\\/wp-content\\\/uploads\\\/2021\\\/01\\\/fatiga-pandemica.jpg\",\"keywords\":[\"covid_19\",\"emociones\",\"t\u00e9cnicas y herramientas\"],\"articleSection\":[\"Entorno y salud mental\"],\"inLanguage\":\"es\",\"potentialAction\":[{\"@type\":\"CommentAction\",\"name\":\"Comment\",\"target\":[\"https:\\\/\\\/barreiropsicologia.com\\\/blog\\\/fatiga-pandemica\\\/#respond\"]}]},{\"@type\":\"WebPage\",\"@id\":\"https:\\\/\\\/barreiropsicologia.com\\\/blog\\\/fatiga-pandemica\\\/\",\"url\":\"https:\\\/\\\/barreiropsicologia.com\\\/blog\\\/fatiga-pandemica\\\/\",\"name\":\"Qu\u00e9 es la fatiga pand\u00e9mica y c\u00f3mo nos afecta - Barreiro Psicolog\u00eda Blog\",\"isPartOf\":{\"@id\":\"https:\\\/\\\/barreiropsicologia.com\\\/blog\\\/#website\"},\"primaryImageOfPage\":{\"@id\":\"https:\\\/\\\/barreiropsicologia.com\\\/blog\\\/fatiga-pandemica\\\/#primaryimage\"},\"image\":{\"@id\":\"https:\\\/\\\/barreiropsicologia.com\\\/blog\\\/fatiga-pandemica\\\/#primaryimage\"},\"thumbnailUrl\":\"https:\\\/\\\/barreiropsicologia.com\\\/blog\\\/wp-content\\\/uploads\\\/2021\\\/01\\\/fatiga-pandemica.jpg\",\"datePublished\":\"2021-01-12T16:44:59+00:00\",\"dateModified\":\"2026-03-27T11:53:20+00:00\",\"author\":{\"@id\":\"https:\\\/\\\/barreiropsicologia.com\\\/blog\\\/#\\\/schema\\\/person\\\/6068f8a0ae30566e1100f91905ead263\"},\"description\":\"La fatiga pand\u00e9mica nos hace sentir m\u00e1s tristes, preocupados y que nos aislemos. \u00bfCrees que te afecta y quieres librarte de ella? Lee el post\",\"breadcrumb\":{\"@id\":\"https:\\\/\\\/barreiropsicologia.com\\\/blog\\\/fatiga-pandemica\\\/#breadcrumb\"},\"inLanguage\":\"es\",\"potentialAction\":[{\"@type\":\"ReadAction\",\"target\":[\"https:\\\/\\\/barreiropsicologia.com\\\/blog\\\/fatiga-pandemica\\\/\"]}]},{\"@type\":\"ImageObject\",\"inLanguage\":\"es\",\"@id\":\"https:\\\/\\\/barreiropsicologia.com\\\/blog\\\/fatiga-pandemica\\\/#primaryimage\",\"url\":\"https:\\\/\\\/barreiropsicologia.com\\\/blog\\\/wp-content\\\/uploads\\\/2021\\\/01\\\/fatiga-pandemica.jpg\",\"contentUrl\":\"https:\\\/\\\/barreiropsicologia.com\\\/blog\\\/wp-content\\\/uploads\\\/2021\\\/01\\\/fatiga-pandemica.jpg\",\"width\":626,\"height\":417,\"caption\":\"fatiga pand\u00e9mica\"},{\"@type\":\"BreadcrumbList\",\"@id\":\"https:\\\/\\\/barreiropsicologia.com\\\/blog\\\/fatiga-pandemica\\\/#breadcrumb\",\"itemListElement\":[{\"@type\":\"ListItem\",\"position\":1,\"name\":\"Portada\",\"item\":\"https:\\\/\\\/barreiropsicologia.com\\\/blog\\\/\"},{\"@type\":\"ListItem\",\"position\":2,\"name\":\"Qu\u00e9 es la fatiga pand\u00e9mica y c\u00f3mo nos afecta\"}]},{\"@type\":\"WebSite\",\"@id\":\"https:\\\/\\\/barreiropsicologia.com\\\/blog\\\/#website\",\"url\":\"https:\\\/\\\/barreiropsicologia.com\\\/blog\\\/\",\"name\":\"Blog de psicolog\u00eda\",\"description\":\"Barreiro Psicolog\u00eda Blog\",\"potentialAction\":[{\"@type\":\"SearchAction\",\"target\":{\"@type\":\"EntryPoint\",\"urlTemplate\":\"https:\\\/\\\/barreiropsicologia.com\\\/blog\\\/?s={search_term_string}\"},\"query-input\":{\"@type\":\"PropertyValueSpecification\",\"valueRequired\":true,\"valueName\":\"search_term_string\"}}],\"inLanguage\":\"es\"},{\"@type\":\"Person\",\"@id\":\"https:\\\/\\\/barreiropsicologia.com\\\/blog\\\/#\\\/schema\\\/person\\\/6068f8a0ae30566e1100f91905ead263\",\"name\":\"Javier Barreiro\",\"image\":{\"@type\":\"ImageObject\",\"inLanguage\":\"es\",\"@id\":\"https:\\\/\\\/secure.gravatar.com\\\/avatar\\\/ba2dc692a18d0909a9544d2d12c67449129af0c5441c8732f319a1ae7ae701b0?s=96&d=mm&r=g\",\"url\":\"https:\\\/\\\/secure.gravatar.com\\\/avatar\\\/ba2dc692a18d0909a9544d2d12c67449129af0c5441c8732f319a1ae7ae701b0?s=96&d=mm&r=g\",\"contentUrl\":\"https:\\\/\\\/secure.gravatar.com\\\/avatar\\\/ba2dc692a18d0909a9544d2d12c67449129af0c5441c8732f319a1ae7ae701b0?s=96&d=mm&r=g\",\"caption\":\"Javier Barreiro\"},\"description\":\"Javier Barreiro Santamarta es Licenciado en Psicolog\u00eda por la Universidad de Salamanca, Psic\u00f3logo General Sanitario en Salamanca colegiado n\u00ba CL-3735. M\u00e1ster en Psicolog\u00eda Cl\u00ednica cognitivo-conductual, M\u00e1ster en Terapia Breve Centrada en Soluciones y M\u00e1ster en Recursos Humanos.\",\"sameAs\":[\"https:\\\/\\\/www.facebook.com\\\/psicologossalamanca\\\/\",\"https:\\\/\\\/www.instagram.com\\\/barreiro.psi\",\"https:\\\/\\\/ar.linkedin.com\\\/in\\\/javier-barreiro-santamarta-9183b962\",\"https:\\\/\\\/x.com\\\/Barreiro.javier@hotmail.com\"],\"url\":\"https:\\\/\\\/barreiropsicologia.com\\\/blog\\\/author\\\/javier_barreiro\\\/\"}]}<\/script>\n<!-- \/ Yoast SEO plugin. -->","yoast_head_json":{"title":"Qu\u00e9 es la fatiga pand\u00e9mica y c\u00f3mo nos afecta - Barreiro Psicolog\u00eda Blog","description":"La fatiga pand\u00e9mica nos hace sentir m\u00e1s tristes, preocupados y que nos aislemos. \u00bfCrees que te afecta y quieres librarte de ella? Lee el post","robots":{"index":"index","follow":"follow","max-snippet":"max-snippet:-1","max-image-preview":"max-image-preview:large","max-video-preview":"max-video-preview:-1"},"canonical":"https:\/\/barreiropsicologia.com\/blog\/fatiga-pandemica\/","og_locale":"es_ES","og_type":"article","og_title":"Qu\u00e9 es la fatiga pand\u00e9mica y c\u00f3mo nos afecta - Barreiro Psicolog\u00eda Blog","og_description":"La fatiga pand\u00e9mica nos hace sentir m\u00e1s tristes, preocupados y que nos aislemos. \u00bfCrees que te afecta y quieres librarte de ella? Lee el post","og_url":"https:\/\/barreiropsicologia.com\/blog\/fatiga-pandemica\/","og_site_name":"Blog de psicolog\u00eda","article_publisher":"https:\/\/www.facebook.com\/psicologossalamanca\/","article_author":"https:\/\/www.facebook.com\/psicologossalamanca\/","article_published_time":"2021-01-12T16:44:59+00:00","article_modified_time":"2026-03-27T11:53:20+00:00","og_image":[{"width":626,"height":417,"url":"https:\/\/barreiropsicologia.com\/blog\/wp-content\/uploads\/2021\/01\/fatiga-pandemica.jpg","type":"image\/jpeg"}],"author":"Javier Barreiro","twitter_card":"summary_large_image","twitter_creator":"@Barreiro.javier@hotmail.com","twitter_site":"@Barreiro_Psi","twitter_misc":{"Escrito por":"Javier Barreiro","Tiempo de lectura":"3 minutos"},"schema":{"@context":"https:\/\/schema.org","@graph":[{"@type":"Article","@id":"https:\/\/barreiropsicologia.com\/blog\/fatiga-pandemica\/#article","isPartOf":{"@id":"https:\/\/barreiropsicologia.com\/blog\/fatiga-pandemica\/"},"author":{"name":"Javier Barreiro","@id":"https:\/\/barreiropsicologia.com\/blog\/#\/schema\/person\/6068f8a0ae30566e1100f91905ead263"},"headline":"Qu\u00e9 es la fatiga pand\u00e9mica y c\u00f3mo nos afecta","datePublished":"2021-01-12T16:44:59+00:00","dateModified":"2026-03-27T11:53:20+00:00","mainEntityOfPage":{"@id":"https:\/\/barreiropsicologia.com\/blog\/fatiga-pandemica\/"},"wordCount":515,"commentCount":0,"image":{"@id":"https:\/\/barreiropsicologia.com\/blog\/fatiga-pandemica\/#primaryimage"},"thumbnailUrl":"https:\/\/barreiropsicologia.com\/blog\/wp-content\/uploads\/2021\/01\/fatiga-pandemica.jpg","keywords":["covid_19","emociones","t\u00e9cnicas y herramientas"],"articleSection":["Entorno y salud mental"],"inLanguage":"es","potentialAction":[{"@type":"CommentAction","name":"Comment","target":["https:\/\/barreiropsicologia.com\/blog\/fatiga-pandemica\/#respond"]}]},{"@type":"WebPage","@id":"https:\/\/barreiropsicologia.com\/blog\/fatiga-pandemica\/","url":"https:\/\/barreiropsicologia.com\/blog\/fatiga-pandemica\/","name":"Qu\u00e9 es la fatiga pand\u00e9mica y c\u00f3mo nos afecta - Barreiro Psicolog\u00eda Blog","isPartOf":{"@id":"https:\/\/barreiropsicologia.com\/blog\/#website"},"primaryImageOfPage":{"@id":"https:\/\/barreiropsicologia.com\/blog\/fatiga-pandemica\/#primaryimage"},"image":{"@id":"https:\/\/barreiropsicologia.com\/blog\/fatiga-pandemica\/#primaryimage"},"thumbnailUrl":"https:\/\/barreiropsicologia.com\/blog\/wp-content\/uploads\/2021\/01\/fatiga-pandemica.jpg","datePublished":"2021-01-12T16:44:59+00:00","dateModified":"2026-03-27T11:53:20+00:00","author":{"@id":"https:\/\/barreiropsicologia.com\/blog\/#\/schema\/person\/6068f8a0ae30566e1100f91905ead263"},"description":"La fatiga pand\u00e9mica nos hace sentir m\u00e1s tristes, preocupados y que nos aislemos. \u00bfCrees que te afecta y quieres librarte de ella? Lee el post","breadcrumb":{"@id":"https:\/\/barreiropsicologia.com\/blog\/fatiga-pandemica\/#breadcrumb"},"inLanguage":"es","potentialAction":[{"@type":"ReadAction","target":["https:\/\/barreiropsicologia.com\/blog\/fatiga-pandemica\/"]}]},{"@type":"ImageObject","inLanguage":"es","@id":"https:\/\/barreiropsicologia.com\/blog\/fatiga-pandemica\/#primaryimage","url":"https:\/\/barreiropsicologia.com\/blog\/wp-content\/uploads\/2021\/01\/fatiga-pandemica.jpg","contentUrl":"https:\/\/barreiropsicologia.com\/blog\/wp-content\/uploads\/2021\/01\/fatiga-pandemica.jpg","width":626,"height":417,"caption":"fatiga pand\u00e9mica"},{"@type":"BreadcrumbList","@id":"https:\/\/barreiropsicologia.com\/blog\/fatiga-pandemica\/#breadcrumb","itemListElement":[{"@type":"ListItem","position":1,"name":"Portada","item":"https:\/\/barreiropsicologia.com\/blog\/"},{"@type":"ListItem","position":2,"name":"Qu\u00e9 es la fatiga pand\u00e9mica y c\u00f3mo nos afecta"}]},{"@type":"WebSite","@id":"https:\/\/barreiropsicologia.com\/blog\/#website","url":"https:\/\/barreiropsicologia.com\/blog\/","name":"Blog de psicolog\u00eda","description":"Barreiro Psicolog\u00eda Blog","potentialAction":[{"@type":"SearchAction","target":{"@type":"EntryPoint","urlTemplate":"https:\/\/barreiropsicologia.com\/blog\/?s={search_term_string}"},"query-input":{"@type":"PropertyValueSpecification","valueRequired":true,"valueName":"search_term_string"}}],"inLanguage":"es"},{"@type":"Person","@id":"https:\/\/barreiropsicologia.com\/blog\/#\/schema\/person\/6068f8a0ae30566e1100f91905ead263","name":"Javier Barreiro","image":{"@type":"ImageObject","inLanguage":"es","@id":"https:\/\/secure.gravatar.com\/avatar\/ba2dc692a18d0909a9544d2d12c67449129af0c5441c8732f319a1ae7ae701b0?s=96&d=mm&r=g","url":"https:\/\/secure.gravatar.com\/avatar\/ba2dc692a18d0909a9544d2d12c67449129af0c5441c8732f319a1ae7ae701b0?s=96&d=mm&r=g","contentUrl":"https:\/\/secure.gravatar.com\/avatar\/ba2dc692a18d0909a9544d2d12c67449129af0c5441c8732f319a1ae7ae701b0?s=96&d=mm&r=g","caption":"Javier Barreiro"},"description":"Javier Barreiro Santamarta es Licenciado en Psicolog\u00eda por la Universidad de Salamanca, Psic\u00f3logo General Sanitario en Salamanca colegiado n\u00ba CL-3735. M\u00e1ster en Psicolog\u00eda Cl\u00ednica cognitivo-conductual, M\u00e1ster en Terapia Breve Centrada en Soluciones y M\u00e1ster en Recursos Humanos.","sameAs":["https:\/\/www.facebook.com\/psicologossalamanca\/","https:\/\/www.instagram.com\/barreiro.psi","https:\/\/ar.linkedin.com\/in\/javier-barreiro-santamarta-9183b962","https:\/\/x.com\/Barreiro.javier@hotmail.com"],"url":"https:\/\/barreiropsicologia.com\/blog\/author\/javier_barreiro\/"}]}},"_links":{"self":[{"href":"https:\/\/barreiropsicologia.com\/blog\/wp-json\/wp\/v2\/posts\/3480","targetHints":{"allow":["GET"]}}],"collection":[{"href":"https:\/\/barreiropsicologia.com\/blog\/wp-json\/wp\/v2\/posts"}],"about":[{"href":"https:\/\/barreiropsicologia.com\/blog\/wp-json\/wp\/v2\/types\/post"}],"author":[{"embeddable":true,"href":"https:\/\/barreiropsicologia.com\/blog\/wp-json\/wp\/v2\/users\/1"}],"replies":[{"embeddable":true,"href":"https:\/\/barreiropsicologia.com\/blog\/wp-json\/wp\/v2\/comments?post=3480"}],"version-history":[{"count":4,"href":"https:\/\/barreiropsicologia.com\/blog\/wp-json\/wp\/v2\/posts\/3480\/revisions"}],"predecessor-version":[{"id":3487,"href":"https:\/\/barreiropsicologia.com\/blog\/wp-json\/wp\/v2\/posts\/3480\/revisions\/3487"}],"wp:featuredmedia":[{"embeddable":true,"href":"https:\/\/barreiropsicologia.com\/blog\/wp-json\/wp\/v2\/media\/3481"}],"wp:attachment":[{"href":"https:\/\/barreiropsicologia.com\/blog\/wp-json\/wp\/v2\/media?parent=3480"}],"wp:term":[{"taxonomy":"category","embeddable":true,"href":"https:\/\/barreiropsicologia.com\/blog\/wp-json\/wp\/v2\/categories?post=3480"},{"taxonomy":"post_tag","embeddable":true,"href":"https:\/\/barreiropsicologia.com\/blog\/wp-json\/wp\/v2\/tags?post=3480"}],"curies":[{"name":"wp","href":"https:\/\/api.w.org\/{rel}","templated":true}]}}