{"id":3488,"date":"2021-02-01T17:03:46","date_gmt":"2021-02-01T16:03:46","guid":{"rendered":"https:\/\/barreiropsicologia.com\/blog\/?p=3488"},"modified":"2026-03-27T13:19:47","modified_gmt":"2026-03-27T12:19:47","slug":"como-afecta-psicologicamente-a-los-ninos-el-confinamiento","status":"publish","type":"post","link":"https:\/\/barreiropsicologia.com\/blog\/como-afecta-psicologicamente-a-los-ninos-el-confinamiento\/","title":{"rendered":"C\u00f3mo afecta psicol\u00f3gicamente a los ni\u00f1os el confinamiento"},"content":{"rendered":"<p align=\"JUSTIFY\">Tanto a los ni\u00f1os, como a los adultos, nos afecta de diferentes formas la pandemia y los confinamientos a nivel psicol\u00f3gico por tanto vamos a resaltar <span style=\"color: #ff6600;\">cuatro emociones que afecta psicol\u00f3gicamente a los ni\u00f1os<\/span> y vamos a exponer c\u00f3mo enfrentarlos, para que podais manejar entre todos lo mejor posible \u00e9sta situaci\u00f3n.<\/p>\n<h2 align=\"JUSTIFY\">Emociones que les afecta psicol\u00f3gicamente a los ni\u00f1os<\/h2>\n<h3 align=\"JUSTIFY\"><span style=\"color: #008080;\">Ansiedad y estr\u00e9s<\/span><\/h3>\n<p align=\"JUSTIFY\"><a href=\"https:\/\/barreiropsicologia.com\/blog\/ansiedad-causas-y-tratamiento\/\">La ansiedad<\/a> es una respuesta de nuestro cerebro ante situaciones que nos pueden resultar nocivas e implica una reacci\u00f3n fisiol\u00f3gica y emocional.<\/p>\n<p align=\"JUSTIFY\"><a href=\"https:\/\/barreiropsicologia.com\/blog\/estres-concepto-y-prevencion\/\">El estr\u00e9s<\/a> es una reacci\u00f3n ante un est\u00edmulo particular que requiere de nosotros un esfuerzo extra y que <strong>se manifiesta<\/strong> como un incremento importante de los niveles de ansiedad, que pueden provocar en el ni\u00f1o comportamientos no habituales como aparici\u00f3n de rabietas, aumento de la frustraci\u00f3n, aburrimiento, etc&#8230; lo que a su vez provoca que se aumente m\u00e1s la ansiedad.<\/p>\n<p align=\"JUSTIFY\">Por tanto ante una situaci\u00f3n estresante como la que estamos viviendo es muy importante que aprendamos a <strong>controlar sus niveles de ansiedad<\/strong>, para que as\u00ed, el pico producido por el estr\u00e9s sea lo menor posible.<\/p>\n<h4 align=\"JUSTIFY\">C\u00f3mo actuar<\/h4>\n<p align=\"JUSTIFY\">Para ello es muy importante <strong>marcar ciertas rutinas<\/strong> que conlleven actividades f\u00edsicas como el deporte o el baile; actividades que impliquen relajaci\u00f3n como practicar t\u00e9cnicas concretas de relajaci\u00f3n, el yoga, o el mindfulness; y todas las actividades l\u00fadicas y de entretenimiento, son fundamentales en \u00e9stos momentos.<\/p>\n<h3 align=\"JUSTIFY\"><span style=\"color: #008080;\">Miedo<\/span><\/h3>\n<p align=\"JUSTIFY\"><a href=\"https:\/\/barreiropsicologia.com\/blog\/3-consejos-contra-el-miedo-generado-por-el-coronavirus\/\">El miedo<\/a> es una emoci\u00f3n que nos hace reaccionar antes una situaci\u00f3n que nos genera inseguridad, ya sea porque la situaci\u00f3n es desconocida para nosotros, o bien porque la situaci\u00f3n que se vive nos ha causado alg\u00fan perjuicio en un momento anterior.<\/p>\n<p align=\"JUSTIFY\">Para ello hay ofrecer una <strong>buena informaci\u00f3n<\/strong> sobre lo que est\u00e1 ocurriendo, siendo sinceros y adaptando el lenguaje para que el ni\u00f1o pueda entender lo que ocurre en funci\u00f3n de sus capacidades y edad.<\/p>\n<h3 align=\"JUSTIFY\"><span style=\"color: #008080;\">Aburrimiento<\/span><\/h3>\n<p align=\"JUSTIFY\">Otro efecto que les puede ocurrir es <strong>el aburrimiento<\/strong>. Al pasar los d\u00edas de forma mon\u00f3tona el \u00e1nimo comienza a decaer y las cosas que antes eran divertidas, dejan de serlo, con lo que cada vez empieza a apetecer hacer menos cosas por el efecto de la desmotivaci\u00f3n.<\/p>\n<p align=\"JUSTIFY\">Para <strong>contrarrestar<\/strong> \u00e9sto es importante el desarrollo de la <strong>creatividad<\/strong>, para poder inventar nuevas actividades para el ni\u00f1o.<\/p>\n<p align=\"JUSTIFY\"><img loading=\"lazy\" decoding=\"async\" class=\"size-medium wp-image-3494 alignright\" src=\"https:\/\/barreiropsicologia.com\/blog\/wp-content\/uploads\/2021\/01\/nina-protegida-prevenir-virus_1098-2494-300x200.jpg\" alt=\"psicol\u00f3gicamente a los ni\u00f1os\" width=\"300\" height=\"200\" srcset=\"https:\/\/barreiropsicologia.com\/blog\/wp-content\/uploads\/2021\/01\/nina-protegida-prevenir-virus_1098-2494-300x200.jpg 300w, https:\/\/barreiropsicologia.com\/blog\/wp-content\/uploads\/2021\/01\/nina-protegida-prevenir-virus_1098-2494.jpg 626w\" sizes=\"auto, (max-width: 300px) 100vw, 300px\" \/><\/p>\n<p align=\"JUSTIFY\">Aumentar el tiempo de juego y<strong> jugar m\u00e1s<\/strong> con ellos les va a permitir estar m\u00e1s relajados.<\/p>\n<p align=\"JUSTIFY\">Tambi\u00e9n se puede utilizar la televisi\u00f3n, los v\u00eddeos de las redes sociales y los videojuegos como <strong>\u201cmal\u201d necesario<\/strong> y de forma controlada, ya que estamos en momentos muy particulares donde se pueden permitir ciertas licencias, que luego se eliminaran en la rutina habitual una vez que pase esta situaci\u00f3n.<\/p>\n<p align=\"JUSTIFY\">El <strong>contacto con amigos<\/strong> y familiares por videoconferencia, es una buena forma de mantener entretenidos a los ni\u00f1os y les aporta tranquilidad y seguridad.<\/p>\n<h3 align=\"JUSTIFY\"><span style=\"color: #008080;\">Frustraci\u00f3n<\/span><\/h3>\n<p align=\"JUSTIFY\"><a href=\"https:\/\/barreiropsicologia.com\/blog\/como-gestionar-la-frustracion-ante-la-nueva-normalidad\/\">La frustraci\u00f3n<\/a> surge cuando se une la ansiedad con alg\u00fan otro de los factores comentados. Para ello es muy importante una buena gesti\u00f3n emocional para controlar c\u00f3mo les afecta psicol\u00f3gicamente a los ni\u00f1os.<\/p>\n<p align=\"JUSTIFY\">Podemos ense\u00f1arles a hacerlo <strong>habl\u00e1ndoles sobre nuestras propias emociones<\/strong> y ayud\u00e1ndoles a identificar las suyas propias, tambi\u00e9n es muy \u00fatil explicar el porqu\u00e9 suceden algunas reacciones, y ense\u00f1arles a distinguir cuales son \u00fatiles y cuales no.<\/p>\n<h2 align=\"JUSTIFY\">A tener en cuenta<\/h2>\n<p align=\"JUSTIFY\">El ejemplo y modelo que ofrecemos los padres en \u00e9stos d\u00edas es fundamental, ya que somos los espejos donde se necesitan reflejar.<\/p>\n<p align=\"JUSTIFY\">As\u00ed que la mejor forma que tenemos de ayudarles es ser nosostros mismos responsables y activos en cuanto nuestra gesti\u00f3n emocional.<\/p>\n<hr \/>\n<p align=\"JUSTIFY\"><strong>Tambi\u00e9n te pueden interesar los art\u00edculos:<\/strong><\/p>\n<ul>\n<li><a href=\"https:\/\/barreiropsicologia.com\/blog\/gestion-emocional-en-el-confinamiento\/\">Gesti\u00f3n emocional en el confinamiento<\/a><\/li>\n<li><a href=\"https:\/\/barreiropsicologia.com\/blog\/3-consejos-contra-el-miedo-generado-por-el-coronavirus\/\">3 Consejos contra el miedo generado por el coronavirus<\/a><\/li>\n<li><a href=\"https:\/\/barreiropsicologia.com\/blog\/como-manejar-el-confinamiento-en-familia\/\">C\u00f3mo manejar el confinamiento en familia<\/a><\/li>\n<li><a href=\"https:\/\/barreiropsicologia.com\/blog\/cuento-para-explicar-el-coronavirus-a-ninos\/\">Cuento para explicar el coronavirus a los ni\u00f1os<\/a><\/li>\n<\/ul>\n<p align=\"JUSTIFY\">\u00a0<\/p>\n\n\n<p><\/p>\n","protected":false},"excerpt":{"rendered":"<p>Tanto a los ni\u00f1os, como a los adultos, nos afecta de diferentes formas la pandemia y los confinamientos a nivel psicol\u00f3gico por tanto vamos a resaltar cuatro emociones que afecta psicol\u00f3gicamente a los ni\u00f1os y vamos a exponer c\u00f3mo enfrentarlos,&#46;&#46;&#46;<\/p>\n","protected":false},"author":1,"featured_media":3490,"comment_status":"open","ping_status":"open","sticky":false,"template":"","format":"standard","meta":{"footnotes":""},"categories":[801],"tags":[630,696,471],"class_list":["post-3488","post","type-post","status-publish","format-standard","has-post-thumbnail","hentry","category-entorno-salud-mental","tag-covid_19","tag-emociones","tag-miedo"],"yoast_head":"<!-- This site is optimized with the Yoast SEO plugin v27.3 - https:\/\/yoast.com\/product\/yoast-seo-wordpress\/ -->\n<title>C\u00f3mo afecta psicol\u00f3gicamente a los ni\u00f1os el confinamiento - Barreiro Psicolog\u00eda Blog<\/title>\n<meta name=\"description\" content=\"La situaci\u00f3n que vivimos tambi\u00e9n les afecta psicol\u00f3gicamente a los ni\u00f1os. Repasamos las emociones que m\u00e1s les afectan y c\u00f3mo gestionarlas.\" \/>\n<meta name=\"robots\" content=\"index, follow, max-snippet:-1, max-image-preview:large, max-video-preview:-1\" \/>\n<link rel=\"canonical\" href=\"https:\/\/barreiropsicologia.com\/blog\/como-afecta-psicologicamente-a-los-ninos-el-confinamiento\/\" \/>\n<meta property=\"og:locale\" content=\"es_ES\" \/>\n<meta property=\"og:type\" content=\"article\" \/>\n<meta property=\"og:title\" content=\"C\u00f3mo afecta psicol\u00f3gicamente a los ni\u00f1os el confinamiento - Barreiro Psicolog\u00eda Blog\" \/>\n<meta property=\"og:description\" content=\"La situaci\u00f3n que vivimos tambi\u00e9n les afecta psicol\u00f3gicamente a los ni\u00f1os. Repasamos las emociones que m\u00e1s les afectan y c\u00f3mo gestionarlas.\" \/>\n<meta property=\"og:url\" content=\"https:\/\/barreiropsicologia.com\/blog\/como-afecta-psicologicamente-a-los-ninos-el-confinamiento\/\" \/>\n<meta property=\"og:site_name\" content=\"Blog de psicolog\u00eda\" \/>\n<meta property=\"article:publisher\" content=\"https:\/\/www.facebook.com\/psicologossalamanca\/\" \/>\n<meta property=\"article:author\" content=\"https:\/\/www.facebook.com\/psicologossalamanca\/\" \/>\n<meta property=\"article:published_time\" content=\"2021-02-01T16:03:46+00:00\" \/>\n<meta property=\"article:modified_time\" content=\"2026-03-27T12:19:47+00:00\" \/>\n<meta property=\"og:image\" content=\"https:\/\/barreiropsicologia.com\/blog\/wp-content\/uploads\/2021\/01\/ninos-y-pandemia.jpg\" \/>\n\t<meta property=\"og:image:width\" content=\"626\" \/>\n\t<meta property=\"og:image:height\" content=\"417\" \/>\n\t<meta property=\"og:image:type\" content=\"image\/jpeg\" \/>\n<meta name=\"author\" content=\"Javier Barreiro\" \/>\n<meta name=\"twitter:card\" content=\"summary_large_image\" \/>\n<meta name=\"twitter:creator\" content=\"@Barreiro.javier@hotmail.com\" \/>\n<meta name=\"twitter:site\" content=\"@Barreiro_Psi\" \/>\n<meta name=\"twitter:label1\" content=\"Escrito por\" \/>\n\t<meta name=\"twitter:data1\" content=\"Javier Barreiro\" \/>\n\t<meta name=\"twitter:label2\" content=\"Tiempo de lectura\" \/>\n\t<meta name=\"twitter:data2\" content=\"3 minutos\" \/>\n<script type=\"application\/ld+json\" class=\"yoast-schema-graph\">{\"@context\":\"https:\\\/\\\/schema.org\",\"@graph\":[{\"@type\":\"Article\",\"@id\":\"https:\\\/\\\/barreiropsicologia.com\\\/blog\\\/como-afecta-psicologicamente-a-los-ninos-el-confinamiento\\\/#article\",\"isPartOf\":{\"@id\":\"https:\\\/\\\/barreiropsicologia.com\\\/blog\\\/como-afecta-psicologicamente-a-los-ninos-el-confinamiento\\\/\"},\"author\":{\"name\":\"Javier Barreiro\",\"@id\":\"https:\\\/\\\/barreiropsicologia.com\\\/blog\\\/#\\\/schema\\\/person\\\/6068f8a0ae30566e1100f91905ead263\"},\"headline\":\"C\u00f3mo afecta psicol\u00f3gicamente a los ni\u00f1os el confinamiento\",\"datePublished\":\"2021-02-01T16:03:46+00:00\",\"dateModified\":\"2026-03-27T12:19:47+00:00\",\"mainEntityOfPage\":{\"@id\":\"https:\\\/\\\/barreiropsicologia.com\\\/blog\\\/como-afecta-psicologicamente-a-los-ninos-el-confinamiento\\\/\"},\"wordCount\":686,\"commentCount\":0,\"image\":{\"@id\":\"https:\\\/\\\/barreiropsicologia.com\\\/blog\\\/como-afecta-psicologicamente-a-los-ninos-el-confinamiento\\\/#primaryimage\"},\"thumbnailUrl\":\"https:\\\/\\\/barreiropsicologia.com\\\/blog\\\/wp-content\\\/uploads\\\/2021\\\/01\\\/ninos-y-pandemia.jpg\",\"keywords\":[\"covid_19\",\"emociones\",\"miedo\"],\"articleSection\":[\"Entorno y salud mental\"],\"inLanguage\":\"es\",\"potentialAction\":[{\"@type\":\"CommentAction\",\"name\":\"Comment\",\"target\":[\"https:\\\/\\\/barreiropsicologia.com\\\/blog\\\/como-afecta-psicologicamente-a-los-ninos-el-confinamiento\\\/#respond\"]}]},{\"@type\":\"WebPage\",\"@id\":\"https:\\\/\\\/barreiropsicologia.com\\\/blog\\\/como-afecta-psicologicamente-a-los-ninos-el-confinamiento\\\/\",\"url\":\"https:\\\/\\\/barreiropsicologia.com\\\/blog\\\/como-afecta-psicologicamente-a-los-ninos-el-confinamiento\\\/\",\"name\":\"C\u00f3mo afecta psicol\u00f3gicamente a los ni\u00f1os el confinamiento - Barreiro Psicolog\u00eda Blog\",\"isPartOf\":{\"@id\":\"https:\\\/\\\/barreiropsicologia.com\\\/blog\\\/#website\"},\"primaryImageOfPage\":{\"@id\":\"https:\\\/\\\/barreiropsicologia.com\\\/blog\\\/como-afecta-psicologicamente-a-los-ninos-el-confinamiento\\\/#primaryimage\"},\"image\":{\"@id\":\"https:\\\/\\\/barreiropsicologia.com\\\/blog\\\/como-afecta-psicologicamente-a-los-ninos-el-confinamiento\\\/#primaryimage\"},\"thumbnailUrl\":\"https:\\\/\\\/barreiropsicologia.com\\\/blog\\\/wp-content\\\/uploads\\\/2021\\\/01\\\/ninos-y-pandemia.jpg\",\"datePublished\":\"2021-02-01T16:03:46+00:00\",\"dateModified\":\"2026-03-27T12:19:47+00:00\",\"author\":{\"@id\":\"https:\\\/\\\/barreiropsicologia.com\\\/blog\\\/#\\\/schema\\\/person\\\/6068f8a0ae30566e1100f91905ead263\"},\"description\":\"La situaci\u00f3n que vivimos tambi\u00e9n les afecta psicol\u00f3gicamente a los ni\u00f1os. Repasamos las emociones que m\u00e1s les afectan y c\u00f3mo gestionarlas.\",\"breadcrumb\":{\"@id\":\"https:\\\/\\\/barreiropsicologia.com\\\/blog\\\/como-afecta-psicologicamente-a-los-ninos-el-confinamiento\\\/#breadcrumb\"},\"inLanguage\":\"es\",\"potentialAction\":[{\"@type\":\"ReadAction\",\"target\":[\"https:\\\/\\\/barreiropsicologia.com\\\/blog\\\/como-afecta-psicologicamente-a-los-ninos-el-confinamiento\\\/\"]}]},{\"@type\":\"ImageObject\",\"inLanguage\":\"es\",\"@id\":\"https:\\\/\\\/barreiropsicologia.com\\\/blog\\\/como-afecta-psicologicamente-a-los-ninos-el-confinamiento\\\/#primaryimage\",\"url\":\"https:\\\/\\\/barreiropsicologia.com\\\/blog\\\/wp-content\\\/uploads\\\/2021\\\/01\\\/ninos-y-pandemia.jpg\",\"contentUrl\":\"https:\\\/\\\/barreiropsicologia.com\\\/blog\\\/wp-content\\\/uploads\\\/2021\\\/01\\\/ninos-y-pandemia.jpg\",\"width\":626,\"height\":417,\"caption\":\"psicol\u00f3gicamente a los ni\u00f1os\"},{\"@type\":\"BreadcrumbList\",\"@id\":\"https:\\\/\\\/barreiropsicologia.com\\\/blog\\\/como-afecta-psicologicamente-a-los-ninos-el-confinamiento\\\/#breadcrumb\",\"itemListElement\":[{\"@type\":\"ListItem\",\"position\":1,\"name\":\"Portada\",\"item\":\"https:\\\/\\\/barreiropsicologia.com\\\/blog\\\/\"},{\"@type\":\"ListItem\",\"position\":2,\"name\":\"C\u00f3mo afecta psicol\u00f3gicamente a los ni\u00f1os el confinamiento\"}]},{\"@type\":\"WebSite\",\"@id\":\"https:\\\/\\\/barreiropsicologia.com\\\/blog\\\/#website\",\"url\":\"https:\\\/\\\/barreiropsicologia.com\\\/blog\\\/\",\"name\":\"Blog de psicolog\u00eda\",\"description\":\"Barreiro Psicolog\u00eda Blog\",\"potentialAction\":[{\"@type\":\"SearchAction\",\"target\":{\"@type\":\"EntryPoint\",\"urlTemplate\":\"https:\\\/\\\/barreiropsicologia.com\\\/blog\\\/?s={search_term_string}\"},\"query-input\":{\"@type\":\"PropertyValueSpecification\",\"valueRequired\":true,\"valueName\":\"search_term_string\"}}],\"inLanguage\":\"es\"},{\"@type\":\"Person\",\"@id\":\"https:\\\/\\\/barreiropsicologia.com\\\/blog\\\/#\\\/schema\\\/person\\\/6068f8a0ae30566e1100f91905ead263\",\"name\":\"Javier Barreiro\",\"image\":{\"@type\":\"ImageObject\",\"inLanguage\":\"es\",\"@id\":\"https:\\\/\\\/secure.gravatar.com\\\/avatar\\\/ba2dc692a18d0909a9544d2d12c67449129af0c5441c8732f319a1ae7ae701b0?s=96&d=mm&r=g\",\"url\":\"https:\\\/\\\/secure.gravatar.com\\\/avatar\\\/ba2dc692a18d0909a9544d2d12c67449129af0c5441c8732f319a1ae7ae701b0?s=96&d=mm&r=g\",\"contentUrl\":\"https:\\\/\\\/secure.gravatar.com\\\/avatar\\\/ba2dc692a18d0909a9544d2d12c67449129af0c5441c8732f319a1ae7ae701b0?s=96&d=mm&r=g\",\"caption\":\"Javier Barreiro\"},\"description\":\"Javier Barreiro Santamarta es Licenciado en Psicolog\u00eda por la Universidad de Salamanca, Psic\u00f3logo General Sanitario en Salamanca colegiado n\u00ba CL-3735. M\u00e1ster en Psicolog\u00eda Cl\u00ednica cognitivo-conductual, M\u00e1ster en Terapia Breve Centrada en Soluciones y M\u00e1ster en Recursos Humanos.\",\"sameAs\":[\"https:\\\/\\\/www.facebook.com\\\/psicologossalamanca\\\/\",\"https:\\\/\\\/www.instagram.com\\\/barreiro.psi\",\"https:\\\/\\\/ar.linkedin.com\\\/in\\\/javier-barreiro-santamarta-9183b962\",\"https:\\\/\\\/x.com\\\/Barreiro.javier@hotmail.com\"],\"url\":\"https:\\\/\\\/barreiropsicologia.com\\\/blog\\\/author\\\/javier_barreiro\\\/\"}]}<\/script>\n<!-- \/ Yoast SEO plugin. -->","yoast_head_json":{"title":"C\u00f3mo afecta psicol\u00f3gicamente a los ni\u00f1os el confinamiento - Barreiro Psicolog\u00eda Blog","description":"La situaci\u00f3n que vivimos tambi\u00e9n les afecta psicol\u00f3gicamente a los ni\u00f1os. Repasamos las emociones que m\u00e1s les afectan y c\u00f3mo gestionarlas.","robots":{"index":"index","follow":"follow","max-snippet":"max-snippet:-1","max-image-preview":"max-image-preview:large","max-video-preview":"max-video-preview:-1"},"canonical":"https:\/\/barreiropsicologia.com\/blog\/como-afecta-psicologicamente-a-los-ninos-el-confinamiento\/","og_locale":"es_ES","og_type":"article","og_title":"C\u00f3mo afecta psicol\u00f3gicamente a los ni\u00f1os el confinamiento - Barreiro Psicolog\u00eda Blog","og_description":"La situaci\u00f3n que vivimos tambi\u00e9n les afecta psicol\u00f3gicamente a los ni\u00f1os. Repasamos las emociones que m\u00e1s les afectan y c\u00f3mo gestionarlas.","og_url":"https:\/\/barreiropsicologia.com\/blog\/como-afecta-psicologicamente-a-los-ninos-el-confinamiento\/","og_site_name":"Blog de psicolog\u00eda","article_publisher":"https:\/\/www.facebook.com\/psicologossalamanca\/","article_author":"https:\/\/www.facebook.com\/psicologossalamanca\/","article_published_time":"2021-02-01T16:03:46+00:00","article_modified_time":"2026-03-27T12:19:47+00:00","og_image":[{"width":626,"height":417,"url":"https:\/\/barreiropsicologia.com\/blog\/wp-content\/uploads\/2021\/01\/ninos-y-pandemia.jpg","type":"image\/jpeg"}],"author":"Javier Barreiro","twitter_card":"summary_large_image","twitter_creator":"@Barreiro.javier@hotmail.com","twitter_site":"@Barreiro_Psi","twitter_misc":{"Escrito por":"Javier Barreiro","Tiempo de lectura":"3 minutos"},"schema":{"@context":"https:\/\/schema.org","@graph":[{"@type":"Article","@id":"https:\/\/barreiropsicologia.com\/blog\/como-afecta-psicologicamente-a-los-ninos-el-confinamiento\/#article","isPartOf":{"@id":"https:\/\/barreiropsicologia.com\/blog\/como-afecta-psicologicamente-a-los-ninos-el-confinamiento\/"},"author":{"name":"Javier Barreiro","@id":"https:\/\/barreiropsicologia.com\/blog\/#\/schema\/person\/6068f8a0ae30566e1100f91905ead263"},"headline":"C\u00f3mo afecta psicol\u00f3gicamente a los ni\u00f1os el confinamiento","datePublished":"2021-02-01T16:03:46+00:00","dateModified":"2026-03-27T12:19:47+00:00","mainEntityOfPage":{"@id":"https:\/\/barreiropsicologia.com\/blog\/como-afecta-psicologicamente-a-los-ninos-el-confinamiento\/"},"wordCount":686,"commentCount":0,"image":{"@id":"https:\/\/barreiropsicologia.com\/blog\/como-afecta-psicologicamente-a-los-ninos-el-confinamiento\/#primaryimage"},"thumbnailUrl":"https:\/\/barreiropsicologia.com\/blog\/wp-content\/uploads\/2021\/01\/ninos-y-pandemia.jpg","keywords":["covid_19","emociones","miedo"],"articleSection":["Entorno y salud mental"],"inLanguage":"es","potentialAction":[{"@type":"CommentAction","name":"Comment","target":["https:\/\/barreiropsicologia.com\/blog\/como-afecta-psicologicamente-a-los-ninos-el-confinamiento\/#respond"]}]},{"@type":"WebPage","@id":"https:\/\/barreiropsicologia.com\/blog\/como-afecta-psicologicamente-a-los-ninos-el-confinamiento\/","url":"https:\/\/barreiropsicologia.com\/blog\/como-afecta-psicologicamente-a-los-ninos-el-confinamiento\/","name":"C\u00f3mo afecta psicol\u00f3gicamente a los ni\u00f1os el confinamiento - Barreiro Psicolog\u00eda Blog","isPartOf":{"@id":"https:\/\/barreiropsicologia.com\/blog\/#website"},"primaryImageOfPage":{"@id":"https:\/\/barreiropsicologia.com\/blog\/como-afecta-psicologicamente-a-los-ninos-el-confinamiento\/#primaryimage"},"image":{"@id":"https:\/\/barreiropsicologia.com\/blog\/como-afecta-psicologicamente-a-los-ninos-el-confinamiento\/#primaryimage"},"thumbnailUrl":"https:\/\/barreiropsicologia.com\/blog\/wp-content\/uploads\/2021\/01\/ninos-y-pandemia.jpg","datePublished":"2021-02-01T16:03:46+00:00","dateModified":"2026-03-27T12:19:47+00:00","author":{"@id":"https:\/\/barreiropsicologia.com\/blog\/#\/schema\/person\/6068f8a0ae30566e1100f91905ead263"},"description":"La situaci\u00f3n que vivimos tambi\u00e9n les afecta psicol\u00f3gicamente a los ni\u00f1os. Repasamos las emociones que m\u00e1s les afectan y c\u00f3mo gestionarlas.","breadcrumb":{"@id":"https:\/\/barreiropsicologia.com\/blog\/como-afecta-psicologicamente-a-los-ninos-el-confinamiento\/#breadcrumb"},"inLanguage":"es","potentialAction":[{"@type":"ReadAction","target":["https:\/\/barreiropsicologia.com\/blog\/como-afecta-psicologicamente-a-los-ninos-el-confinamiento\/"]}]},{"@type":"ImageObject","inLanguage":"es","@id":"https:\/\/barreiropsicologia.com\/blog\/como-afecta-psicologicamente-a-los-ninos-el-confinamiento\/#primaryimage","url":"https:\/\/barreiropsicologia.com\/blog\/wp-content\/uploads\/2021\/01\/ninos-y-pandemia.jpg","contentUrl":"https:\/\/barreiropsicologia.com\/blog\/wp-content\/uploads\/2021\/01\/ninos-y-pandemia.jpg","width":626,"height":417,"caption":"psicol\u00f3gicamente a los ni\u00f1os"},{"@type":"BreadcrumbList","@id":"https:\/\/barreiropsicologia.com\/blog\/como-afecta-psicologicamente-a-los-ninos-el-confinamiento\/#breadcrumb","itemListElement":[{"@type":"ListItem","position":1,"name":"Portada","item":"https:\/\/barreiropsicologia.com\/blog\/"},{"@type":"ListItem","position":2,"name":"C\u00f3mo afecta psicol\u00f3gicamente a los ni\u00f1os el confinamiento"}]},{"@type":"WebSite","@id":"https:\/\/barreiropsicologia.com\/blog\/#website","url":"https:\/\/barreiropsicologia.com\/blog\/","name":"Blog de psicolog\u00eda","description":"Barreiro Psicolog\u00eda Blog","potentialAction":[{"@type":"SearchAction","target":{"@type":"EntryPoint","urlTemplate":"https:\/\/barreiropsicologia.com\/blog\/?s={search_term_string}"},"query-input":{"@type":"PropertyValueSpecification","valueRequired":true,"valueName":"search_term_string"}}],"inLanguage":"es"},{"@type":"Person","@id":"https:\/\/barreiropsicologia.com\/blog\/#\/schema\/person\/6068f8a0ae30566e1100f91905ead263","name":"Javier Barreiro","image":{"@type":"ImageObject","inLanguage":"es","@id":"https:\/\/secure.gravatar.com\/avatar\/ba2dc692a18d0909a9544d2d12c67449129af0c5441c8732f319a1ae7ae701b0?s=96&d=mm&r=g","url":"https:\/\/secure.gravatar.com\/avatar\/ba2dc692a18d0909a9544d2d12c67449129af0c5441c8732f319a1ae7ae701b0?s=96&d=mm&r=g","contentUrl":"https:\/\/secure.gravatar.com\/avatar\/ba2dc692a18d0909a9544d2d12c67449129af0c5441c8732f319a1ae7ae701b0?s=96&d=mm&r=g","caption":"Javier Barreiro"},"description":"Javier Barreiro Santamarta es Licenciado en Psicolog\u00eda por la Universidad de Salamanca, Psic\u00f3logo General Sanitario en Salamanca colegiado n\u00ba CL-3735. M\u00e1ster en Psicolog\u00eda Cl\u00ednica cognitivo-conductual, M\u00e1ster en Terapia Breve Centrada en Soluciones y M\u00e1ster en Recursos Humanos.","sameAs":["https:\/\/www.facebook.com\/psicologossalamanca\/","https:\/\/www.instagram.com\/barreiro.psi","https:\/\/ar.linkedin.com\/in\/javier-barreiro-santamarta-9183b962","https:\/\/x.com\/Barreiro.javier@hotmail.com"],"url":"https:\/\/barreiropsicologia.com\/blog\/author\/javier_barreiro\/"}]}},"_links":{"self":[{"href":"https:\/\/barreiropsicologia.com\/blog\/wp-json\/wp\/v2\/posts\/3488","targetHints":{"allow":["GET"]}}],"collection":[{"href":"https:\/\/barreiropsicologia.com\/blog\/wp-json\/wp\/v2\/posts"}],"about":[{"href":"https:\/\/barreiropsicologia.com\/blog\/wp-json\/wp\/v2\/types\/post"}],"author":[{"embeddable":true,"href":"https:\/\/barreiropsicologia.com\/blog\/wp-json\/wp\/v2\/users\/1"}],"replies":[{"embeddable":true,"href":"https:\/\/barreiropsicologia.com\/blog\/wp-json\/wp\/v2\/comments?post=3488"}],"version-history":[{"count":6,"href":"https:\/\/barreiropsicologia.com\/blog\/wp-json\/wp\/v2\/posts\/3488\/revisions"}],"predecessor-version":[{"id":3517,"href":"https:\/\/barreiropsicologia.com\/blog\/wp-json\/wp\/v2\/posts\/3488\/revisions\/3517"}],"wp:featuredmedia":[{"embeddable":true,"href":"https:\/\/barreiropsicologia.com\/blog\/wp-json\/wp\/v2\/media\/3490"}],"wp:attachment":[{"href":"https:\/\/barreiropsicologia.com\/blog\/wp-json\/wp\/v2\/media?parent=3488"}],"wp:term":[{"taxonomy":"category","embeddable":true,"href":"https:\/\/barreiropsicologia.com\/blog\/wp-json\/wp\/v2\/categories?post=3488"},{"taxonomy":"post_tag","embeddable":true,"href":"https:\/\/barreiropsicologia.com\/blog\/wp-json\/wp\/v2\/tags?post=3488"}],"curies":[{"name":"wp","href":"https:\/\/api.w.org\/{rel}","templated":true}]}}