{"id":3644,"date":"2021-08-03T19:19:05","date_gmt":"2021-08-03T17:19:05","guid":{"rendered":"https:\/\/barreiropsicologia.com\/blog\/?p=3644"},"modified":"2026-04-29T19:47:38","modified_gmt":"2026-04-29T17:47:38","slug":"que-hay-detras-de-las-llamadas-de-atencion-en-ninos","status":"publish","type":"post","link":"https:\/\/barreiropsicologia.com\/blog\/que-hay-detras-de-las-llamadas-de-atencion-en-ninos\/","title":{"rendered":"\u00bfQu\u00e9 hay detr\u00e1s de las llamadas de atenci\u00f3n en ni\u00f1os?"},"content":{"rendered":"<div data-contents=\"true\">\n<div class=\"\" data-block=\"true\" data-editor=\"7ce8f\" data-offset-key=\"fge7o-0-0\">\n<div class=\"public-DraftStyleDefault-block public-DraftStyleDefault-ltr\" data-offset-key=\"fge7o-0-0\"><span data-offset-key=\"fge7o-0-0\">He tenido la oportunidad de realizar una colaboraci\u00f3n con <a href=\"https:\/\/elpais.com\/mamas-papas\/\">D<\/a><\/span><a href=\"https:\/\/elpais.com\/mamas-papas\/\"><span data-offset-key=\"fge7o-1-0\">e mamas &amp; de papas<\/span><\/a><span data-offset-key=\"fge7o-2-0\"> y la periodista Estefan\u00eda Grijota en <\/span><span data-offset-key=\"fge7o-3-0\">el peri\u00f3dico <a href=\"https:\/\/elpais.com\/\">El Pais<\/a><\/span><span data-offset-key=\"fge7o-4-0\"> sobre las llamadas de atenci\u00f3n en ni\u00f1os y ni\u00f1as. <\/span><\/div>\n<div data-offset-key=\"fge7o-0-0\">\u00a0<\/div>\n<div class=\"public-DraftStyleDefault-block public-DraftStyleDefault-ltr\" data-offset-key=\"fge7o-0-0\"><span data-offset-key=\"fge7o-4-0\"><span style=\"color: #ff6600;\"><span style=\"color: #000000;\">Tratamos de responder a la pregunta sobre<\/span> \u00bfQu\u00e9 hay detr\u00e1s de un ni\u00f1o que quiere constantemente llamar la atenci\u00f3n?<\/span> <\/span><\/div>\n<\/div>\n<\/div>\n<div data-offset-key=\"fge7o-0-0\">\u00a0<\/div>\n<div data-offset-key=\"fge7o-0-0\">En el art\u00edculo junto a otros especialistas <strong>respondemos a cuestiones<\/strong> como:<\/div>\n<div data-offset-key=\"fge7o-0-0\">\u00a0\n<ul>\n<li dir=\"ltr\">\u00bfPor qu\u00e9 crees que algunos ni\u00f1os\u00a0 quieren llamar la atenci\u00f3n de sus padres?<\/li>\n<li dir=\"ltr\">\u00bfCu\u00e1l es la diferencia entre una simple llamada de atenci\u00f3n y un problema emocional real? <\/li>\n<li dir=\"ltr\">\u00bfQu\u00e9 es la atenci\u00f3n positiva?<\/li>\n<li dir=\"ltr\">\u00bfLos estilos educativos de los padres influyen en el desarrollo emocional de sus hijos?<\/li>\n<\/ul>\n<\/div>\n<div data-contents=\"true\">\n<div class=\"\" data-block=\"true\" data-editor=\"7ce8f\" data-offset-key=\"fge7o-0-0\">\n<div data-offset-key=\"fge7o-0-0\">A continuaci\u00f3n os dejo el Link del art\u00edculo para que descubr\u00e1is lo que opinamos los expertos!<\/div>\n<div data-offset-key=\"fge7o-0-0\">\u00a0<\/div>\n<div class=\"public-DraftStyleDefault-block public-DraftStyleDefault-ltr\" data-offset-key=\"fge7o-0-0\"><span data-offset-key=\"fge7o-5-0\">Pincha <a href=\"https:\/\/elpais.com\/mamas-papas\/2021-07-31\/que-hay-detras-de-un-nino-que-quiere-constantemente-llamar-la-atencion.html?ssm=TW_CC\">AQUI<\/a> para leer el art\u00edculo.<br \/><\/span><\/div>\n<\/div>\n<div data-offset-key=\"fge7o-0-0\"><hr \/><\/div>\n<\/div>\n\n\n<p><strong>Tambi\u00e9n os pueden interesar los art\u00edculos relacionados con:<\/strong><\/p>\n\n\n\n<p><a href=\"https:\/\/barreiropsicologia.com\/blog\/adolescencia\/\" target=\"_blank\" rel=\"noreferrer noopener\">Adolescencia e infancia<\/a><\/p>\n","protected":false},"excerpt":{"rendered":"<p>He tenido la oportunidad de realizar una colaboraci\u00f3n con De mamas &amp; de papas y la periodista Estefan\u00eda Grijota en el peri\u00f3dico El Pais sobre las llamadas de atenci\u00f3n en ni\u00f1os y ni\u00f1as. \u00a0 Tratamos de responder a la pregunta&#46;&#46;&#46;<\/p>\n","protected":false},"author":1,"featured_media":3645,"comment_status":"open","ping_status":"open","sticky":false,"template":"","format":"standard","meta":{"footnotes":""},"categories":[841],"tags":[166],"class_list":["post-3644","post","type-post","status-publish","format-standard","has-post-thumbnail","hentry","category-relaciones-vinculos","tag-entrevista"],"yoast_head":"<!-- This site is optimized with the Yoast SEO plugin v27.5 - https:\/\/yoast.com\/product\/yoast-seo-wordpress\/ -->\n<title>\u00bfQu\u00e9 hay detr\u00e1s de las llamadas de atenci\u00f3n en ni\u00f1os? - Barreiro Psicolog\u00eda Blog<\/title>\n<meta name=\"description\" content=\"Colaboraci\u00f3n con Demamas&amp;depapas en el peri\u00f3dico El Pais sobre \u00bfQu\u00e9 hay detr\u00e1s de las llamadas de atenci\u00f3n en ni\u00f1os y ni\u00f1as?\" \/>\n<meta name=\"robots\" content=\"index, follow, max-snippet:-1, max-image-preview:large, max-video-preview:-1\" \/>\n<link rel=\"canonical\" href=\"https:\/\/barreiropsicologia.com\/blog\/que-hay-detras-de-las-llamadas-de-atencion-en-ninos\/\" \/>\n<meta property=\"og:locale\" content=\"es_ES\" \/>\n<meta property=\"og:type\" content=\"article\" \/>\n<meta property=\"og:title\" content=\"\u00bfQu\u00e9 hay detr\u00e1s de las llamadas de atenci\u00f3n en ni\u00f1os? - Barreiro Psicolog\u00eda Blog\" \/>\n<meta property=\"og:description\" content=\"Colaboraci\u00f3n con Demamas&amp;depapas en el peri\u00f3dico El Pais sobre \u00bfQu\u00e9 hay detr\u00e1s de las llamadas de atenci\u00f3n en ni\u00f1os y ni\u00f1as?\" \/>\n<meta property=\"og:url\" content=\"https:\/\/barreiropsicologia.com\/blog\/que-hay-detras-de-las-llamadas-de-atencion-en-ninos\/\" \/>\n<meta property=\"og:site_name\" content=\"Blog de psicolog\u00eda\" \/>\n<meta property=\"article:publisher\" content=\"https:\/\/www.facebook.com\/psicologossalamanca\/\" \/>\n<meta property=\"article:author\" content=\"https:\/\/www.facebook.com\/psicologossalamanca\/\" \/>\n<meta property=\"article:published_time\" content=\"2021-08-03T17:19:05+00:00\" \/>\n<meta property=\"article:modified_time\" content=\"2026-04-29T17:47:38+00:00\" \/>\n<meta property=\"og:image\" content=\"https:\/\/barreiropsicologia.com\/blog\/wp-content\/uploads\/2021\/08\/Llamadas-de-atencion-en-ninos-scaled.jpg\" \/>\n\t<meta property=\"og:image:width\" content=\"2560\" \/>\n\t<meta property=\"og:image:height\" content=\"1707\" \/>\n\t<meta property=\"og:image:type\" content=\"image\/jpeg\" \/>\n<meta name=\"author\" content=\"Javier Barreiro\" \/>\n<meta name=\"twitter:card\" content=\"summary_large_image\" \/>\n<meta name=\"twitter:creator\" content=\"@Barreiro.javier@hotmail.com\" \/>\n<meta name=\"twitter:site\" content=\"@Barreiro_Psi\" \/>\n<meta name=\"twitter:label1\" content=\"Escrito por\" \/>\n\t<meta name=\"twitter:data1\" content=\"Javier Barreiro\" \/>\n\t<meta name=\"twitter:label2\" content=\"Tiempo de lectura\" \/>\n\t<meta name=\"twitter:data2\" content=\"1 minuto\" \/>\n<script type=\"application\/ld+json\" class=\"yoast-schema-graph\">{\"@context\":\"https:\\\/\\\/schema.org\",\"@graph\":[{\"@type\":\"Article\",\"@id\":\"https:\\\/\\\/barreiropsicologia.com\\\/blog\\\/que-hay-detras-de-las-llamadas-de-atencion-en-ninos\\\/#article\",\"isPartOf\":{\"@id\":\"https:\\\/\\\/barreiropsicologia.com\\\/blog\\\/que-hay-detras-de-las-llamadas-de-atencion-en-ninos\\\/\"},\"author\":{\"name\":\"Javier Barreiro\",\"@id\":\"https:\\\/\\\/barreiropsicologia.com\\\/blog\\\/#\\\/schema\\\/person\\\/6068f8a0ae30566e1100f91905ead263\"},\"headline\":\"\u00bfQu\u00e9 hay detr\u00e1s de las llamadas de atenci\u00f3n en ni\u00f1os?\",\"datePublished\":\"2021-08-03T17:19:05+00:00\",\"dateModified\":\"2026-04-29T17:47:38+00:00\",\"mainEntityOfPage\":{\"@id\":\"https:\\\/\\\/barreiropsicologia.com\\\/blog\\\/que-hay-detras-de-las-llamadas-de-atencion-en-ninos\\\/\"},\"wordCount\":178,\"commentCount\":2,\"image\":{\"@id\":\"https:\\\/\\\/barreiropsicologia.com\\\/blog\\\/que-hay-detras-de-las-llamadas-de-atencion-en-ninos\\\/#primaryimage\"},\"thumbnailUrl\":\"https:\\\/\\\/barreiropsicologia.com\\\/blog\\\/wp-content\\\/uploads\\\/2021\\\/08\\\/Llamadas-de-atencion-en-ninos-scaled.jpg\",\"keywords\":[\"entrevista\"],\"articleSection\":[\"Relaciones y v\u00ednculos\"],\"inLanguage\":\"es\",\"potentialAction\":[{\"@type\":\"CommentAction\",\"name\":\"Comment\",\"target\":[\"https:\\\/\\\/barreiropsicologia.com\\\/blog\\\/que-hay-detras-de-las-llamadas-de-atencion-en-ninos\\\/#respond\"]}]},{\"@type\":\"WebPage\",\"@id\":\"https:\\\/\\\/barreiropsicologia.com\\\/blog\\\/que-hay-detras-de-las-llamadas-de-atencion-en-ninos\\\/\",\"url\":\"https:\\\/\\\/barreiropsicologia.com\\\/blog\\\/que-hay-detras-de-las-llamadas-de-atencion-en-ninos\\\/\",\"name\":\"\u00bfQu\u00e9 hay detr\u00e1s de las llamadas de atenci\u00f3n en ni\u00f1os? - Barreiro Psicolog\u00eda Blog\",\"isPartOf\":{\"@id\":\"https:\\\/\\\/barreiropsicologia.com\\\/blog\\\/#website\"},\"primaryImageOfPage\":{\"@id\":\"https:\\\/\\\/barreiropsicologia.com\\\/blog\\\/que-hay-detras-de-las-llamadas-de-atencion-en-ninos\\\/#primaryimage\"},\"image\":{\"@id\":\"https:\\\/\\\/barreiropsicologia.com\\\/blog\\\/que-hay-detras-de-las-llamadas-de-atencion-en-ninos\\\/#primaryimage\"},\"thumbnailUrl\":\"https:\\\/\\\/barreiropsicologia.com\\\/blog\\\/wp-content\\\/uploads\\\/2021\\\/08\\\/Llamadas-de-atencion-en-ninos-scaled.jpg\",\"datePublished\":\"2021-08-03T17:19:05+00:00\",\"dateModified\":\"2026-04-29T17:47:38+00:00\",\"author\":{\"@id\":\"https:\\\/\\\/barreiropsicologia.com\\\/blog\\\/#\\\/schema\\\/person\\\/6068f8a0ae30566e1100f91905ead263\"},\"description\":\"Colaboraci\u00f3n con Demamas&depapas en el peri\u00f3dico El Pais sobre \u00bfQu\u00e9 hay detr\u00e1s de las llamadas de atenci\u00f3n en ni\u00f1os y ni\u00f1as?\",\"breadcrumb\":{\"@id\":\"https:\\\/\\\/barreiropsicologia.com\\\/blog\\\/que-hay-detras-de-las-llamadas-de-atencion-en-ninos\\\/#breadcrumb\"},\"inLanguage\":\"es\",\"potentialAction\":[{\"@type\":\"ReadAction\",\"target\":[\"https:\\\/\\\/barreiropsicologia.com\\\/blog\\\/que-hay-detras-de-las-llamadas-de-atencion-en-ninos\\\/\"]}]},{\"@type\":\"ImageObject\",\"inLanguage\":\"es\",\"@id\":\"https:\\\/\\\/barreiropsicologia.com\\\/blog\\\/que-hay-detras-de-las-llamadas-de-atencion-en-ninos\\\/#primaryimage\",\"url\":\"https:\\\/\\\/barreiropsicologia.com\\\/blog\\\/wp-content\\\/uploads\\\/2021\\\/08\\\/Llamadas-de-atencion-en-ninos-scaled.jpg\",\"contentUrl\":\"https:\\\/\\\/barreiropsicologia.com\\\/blog\\\/wp-content\\\/uploads\\\/2021\\\/08\\\/Llamadas-de-atencion-en-ninos-scaled.jpg\",\"width\":2560,\"height\":1707,\"caption\":\"The surprise, rage. The screaming surprised teen girl on a blue studio background. Facial expressions and people emotions concept. Trendy colors. Front view. Half-length portrait\"},{\"@type\":\"BreadcrumbList\",\"@id\":\"https:\\\/\\\/barreiropsicologia.com\\\/blog\\\/que-hay-detras-de-las-llamadas-de-atencion-en-ninos\\\/#breadcrumb\",\"itemListElement\":[{\"@type\":\"ListItem\",\"position\":1,\"name\":\"Portada\",\"item\":\"https:\\\/\\\/barreiropsicologia.com\\\/blog\\\/\"},{\"@type\":\"ListItem\",\"position\":2,\"name\":\"\u00bfQu\u00e9 hay detr\u00e1s de las llamadas de atenci\u00f3n en ni\u00f1os?\"}]},{\"@type\":\"WebSite\",\"@id\":\"https:\\\/\\\/barreiropsicologia.com\\\/blog\\\/#website\",\"url\":\"https:\\\/\\\/barreiropsicologia.com\\\/blog\\\/\",\"name\":\"Blog de psicolog\u00eda\",\"description\":\"Barreiro Psicolog\u00eda Blog\",\"potentialAction\":[{\"@type\":\"SearchAction\",\"target\":{\"@type\":\"EntryPoint\",\"urlTemplate\":\"https:\\\/\\\/barreiropsicologia.com\\\/blog\\\/?s={search_term_string}\"},\"query-input\":{\"@type\":\"PropertyValueSpecification\",\"valueRequired\":true,\"valueName\":\"search_term_string\"}}],\"inLanguage\":\"es\"},{\"@type\":\"Person\",\"@id\":\"https:\\\/\\\/barreiropsicologia.com\\\/blog\\\/#\\\/schema\\\/person\\\/6068f8a0ae30566e1100f91905ead263\",\"name\":\"Javier Barreiro\",\"image\":{\"@type\":\"ImageObject\",\"inLanguage\":\"es\",\"@id\":\"https:\\\/\\\/secure.gravatar.com\\\/avatar\\\/ba2dc692a18d0909a9544d2d12c67449129af0c5441c8732f319a1ae7ae701b0?s=96&d=mm&r=g\",\"url\":\"https:\\\/\\\/secure.gravatar.com\\\/avatar\\\/ba2dc692a18d0909a9544d2d12c67449129af0c5441c8732f319a1ae7ae701b0?s=96&d=mm&r=g\",\"contentUrl\":\"https:\\\/\\\/secure.gravatar.com\\\/avatar\\\/ba2dc692a18d0909a9544d2d12c67449129af0c5441c8732f319a1ae7ae701b0?s=96&d=mm&r=g\",\"caption\":\"Javier Barreiro\"},\"description\":\"Javier Barreiro Santamarta es Licenciado en Psicolog\u00eda por la Universidad de Salamanca, Psic\u00f3logo General Sanitario en Salamanca colegiado n\u00ba CL-3735. M\u00e1ster en Psicolog\u00eda Cl\u00ednica cognitivo-conductual, M\u00e1ster en Terapia Breve Centrada en Soluciones y M\u00e1ster en Recursos Humanos.\",\"sameAs\":[\"https:\\\/\\\/www.facebook.com\\\/psicologossalamanca\\\/\",\"https:\\\/\\\/www.instagram.com\\\/barreiro.psi\",\"https:\\\/\\\/ar.linkedin.com\\\/in\\\/javier-barreiro-santamarta-9183b962\",\"https:\\\/\\\/x.com\\\/Barreiro.javier@hotmail.com\"],\"url\":\"https:\\\/\\\/barreiropsicologia.com\\\/blog\\\/author\\\/javier_barreiro\\\/\"}]}<\/script>\n<!-- \/ Yoast SEO plugin. -->","yoast_head_json":{"title":"\u00bfQu\u00e9 hay detr\u00e1s de las llamadas de atenci\u00f3n en ni\u00f1os? - Barreiro Psicolog\u00eda Blog","description":"Colaboraci\u00f3n con Demamas&depapas en el peri\u00f3dico El Pais sobre \u00bfQu\u00e9 hay detr\u00e1s de las llamadas de atenci\u00f3n en ni\u00f1os y ni\u00f1as?","robots":{"index":"index","follow":"follow","max-snippet":"max-snippet:-1","max-image-preview":"max-image-preview:large","max-video-preview":"max-video-preview:-1"},"canonical":"https:\/\/barreiropsicologia.com\/blog\/que-hay-detras-de-las-llamadas-de-atencion-en-ninos\/","og_locale":"es_ES","og_type":"article","og_title":"\u00bfQu\u00e9 hay detr\u00e1s de las llamadas de atenci\u00f3n en ni\u00f1os? - Barreiro Psicolog\u00eda Blog","og_description":"Colaboraci\u00f3n con Demamas&depapas en el peri\u00f3dico El Pais sobre \u00bfQu\u00e9 hay detr\u00e1s de las llamadas de atenci\u00f3n en ni\u00f1os y ni\u00f1as?","og_url":"https:\/\/barreiropsicologia.com\/blog\/que-hay-detras-de-las-llamadas-de-atencion-en-ninos\/","og_site_name":"Blog de psicolog\u00eda","article_publisher":"https:\/\/www.facebook.com\/psicologossalamanca\/","article_author":"https:\/\/www.facebook.com\/psicologossalamanca\/","article_published_time":"2021-08-03T17:19:05+00:00","article_modified_time":"2026-04-29T17:47:38+00:00","og_image":[{"width":2560,"height":1707,"url":"https:\/\/barreiropsicologia.com\/blog\/wp-content\/uploads\/2021\/08\/Llamadas-de-atencion-en-ninos-scaled.jpg","type":"image\/jpeg"}],"author":"Javier Barreiro","twitter_card":"summary_large_image","twitter_creator":"@Barreiro.javier@hotmail.com","twitter_site":"@Barreiro_Psi","twitter_misc":{"Escrito por":"Javier Barreiro","Tiempo de lectura":"1 minuto"},"schema":{"@context":"https:\/\/schema.org","@graph":[{"@type":"Article","@id":"https:\/\/barreiropsicologia.com\/blog\/que-hay-detras-de-las-llamadas-de-atencion-en-ninos\/#article","isPartOf":{"@id":"https:\/\/barreiropsicologia.com\/blog\/que-hay-detras-de-las-llamadas-de-atencion-en-ninos\/"},"author":{"name":"Javier Barreiro","@id":"https:\/\/barreiropsicologia.com\/blog\/#\/schema\/person\/6068f8a0ae30566e1100f91905ead263"},"headline":"\u00bfQu\u00e9 hay detr\u00e1s de las llamadas de atenci\u00f3n en ni\u00f1os?","datePublished":"2021-08-03T17:19:05+00:00","dateModified":"2026-04-29T17:47:38+00:00","mainEntityOfPage":{"@id":"https:\/\/barreiropsicologia.com\/blog\/que-hay-detras-de-las-llamadas-de-atencion-en-ninos\/"},"wordCount":178,"commentCount":2,"image":{"@id":"https:\/\/barreiropsicologia.com\/blog\/que-hay-detras-de-las-llamadas-de-atencion-en-ninos\/#primaryimage"},"thumbnailUrl":"https:\/\/barreiropsicologia.com\/blog\/wp-content\/uploads\/2021\/08\/Llamadas-de-atencion-en-ninos-scaled.jpg","keywords":["entrevista"],"articleSection":["Relaciones y v\u00ednculos"],"inLanguage":"es","potentialAction":[{"@type":"CommentAction","name":"Comment","target":["https:\/\/barreiropsicologia.com\/blog\/que-hay-detras-de-las-llamadas-de-atencion-en-ninos\/#respond"]}]},{"@type":"WebPage","@id":"https:\/\/barreiropsicologia.com\/blog\/que-hay-detras-de-las-llamadas-de-atencion-en-ninos\/","url":"https:\/\/barreiropsicologia.com\/blog\/que-hay-detras-de-las-llamadas-de-atencion-en-ninos\/","name":"\u00bfQu\u00e9 hay detr\u00e1s de las llamadas de atenci\u00f3n en ni\u00f1os? - Barreiro Psicolog\u00eda Blog","isPartOf":{"@id":"https:\/\/barreiropsicologia.com\/blog\/#website"},"primaryImageOfPage":{"@id":"https:\/\/barreiropsicologia.com\/blog\/que-hay-detras-de-las-llamadas-de-atencion-en-ninos\/#primaryimage"},"image":{"@id":"https:\/\/barreiropsicologia.com\/blog\/que-hay-detras-de-las-llamadas-de-atencion-en-ninos\/#primaryimage"},"thumbnailUrl":"https:\/\/barreiropsicologia.com\/blog\/wp-content\/uploads\/2021\/08\/Llamadas-de-atencion-en-ninos-scaled.jpg","datePublished":"2021-08-03T17:19:05+00:00","dateModified":"2026-04-29T17:47:38+00:00","author":{"@id":"https:\/\/barreiropsicologia.com\/blog\/#\/schema\/person\/6068f8a0ae30566e1100f91905ead263"},"description":"Colaboraci\u00f3n con Demamas&depapas en el peri\u00f3dico El Pais sobre \u00bfQu\u00e9 hay detr\u00e1s de las llamadas de atenci\u00f3n en ni\u00f1os y ni\u00f1as?","breadcrumb":{"@id":"https:\/\/barreiropsicologia.com\/blog\/que-hay-detras-de-las-llamadas-de-atencion-en-ninos\/#breadcrumb"},"inLanguage":"es","potentialAction":[{"@type":"ReadAction","target":["https:\/\/barreiropsicologia.com\/blog\/que-hay-detras-de-las-llamadas-de-atencion-en-ninos\/"]}]},{"@type":"ImageObject","inLanguage":"es","@id":"https:\/\/barreiropsicologia.com\/blog\/que-hay-detras-de-las-llamadas-de-atencion-en-ninos\/#primaryimage","url":"https:\/\/barreiropsicologia.com\/blog\/wp-content\/uploads\/2021\/08\/Llamadas-de-atencion-en-ninos-scaled.jpg","contentUrl":"https:\/\/barreiropsicologia.com\/blog\/wp-content\/uploads\/2021\/08\/Llamadas-de-atencion-en-ninos-scaled.jpg","width":2560,"height":1707,"caption":"The surprise, rage. The screaming surprised teen girl on a blue studio background. Facial expressions and people emotions concept. Trendy colors. Front view. Half-length portrait"},{"@type":"BreadcrumbList","@id":"https:\/\/barreiropsicologia.com\/blog\/que-hay-detras-de-las-llamadas-de-atencion-en-ninos\/#breadcrumb","itemListElement":[{"@type":"ListItem","position":1,"name":"Portada","item":"https:\/\/barreiropsicologia.com\/blog\/"},{"@type":"ListItem","position":2,"name":"\u00bfQu\u00e9 hay detr\u00e1s de las llamadas de atenci\u00f3n en ni\u00f1os?"}]},{"@type":"WebSite","@id":"https:\/\/barreiropsicologia.com\/blog\/#website","url":"https:\/\/barreiropsicologia.com\/blog\/","name":"Blog de psicolog\u00eda","description":"Barreiro Psicolog\u00eda Blog","potentialAction":[{"@type":"SearchAction","target":{"@type":"EntryPoint","urlTemplate":"https:\/\/barreiropsicologia.com\/blog\/?s={search_term_string}"},"query-input":{"@type":"PropertyValueSpecification","valueRequired":true,"valueName":"search_term_string"}}],"inLanguage":"es"},{"@type":"Person","@id":"https:\/\/barreiropsicologia.com\/blog\/#\/schema\/person\/6068f8a0ae30566e1100f91905ead263","name":"Javier Barreiro","image":{"@type":"ImageObject","inLanguage":"es","@id":"https:\/\/secure.gravatar.com\/avatar\/ba2dc692a18d0909a9544d2d12c67449129af0c5441c8732f319a1ae7ae701b0?s=96&d=mm&r=g","url":"https:\/\/secure.gravatar.com\/avatar\/ba2dc692a18d0909a9544d2d12c67449129af0c5441c8732f319a1ae7ae701b0?s=96&d=mm&r=g","contentUrl":"https:\/\/secure.gravatar.com\/avatar\/ba2dc692a18d0909a9544d2d12c67449129af0c5441c8732f319a1ae7ae701b0?s=96&d=mm&r=g","caption":"Javier Barreiro"},"description":"Javier Barreiro Santamarta es Licenciado en Psicolog\u00eda por la Universidad de Salamanca, Psic\u00f3logo General Sanitario en Salamanca colegiado n\u00ba CL-3735. M\u00e1ster en Psicolog\u00eda Cl\u00ednica cognitivo-conductual, M\u00e1ster en Terapia Breve Centrada en Soluciones y M\u00e1ster en Recursos Humanos.","sameAs":["https:\/\/www.facebook.com\/psicologossalamanca\/","https:\/\/www.instagram.com\/barreiro.psi","https:\/\/ar.linkedin.com\/in\/javier-barreiro-santamarta-9183b962","https:\/\/x.com\/Barreiro.javier@hotmail.com"],"url":"https:\/\/barreiropsicologia.com\/blog\/author\/javier_barreiro\/"}]}},"_links":{"self":[{"href":"https:\/\/barreiropsicologia.com\/blog\/wp-json\/wp\/v2\/posts\/3644","targetHints":{"allow":["GET"]}}],"collection":[{"href":"https:\/\/barreiropsicologia.com\/blog\/wp-json\/wp\/v2\/posts"}],"about":[{"href":"https:\/\/barreiropsicologia.com\/blog\/wp-json\/wp\/v2\/types\/post"}],"author":[{"embeddable":true,"href":"https:\/\/barreiropsicologia.com\/blog\/wp-json\/wp\/v2\/users\/1"}],"replies":[{"embeddable":true,"href":"https:\/\/barreiropsicologia.com\/blog\/wp-json\/wp\/v2\/comments?post=3644"}],"version-history":[{"count":3,"href":"https:\/\/barreiropsicologia.com\/blog\/wp-json\/wp\/v2\/posts\/3644\/revisions"}],"predecessor-version":[{"id":3648,"href":"https:\/\/barreiropsicologia.com\/blog\/wp-json\/wp\/v2\/posts\/3644\/revisions\/3648"}],"wp:featuredmedia":[{"embeddable":true,"href":"https:\/\/barreiropsicologia.com\/blog\/wp-json\/wp\/v2\/media\/3645"}],"wp:attachment":[{"href":"https:\/\/barreiropsicologia.com\/blog\/wp-json\/wp\/v2\/media?parent=3644"}],"wp:term":[{"taxonomy":"category","embeddable":true,"href":"https:\/\/barreiropsicologia.com\/blog\/wp-json\/wp\/v2\/categories?post=3644"},{"taxonomy":"post_tag","embeddable":true,"href":"https:\/\/barreiropsicologia.com\/blog\/wp-json\/wp\/v2\/tags?post=3644"}],"curies":[{"name":"wp","href":"https:\/\/api.w.org\/{rel}","templated":true}]}}