{"id":3680,"date":"2024-01-23T14:16:19","date_gmt":"2024-01-23T13:16:19","guid":{"rendered":"https:\/\/barreiropsicologia.com\/blog\/?p=3680"},"modified":"2026-03-27T12:53:13","modified_gmt":"2026-03-27T11:53:13","slug":"consecuencias-mentales-de-las-listas-de-espera","status":"publish","type":"post","link":"https:\/\/barreiropsicologia.com\/blog\/consecuencias-mentales-de-las-listas-de-espera\/","title":{"rendered":"Consecuencias psicol\u00f3gicas de las lista de espera"},"content":{"rendered":"<h1 class=\"western\">\u00bfC\u00f3mo afectan las listas de espera en sanidad a la salud mental de las personas?<\/h1>\n<p>Las listas de espera en sanidad son un problema que afecta a muchas personas que necesitan atenci\u00f3n m\u00e9dica o psicol\u00f3gica. Estas listas de espera pueden generar estr\u00e9s, ansiedad, frustraci\u00f3n, desesperanza, depresi\u00f3n y otros problemas de salud mental en los pacientes que las sufren. Adem\u00e1s, pueden empeorar el estado f\u00edsico y psicol\u00f3gico de los pacientes que ya padecen alguna enfermedad o trastorno, al retrasar o impedir el acceso a un tratamiento adecuado.<\/p>\n<h2 class=\"western\">\u00bfQu\u00e9 factores influyen en las listas de espera?<\/h2>\n<p>Las listas de espera en sanidad dependen de varios factores, como el n\u00famero de profesionales de la salud disponibles, la coordinaci\u00f3n entre los niveles de atenci\u00f3n primaria y especializada, el uso de los recursos existentes, la priorizaci\u00f3n de los casos m\u00e1s urgentes o graves, la informaci\u00f3n que se ofrece a los pacientes sobre los tiempos de espera y las alternativas disponibles, y el apoyo psicol\u00f3gico que se brinda a los pacientes que lo necesitan.<\/p>\n<p>Seg\u00fan los datos a d\u00eda de hoy, existe una gran disparidad entre las comunidades aut\u00f3nomas en cuanto a las listas de espera para las diferentes especialidades.<\/p>\n<h2 class=\"western\">\u00bfQu\u00e9 consecuencias psicol\u00f3gicas pueden tener?<\/h2>\n<p>Las consecuencias psicol\u00f3gicas de las listas de espera en sanidad pueden ser muy graves en algunos casos, como por ejemplo, en las personas que requieren atenci\u00f3n urgente o especializada, en las personas que tienen un bajo nivel socioecon\u00f3mico, en las personas que viven en zonas rurales o aisladas, o en las personas que pertenecen a grupos vulnerables o minoritarios.<\/p>\n<p>Estas personas pueden sufrir un mayor deterioro de su salud mental, al sentirse abandonadas, desatendidas, impotentes, angustiadas, deprimidas o incluso suicidas. Tambi\u00e9n pueden perder la confianza y la satisfacci\u00f3n con el sistema sanitario, as\u00ed como la relaci\u00f3n con los profesionales de la salud, lo que puede generar desconfianza, desmotivaci\u00f3n, desgaste profesional, conflictos, quejas y reclamaciones.<\/p>\n<h2 class=\"western\">\u00bfQu\u00e9 medidas se pueden tomar para reducir las listas de espera en sanidad?<\/h2>\n<p>Es importante que se adopten medidas para reducir las listas de espera y mejorar la calidad y la equidad de la atenci\u00f3n sanitaria. Algunas de estas medidas podr\u00edan ser:<\/p>\n<ul>\n<li>\n<p>Aumentar el n\u00famero de profesionales de la salud, especialmente de psic\u00f3logos cl\u00ednicos, que son muy escasos en el sistema p\u00fablico.<\/p>\n<\/li>\n<li>\n<p>Mejorar la coordinaci\u00f3n entre los niveles de atenci\u00f3n primaria y especializada, generalizando la implantaci\u00f3n de consultas de salud mental en atenci\u00f3n primaria<\/p>\n<\/li>\n<li>\n<p>Optimizar el uso de los recursos disponibles, aprovechando las nuevas tecnolog\u00edas, como la telemedicina o la terapia online.<\/p>\n<\/li>\n<li>\n<p>Priorizar los casos m\u00e1s urgentes o graves, estableciendo criterios de derivaci\u00f3n y seguimiento claros y consensuados.<\/p>\n<\/li>\n<li>\n<p>Informar a los pacientes sobre los tiempos de espera y las alternativas disponibles, ofreci\u00e9ndoles opciones de elecci\u00f3n, participaci\u00f3n y empoderamiento.<\/p>\n<\/li>\n<li>\n<p>Ofrecer apoyo psicol\u00f3gico a los pacientes que lo necesiten, tanto individual como grupalmente, para ayudarles a afrontar la situaci\u00f3n de espera y sus consecuencias.<\/p>\n<\/li>\n<\/ul>\n<h2>Reflexi\u00f3n a tener en cuenta<\/h2>\n<p>Las listas de espera en sanidad son un reto que debemos afrontar como sociedad, ya que afectan negativamente a la salud mental de las personas que las padecen, as\u00ed como a la calidad y la equidad de la atenci\u00f3n sanitaria. Es necesario que se tomen medidas para reducir las listas de espera y garantizar el acceso a un tratamiento adecuado y oportuno para todos los pacientes que lo necesiten, especialmente para aquellos que sufren problemas de salud mental. As\u00ed, se podr\u00e1 mejorar el bienestar de las personas, la confianza en el sistema sanitario y la relaci\u00f3n entre los profesionales de la salud y los pacientes. La salud mental es un derecho humano fundamental y debemos protegerlo y promoverlo.<\/p>\n<p>\u00a0<\/p>\n<hr \/>\n<p><strong>Tambi\u00e9n te pueden interesar los art\u00edculos<\/strong>:<\/p>\n<ul>\n<li><a href=\"_wp_link_placeholder\" data-wplink-edit=\"true\">Consecuencias psicol\u00f3gicas en el personal sanitario<\/a><\/li>\n<\/ul>\n","protected":false},"excerpt":{"rendered":"<p>\u00bfC\u00f3mo afectan las listas de espera en sanidad a la salud mental de las personas? Las listas de espera en sanidad son un problema que afecta a muchas personas que necesitan atenci\u00f3n m\u00e9dica o psicol\u00f3gica. Estas listas de espera pueden&#46;&#46;&#46;<\/p>\n","protected":false},"author":1,"featured_media":3681,"comment_status":"open","ping_status":"open","sticky":false,"template":"","format":"standard","meta":{"footnotes":""},"categories":[801],"tags":[716],"class_list":["post-3680","post","type-post","status-publish","format-standard","has-post-thumbnail","hentry","category-entorno-salud-mental","tag-consecuencias-psicologicas"],"yoast_head":"<!-- This site is optimized with the Yoast SEO plugin v27.3 - https:\/\/yoast.com\/product\/yoast-seo-wordpress\/ -->\n<title>Consecuencias mentales de las listas de espera en sanidad<\/title>\n<meta name=\"description\" content=\"Las listas de espera pueden afectar a la salud mental de las personas que las sufren. En el art\u00edculo te explicamos c\u00f3mo y qu\u00e9 se puede hacer.\" \/>\n<meta name=\"robots\" content=\"index, follow, max-snippet:-1, max-image-preview:large, max-video-preview:-1\" \/>\n<link rel=\"canonical\" href=\"https:\/\/barreiropsicologia.com\/blog\/consecuencias-mentales-de-las-listas-de-espera\/\" \/>\n<meta property=\"og:locale\" content=\"es_ES\" \/>\n<meta property=\"og:type\" content=\"article\" \/>\n<meta property=\"og:title\" content=\"Consecuencias mentales de las listas de espera en sanidad\" \/>\n<meta property=\"og:description\" content=\"Las listas de espera pueden afectar a la salud mental de las personas que las sufren. En el art\u00edculo te explicamos c\u00f3mo y qu\u00e9 se puede hacer.\" \/>\n<meta property=\"og:url\" content=\"https:\/\/barreiropsicologia.com\/blog\/consecuencias-mentales-de-las-listas-de-espera\/\" \/>\n<meta property=\"og:site_name\" content=\"Blog de psicolog\u00eda\" \/>\n<meta property=\"article:publisher\" content=\"https:\/\/www.facebook.com\/psicologossalamanca\/\" \/>\n<meta property=\"article:author\" content=\"https:\/\/www.facebook.com\/psicologossalamanca\/\" \/>\n<meta property=\"article:published_time\" content=\"2024-01-23T13:16:19+00:00\" \/>\n<meta property=\"article:modified_time\" content=\"2026-03-27T11:53:13+00:00\" \/>\n<meta property=\"og:image\" content=\"https:\/\/barreiropsicologia.com\/blog\/wp-content\/uploads\/2024\/01\/4b649107-e5de-4ab1-940d-00b06ef77c1d.jpg\" \/>\n\t<meta property=\"og:image:width\" content=\"1024\" \/>\n\t<meta property=\"og:image:height\" content=\"1024\" \/>\n\t<meta property=\"og:image:type\" content=\"image\/jpeg\" \/>\n<meta name=\"author\" content=\"Javier Barreiro\" \/>\n<meta name=\"twitter:card\" content=\"summary_large_image\" \/>\n<meta name=\"twitter:creator\" content=\"@Barreiro.javier@hotmail.com\" \/>\n<meta name=\"twitter:site\" content=\"@Barreiro_Psi\" \/>\n<meta name=\"twitter:label1\" content=\"Escrito por\" \/>\n\t<meta name=\"twitter:data1\" content=\"Javier Barreiro\" \/>\n\t<meta name=\"twitter:label2\" content=\"Tiempo de lectura\" \/>\n\t<meta name=\"twitter:data2\" content=\"3 minutos\" \/>\n<script type=\"application\/ld+json\" class=\"yoast-schema-graph\">{\"@context\":\"https:\\\/\\\/schema.org\",\"@graph\":[{\"@type\":\"Article\",\"@id\":\"https:\\\/\\\/barreiropsicologia.com\\\/blog\\\/consecuencias-mentales-de-las-listas-de-espera\\\/#article\",\"isPartOf\":{\"@id\":\"https:\\\/\\\/barreiropsicologia.com\\\/blog\\\/consecuencias-mentales-de-las-listas-de-espera\\\/\"},\"author\":{\"name\":\"Javier Barreiro\",\"@id\":\"https:\\\/\\\/barreiropsicologia.com\\\/blog\\\/#\\\/schema\\\/person\\\/6068f8a0ae30566e1100f91905ead263\"},\"headline\":\"Consecuencias psicol\u00f3gicas de las lista de espera\",\"datePublished\":\"2024-01-23T13:16:19+00:00\",\"dateModified\":\"2026-03-27T11:53:13+00:00\",\"mainEntityOfPage\":{\"@id\":\"https:\\\/\\\/barreiropsicologia.com\\\/blog\\\/consecuencias-mentales-de-las-listas-de-espera\\\/\"},\"wordCount\":670,\"commentCount\":0,\"image\":{\"@id\":\"https:\\\/\\\/barreiropsicologia.com\\\/blog\\\/consecuencias-mentales-de-las-listas-de-espera\\\/#primaryimage\"},\"thumbnailUrl\":\"https:\\\/\\\/barreiropsicologia.com\\\/blog\\\/wp-content\\\/uploads\\\/2024\\\/01\\\/4b649107-e5de-4ab1-940d-00b06ef77c1d.jpg\",\"keywords\":[\"consecuencias psicol\u00f3gicas\"],\"articleSection\":[\"Sociedad y salud mental\"],\"inLanguage\":\"es\",\"potentialAction\":[{\"@type\":\"CommentAction\",\"name\":\"Comment\",\"target\":[\"https:\\\/\\\/barreiropsicologia.com\\\/blog\\\/consecuencias-mentales-de-las-listas-de-espera\\\/#respond\"]}]},{\"@type\":\"WebPage\",\"@id\":\"https:\\\/\\\/barreiropsicologia.com\\\/blog\\\/consecuencias-mentales-de-las-listas-de-espera\\\/\",\"url\":\"https:\\\/\\\/barreiropsicologia.com\\\/blog\\\/consecuencias-mentales-de-las-listas-de-espera\\\/\",\"name\":\"Consecuencias mentales de las listas de espera en sanidad\",\"isPartOf\":{\"@id\":\"https:\\\/\\\/barreiropsicologia.com\\\/blog\\\/#website\"},\"primaryImageOfPage\":{\"@id\":\"https:\\\/\\\/barreiropsicologia.com\\\/blog\\\/consecuencias-mentales-de-las-listas-de-espera\\\/#primaryimage\"},\"image\":{\"@id\":\"https:\\\/\\\/barreiropsicologia.com\\\/blog\\\/consecuencias-mentales-de-las-listas-de-espera\\\/#primaryimage\"},\"thumbnailUrl\":\"https:\\\/\\\/barreiropsicologia.com\\\/blog\\\/wp-content\\\/uploads\\\/2024\\\/01\\\/4b649107-e5de-4ab1-940d-00b06ef77c1d.jpg\",\"datePublished\":\"2024-01-23T13:16:19+00:00\",\"dateModified\":\"2026-03-27T11:53:13+00:00\",\"author\":{\"@id\":\"https:\\\/\\\/barreiropsicologia.com\\\/blog\\\/#\\\/schema\\\/person\\\/6068f8a0ae30566e1100f91905ead263\"},\"description\":\"Las listas de espera pueden afectar a la salud mental de las personas que las sufren. En el art\u00edculo te explicamos c\u00f3mo y qu\u00e9 se puede hacer.\",\"breadcrumb\":{\"@id\":\"https:\\\/\\\/barreiropsicologia.com\\\/blog\\\/consecuencias-mentales-de-las-listas-de-espera\\\/#breadcrumb\"},\"inLanguage\":\"es\",\"potentialAction\":[{\"@type\":\"ReadAction\",\"target\":[\"https:\\\/\\\/barreiropsicologia.com\\\/blog\\\/consecuencias-mentales-de-las-listas-de-espera\\\/\"]}]},{\"@type\":\"ImageObject\",\"inLanguage\":\"es\",\"@id\":\"https:\\\/\\\/barreiropsicologia.com\\\/blog\\\/consecuencias-mentales-de-las-listas-de-espera\\\/#primaryimage\",\"url\":\"https:\\\/\\\/barreiropsicologia.com\\\/blog\\\/wp-content\\\/uploads\\\/2024\\\/01\\\/4b649107-e5de-4ab1-940d-00b06ef77c1d.jpg\",\"contentUrl\":\"https:\\\/\\\/barreiropsicologia.com\\\/blog\\\/wp-content\\\/uploads\\\/2024\\\/01\\\/4b649107-e5de-4ab1-940d-00b06ef77c1d.jpg\",\"width\":1024,\"height\":1024,\"caption\":\"listas de espera en sanidad\"},{\"@type\":\"BreadcrumbList\",\"@id\":\"https:\\\/\\\/barreiropsicologia.com\\\/blog\\\/consecuencias-mentales-de-las-listas-de-espera\\\/#breadcrumb\",\"itemListElement\":[{\"@type\":\"ListItem\",\"position\":1,\"name\":\"Portada\",\"item\":\"https:\\\/\\\/barreiropsicologia.com\\\/blog\\\/\"},{\"@type\":\"ListItem\",\"position\":2,\"name\":\"Consecuencias psicol\u00f3gicas de las lista de espera\"}]},{\"@type\":\"WebSite\",\"@id\":\"https:\\\/\\\/barreiropsicologia.com\\\/blog\\\/#website\",\"url\":\"https:\\\/\\\/barreiropsicologia.com\\\/blog\\\/\",\"name\":\"Blog de psicolog\u00eda\",\"description\":\"Barreiro Psicolog\u00eda Blog\",\"potentialAction\":[{\"@type\":\"SearchAction\",\"target\":{\"@type\":\"EntryPoint\",\"urlTemplate\":\"https:\\\/\\\/barreiropsicologia.com\\\/blog\\\/?s={search_term_string}\"},\"query-input\":{\"@type\":\"PropertyValueSpecification\",\"valueRequired\":true,\"valueName\":\"search_term_string\"}}],\"inLanguage\":\"es\"},{\"@type\":\"Person\",\"@id\":\"https:\\\/\\\/barreiropsicologia.com\\\/blog\\\/#\\\/schema\\\/person\\\/6068f8a0ae30566e1100f91905ead263\",\"name\":\"Javier Barreiro\",\"image\":{\"@type\":\"ImageObject\",\"inLanguage\":\"es\",\"@id\":\"https:\\\/\\\/secure.gravatar.com\\\/avatar\\\/ba2dc692a18d0909a9544d2d12c67449129af0c5441c8732f319a1ae7ae701b0?s=96&d=mm&r=g\",\"url\":\"https:\\\/\\\/secure.gravatar.com\\\/avatar\\\/ba2dc692a18d0909a9544d2d12c67449129af0c5441c8732f319a1ae7ae701b0?s=96&d=mm&r=g\",\"contentUrl\":\"https:\\\/\\\/secure.gravatar.com\\\/avatar\\\/ba2dc692a18d0909a9544d2d12c67449129af0c5441c8732f319a1ae7ae701b0?s=96&d=mm&r=g\",\"caption\":\"Javier Barreiro\"},\"description\":\"Javier Barreiro Santamarta es Licenciado en Psicolog\u00eda por la Universidad de Salamanca, Psic\u00f3logo General Sanitario en Salamanca colegiado n\u00ba CL-3735. M\u00e1ster en Psicolog\u00eda Cl\u00ednica cognitivo-conductual, M\u00e1ster en Terapia Breve Centrada en Soluciones y M\u00e1ster en Recursos Humanos.\",\"sameAs\":[\"https:\\\/\\\/www.facebook.com\\\/psicologossalamanca\\\/\",\"https:\\\/\\\/www.instagram.com\\\/barreiro.psi\",\"https:\\\/\\\/ar.linkedin.com\\\/in\\\/javier-barreiro-santamarta-9183b962\",\"https:\\\/\\\/x.com\\\/Barreiro.javier@hotmail.com\"],\"url\":\"https:\\\/\\\/barreiropsicologia.com\\\/blog\\\/author\\\/javier_barreiro\\\/\"}]}<\/script>\n<!-- \/ Yoast SEO plugin. -->","yoast_head_json":{"title":"Consecuencias mentales de las listas de espera en sanidad","description":"Las listas de espera pueden afectar a la salud mental de las personas que las sufren. En el art\u00edculo te explicamos c\u00f3mo y qu\u00e9 se puede hacer.","robots":{"index":"index","follow":"follow","max-snippet":"max-snippet:-1","max-image-preview":"max-image-preview:large","max-video-preview":"max-video-preview:-1"},"canonical":"https:\/\/barreiropsicologia.com\/blog\/consecuencias-mentales-de-las-listas-de-espera\/","og_locale":"es_ES","og_type":"article","og_title":"Consecuencias mentales de las listas de espera en sanidad","og_description":"Las listas de espera pueden afectar a la salud mental de las personas que las sufren. En el art\u00edculo te explicamos c\u00f3mo y qu\u00e9 se puede hacer.","og_url":"https:\/\/barreiropsicologia.com\/blog\/consecuencias-mentales-de-las-listas-de-espera\/","og_site_name":"Blog de psicolog\u00eda","article_publisher":"https:\/\/www.facebook.com\/psicologossalamanca\/","article_author":"https:\/\/www.facebook.com\/psicologossalamanca\/","article_published_time":"2024-01-23T13:16:19+00:00","article_modified_time":"2026-03-27T11:53:13+00:00","og_image":[{"width":1024,"height":1024,"url":"https:\/\/barreiropsicologia.com\/blog\/wp-content\/uploads\/2024\/01\/4b649107-e5de-4ab1-940d-00b06ef77c1d.jpg","type":"image\/jpeg"}],"author":"Javier Barreiro","twitter_card":"summary_large_image","twitter_creator":"@Barreiro.javier@hotmail.com","twitter_site":"@Barreiro_Psi","twitter_misc":{"Escrito por":"Javier Barreiro","Tiempo de lectura":"3 minutos"},"schema":{"@context":"https:\/\/schema.org","@graph":[{"@type":"Article","@id":"https:\/\/barreiropsicologia.com\/blog\/consecuencias-mentales-de-las-listas-de-espera\/#article","isPartOf":{"@id":"https:\/\/barreiropsicologia.com\/blog\/consecuencias-mentales-de-las-listas-de-espera\/"},"author":{"name":"Javier Barreiro","@id":"https:\/\/barreiropsicologia.com\/blog\/#\/schema\/person\/6068f8a0ae30566e1100f91905ead263"},"headline":"Consecuencias psicol\u00f3gicas de las lista de espera","datePublished":"2024-01-23T13:16:19+00:00","dateModified":"2026-03-27T11:53:13+00:00","mainEntityOfPage":{"@id":"https:\/\/barreiropsicologia.com\/blog\/consecuencias-mentales-de-las-listas-de-espera\/"},"wordCount":670,"commentCount":0,"image":{"@id":"https:\/\/barreiropsicologia.com\/blog\/consecuencias-mentales-de-las-listas-de-espera\/#primaryimage"},"thumbnailUrl":"https:\/\/barreiropsicologia.com\/blog\/wp-content\/uploads\/2024\/01\/4b649107-e5de-4ab1-940d-00b06ef77c1d.jpg","keywords":["consecuencias psicol\u00f3gicas"],"articleSection":["Sociedad y salud mental"],"inLanguage":"es","potentialAction":[{"@type":"CommentAction","name":"Comment","target":["https:\/\/barreiropsicologia.com\/blog\/consecuencias-mentales-de-las-listas-de-espera\/#respond"]}]},{"@type":"WebPage","@id":"https:\/\/barreiropsicologia.com\/blog\/consecuencias-mentales-de-las-listas-de-espera\/","url":"https:\/\/barreiropsicologia.com\/blog\/consecuencias-mentales-de-las-listas-de-espera\/","name":"Consecuencias mentales de las listas de espera en sanidad","isPartOf":{"@id":"https:\/\/barreiropsicologia.com\/blog\/#website"},"primaryImageOfPage":{"@id":"https:\/\/barreiropsicologia.com\/blog\/consecuencias-mentales-de-las-listas-de-espera\/#primaryimage"},"image":{"@id":"https:\/\/barreiropsicologia.com\/blog\/consecuencias-mentales-de-las-listas-de-espera\/#primaryimage"},"thumbnailUrl":"https:\/\/barreiropsicologia.com\/blog\/wp-content\/uploads\/2024\/01\/4b649107-e5de-4ab1-940d-00b06ef77c1d.jpg","datePublished":"2024-01-23T13:16:19+00:00","dateModified":"2026-03-27T11:53:13+00:00","author":{"@id":"https:\/\/barreiropsicologia.com\/blog\/#\/schema\/person\/6068f8a0ae30566e1100f91905ead263"},"description":"Las listas de espera pueden afectar a la salud mental de las personas que las sufren. En el art\u00edculo te explicamos c\u00f3mo y qu\u00e9 se puede hacer.","breadcrumb":{"@id":"https:\/\/barreiropsicologia.com\/blog\/consecuencias-mentales-de-las-listas-de-espera\/#breadcrumb"},"inLanguage":"es","potentialAction":[{"@type":"ReadAction","target":["https:\/\/barreiropsicologia.com\/blog\/consecuencias-mentales-de-las-listas-de-espera\/"]}]},{"@type":"ImageObject","inLanguage":"es","@id":"https:\/\/barreiropsicologia.com\/blog\/consecuencias-mentales-de-las-listas-de-espera\/#primaryimage","url":"https:\/\/barreiropsicologia.com\/blog\/wp-content\/uploads\/2024\/01\/4b649107-e5de-4ab1-940d-00b06ef77c1d.jpg","contentUrl":"https:\/\/barreiropsicologia.com\/blog\/wp-content\/uploads\/2024\/01\/4b649107-e5de-4ab1-940d-00b06ef77c1d.jpg","width":1024,"height":1024,"caption":"listas de espera en sanidad"},{"@type":"BreadcrumbList","@id":"https:\/\/barreiropsicologia.com\/blog\/consecuencias-mentales-de-las-listas-de-espera\/#breadcrumb","itemListElement":[{"@type":"ListItem","position":1,"name":"Portada","item":"https:\/\/barreiropsicologia.com\/blog\/"},{"@type":"ListItem","position":2,"name":"Consecuencias psicol\u00f3gicas de las lista de espera"}]},{"@type":"WebSite","@id":"https:\/\/barreiropsicologia.com\/blog\/#website","url":"https:\/\/barreiropsicologia.com\/blog\/","name":"Blog de psicolog\u00eda","description":"Barreiro Psicolog\u00eda Blog","potentialAction":[{"@type":"SearchAction","target":{"@type":"EntryPoint","urlTemplate":"https:\/\/barreiropsicologia.com\/blog\/?s={search_term_string}"},"query-input":{"@type":"PropertyValueSpecification","valueRequired":true,"valueName":"search_term_string"}}],"inLanguage":"es"},{"@type":"Person","@id":"https:\/\/barreiropsicologia.com\/blog\/#\/schema\/person\/6068f8a0ae30566e1100f91905ead263","name":"Javier Barreiro","image":{"@type":"ImageObject","inLanguage":"es","@id":"https:\/\/secure.gravatar.com\/avatar\/ba2dc692a18d0909a9544d2d12c67449129af0c5441c8732f319a1ae7ae701b0?s=96&d=mm&r=g","url":"https:\/\/secure.gravatar.com\/avatar\/ba2dc692a18d0909a9544d2d12c67449129af0c5441c8732f319a1ae7ae701b0?s=96&d=mm&r=g","contentUrl":"https:\/\/secure.gravatar.com\/avatar\/ba2dc692a18d0909a9544d2d12c67449129af0c5441c8732f319a1ae7ae701b0?s=96&d=mm&r=g","caption":"Javier Barreiro"},"description":"Javier Barreiro Santamarta es Licenciado en Psicolog\u00eda por la Universidad de Salamanca, Psic\u00f3logo General Sanitario en Salamanca colegiado n\u00ba CL-3735. M\u00e1ster en Psicolog\u00eda Cl\u00ednica cognitivo-conductual, M\u00e1ster en Terapia Breve Centrada en Soluciones y M\u00e1ster en Recursos Humanos.","sameAs":["https:\/\/www.facebook.com\/psicologossalamanca\/","https:\/\/www.instagram.com\/barreiro.psi","https:\/\/ar.linkedin.com\/in\/javier-barreiro-santamarta-9183b962","https:\/\/x.com\/Barreiro.javier@hotmail.com"],"url":"https:\/\/barreiropsicologia.com\/blog\/author\/javier_barreiro\/"}]}},"_links":{"self":[{"href":"https:\/\/barreiropsicologia.com\/blog\/wp-json\/wp\/v2\/posts\/3680","targetHints":{"allow":["GET"]}}],"collection":[{"href":"https:\/\/barreiropsicologia.com\/blog\/wp-json\/wp\/v2\/posts"}],"about":[{"href":"https:\/\/barreiropsicologia.com\/blog\/wp-json\/wp\/v2\/types\/post"}],"author":[{"embeddable":true,"href":"https:\/\/barreiropsicologia.com\/blog\/wp-json\/wp\/v2\/users\/1"}],"replies":[{"embeddable":true,"href":"https:\/\/barreiropsicologia.com\/blog\/wp-json\/wp\/v2\/comments?post=3680"}],"version-history":[{"count":3,"href":"https:\/\/barreiropsicologia.com\/blog\/wp-json\/wp\/v2\/posts\/3680\/revisions"}],"predecessor-version":[{"id":3684,"href":"https:\/\/barreiropsicologia.com\/blog\/wp-json\/wp\/v2\/posts\/3680\/revisions\/3684"}],"wp:featuredmedia":[{"embeddable":true,"href":"https:\/\/barreiropsicologia.com\/blog\/wp-json\/wp\/v2\/media\/3681"}],"wp:attachment":[{"href":"https:\/\/barreiropsicologia.com\/blog\/wp-json\/wp\/v2\/media?parent=3680"}],"wp:term":[{"taxonomy":"category","embeddable":true,"href":"https:\/\/barreiropsicologia.com\/blog\/wp-json\/wp\/v2\/categories?post=3680"},{"taxonomy":"post_tag","embeddable":true,"href":"https:\/\/barreiropsicologia.com\/blog\/wp-json\/wp\/v2\/tags?post=3680"}],"curies":[{"name":"wp","href":"https:\/\/api.w.org\/{rel}","templated":true}]}}