{"id":3690,"date":"2024-02-16T11:21:40","date_gmt":"2024-02-16T10:21:40","guid":{"rendered":"https:\/\/barreiropsicologia.com\/blog\/?p=3690"},"modified":"2026-03-27T12:53:05","modified_gmt":"2026-03-27T11:53:05","slug":"impacto-de-la-violencia-en-la-sociedad","status":"publish","type":"post","link":"https:\/\/barreiropsicologia.com\/blog\/impacto-de-la-violencia-en-la-sociedad\/","title":{"rendered":"El impacto de la violencia en la sociedad"},"content":{"rendered":"\n<h2 class=\"wp-block-heading\"><strong>\u00bfQu\u00e9 es la violencia?<\/strong><\/h2>\n\n\n\n<p>La violencia, en sus diferentes manifestaciones, constituye un desaf\u00edo persistente en la sociedad contempor\u00e1nea. Desde la violencia f\u00edsica hasta la psicol\u00f3gica y estructural, sus impactos son profundos y duraderos. Este art\u00edculo analiza las causas subyacentes, las consecuencias y propone soluciones para enfrentar este problema de manera efectiva.<\/p>\n\n\n\n<p>La violencia se define como la utilizaci\u00f3n de la fuerza o la intimidaci\u00f3n para causar da\u00f1o f\u00edsico, psicol\u00f3gico o emocional a una persona o grupo. Puede manifestarse en diversas formas, como violencia f\u00edsica, verbal, psicol\u00f3gica o estructural, y sus consecuencias pueden ser devastadoras para las personas afectadas y para la sociedad en su conjunto.<\/p>\n\n\n\n<h2 class=\"wp-block-heading\"><strong>La Escalada de la Violencia<\/strong> en la sociedad<\/h2>\n\n\n\n<p>La escalada de la violencia sigue generalmente un patr\u00f3n en el cual los conflictos iniciales se intensifican gradualmente. Desde disputas personales hasta tensiones pol\u00edticas, diversos factores pueden contribuir a esta escalada. La falta de comunicaci\u00f3n efectiva, la incapacidad para resolver problemas pac\u00edficamente y la participaci\u00f3n de terceros son solo algunos de los elementos que pueden alimentar esta din\u00e1mica peligrosa.<\/p>\n\n\n\n<h2 class=\"wp-block-heading\"><strong>Violencia entre los j\u00f3venes<\/strong><\/h2>\n\n\n\n<p>El aumento de la violencia entre j\u00f3venes en Espa\u00f1a es un fen\u00f3meno preocupante que puede atribuirse a diversos factores sociales y econ\u00f3micos. La falta de oportunidades laborales, la desigualdad econ\u00f3mica y la exclusi\u00f3n social son solo algunos de los factores que pueden contribuir a la frustraci\u00f3n y descontento entre los j\u00f3venes. Adem\u00e1s, influencias como la presi\u00f3n de grupo y la falta de modelos a seguir positivos pueden exacerbar este problema.<\/p>\n\n\n\n<h2 class=\"wp-block-heading\"><strong>El Auge del uso de armas blancas<\/strong><\/h2>\n\n\n\n<p>En cuanto al aumento en el uso de armas blancas, este fen\u00f3meno puede estar relacionado con la percepci\u00f3n de estas como herramientas m\u00e1s accesibles y discretas en comparaci\u00f3n con armas de fuego. La glorificaci\u00f3n de la violencia en los medios de comunicaci\u00f3n y la falta de programas efectivos de prevenci\u00f3n tambi\u00e9n pueden contribuir a esta tendencia preocupante.<\/p>\n\n\n\n<h2 class=\"wp-block-heading\"><strong>Abordando el problema<\/strong> de la violencia en la sociedad<\/h2>\n\n\n\n<p>Para abordar eficazmente el problema de la violencia en la sociedad, es crucial implementar medidas integrales. Esto incluye oportunidades de empleo, programas educativos y campa\u00f1as de concienciaci\u00f3n sobre los riesgos de la violencia. Adem\u00e1s, fortalecer el apoyo social y comunitario es fundamental para brindar alternativas positivas a los j\u00f3venes en riesgo y promover una cultura de paz y respeto. <a href=\"https:\/\/barreiropsicologia.com\/terapia-psicologica\/terapia-adolescentes\/\">Terapia psicol\u00f3gica para adolescentes<\/a><\/p>\n\n\n\n<h2 class=\"wp-block-heading\"><strong>Una conclusi\u00f3n<\/strong><\/h2>\n\n\n\n<p>La violencia en la sociedad es un problema complejo que requiere un enfoque multifac\u00e9tico para su prevenci\u00f3n y abordaje. Desde identificar las causas subyacentes hasta implementar soluciones efectivas, es fundamental trabajar juntos como sociedad para construir un futuro m\u00e1s pac\u00edfico y seguro para todos.<\/p>\n\n\n\n<p>Con esta perspectiva en mente, es posible enfrentar el desaf\u00edo de la violencia y trabajar hacia una sociedad m\u00e1s justa y equitativa para las generaciones futuras.<\/p>\n\n\n\n<hr class=\"wp-block-separator has-alpha-channel-opacity\"\/>\n\n\n<p>Tambi\u00e9n te puede interesar el art\u00edculo:<\/p>\n<ul>\n<li><a href=\"_wp_link_placeholder\" data-wplink-edit=\"true\">El acceso de los menores a la pornograf\u00eda<\/a><\/li>\n<\/ul>","protected":false},"excerpt":{"rendered":"<p>\u00bfQu\u00e9 es la violencia? La violencia, en sus diferentes manifestaciones, constituye un desaf\u00edo persistente en la sociedad contempor\u00e1nea. Desde la violencia f\u00edsica hasta la psicol\u00f3gica y estructural, sus impactos son profundos y duraderos. Este art\u00edculo analiza las causas subyacentes, las&#46;&#46;&#46;<\/p>\n","protected":false},"author":1,"featured_media":3692,"comment_status":"open","ping_status":"open","sticky":false,"template":"","format":"standard","meta":{"footnotes":""},"categories":[801],"tags":[719,699],"class_list":["post-3690","post","type-post","status-publish","format-standard","has-post-thumbnail","hentry","category-entorno-salud-mental","tag-adolescencia","tag-violencia-y-bullying"],"yoast_head":"<!-- This site is optimized with the Yoast SEO plugin v27.3 - https:\/\/yoast.com\/product\/yoast-seo-wordpress\/ -->\n<title>La violencia en la sociedad<\/title>\n<meta name=\"description\" content=\"Conoce las diversas formas de la violencia en la sociedad. Descubre c\u00f3mo abordar este problema y las medidas para prevenir su escalada.\" \/>\n<meta name=\"robots\" content=\"index, follow, max-snippet:-1, max-image-preview:large, max-video-preview:-1\" \/>\n<link rel=\"canonical\" href=\"https:\/\/barreiropsicologia.com\/blog\/impacto-de-la-violencia-en-la-sociedad\/\" \/>\n<meta property=\"og:locale\" content=\"es_ES\" \/>\n<meta property=\"og:type\" content=\"article\" \/>\n<meta property=\"og:title\" content=\"La violencia en la sociedad\" \/>\n<meta property=\"og:description\" content=\"Conoce las diversas formas de la violencia en la sociedad. Descubre c\u00f3mo abordar este problema y las medidas para prevenir su escalada.\" \/>\n<meta property=\"og:url\" content=\"https:\/\/barreiropsicologia.com\/blog\/impacto-de-la-violencia-en-la-sociedad\/\" \/>\n<meta property=\"og:site_name\" content=\"Blog de psicolog\u00eda\" \/>\n<meta property=\"article:publisher\" content=\"https:\/\/www.facebook.com\/psicologossalamanca\/\" \/>\n<meta property=\"article:author\" content=\"https:\/\/www.facebook.com\/psicologossalamanca\/\" \/>\n<meta property=\"article:published_time\" content=\"2024-02-16T10:21:40+00:00\" \/>\n<meta property=\"article:modified_time\" content=\"2026-03-27T11:53:05+00:00\" \/>\n<meta property=\"og:image\" content=\"https:\/\/barreiropsicologia.com\/blog\/wp-content\/uploads\/2024\/02\/42381212-973a-4b53-b3b5-388673e19463.jpg\" \/>\n\t<meta property=\"og:image:width\" content=\"1024\" \/>\n\t<meta property=\"og:image:height\" content=\"1024\" \/>\n\t<meta property=\"og:image:type\" content=\"image\/jpeg\" \/>\n<meta name=\"author\" content=\"Javier Barreiro\" \/>\n<meta name=\"twitter:card\" content=\"summary_large_image\" \/>\n<meta name=\"twitter:creator\" content=\"@Barreiro.javier@hotmail.com\" \/>\n<meta name=\"twitter:site\" content=\"@Barreiro_Psi\" \/>\n<meta name=\"twitter:label1\" content=\"Escrito por\" \/>\n\t<meta name=\"twitter:data1\" content=\"Javier Barreiro\" \/>\n\t<meta name=\"twitter:label2\" content=\"Tiempo de lectura\" \/>\n\t<meta name=\"twitter:data2\" content=\"3 minutos\" \/>\n<script type=\"application\/ld+json\" class=\"yoast-schema-graph\">{\"@context\":\"https:\\\/\\\/schema.org\",\"@graph\":[{\"@type\":\"Article\",\"@id\":\"https:\\\/\\\/barreiropsicologia.com\\\/blog\\\/impacto-de-la-violencia-en-la-sociedad\\\/#article\",\"isPartOf\":{\"@id\":\"https:\\\/\\\/barreiropsicologia.com\\\/blog\\\/impacto-de-la-violencia-en-la-sociedad\\\/\"},\"author\":{\"name\":\"Javier Barreiro\",\"@id\":\"https:\\\/\\\/barreiropsicologia.com\\\/blog\\\/#\\\/schema\\\/person\\\/6068f8a0ae30566e1100f91905ead263\"},\"headline\":\"El impacto de la violencia en la sociedad\",\"datePublished\":\"2024-02-16T10:21:40+00:00\",\"dateModified\":\"2026-03-27T11:53:05+00:00\",\"mainEntityOfPage\":{\"@id\":\"https:\\\/\\\/barreiropsicologia.com\\\/blog\\\/impacto-de-la-violencia-en-la-sociedad\\\/\"},\"wordCount\":528,\"commentCount\":0,\"image\":{\"@id\":\"https:\\\/\\\/barreiropsicologia.com\\\/blog\\\/impacto-de-la-violencia-en-la-sociedad\\\/#primaryimage\"},\"thumbnailUrl\":\"https:\\\/\\\/barreiropsicologia.com\\\/blog\\\/wp-content\\\/uploads\\\/2024\\\/02\\\/42381212-973a-4b53-b3b5-388673e19463.jpg\",\"keywords\":[\"adolescencia\",\"violencia y bullying\"],\"articleSection\":[\"Entorno y salud mental\"],\"inLanguage\":\"es\",\"potentialAction\":[{\"@type\":\"CommentAction\",\"name\":\"Comment\",\"target\":[\"https:\\\/\\\/barreiropsicologia.com\\\/blog\\\/impacto-de-la-violencia-en-la-sociedad\\\/#respond\"]}]},{\"@type\":\"WebPage\",\"@id\":\"https:\\\/\\\/barreiropsicologia.com\\\/blog\\\/impacto-de-la-violencia-en-la-sociedad\\\/\",\"url\":\"https:\\\/\\\/barreiropsicologia.com\\\/blog\\\/impacto-de-la-violencia-en-la-sociedad\\\/\",\"name\":\"La violencia en la sociedad\",\"isPartOf\":{\"@id\":\"https:\\\/\\\/barreiropsicologia.com\\\/blog\\\/#website\"},\"primaryImageOfPage\":{\"@id\":\"https:\\\/\\\/barreiropsicologia.com\\\/blog\\\/impacto-de-la-violencia-en-la-sociedad\\\/#primaryimage\"},\"image\":{\"@id\":\"https:\\\/\\\/barreiropsicologia.com\\\/blog\\\/impacto-de-la-violencia-en-la-sociedad\\\/#primaryimage\"},\"thumbnailUrl\":\"https:\\\/\\\/barreiropsicologia.com\\\/blog\\\/wp-content\\\/uploads\\\/2024\\\/02\\\/42381212-973a-4b53-b3b5-388673e19463.jpg\",\"datePublished\":\"2024-02-16T10:21:40+00:00\",\"dateModified\":\"2026-03-27T11:53:05+00:00\",\"author\":{\"@id\":\"https:\\\/\\\/barreiropsicologia.com\\\/blog\\\/#\\\/schema\\\/person\\\/6068f8a0ae30566e1100f91905ead263\"},\"description\":\"Conoce las diversas formas de la violencia en la sociedad. Descubre c\u00f3mo abordar este problema y las medidas para prevenir su escalada.\",\"breadcrumb\":{\"@id\":\"https:\\\/\\\/barreiropsicologia.com\\\/blog\\\/impacto-de-la-violencia-en-la-sociedad\\\/#breadcrumb\"},\"inLanguage\":\"es\",\"potentialAction\":[{\"@type\":\"ReadAction\",\"target\":[\"https:\\\/\\\/barreiropsicologia.com\\\/blog\\\/impacto-de-la-violencia-en-la-sociedad\\\/\"]}]},{\"@type\":\"ImageObject\",\"inLanguage\":\"es\",\"@id\":\"https:\\\/\\\/barreiropsicologia.com\\\/blog\\\/impacto-de-la-violencia-en-la-sociedad\\\/#primaryimage\",\"url\":\"https:\\\/\\\/barreiropsicologia.com\\\/blog\\\/wp-content\\\/uploads\\\/2024\\\/02\\\/42381212-973a-4b53-b3b5-388673e19463.jpg\",\"contentUrl\":\"https:\\\/\\\/barreiropsicologia.com\\\/blog\\\/wp-content\\\/uploads\\\/2024\\\/02\\\/42381212-973a-4b53-b3b5-388673e19463.jpg\",\"width\":1024,\"height\":1024,\"caption\":\"Violencia en la sociedad\"},{\"@type\":\"BreadcrumbList\",\"@id\":\"https:\\\/\\\/barreiropsicologia.com\\\/blog\\\/impacto-de-la-violencia-en-la-sociedad\\\/#breadcrumb\",\"itemListElement\":[{\"@type\":\"ListItem\",\"position\":1,\"name\":\"Portada\",\"item\":\"https:\\\/\\\/barreiropsicologia.com\\\/blog\\\/\"},{\"@type\":\"ListItem\",\"position\":2,\"name\":\"El impacto de la violencia en la sociedad\"}]},{\"@type\":\"WebSite\",\"@id\":\"https:\\\/\\\/barreiropsicologia.com\\\/blog\\\/#website\",\"url\":\"https:\\\/\\\/barreiropsicologia.com\\\/blog\\\/\",\"name\":\"Blog de psicolog\u00eda\",\"description\":\"Barreiro Psicolog\u00eda Blog\",\"potentialAction\":[{\"@type\":\"SearchAction\",\"target\":{\"@type\":\"EntryPoint\",\"urlTemplate\":\"https:\\\/\\\/barreiropsicologia.com\\\/blog\\\/?s={search_term_string}\"},\"query-input\":{\"@type\":\"PropertyValueSpecification\",\"valueRequired\":true,\"valueName\":\"search_term_string\"}}],\"inLanguage\":\"es\"},{\"@type\":\"Person\",\"@id\":\"https:\\\/\\\/barreiropsicologia.com\\\/blog\\\/#\\\/schema\\\/person\\\/6068f8a0ae30566e1100f91905ead263\",\"name\":\"Javier Barreiro\",\"image\":{\"@type\":\"ImageObject\",\"inLanguage\":\"es\",\"@id\":\"https:\\\/\\\/secure.gravatar.com\\\/avatar\\\/ba2dc692a18d0909a9544d2d12c67449129af0c5441c8732f319a1ae7ae701b0?s=96&d=mm&r=g\",\"url\":\"https:\\\/\\\/secure.gravatar.com\\\/avatar\\\/ba2dc692a18d0909a9544d2d12c67449129af0c5441c8732f319a1ae7ae701b0?s=96&d=mm&r=g\",\"contentUrl\":\"https:\\\/\\\/secure.gravatar.com\\\/avatar\\\/ba2dc692a18d0909a9544d2d12c67449129af0c5441c8732f319a1ae7ae701b0?s=96&d=mm&r=g\",\"caption\":\"Javier Barreiro\"},\"description\":\"Javier Barreiro Santamarta es Licenciado en Psicolog\u00eda por la Universidad de Salamanca, Psic\u00f3logo General Sanitario en Salamanca colegiado n\u00ba CL-3735. M\u00e1ster en Psicolog\u00eda Cl\u00ednica cognitivo-conductual, M\u00e1ster en Terapia Breve Centrada en Soluciones y M\u00e1ster en Recursos Humanos.\",\"sameAs\":[\"https:\\\/\\\/www.facebook.com\\\/psicologossalamanca\\\/\",\"https:\\\/\\\/www.instagram.com\\\/barreiro.psi\",\"https:\\\/\\\/ar.linkedin.com\\\/in\\\/javier-barreiro-santamarta-9183b962\",\"https:\\\/\\\/x.com\\\/Barreiro.javier@hotmail.com\"],\"url\":\"https:\\\/\\\/barreiropsicologia.com\\\/blog\\\/author\\\/javier_barreiro\\\/\"}]}<\/script>\n<!-- \/ Yoast SEO plugin. -->","yoast_head_json":{"title":"La violencia en la sociedad","description":"Conoce las diversas formas de la violencia en la sociedad. Descubre c\u00f3mo abordar este problema y las medidas para prevenir su escalada.","robots":{"index":"index","follow":"follow","max-snippet":"max-snippet:-1","max-image-preview":"max-image-preview:large","max-video-preview":"max-video-preview:-1"},"canonical":"https:\/\/barreiropsicologia.com\/blog\/impacto-de-la-violencia-en-la-sociedad\/","og_locale":"es_ES","og_type":"article","og_title":"La violencia en la sociedad","og_description":"Conoce las diversas formas de la violencia en la sociedad. Descubre c\u00f3mo abordar este problema y las medidas para prevenir su escalada.","og_url":"https:\/\/barreiropsicologia.com\/blog\/impacto-de-la-violencia-en-la-sociedad\/","og_site_name":"Blog de psicolog\u00eda","article_publisher":"https:\/\/www.facebook.com\/psicologossalamanca\/","article_author":"https:\/\/www.facebook.com\/psicologossalamanca\/","article_published_time":"2024-02-16T10:21:40+00:00","article_modified_time":"2026-03-27T11:53:05+00:00","og_image":[{"width":1024,"height":1024,"url":"https:\/\/barreiropsicologia.com\/blog\/wp-content\/uploads\/2024\/02\/42381212-973a-4b53-b3b5-388673e19463.jpg","type":"image\/jpeg"}],"author":"Javier Barreiro","twitter_card":"summary_large_image","twitter_creator":"@Barreiro.javier@hotmail.com","twitter_site":"@Barreiro_Psi","twitter_misc":{"Escrito por":"Javier Barreiro","Tiempo de lectura":"3 minutos"},"schema":{"@context":"https:\/\/schema.org","@graph":[{"@type":"Article","@id":"https:\/\/barreiropsicologia.com\/blog\/impacto-de-la-violencia-en-la-sociedad\/#article","isPartOf":{"@id":"https:\/\/barreiropsicologia.com\/blog\/impacto-de-la-violencia-en-la-sociedad\/"},"author":{"name":"Javier Barreiro","@id":"https:\/\/barreiropsicologia.com\/blog\/#\/schema\/person\/6068f8a0ae30566e1100f91905ead263"},"headline":"El impacto de la violencia en la sociedad","datePublished":"2024-02-16T10:21:40+00:00","dateModified":"2026-03-27T11:53:05+00:00","mainEntityOfPage":{"@id":"https:\/\/barreiropsicologia.com\/blog\/impacto-de-la-violencia-en-la-sociedad\/"},"wordCount":528,"commentCount":0,"image":{"@id":"https:\/\/barreiropsicologia.com\/blog\/impacto-de-la-violencia-en-la-sociedad\/#primaryimage"},"thumbnailUrl":"https:\/\/barreiropsicologia.com\/blog\/wp-content\/uploads\/2024\/02\/42381212-973a-4b53-b3b5-388673e19463.jpg","keywords":["adolescencia","violencia y bullying"],"articleSection":["Entorno y salud mental"],"inLanguage":"es","potentialAction":[{"@type":"CommentAction","name":"Comment","target":["https:\/\/barreiropsicologia.com\/blog\/impacto-de-la-violencia-en-la-sociedad\/#respond"]}]},{"@type":"WebPage","@id":"https:\/\/barreiropsicologia.com\/blog\/impacto-de-la-violencia-en-la-sociedad\/","url":"https:\/\/barreiropsicologia.com\/blog\/impacto-de-la-violencia-en-la-sociedad\/","name":"La violencia en la sociedad","isPartOf":{"@id":"https:\/\/barreiropsicologia.com\/blog\/#website"},"primaryImageOfPage":{"@id":"https:\/\/barreiropsicologia.com\/blog\/impacto-de-la-violencia-en-la-sociedad\/#primaryimage"},"image":{"@id":"https:\/\/barreiropsicologia.com\/blog\/impacto-de-la-violencia-en-la-sociedad\/#primaryimage"},"thumbnailUrl":"https:\/\/barreiropsicologia.com\/blog\/wp-content\/uploads\/2024\/02\/42381212-973a-4b53-b3b5-388673e19463.jpg","datePublished":"2024-02-16T10:21:40+00:00","dateModified":"2026-03-27T11:53:05+00:00","author":{"@id":"https:\/\/barreiropsicologia.com\/blog\/#\/schema\/person\/6068f8a0ae30566e1100f91905ead263"},"description":"Conoce las diversas formas de la violencia en la sociedad. Descubre c\u00f3mo abordar este problema y las medidas para prevenir su escalada.","breadcrumb":{"@id":"https:\/\/barreiropsicologia.com\/blog\/impacto-de-la-violencia-en-la-sociedad\/#breadcrumb"},"inLanguage":"es","potentialAction":[{"@type":"ReadAction","target":["https:\/\/barreiropsicologia.com\/blog\/impacto-de-la-violencia-en-la-sociedad\/"]}]},{"@type":"ImageObject","inLanguage":"es","@id":"https:\/\/barreiropsicologia.com\/blog\/impacto-de-la-violencia-en-la-sociedad\/#primaryimage","url":"https:\/\/barreiropsicologia.com\/blog\/wp-content\/uploads\/2024\/02\/42381212-973a-4b53-b3b5-388673e19463.jpg","contentUrl":"https:\/\/barreiropsicologia.com\/blog\/wp-content\/uploads\/2024\/02\/42381212-973a-4b53-b3b5-388673e19463.jpg","width":1024,"height":1024,"caption":"Violencia en la sociedad"},{"@type":"BreadcrumbList","@id":"https:\/\/barreiropsicologia.com\/blog\/impacto-de-la-violencia-en-la-sociedad\/#breadcrumb","itemListElement":[{"@type":"ListItem","position":1,"name":"Portada","item":"https:\/\/barreiropsicologia.com\/blog\/"},{"@type":"ListItem","position":2,"name":"El impacto de la violencia en la sociedad"}]},{"@type":"WebSite","@id":"https:\/\/barreiropsicologia.com\/blog\/#website","url":"https:\/\/barreiropsicologia.com\/blog\/","name":"Blog de psicolog\u00eda","description":"Barreiro Psicolog\u00eda Blog","potentialAction":[{"@type":"SearchAction","target":{"@type":"EntryPoint","urlTemplate":"https:\/\/barreiropsicologia.com\/blog\/?s={search_term_string}"},"query-input":{"@type":"PropertyValueSpecification","valueRequired":true,"valueName":"search_term_string"}}],"inLanguage":"es"},{"@type":"Person","@id":"https:\/\/barreiropsicologia.com\/blog\/#\/schema\/person\/6068f8a0ae30566e1100f91905ead263","name":"Javier Barreiro","image":{"@type":"ImageObject","inLanguage":"es","@id":"https:\/\/secure.gravatar.com\/avatar\/ba2dc692a18d0909a9544d2d12c67449129af0c5441c8732f319a1ae7ae701b0?s=96&d=mm&r=g","url":"https:\/\/secure.gravatar.com\/avatar\/ba2dc692a18d0909a9544d2d12c67449129af0c5441c8732f319a1ae7ae701b0?s=96&d=mm&r=g","contentUrl":"https:\/\/secure.gravatar.com\/avatar\/ba2dc692a18d0909a9544d2d12c67449129af0c5441c8732f319a1ae7ae701b0?s=96&d=mm&r=g","caption":"Javier Barreiro"},"description":"Javier Barreiro Santamarta es Licenciado en Psicolog\u00eda por la Universidad de Salamanca, Psic\u00f3logo General Sanitario en Salamanca colegiado n\u00ba CL-3735. M\u00e1ster en Psicolog\u00eda Cl\u00ednica cognitivo-conductual, M\u00e1ster en Terapia Breve Centrada en Soluciones y M\u00e1ster en Recursos Humanos.","sameAs":["https:\/\/www.facebook.com\/psicologossalamanca\/","https:\/\/www.instagram.com\/barreiro.psi","https:\/\/ar.linkedin.com\/in\/javier-barreiro-santamarta-9183b962","https:\/\/x.com\/Barreiro.javier@hotmail.com"],"url":"https:\/\/barreiropsicologia.com\/blog\/author\/javier_barreiro\/"}]}},"_links":{"self":[{"href":"https:\/\/barreiropsicologia.com\/blog\/wp-json\/wp\/v2\/posts\/3690","targetHints":{"allow":["GET"]}}],"collection":[{"href":"https:\/\/barreiropsicologia.com\/blog\/wp-json\/wp\/v2\/posts"}],"about":[{"href":"https:\/\/barreiropsicologia.com\/blog\/wp-json\/wp\/v2\/types\/post"}],"author":[{"embeddable":true,"href":"https:\/\/barreiropsicologia.com\/blog\/wp-json\/wp\/v2\/users\/1"}],"replies":[{"embeddable":true,"href":"https:\/\/barreiropsicologia.com\/blog\/wp-json\/wp\/v2\/comments?post=3690"}],"version-history":[{"count":4,"href":"https:\/\/barreiropsicologia.com\/blog\/wp-json\/wp\/v2\/posts\/3690\/revisions"}],"predecessor-version":[{"id":3695,"href":"https:\/\/barreiropsicologia.com\/blog\/wp-json\/wp\/v2\/posts\/3690\/revisions\/3695"}],"wp:featuredmedia":[{"embeddable":true,"href":"https:\/\/barreiropsicologia.com\/blog\/wp-json\/wp\/v2\/media\/3692"}],"wp:attachment":[{"href":"https:\/\/barreiropsicologia.com\/blog\/wp-json\/wp\/v2\/media?parent=3690"}],"wp:term":[{"taxonomy":"category","embeddable":true,"href":"https:\/\/barreiropsicologia.com\/blog\/wp-json\/wp\/v2\/categories?post=3690"},{"taxonomy":"post_tag","embeddable":true,"href":"https:\/\/barreiropsicologia.com\/blog\/wp-json\/wp\/v2\/tags?post=3690"}],"curies":[{"name":"wp","href":"https:\/\/api.w.org\/{rel}","templated":true}]}}