{"id":3707,"date":"2024-04-12T11:39:55","date_gmt":"2024-04-12T09:39:55","guid":{"rendered":"https:\/\/barreiropsicologia.com\/blog\/?p=3707"},"modified":"2026-03-27T13:27:11","modified_gmt":"2026-03-27T12:27:11","slug":"el-estigma-en-la-salud-mental","status":"publish","type":"post","link":"https:\/\/barreiropsicologia.com\/blog\/el-estigma-en-la-salud-mental\/","title":{"rendered":"El Estigma en salud mental: Rompiendo Barreras"},"content":{"rendered":"\n<h2 class=\"wp-block-heading\">\u00bfQu\u00e9 es el estigma en salud mental?<\/h2>\n\n\n\n<p>El estigma en salud mental es una carga invisible pero poderosa que afecta a millones de personas en todo el mundo. Se manifiesta en forma de prejuicios, discriminaci\u00f3n y falta de comprensi\u00f3n hacia aquellos que luchan contra trastornos mentales. <\/p>\n\n\n\n<p>El estigma se refiere a la etiqueta distintiva que establece una diferenciaci\u00f3n entre la persona estigmatizada y otros individuos. <\/p>\n\n\n\n<p>En el contexto de enfermedades mentales poco conocidas, esto puede llevar a la exclusi\u00f3n y discriminaci\u00f3n social. Las personas que sufren trastornos mentales a menudo enfrentan estereotipos negativos y se sienten marginadas.<\/p>\n\n\n\n<p>En este art\u00edculo, exploraremos qu\u00e9 es el estigma, c\u00f3mo afecta a las personas y c\u00f3mo podemos combatirlo.<\/p>\n\n\n\n<h2 class=\"wp-block-heading\">Impacto en las personas afectadas<\/h2>\n\n\n\n<p>El estigma puede tener consecuencias devastadoras para quienes luchan contra enfermedades mentales. Algunos efectos incluyen:<\/p>\n\n\n\n<ul class=\"wp-block-list\">\n<li><strong>Miedo al rechazo<\/strong>: Las personas pueden evitar buscar ayuda debido al temor a ser juzgadas o excluidas. Las personas que sufren trastornos mentales a menudo enfrentan prejuicios y estereotipos. Esto puede dificultar su b\u00fasqueda de ayuda y tratamiento debido al miedo al rechazo.<\/li>\n\n\n\n<li><strong>Aislamiento social<\/strong>: El estigma puede aislar a las personas, lo que empeora su salud mental.<\/li>\n\n\n\n<li><strong>Barreras para el tratamiento<\/strong>: La falta de comprensi\u00f3n y apoyo puede dificultar el acceso a la atenci\u00f3n m\u00e9dica. La falta de comprensi\u00f3n y conocimiento sobre estas enfermedades contribuye al estigma. La sociedad necesita estar m\u00e1s informada y educada para reducir este estigma.<\/li>\n<\/ul>\n\n\n\n<h2 class=\"wp-block-heading\">Rompiendo el estigma en salud mental<\/h2>\n\n\n\n<p>La concienciaci\u00f3n y la educaci\u00f3n son esenciales para combatir el estigma. La sociedad debe comprender que las enfermedades mentales son condiciones m\u00e9dicas reales. <\/p>\n\n\n\n<p> Aqu\u00ed hay algunas formas de hacerlo:<\/p>\n\n\n\n<ol class=\"wp-block-list\">\n<li><strong>Hablar abiertamente<\/strong>: Compartir historias de superaci\u00f3n y experiencias personales ayuda a normalizar las enfermedades mentales. Al hablar abiertamente y fomentar la empat\u00eda, podemos crear un mundo m\u00e1s compasivo y solidario y no debemos juzgar a las personas que las padecen.<\/li>\n\n\n\n<li><strong>Campa\u00f1as de sensibilizaci\u00f3n<\/strong>: Organizar eventos y campa\u00f1as para educar al p\u00fablico sobre la salud mental. La educaci\u00f3n y la divulgaci\u00f3n son esenciales para combatir el estigma. Campa\u00f1as, charlas y programas pueden ayudar a crear conciencia y fomentar la empat\u00eda.<\/li>\n\n\n\n<li><strong>Luchar contra los estereotipos<\/strong>: Desafiar las creencias err\u00f3neas y promover esa empat\u00eda. Al hablar abiertamente sobre la salud mental y compartir historias de superaci\u00f3n, podemos cambiar la percepci\u00f3n sobre los estereotipos y las etiquetas y promover una sociedad m\u00e1s compasiva y solidaria.<\/li>\n<\/ol>\n\n\n<div class=\"wp-block-image\">\n<figure class=\"alignright size-full is-resized\"><img loading=\"lazy\" decoding=\"async\" width=\"1024\" height=\"1024\" src=\"https:\/\/barreiropsicologia.com\/blog\/wp-content\/uploads\/2024\/04\/9507c902-0b63-4796-9cdc-33a223c9fc53.jpg\" alt=\"\" class=\"wp-image-3718\" style=\"width:331px;height:auto\" srcset=\"https:\/\/barreiropsicologia.com\/blog\/wp-content\/uploads\/2024\/04\/9507c902-0b63-4796-9cdc-33a223c9fc53.jpg 1024w, https:\/\/barreiropsicologia.com\/blog\/wp-content\/uploads\/2024\/04\/9507c902-0b63-4796-9cdc-33a223c9fc53-300x300.jpg 300w, https:\/\/barreiropsicologia.com\/blog\/wp-content\/uploads\/2024\/04\/9507c902-0b63-4796-9cdc-33a223c9fc53-150x150.jpg 150w, https:\/\/barreiropsicologia.com\/blog\/wp-content\/uploads\/2024\/04\/9507c902-0b63-4796-9cdc-33a223c9fc53-768x768.jpg 768w, https:\/\/barreiropsicologia.com\/blog\/wp-content\/uploads\/2024\/04\/9507c902-0b63-4796-9cdc-33a223c9fc53-80x80.jpg 80w, https:\/\/barreiropsicologia.com\/blog\/wp-content\/uploads\/2024\/04\/9507c902-0b63-4796-9cdc-33a223c9fc53-320x320.jpg 320w\" sizes=\"auto, (max-width: 1024px) 100vw, 1024px\" \/><\/figure>\n<\/div>\n\n\n<h2 class=\"wp-block-heading\">Apoyo a los familiares<\/h2>\n\n\n\n<p>Los familiares de personas con enfermedades mentales tambi\u00e9n enfrentan una carga significativa. Necesitan apoyo psicol\u00f3gico y comprensi\u00f3n. La sociedad debe reconocer su papel y brindarles ayuda. <\/p>\n\n\n\n<p>La falta de apoyo social y la incomunicaci\u00f3n pueden aumentar la presi\u00f3n sobre los familiares. A menudo, se espera que cuiden y apoyen a sus seres queridos sin recibir suficiente ayuda o comprensi\u00f3n. Pueden llegar a sentirse responsables, preocupados y emocionalmente agotados.<\/p>\n\n\n\n<p>Es fundamental que los familiares tambi\u00e9n reciban apoyo psicol\u00f3gico y educaci\u00f3n sobre c\u00f3mo manejar la situaci\u00f3n. La concienciaci\u00f3n en la sociedad sobre este aspecto es crucial.<\/p>\n\n\n\n<h2 class=\"wp-block-heading\">Algo a tener en cuenta<\/h2>\n\n\n\n<p>Todos como sociedad, desde los profesionales del \u00e1mbito de la salud, familiares, grupos de apoyo, medios de comunicaci\u00f3n y gobierno, debemos trabajar juntos para reducir el estigma, brindar apoyo y crear una sociedad inclusiva. Siempre hay esperanza y ayuda disponible para quienes lo necesitan.<\/p>\n\n\n\n<hr class=\"wp-block-separator has-alpha-channel-opacity\"\/>\n\n\n\n<p>Tambi\u00e9n te pueden interesar los art\u00edculos: <\/p>\n\n\n\n<p><strong><a href=\"https:\/\/barreiropsicologia.com\/blog\/cuidados-personales-y-salud-psicologica\/\">Cuidados personales y salud psicol\u00f3gica<\/a><\/strong><\/p>\n","protected":false},"excerpt":{"rendered":"<p>\u00bfQu\u00e9 es el estigma en salud mental? El estigma en salud mental es una carga invisible pero poderosa que afecta a millones de personas en todo el mundo. Se manifiesta en forma de prejuicios, discriminaci\u00f3n y falta de comprensi\u00f3n hacia&#46;&#46;&#46;<\/p>\n","protected":false},"author":1,"featured_media":3716,"comment_status":"open","ping_status":"open","sticky":false,"template":"","format":"standard","meta":{"footnotes":""},"categories":[801],"tags":[701,725],"class_list":["post-3707","post","type-post","status-publish","format-standard","has-post-thumbnail","hentry","category-entorno-salud-mental","tag-cerebro-y-mente","tag-salud-mental"],"yoast_head":"<!-- This site is optimized with the Yoast SEO plugin v27.5 - https:\/\/yoast.com\/product\/yoast-seo-wordpress\/ -->\n<title>El-estigma-en-la-salud-mental: Rompiendo barreras<\/title>\n<meta name=\"description\" content=\"Descubre qu\u00e9 es el estigma en salud mental, c\u00f3mo afecta a las personas y familiares. Rompamos barreras y apoyemos a quienes luchan contra enfermedades mentales.\" \/>\n<meta name=\"robots\" content=\"index, follow, max-snippet:-1, max-image-preview:large, max-video-preview:-1\" \/>\n<link rel=\"canonical\" href=\"https:\/\/barreiropsicologia.com\/blog\/el-estigma-en-la-salud-mental\/\" \/>\n<meta property=\"og:locale\" content=\"es_ES\" \/>\n<meta property=\"og:type\" content=\"article\" \/>\n<meta property=\"og:title\" content=\"El-estigma-en-la-salud-mental: Rompiendo barreras\" \/>\n<meta property=\"og:description\" content=\"Descubre qu\u00e9 es el estigma en salud mental, c\u00f3mo afecta a las personas y familiares. Rompamos barreras y apoyemos a quienes luchan contra enfermedades mentales.\" \/>\n<meta property=\"og:url\" content=\"https:\/\/barreiropsicologia.com\/blog\/el-estigma-en-la-salud-mental\/\" \/>\n<meta property=\"og:site_name\" content=\"Blog de psicolog\u00eda\" \/>\n<meta property=\"article:publisher\" content=\"https:\/\/www.facebook.com\/psicologossalamanca\/\" \/>\n<meta property=\"article:author\" content=\"https:\/\/www.facebook.com\/psicologossalamanca\/\" \/>\n<meta property=\"article:published_time\" content=\"2024-04-12T09:39:55+00:00\" \/>\n<meta property=\"article:modified_time\" content=\"2026-03-27T12:27:11+00:00\" \/>\n<meta property=\"og:image\" content=\"https:\/\/barreiropsicologia.com\/blog\/wp-content\/uploads\/2024\/04\/8442f915-318b-4a0f-9ba0-fc543c0791f1.jpg\" \/>\n\t<meta property=\"og:image:width\" content=\"1024\" \/>\n\t<meta property=\"og:image:height\" content=\"1024\" \/>\n\t<meta property=\"og:image:type\" content=\"image\/jpeg\" \/>\n<meta name=\"author\" content=\"Javier Barreiro\" \/>\n<meta name=\"twitter:card\" content=\"summary_large_image\" \/>\n<meta name=\"twitter:creator\" content=\"@Barreiro.javier@hotmail.com\" \/>\n<meta name=\"twitter:site\" content=\"@Barreiro_Psi\" \/>\n<meta name=\"twitter:label1\" content=\"Escrito por\" \/>\n\t<meta name=\"twitter:data1\" content=\"Javier Barreiro\" \/>\n\t<meta name=\"twitter:label2\" content=\"Tiempo de lectura\" \/>\n\t<meta name=\"twitter:data2\" content=\"3 minutos\" \/>\n<script type=\"application\/ld+json\" class=\"yoast-schema-graph\">{\"@context\":\"https:\\\/\\\/schema.org\",\"@graph\":[{\"@type\":\"Article\",\"@id\":\"https:\\\/\\\/barreiropsicologia.com\\\/blog\\\/el-estigma-en-la-salud-mental\\\/#article\",\"isPartOf\":{\"@id\":\"https:\\\/\\\/barreiropsicologia.com\\\/blog\\\/el-estigma-en-la-salud-mental\\\/\"},\"author\":{\"name\":\"Javier Barreiro\",\"@id\":\"https:\\\/\\\/barreiropsicologia.com\\\/blog\\\/#\\\/schema\\\/person\\\/6068f8a0ae30566e1100f91905ead263\"},\"headline\":\"El Estigma en salud mental: Rompiendo Barreras\",\"datePublished\":\"2024-04-12T09:39:55+00:00\",\"dateModified\":\"2026-03-27T12:27:11+00:00\",\"mainEntityOfPage\":{\"@id\":\"https:\\\/\\\/barreiropsicologia.com\\\/blog\\\/el-estigma-en-la-salud-mental\\\/\"},\"wordCount\":604,\"commentCount\":0,\"image\":{\"@id\":\"https:\\\/\\\/barreiropsicologia.com\\\/blog\\\/el-estigma-en-la-salud-mental\\\/#primaryimage\"},\"thumbnailUrl\":\"https:\\\/\\\/barreiropsicologia.com\\\/blog\\\/wp-content\\\/uploads\\\/2024\\\/04\\\/8442f915-318b-4a0f-9ba0-fc543c0791f1.jpg\",\"keywords\":[\"cerebro y mente\",\"salud mental\"],\"articleSection\":[\"Sociedad y salud mental\"],\"inLanguage\":\"es\",\"potentialAction\":[{\"@type\":\"CommentAction\",\"name\":\"Comment\",\"target\":[\"https:\\\/\\\/barreiropsicologia.com\\\/blog\\\/el-estigma-en-la-salud-mental\\\/#respond\"]}]},{\"@type\":\"WebPage\",\"@id\":\"https:\\\/\\\/barreiropsicologia.com\\\/blog\\\/el-estigma-en-la-salud-mental\\\/\",\"url\":\"https:\\\/\\\/barreiropsicologia.com\\\/blog\\\/el-estigma-en-la-salud-mental\\\/\",\"name\":\"El-estigma-en-la-salud-mental: Rompiendo barreras\",\"isPartOf\":{\"@id\":\"https:\\\/\\\/barreiropsicologia.com\\\/blog\\\/#website\"},\"primaryImageOfPage\":{\"@id\":\"https:\\\/\\\/barreiropsicologia.com\\\/blog\\\/el-estigma-en-la-salud-mental\\\/#primaryimage\"},\"image\":{\"@id\":\"https:\\\/\\\/barreiropsicologia.com\\\/blog\\\/el-estigma-en-la-salud-mental\\\/#primaryimage\"},\"thumbnailUrl\":\"https:\\\/\\\/barreiropsicologia.com\\\/blog\\\/wp-content\\\/uploads\\\/2024\\\/04\\\/8442f915-318b-4a0f-9ba0-fc543c0791f1.jpg\",\"datePublished\":\"2024-04-12T09:39:55+00:00\",\"dateModified\":\"2026-03-27T12:27:11+00:00\",\"author\":{\"@id\":\"https:\\\/\\\/barreiropsicologia.com\\\/blog\\\/#\\\/schema\\\/person\\\/6068f8a0ae30566e1100f91905ead263\"},\"description\":\"Descubre qu\u00e9 es el estigma en salud mental, c\u00f3mo afecta a las personas y familiares. Rompamos barreras y apoyemos a quienes luchan contra enfermedades mentales.\",\"breadcrumb\":{\"@id\":\"https:\\\/\\\/barreiropsicologia.com\\\/blog\\\/el-estigma-en-la-salud-mental\\\/#breadcrumb\"},\"inLanguage\":\"es\",\"potentialAction\":[{\"@type\":\"ReadAction\",\"target\":[\"https:\\\/\\\/barreiropsicologia.com\\\/blog\\\/el-estigma-en-la-salud-mental\\\/\"]}]},{\"@type\":\"ImageObject\",\"inLanguage\":\"es\",\"@id\":\"https:\\\/\\\/barreiropsicologia.com\\\/blog\\\/el-estigma-en-la-salud-mental\\\/#primaryimage\",\"url\":\"https:\\\/\\\/barreiropsicologia.com\\\/blog\\\/wp-content\\\/uploads\\\/2024\\\/04\\\/8442f915-318b-4a0f-9ba0-fc543c0791f1.jpg\",\"contentUrl\":\"https:\\\/\\\/barreiropsicologia.com\\\/blog\\\/wp-content\\\/uploads\\\/2024\\\/04\\\/8442f915-318b-4a0f-9ba0-fc543c0791f1.jpg\",\"width\":1024,\"height\":1024,\"caption\":\"estigma en salud mental\"},{\"@type\":\"BreadcrumbList\",\"@id\":\"https:\\\/\\\/barreiropsicologia.com\\\/blog\\\/el-estigma-en-la-salud-mental\\\/#breadcrumb\",\"itemListElement\":[{\"@type\":\"ListItem\",\"position\":1,\"name\":\"Portada\",\"item\":\"https:\\\/\\\/barreiropsicologia.com\\\/blog\\\/\"},{\"@type\":\"ListItem\",\"position\":2,\"name\":\"El Estigma en salud mental: Rompiendo Barreras\"}]},{\"@type\":\"WebSite\",\"@id\":\"https:\\\/\\\/barreiropsicologia.com\\\/blog\\\/#website\",\"url\":\"https:\\\/\\\/barreiropsicologia.com\\\/blog\\\/\",\"name\":\"Blog de psicolog\u00eda\",\"description\":\"Barreiro Psicolog\u00eda Blog\",\"potentialAction\":[{\"@type\":\"SearchAction\",\"target\":{\"@type\":\"EntryPoint\",\"urlTemplate\":\"https:\\\/\\\/barreiropsicologia.com\\\/blog\\\/?s={search_term_string}\"},\"query-input\":{\"@type\":\"PropertyValueSpecification\",\"valueRequired\":true,\"valueName\":\"search_term_string\"}}],\"inLanguage\":\"es\"},{\"@type\":\"Person\",\"@id\":\"https:\\\/\\\/barreiropsicologia.com\\\/blog\\\/#\\\/schema\\\/person\\\/6068f8a0ae30566e1100f91905ead263\",\"name\":\"Javier Barreiro\",\"image\":{\"@type\":\"ImageObject\",\"inLanguage\":\"es\",\"@id\":\"https:\\\/\\\/secure.gravatar.com\\\/avatar\\\/ba2dc692a18d0909a9544d2d12c67449129af0c5441c8732f319a1ae7ae701b0?s=96&d=mm&r=g\",\"url\":\"https:\\\/\\\/secure.gravatar.com\\\/avatar\\\/ba2dc692a18d0909a9544d2d12c67449129af0c5441c8732f319a1ae7ae701b0?s=96&d=mm&r=g\",\"contentUrl\":\"https:\\\/\\\/secure.gravatar.com\\\/avatar\\\/ba2dc692a18d0909a9544d2d12c67449129af0c5441c8732f319a1ae7ae701b0?s=96&d=mm&r=g\",\"caption\":\"Javier Barreiro\"},\"description\":\"Javier Barreiro Santamarta es Licenciado en Psicolog\u00eda por la Universidad de Salamanca, Psic\u00f3logo General Sanitario en Salamanca colegiado n\u00ba CL-3735. M\u00e1ster en Psicolog\u00eda Cl\u00ednica cognitivo-conductual, M\u00e1ster en Terapia Breve Centrada en Soluciones y M\u00e1ster en Recursos Humanos.\",\"sameAs\":[\"https:\\\/\\\/www.facebook.com\\\/psicologossalamanca\\\/\",\"https:\\\/\\\/www.instagram.com\\\/barreiro.psi\",\"https:\\\/\\\/ar.linkedin.com\\\/in\\\/javier-barreiro-santamarta-9183b962\",\"https:\\\/\\\/x.com\\\/Barreiro.javier@hotmail.com\"],\"url\":\"https:\\\/\\\/barreiropsicologia.com\\\/blog\\\/author\\\/javier_barreiro\\\/\"}]}<\/script>\n<!-- \/ Yoast SEO plugin. -->","yoast_head_json":{"title":"El-estigma-en-la-salud-mental: Rompiendo barreras","description":"Descubre qu\u00e9 es el estigma en salud mental, c\u00f3mo afecta a las personas y familiares. Rompamos barreras y apoyemos a quienes luchan contra enfermedades mentales.","robots":{"index":"index","follow":"follow","max-snippet":"max-snippet:-1","max-image-preview":"max-image-preview:large","max-video-preview":"max-video-preview:-1"},"canonical":"https:\/\/barreiropsicologia.com\/blog\/el-estigma-en-la-salud-mental\/","og_locale":"es_ES","og_type":"article","og_title":"El-estigma-en-la-salud-mental: Rompiendo barreras","og_description":"Descubre qu\u00e9 es el estigma en salud mental, c\u00f3mo afecta a las personas y familiares. Rompamos barreras y apoyemos a quienes luchan contra enfermedades mentales.","og_url":"https:\/\/barreiropsicologia.com\/blog\/el-estigma-en-la-salud-mental\/","og_site_name":"Blog de psicolog\u00eda","article_publisher":"https:\/\/www.facebook.com\/psicologossalamanca\/","article_author":"https:\/\/www.facebook.com\/psicologossalamanca\/","article_published_time":"2024-04-12T09:39:55+00:00","article_modified_time":"2026-03-27T12:27:11+00:00","og_image":[{"width":1024,"height":1024,"url":"https:\/\/barreiropsicologia.com\/blog\/wp-content\/uploads\/2024\/04\/8442f915-318b-4a0f-9ba0-fc543c0791f1.jpg","type":"image\/jpeg"}],"author":"Javier Barreiro","twitter_card":"summary_large_image","twitter_creator":"@Barreiro.javier@hotmail.com","twitter_site":"@Barreiro_Psi","twitter_misc":{"Escrito por":"Javier Barreiro","Tiempo de lectura":"3 minutos"},"schema":{"@context":"https:\/\/schema.org","@graph":[{"@type":"Article","@id":"https:\/\/barreiropsicologia.com\/blog\/el-estigma-en-la-salud-mental\/#article","isPartOf":{"@id":"https:\/\/barreiropsicologia.com\/blog\/el-estigma-en-la-salud-mental\/"},"author":{"name":"Javier Barreiro","@id":"https:\/\/barreiropsicologia.com\/blog\/#\/schema\/person\/6068f8a0ae30566e1100f91905ead263"},"headline":"El Estigma en salud mental: Rompiendo Barreras","datePublished":"2024-04-12T09:39:55+00:00","dateModified":"2026-03-27T12:27:11+00:00","mainEntityOfPage":{"@id":"https:\/\/barreiropsicologia.com\/blog\/el-estigma-en-la-salud-mental\/"},"wordCount":604,"commentCount":0,"image":{"@id":"https:\/\/barreiropsicologia.com\/blog\/el-estigma-en-la-salud-mental\/#primaryimage"},"thumbnailUrl":"https:\/\/barreiropsicologia.com\/blog\/wp-content\/uploads\/2024\/04\/8442f915-318b-4a0f-9ba0-fc543c0791f1.jpg","keywords":["cerebro y mente","salud mental"],"articleSection":["Sociedad y salud mental"],"inLanguage":"es","potentialAction":[{"@type":"CommentAction","name":"Comment","target":["https:\/\/barreiropsicologia.com\/blog\/el-estigma-en-la-salud-mental\/#respond"]}]},{"@type":"WebPage","@id":"https:\/\/barreiropsicologia.com\/blog\/el-estigma-en-la-salud-mental\/","url":"https:\/\/barreiropsicologia.com\/blog\/el-estigma-en-la-salud-mental\/","name":"El-estigma-en-la-salud-mental: Rompiendo barreras","isPartOf":{"@id":"https:\/\/barreiropsicologia.com\/blog\/#website"},"primaryImageOfPage":{"@id":"https:\/\/barreiropsicologia.com\/blog\/el-estigma-en-la-salud-mental\/#primaryimage"},"image":{"@id":"https:\/\/barreiropsicologia.com\/blog\/el-estigma-en-la-salud-mental\/#primaryimage"},"thumbnailUrl":"https:\/\/barreiropsicologia.com\/blog\/wp-content\/uploads\/2024\/04\/8442f915-318b-4a0f-9ba0-fc543c0791f1.jpg","datePublished":"2024-04-12T09:39:55+00:00","dateModified":"2026-03-27T12:27:11+00:00","author":{"@id":"https:\/\/barreiropsicologia.com\/blog\/#\/schema\/person\/6068f8a0ae30566e1100f91905ead263"},"description":"Descubre qu\u00e9 es el estigma en salud mental, c\u00f3mo afecta a las personas y familiares. Rompamos barreras y apoyemos a quienes luchan contra enfermedades mentales.","breadcrumb":{"@id":"https:\/\/barreiropsicologia.com\/blog\/el-estigma-en-la-salud-mental\/#breadcrumb"},"inLanguage":"es","potentialAction":[{"@type":"ReadAction","target":["https:\/\/barreiropsicologia.com\/blog\/el-estigma-en-la-salud-mental\/"]}]},{"@type":"ImageObject","inLanguage":"es","@id":"https:\/\/barreiropsicologia.com\/blog\/el-estigma-en-la-salud-mental\/#primaryimage","url":"https:\/\/barreiropsicologia.com\/blog\/wp-content\/uploads\/2024\/04\/8442f915-318b-4a0f-9ba0-fc543c0791f1.jpg","contentUrl":"https:\/\/barreiropsicologia.com\/blog\/wp-content\/uploads\/2024\/04\/8442f915-318b-4a0f-9ba0-fc543c0791f1.jpg","width":1024,"height":1024,"caption":"estigma en salud mental"},{"@type":"BreadcrumbList","@id":"https:\/\/barreiropsicologia.com\/blog\/el-estigma-en-la-salud-mental\/#breadcrumb","itemListElement":[{"@type":"ListItem","position":1,"name":"Portada","item":"https:\/\/barreiropsicologia.com\/blog\/"},{"@type":"ListItem","position":2,"name":"El Estigma en salud mental: Rompiendo Barreras"}]},{"@type":"WebSite","@id":"https:\/\/barreiropsicologia.com\/blog\/#website","url":"https:\/\/barreiropsicologia.com\/blog\/","name":"Blog de psicolog\u00eda","description":"Barreiro Psicolog\u00eda Blog","potentialAction":[{"@type":"SearchAction","target":{"@type":"EntryPoint","urlTemplate":"https:\/\/barreiropsicologia.com\/blog\/?s={search_term_string}"},"query-input":{"@type":"PropertyValueSpecification","valueRequired":true,"valueName":"search_term_string"}}],"inLanguage":"es"},{"@type":"Person","@id":"https:\/\/barreiropsicologia.com\/blog\/#\/schema\/person\/6068f8a0ae30566e1100f91905ead263","name":"Javier Barreiro","image":{"@type":"ImageObject","inLanguage":"es","@id":"https:\/\/secure.gravatar.com\/avatar\/ba2dc692a18d0909a9544d2d12c67449129af0c5441c8732f319a1ae7ae701b0?s=96&d=mm&r=g","url":"https:\/\/secure.gravatar.com\/avatar\/ba2dc692a18d0909a9544d2d12c67449129af0c5441c8732f319a1ae7ae701b0?s=96&d=mm&r=g","contentUrl":"https:\/\/secure.gravatar.com\/avatar\/ba2dc692a18d0909a9544d2d12c67449129af0c5441c8732f319a1ae7ae701b0?s=96&d=mm&r=g","caption":"Javier Barreiro"},"description":"Javier Barreiro Santamarta es Licenciado en Psicolog\u00eda por la Universidad de Salamanca, Psic\u00f3logo General Sanitario en Salamanca colegiado n\u00ba CL-3735. M\u00e1ster en Psicolog\u00eda Cl\u00ednica cognitivo-conductual, M\u00e1ster en Terapia Breve Centrada en Soluciones y M\u00e1ster en Recursos Humanos.","sameAs":["https:\/\/www.facebook.com\/psicologossalamanca\/","https:\/\/www.instagram.com\/barreiro.psi","https:\/\/ar.linkedin.com\/in\/javier-barreiro-santamarta-9183b962","https:\/\/x.com\/Barreiro.javier@hotmail.com"],"url":"https:\/\/barreiropsicologia.com\/blog\/author\/javier_barreiro\/"}]}},"_links":{"self":[{"href":"https:\/\/barreiropsicologia.com\/blog\/wp-json\/wp\/v2\/posts\/3707","targetHints":{"allow":["GET"]}}],"collection":[{"href":"https:\/\/barreiropsicologia.com\/blog\/wp-json\/wp\/v2\/posts"}],"about":[{"href":"https:\/\/barreiropsicologia.com\/blog\/wp-json\/wp\/v2\/types\/post"}],"author":[{"embeddable":true,"href":"https:\/\/barreiropsicologia.com\/blog\/wp-json\/wp\/v2\/users\/1"}],"replies":[{"embeddable":true,"href":"https:\/\/barreiropsicologia.com\/blog\/wp-json\/wp\/v2\/comments?post=3707"}],"version-history":[{"count":5,"href":"https:\/\/barreiropsicologia.com\/blog\/wp-json\/wp\/v2\/posts\/3707\/revisions"}],"predecessor-version":[{"id":3719,"href":"https:\/\/barreiropsicologia.com\/blog\/wp-json\/wp\/v2\/posts\/3707\/revisions\/3719"}],"wp:featuredmedia":[{"embeddable":true,"href":"https:\/\/barreiropsicologia.com\/blog\/wp-json\/wp\/v2\/media\/3716"}],"wp:attachment":[{"href":"https:\/\/barreiropsicologia.com\/blog\/wp-json\/wp\/v2\/media?parent=3707"}],"wp:term":[{"taxonomy":"category","embeddable":true,"href":"https:\/\/barreiropsicologia.com\/blog\/wp-json\/wp\/v2\/categories?post=3707"},{"taxonomy":"post_tag","embeddable":true,"href":"https:\/\/barreiropsicologia.com\/blog\/wp-json\/wp\/v2\/tags?post=3707"}],"curies":[{"name":"wp","href":"https:\/\/api.w.org\/{rel}","templated":true}]}}