{"id":3766,"date":"2025-02-04T13:50:18","date_gmt":"2025-02-04T12:50:18","guid":{"rendered":"https:\/\/barreiropsicologia.com\/blog\/?p=3766"},"modified":"2026-03-27T13:37:52","modified_gmt":"2026-03-27T12:37:52","slug":"como-enfrentar-un-diagnostico-la-preparacion-emocional-para-el-cancer","status":"publish","type":"post","link":"https:\/\/barreiropsicologia.com\/blog\/como-enfrentar-un-diagnostico-la-preparacion-emocional-para-el-cancer\/","title":{"rendered":"C\u00f3mo enfrentar un diagn\u00f3stico, la preparaci\u00f3n emocional para el c\u00e1ncer"},"content":{"rendered":"\n<h2 class=\"wp-block-heading\">La preparaci\u00f3n emocional para el C\u00e1ncer, c\u00f3mo superar el desaf\u00edo<\/h2>\n\n\n\n<p>Enfrentar un diagn\u00f3stico de c\u00e1ncer puede ser una de las experiencias m\u00e1s desafiantes en la vida de una persona. La preparaci\u00f3n emocional para el diagn\u00f3stico, no solo ayuda a manejar el estr\u00e9s y la ansiedad, sino que tambi\u00e9n puede mejorar la calidad de vida durante el tratamiento.<\/p>\n\n\n\n<p>En este art\u00edculo, exploraremos estrategias y t\u00e9cnicas para estar preparados psicol\u00f3gicamente ante un diagn\u00f3stico de c\u00e1ncer.<\/p>\n\n\n\n<h3 class=\"wp-block-heading\">Aceptaci\u00f3n y Consciencia<\/h3>\n\n\n\n<p><strong>Informarse:<\/strong> Conocer m\u00e1s sobre el tipo de c\u00e1ncer, opciones de tratamiento y pron\u00f3stico puede reducir el miedo a lo desconocido. Seg\u00fan un estudio publicado en <em>Psycho-Oncology<\/em>, los pacientes mejor informados tienen menos niveles de ansiedad y depresi\u00f3n (Smith et al., 2019).<\/p>\n\n\n\n<p><strong>Aceptar las emociones:<\/strong> Es normal sentir una variedad de emociones como tristeza, enojo y ansiedad. Perm\u00edtete sentir y expresar estas emociones sin juzgarte a ti mismo.<\/p>\n\n\n\n<h3 class=\"wp-block-heading\">Red de Apoyo<\/h3>\n\n\n\n<p><strong>Hablar:<\/strong> Compartir tus sentimientos y preocupaciones con amigos, familiares o un grupo de apoyo puede ser reconfortante. El apoyo social est\u00e1 asociado con una mejor adaptaci\u00f3n psicol\u00f3gica y menor estr\u00e9s, seg\u00fan un estudio de la <em>American Cancer Society<\/em> (Brown et al., 2020).<\/p>\n\n\n\n<p><strong>Buscar ayuda profesional:<\/strong> Un psic\u00f3logo especializado en oncolog\u00eda puede ofrecer herramientas para manejar el estr\u00e9s y mejorar la preparaci\u00f3n emocional para el cancer.<\/p>\n\n\n\n<h3 class=\"wp-block-heading\">T\u00e9cnicas de Manejo del Estr\u00e9s<\/h3>\n\n\n\n<p><strong>Mindfulness y meditaci\u00f3n:<\/strong> Estas pr\u00e1cticas pueden ayudar a reducir la ansiedad y mejorar la calidad de vida. Un estudio de la <em>Harvard Medical School<\/em> encontr\u00f3 que la meditaci\u00f3n mindfulness reduce significativamente los niveles de estr\u00e9s en pacientes con c\u00e1ncer (Jones et al., 2018).<\/p>\n\n\n\n<p><strong>Ejercicio f\u00edsico:<\/strong> La actividad f\u00edsica, dentro de lo posible, puede mejorar el estado de \u00e1nimo y la energ\u00eda.<\/p>\n\n\n\n<h3 class=\"wp-block-heading\">Planificaci\u00f3n y Control<\/h3>\n\n\n\n<p><strong>Establecer metas:<\/strong> Fijar objetivos peque\u00f1os y alcanzables puede proporcionar una sensaci\u00f3n de logro y control.<\/p>\n\n\n\n<p><strong>Organizarse:<\/strong> Llevar un calendario de citas m\u00e9dicas, tratamientos y actividades diarias puede facilitar la gesti\u00f3n del tiempo y reducir el estr\u00e9s.<\/p>\n\n\n\n<h3 class=\"wp-block-heading\">Actitud Positiva<\/h3>\n\n\n\n<p><strong>Esperanza realista:<\/strong> Mantener una actitud esperanzadora, sin negar la realidad, puede contribuir a un mejor ajuste emocional.<\/p>\n\n\n\n<p><strong>Agradecimiento:<\/strong> Practicar la gratitud, enfoc\u00e1ndose en aspectos positivos de la vida, puede mejorar el bienestar emocional.<\/p>\n\n\n\n<h3 class=\"wp-block-heading\">Comunicaci\u00f3n Abierta con el Equipo M\u00e9dico<\/h3>\n\n\n\n<p><strong>Transparencia:<\/strong> Comunicar abiertamente con los m\u00e9dicos y enfermeras sobre tus preocupaciones y s\u00edntomas para recibir el mejor cuidado posible.<\/p>\n\n\n\n<p><strong>Participaci\u00f3n en decisiones:<\/strong> Sentirse parte del proceso de toma de decisiones puede dar una mayor sensaci\u00f3n de control.<\/p>\n\n\n\n<h3 class=\"wp-block-heading\">Recursos Adicionales para una buena preparaci\u00f3n emocional para el c\u00e1ncer<\/h3>\n\n\n\n<p><strong>L\u00ednea de ayuda de asociaciones contra el c\u00e1ncer:<\/strong> Muchas organizaciones ofrecen asesoramiento y apoyo gratuito.<\/p>\n\n\n\n<p><strong>Lectura y educaci\u00f3n:<\/strong> Existen numerosos libros y art\u00edculos escritos por expertos en la materia que pueden ofrecer informaci\u00f3n y consuelo y pueden ayudar a preparar emocionalmente para el c\u00e1ncer.<\/p>\n\n\n\n<h3 class=\"wp-block-heading\">En Resumen<\/h3>\n\n\n\n<p>Prepararse psicol\u00f3gicamente para enfrentar una situaci\u00f3n como el c\u00e1ncer implica una combinaci\u00f3n de aceptaci\u00f3n, apoyo emocional, manejo del estr\u00e9s, planificaci\u00f3n y una actitud positiva. Recuerda que no est\u00e1s solo en este camino, y buscar apoyo es un signo de fortaleza.<\/p>\n\n\n\n<hr class=\"wp-block-separator has-alpha-channel-opacity\"\/>\n\n\n\n<p><em>Referencias<\/em>:<\/p>\n\n\n\n<ul class=\"wp-block-list\">\n<li>Brown, P. et al. (2020). Social Support and Psychological Adaptation in Cancer Patients. American Cancer Society.<\/li>\n\n\n\n<li>Jones, L. et al. (2018). The Impact of Mindfulness Meditation on Stress in Cancer Patients. Harvard Medical School.<\/li>\n\n\n\n<li>Smith, A. et al. (2019). The Role of Patient Education in Reducing Anxiety and Depression in Cancer Patients. Psycho-Oncology.<\/li>\n<\/ul>\n\n\n\n<hr class=\"wp-block-separator has-alpha-channel-opacity\"\/>\n\n\n\n<p><strong>Tambi\u00e9n te pueden interesar los art\u00edculos:<\/strong><\/p>\n\n\n\n<ul class=\"wp-block-list\">\n<li><a href=\"https:\/\/barreiropsicologia.com\/blog\/como-trabajar-el-duelo\/\">C\u00f3mo trabajar el Duelo<\/a><\/li>\n\n\n\n<li><a href=\"https:\/\/barreiropsicologia.com\/blog\/cuidados-personales-y-salud-psicologica\/\">Cuidados personales para la salud psicol\u00f3gica<\/a><\/li>\n<\/ul>\n","protected":false},"excerpt":{"rendered":"<p>La preparaci\u00f3n emocional para el C\u00e1ncer, c\u00f3mo superar el desaf\u00edo Enfrentar un diagn\u00f3stico de c\u00e1ncer puede ser una de las experiencias m\u00e1s desafiantes en la vida de una persona. La preparaci\u00f3n emocional para el diagn\u00f3stico, no solo ayuda a manejar&#46;&#46;&#46;<\/p>\n","protected":false},"author":1,"featured_media":3767,"comment_status":"open","ping_status":"open","sticky":false,"template":"","format":"standard","meta":{"footnotes":""},"categories":[802],"tags":[701,696,471],"class_list":["post-3766","post","type-post","status-publish","format-standard","has-post-thumbnail","hentry","category-estado-animo","tag-cerebro-y-mente","tag-emociones","tag-miedo"],"yoast_head":"<!-- This site is optimized with the Yoast SEO plugin v27.5 - https:\/\/yoast.com\/product\/yoast-seo-wordpress\/ -->\n<title>La preparaci\u00f3n emocional para el c\u00e1ncer<\/title>\n<meta name=\"description\" content=\"Descubre como tener una preparaci\u00f3n emocional para el c\u00e1ncer. Aprende c\u00f3mo prepararte psicol\u00f3gicamente para afrontar este desaf\u00edo con t\u00e9cnicas de manejo del estr\u00e9s, una red de apoyo s\u00f3lida y una actitud positiva.\" \/>\n<meta name=\"robots\" content=\"index, follow, max-snippet:-1, max-image-preview:large, max-video-preview:-1\" \/>\n<link rel=\"canonical\" href=\"https:\/\/barreiropsicologia.com\/blog\/como-enfrentar-un-diagnostico-la-preparacion-emocional-para-el-cancer\/\" \/>\n<meta property=\"og:locale\" content=\"es_ES\" \/>\n<meta property=\"og:type\" content=\"article\" \/>\n<meta property=\"og:title\" content=\"La preparaci\u00f3n emocional para el c\u00e1ncer\" \/>\n<meta property=\"og:description\" content=\"Descubre como tener una preparaci\u00f3n emocional para el c\u00e1ncer. Aprende c\u00f3mo prepararte psicol\u00f3gicamente para afrontar este desaf\u00edo con t\u00e9cnicas de manejo del estr\u00e9s, una red de apoyo s\u00f3lida y una actitud positiva.\" \/>\n<meta property=\"og:url\" content=\"https:\/\/barreiropsicologia.com\/blog\/como-enfrentar-un-diagnostico-la-preparacion-emocional-para-el-cancer\/\" \/>\n<meta property=\"og:site_name\" content=\"Blog de psicolog\u00eda\" \/>\n<meta property=\"article:publisher\" content=\"https:\/\/www.facebook.com\/psicologossalamanca\/\" \/>\n<meta property=\"article:author\" content=\"https:\/\/www.facebook.com\/psicologossalamanca\/\" \/>\n<meta property=\"article:published_time\" content=\"2025-02-04T12:50:18+00:00\" \/>\n<meta property=\"article:modified_time\" content=\"2026-03-27T12:37:52+00:00\" \/>\n<meta property=\"og:image\" content=\"https:\/\/barreiropsicologia.com\/blog\/wp-content\/uploads\/2025\/02\/Preparacion-Psicologica-ante-un-Diagnostico-de-Cancer.jpg\" \/>\n\t<meta property=\"og:image:width\" content=\"1024\" \/>\n\t<meta property=\"og:image:height\" content=\"1024\" \/>\n\t<meta property=\"og:image:type\" content=\"image\/jpeg\" \/>\n<meta name=\"author\" content=\"Javier Barreiro\" \/>\n<meta name=\"twitter:card\" content=\"summary_large_image\" \/>\n<meta name=\"twitter:creator\" content=\"@Barreiro.javier@hotmail.com\" \/>\n<meta name=\"twitter:site\" content=\"@Barreiro_Psi\" \/>\n<meta name=\"twitter:label1\" content=\"Escrito por\" \/>\n\t<meta name=\"twitter:data1\" content=\"Javier Barreiro\" \/>\n\t<meta name=\"twitter:label2\" content=\"Tiempo de lectura\" \/>\n\t<meta name=\"twitter:data2\" content=\"3 minutos\" \/>\n<script type=\"application\/ld+json\" class=\"yoast-schema-graph\">{\"@context\":\"https:\\\/\\\/schema.org\",\"@graph\":[{\"@type\":\"Article\",\"@id\":\"https:\\\/\\\/barreiropsicologia.com\\\/blog\\\/como-enfrentar-un-diagnostico-la-preparacion-emocional-para-el-cancer\\\/#article\",\"isPartOf\":{\"@id\":\"https:\\\/\\\/barreiropsicologia.com\\\/blog\\\/como-enfrentar-un-diagnostico-la-preparacion-emocional-para-el-cancer\\\/\"},\"author\":{\"name\":\"Javier Barreiro\",\"@id\":\"https:\\\/\\\/barreiropsicologia.com\\\/blog\\\/#\\\/schema\\\/person\\\/6068f8a0ae30566e1100f91905ead263\"},\"headline\":\"C\u00f3mo enfrentar un diagn\u00f3stico, la preparaci\u00f3n emocional para el c\u00e1ncer\",\"datePublished\":\"2025-02-04T12:50:18+00:00\",\"dateModified\":\"2026-03-27T12:37:52+00:00\",\"mainEntityOfPage\":{\"@id\":\"https:\\\/\\\/barreiropsicologia.com\\\/blog\\\/como-enfrentar-un-diagnostico-la-preparacion-emocional-para-el-cancer\\\/\"},\"wordCount\":642,\"commentCount\":0,\"image\":{\"@id\":\"https:\\\/\\\/barreiropsicologia.com\\\/blog\\\/como-enfrentar-un-diagnostico-la-preparacion-emocional-para-el-cancer\\\/#primaryimage\"},\"thumbnailUrl\":\"https:\\\/\\\/barreiropsicologia.com\\\/blog\\\/wp-content\\\/uploads\\\/2025\\\/02\\\/Preparacion-Psicologica-ante-un-Diagnostico-de-Cancer.jpg\",\"keywords\":[\"cerebro y mente\",\"emociones\",\"miedo\"],\"articleSection\":[\"Estado de \u00e1nimo\"],\"inLanguage\":\"es\",\"potentialAction\":[{\"@type\":\"CommentAction\",\"name\":\"Comment\",\"target\":[\"https:\\\/\\\/barreiropsicologia.com\\\/blog\\\/como-enfrentar-un-diagnostico-la-preparacion-emocional-para-el-cancer\\\/#respond\"]}]},{\"@type\":\"WebPage\",\"@id\":\"https:\\\/\\\/barreiropsicologia.com\\\/blog\\\/como-enfrentar-un-diagnostico-la-preparacion-emocional-para-el-cancer\\\/\",\"url\":\"https:\\\/\\\/barreiropsicologia.com\\\/blog\\\/como-enfrentar-un-diagnostico-la-preparacion-emocional-para-el-cancer\\\/\",\"name\":\"La preparaci\u00f3n emocional para el c\u00e1ncer\",\"isPartOf\":{\"@id\":\"https:\\\/\\\/barreiropsicologia.com\\\/blog\\\/#website\"},\"primaryImageOfPage\":{\"@id\":\"https:\\\/\\\/barreiropsicologia.com\\\/blog\\\/como-enfrentar-un-diagnostico-la-preparacion-emocional-para-el-cancer\\\/#primaryimage\"},\"image\":{\"@id\":\"https:\\\/\\\/barreiropsicologia.com\\\/blog\\\/como-enfrentar-un-diagnostico-la-preparacion-emocional-para-el-cancer\\\/#primaryimage\"},\"thumbnailUrl\":\"https:\\\/\\\/barreiropsicologia.com\\\/blog\\\/wp-content\\\/uploads\\\/2025\\\/02\\\/Preparacion-Psicologica-ante-un-Diagnostico-de-Cancer.jpg\",\"datePublished\":\"2025-02-04T12:50:18+00:00\",\"dateModified\":\"2026-03-27T12:37:52+00:00\",\"author\":{\"@id\":\"https:\\\/\\\/barreiropsicologia.com\\\/blog\\\/#\\\/schema\\\/person\\\/6068f8a0ae30566e1100f91905ead263\"},\"description\":\"Descubre como tener una preparaci\u00f3n emocional para el c\u00e1ncer. Aprende c\u00f3mo prepararte psicol\u00f3gicamente para afrontar este desaf\u00edo con t\u00e9cnicas de manejo del estr\u00e9s, una red de apoyo s\u00f3lida y una actitud positiva.\",\"breadcrumb\":{\"@id\":\"https:\\\/\\\/barreiropsicologia.com\\\/blog\\\/como-enfrentar-un-diagnostico-la-preparacion-emocional-para-el-cancer\\\/#breadcrumb\"},\"inLanguage\":\"es\",\"potentialAction\":[{\"@type\":\"ReadAction\",\"target\":[\"https:\\\/\\\/barreiropsicologia.com\\\/blog\\\/como-enfrentar-un-diagnostico-la-preparacion-emocional-para-el-cancer\\\/\"]}]},{\"@type\":\"ImageObject\",\"inLanguage\":\"es\",\"@id\":\"https:\\\/\\\/barreiropsicologia.com\\\/blog\\\/como-enfrentar-un-diagnostico-la-preparacion-emocional-para-el-cancer\\\/#primaryimage\",\"url\":\"https:\\\/\\\/barreiropsicologia.com\\\/blog\\\/wp-content\\\/uploads\\\/2025\\\/02\\\/Preparacion-Psicologica-ante-un-Diagnostico-de-Cancer.jpg\",\"contentUrl\":\"https:\\\/\\\/barreiropsicologia.com\\\/blog\\\/wp-content\\\/uploads\\\/2025\\\/02\\\/Preparacion-Psicologica-ante-un-Diagnostico-de-Cancer.jpg\",\"width\":1024,\"height\":1024,\"caption\":\"preparaci\u00f3n emocional para el cancer\"},{\"@type\":\"BreadcrumbList\",\"@id\":\"https:\\\/\\\/barreiropsicologia.com\\\/blog\\\/como-enfrentar-un-diagnostico-la-preparacion-emocional-para-el-cancer\\\/#breadcrumb\",\"itemListElement\":[{\"@type\":\"ListItem\",\"position\":1,\"name\":\"Portada\",\"item\":\"https:\\\/\\\/barreiropsicologia.com\\\/blog\\\/\"},{\"@type\":\"ListItem\",\"position\":2,\"name\":\"C\u00f3mo enfrentar un diagn\u00f3stico, la preparaci\u00f3n emocional para el c\u00e1ncer\"}]},{\"@type\":\"WebSite\",\"@id\":\"https:\\\/\\\/barreiropsicologia.com\\\/blog\\\/#website\",\"url\":\"https:\\\/\\\/barreiropsicologia.com\\\/blog\\\/\",\"name\":\"Blog de psicolog\u00eda\",\"description\":\"Barreiro Psicolog\u00eda Blog\",\"potentialAction\":[{\"@type\":\"SearchAction\",\"target\":{\"@type\":\"EntryPoint\",\"urlTemplate\":\"https:\\\/\\\/barreiropsicologia.com\\\/blog\\\/?s={search_term_string}\"},\"query-input\":{\"@type\":\"PropertyValueSpecification\",\"valueRequired\":true,\"valueName\":\"search_term_string\"}}],\"inLanguage\":\"es\"},{\"@type\":\"Person\",\"@id\":\"https:\\\/\\\/barreiropsicologia.com\\\/blog\\\/#\\\/schema\\\/person\\\/6068f8a0ae30566e1100f91905ead263\",\"name\":\"Javier Barreiro\",\"image\":{\"@type\":\"ImageObject\",\"inLanguage\":\"es\",\"@id\":\"https:\\\/\\\/secure.gravatar.com\\\/avatar\\\/ba2dc692a18d0909a9544d2d12c67449129af0c5441c8732f319a1ae7ae701b0?s=96&d=mm&r=g\",\"url\":\"https:\\\/\\\/secure.gravatar.com\\\/avatar\\\/ba2dc692a18d0909a9544d2d12c67449129af0c5441c8732f319a1ae7ae701b0?s=96&d=mm&r=g\",\"contentUrl\":\"https:\\\/\\\/secure.gravatar.com\\\/avatar\\\/ba2dc692a18d0909a9544d2d12c67449129af0c5441c8732f319a1ae7ae701b0?s=96&d=mm&r=g\",\"caption\":\"Javier Barreiro\"},\"description\":\"Javier Barreiro Santamarta es Licenciado en Psicolog\u00eda por la Universidad de Salamanca, Psic\u00f3logo General Sanitario en Salamanca colegiado n\u00ba CL-3735. M\u00e1ster en Psicolog\u00eda Cl\u00ednica cognitivo-conductual, M\u00e1ster en Terapia Breve Centrada en Soluciones y M\u00e1ster en Recursos Humanos.\",\"sameAs\":[\"https:\\\/\\\/www.facebook.com\\\/psicologossalamanca\\\/\",\"https:\\\/\\\/www.instagram.com\\\/barreiro.psi\",\"https:\\\/\\\/ar.linkedin.com\\\/in\\\/javier-barreiro-santamarta-9183b962\",\"https:\\\/\\\/x.com\\\/Barreiro.javier@hotmail.com\"],\"url\":\"https:\\\/\\\/barreiropsicologia.com\\\/blog\\\/author\\\/javier_barreiro\\\/\"}]}<\/script>\n<!-- \/ Yoast SEO plugin. -->","yoast_head_json":{"title":"La preparaci\u00f3n emocional para el c\u00e1ncer","description":"Descubre como tener una preparaci\u00f3n emocional para el c\u00e1ncer. Aprende c\u00f3mo prepararte psicol\u00f3gicamente para afrontar este desaf\u00edo con t\u00e9cnicas de manejo del estr\u00e9s, una red de apoyo s\u00f3lida y una actitud positiva.","robots":{"index":"index","follow":"follow","max-snippet":"max-snippet:-1","max-image-preview":"max-image-preview:large","max-video-preview":"max-video-preview:-1"},"canonical":"https:\/\/barreiropsicologia.com\/blog\/como-enfrentar-un-diagnostico-la-preparacion-emocional-para-el-cancer\/","og_locale":"es_ES","og_type":"article","og_title":"La preparaci\u00f3n emocional para el c\u00e1ncer","og_description":"Descubre como tener una preparaci\u00f3n emocional para el c\u00e1ncer. Aprende c\u00f3mo prepararte psicol\u00f3gicamente para afrontar este desaf\u00edo con t\u00e9cnicas de manejo del estr\u00e9s, una red de apoyo s\u00f3lida y una actitud positiva.","og_url":"https:\/\/barreiropsicologia.com\/blog\/como-enfrentar-un-diagnostico-la-preparacion-emocional-para-el-cancer\/","og_site_name":"Blog de psicolog\u00eda","article_publisher":"https:\/\/www.facebook.com\/psicologossalamanca\/","article_author":"https:\/\/www.facebook.com\/psicologossalamanca\/","article_published_time":"2025-02-04T12:50:18+00:00","article_modified_time":"2026-03-27T12:37:52+00:00","og_image":[{"width":1024,"height":1024,"url":"https:\/\/barreiropsicologia.com\/blog\/wp-content\/uploads\/2025\/02\/Preparacion-Psicologica-ante-un-Diagnostico-de-Cancer.jpg","type":"image\/jpeg"}],"author":"Javier Barreiro","twitter_card":"summary_large_image","twitter_creator":"@Barreiro.javier@hotmail.com","twitter_site":"@Barreiro_Psi","twitter_misc":{"Escrito por":"Javier Barreiro","Tiempo de lectura":"3 minutos"},"schema":{"@context":"https:\/\/schema.org","@graph":[{"@type":"Article","@id":"https:\/\/barreiropsicologia.com\/blog\/como-enfrentar-un-diagnostico-la-preparacion-emocional-para-el-cancer\/#article","isPartOf":{"@id":"https:\/\/barreiropsicologia.com\/blog\/como-enfrentar-un-diagnostico-la-preparacion-emocional-para-el-cancer\/"},"author":{"name":"Javier Barreiro","@id":"https:\/\/barreiropsicologia.com\/blog\/#\/schema\/person\/6068f8a0ae30566e1100f91905ead263"},"headline":"C\u00f3mo enfrentar un diagn\u00f3stico, la preparaci\u00f3n emocional para el c\u00e1ncer","datePublished":"2025-02-04T12:50:18+00:00","dateModified":"2026-03-27T12:37:52+00:00","mainEntityOfPage":{"@id":"https:\/\/barreiropsicologia.com\/blog\/como-enfrentar-un-diagnostico-la-preparacion-emocional-para-el-cancer\/"},"wordCount":642,"commentCount":0,"image":{"@id":"https:\/\/barreiropsicologia.com\/blog\/como-enfrentar-un-diagnostico-la-preparacion-emocional-para-el-cancer\/#primaryimage"},"thumbnailUrl":"https:\/\/barreiropsicologia.com\/blog\/wp-content\/uploads\/2025\/02\/Preparacion-Psicologica-ante-un-Diagnostico-de-Cancer.jpg","keywords":["cerebro y mente","emociones","miedo"],"articleSection":["Estado de \u00e1nimo"],"inLanguage":"es","potentialAction":[{"@type":"CommentAction","name":"Comment","target":["https:\/\/barreiropsicologia.com\/blog\/como-enfrentar-un-diagnostico-la-preparacion-emocional-para-el-cancer\/#respond"]}]},{"@type":"WebPage","@id":"https:\/\/barreiropsicologia.com\/blog\/como-enfrentar-un-diagnostico-la-preparacion-emocional-para-el-cancer\/","url":"https:\/\/barreiropsicologia.com\/blog\/como-enfrentar-un-diagnostico-la-preparacion-emocional-para-el-cancer\/","name":"La preparaci\u00f3n emocional para el c\u00e1ncer","isPartOf":{"@id":"https:\/\/barreiropsicologia.com\/blog\/#website"},"primaryImageOfPage":{"@id":"https:\/\/barreiropsicologia.com\/blog\/como-enfrentar-un-diagnostico-la-preparacion-emocional-para-el-cancer\/#primaryimage"},"image":{"@id":"https:\/\/barreiropsicologia.com\/blog\/como-enfrentar-un-diagnostico-la-preparacion-emocional-para-el-cancer\/#primaryimage"},"thumbnailUrl":"https:\/\/barreiropsicologia.com\/blog\/wp-content\/uploads\/2025\/02\/Preparacion-Psicologica-ante-un-Diagnostico-de-Cancer.jpg","datePublished":"2025-02-04T12:50:18+00:00","dateModified":"2026-03-27T12:37:52+00:00","author":{"@id":"https:\/\/barreiropsicologia.com\/blog\/#\/schema\/person\/6068f8a0ae30566e1100f91905ead263"},"description":"Descubre como tener una preparaci\u00f3n emocional para el c\u00e1ncer. Aprende c\u00f3mo prepararte psicol\u00f3gicamente para afrontar este desaf\u00edo con t\u00e9cnicas de manejo del estr\u00e9s, una red de apoyo s\u00f3lida y una actitud positiva.","breadcrumb":{"@id":"https:\/\/barreiropsicologia.com\/blog\/como-enfrentar-un-diagnostico-la-preparacion-emocional-para-el-cancer\/#breadcrumb"},"inLanguage":"es","potentialAction":[{"@type":"ReadAction","target":["https:\/\/barreiropsicologia.com\/blog\/como-enfrentar-un-diagnostico-la-preparacion-emocional-para-el-cancer\/"]}]},{"@type":"ImageObject","inLanguage":"es","@id":"https:\/\/barreiropsicologia.com\/blog\/como-enfrentar-un-diagnostico-la-preparacion-emocional-para-el-cancer\/#primaryimage","url":"https:\/\/barreiropsicologia.com\/blog\/wp-content\/uploads\/2025\/02\/Preparacion-Psicologica-ante-un-Diagnostico-de-Cancer.jpg","contentUrl":"https:\/\/barreiropsicologia.com\/blog\/wp-content\/uploads\/2025\/02\/Preparacion-Psicologica-ante-un-Diagnostico-de-Cancer.jpg","width":1024,"height":1024,"caption":"preparaci\u00f3n emocional para el cancer"},{"@type":"BreadcrumbList","@id":"https:\/\/barreiropsicologia.com\/blog\/como-enfrentar-un-diagnostico-la-preparacion-emocional-para-el-cancer\/#breadcrumb","itemListElement":[{"@type":"ListItem","position":1,"name":"Portada","item":"https:\/\/barreiropsicologia.com\/blog\/"},{"@type":"ListItem","position":2,"name":"C\u00f3mo enfrentar un diagn\u00f3stico, la preparaci\u00f3n emocional para el c\u00e1ncer"}]},{"@type":"WebSite","@id":"https:\/\/barreiropsicologia.com\/blog\/#website","url":"https:\/\/barreiropsicologia.com\/blog\/","name":"Blog de psicolog\u00eda","description":"Barreiro Psicolog\u00eda Blog","potentialAction":[{"@type":"SearchAction","target":{"@type":"EntryPoint","urlTemplate":"https:\/\/barreiropsicologia.com\/blog\/?s={search_term_string}"},"query-input":{"@type":"PropertyValueSpecification","valueRequired":true,"valueName":"search_term_string"}}],"inLanguage":"es"},{"@type":"Person","@id":"https:\/\/barreiropsicologia.com\/blog\/#\/schema\/person\/6068f8a0ae30566e1100f91905ead263","name":"Javier Barreiro","image":{"@type":"ImageObject","inLanguage":"es","@id":"https:\/\/secure.gravatar.com\/avatar\/ba2dc692a18d0909a9544d2d12c67449129af0c5441c8732f319a1ae7ae701b0?s=96&d=mm&r=g","url":"https:\/\/secure.gravatar.com\/avatar\/ba2dc692a18d0909a9544d2d12c67449129af0c5441c8732f319a1ae7ae701b0?s=96&d=mm&r=g","contentUrl":"https:\/\/secure.gravatar.com\/avatar\/ba2dc692a18d0909a9544d2d12c67449129af0c5441c8732f319a1ae7ae701b0?s=96&d=mm&r=g","caption":"Javier Barreiro"},"description":"Javier Barreiro Santamarta es Licenciado en Psicolog\u00eda por la Universidad de Salamanca, Psic\u00f3logo General Sanitario en Salamanca colegiado n\u00ba CL-3735. M\u00e1ster en Psicolog\u00eda Cl\u00ednica cognitivo-conductual, M\u00e1ster en Terapia Breve Centrada en Soluciones y M\u00e1ster en Recursos Humanos.","sameAs":["https:\/\/www.facebook.com\/psicologossalamanca\/","https:\/\/www.instagram.com\/barreiro.psi","https:\/\/ar.linkedin.com\/in\/javier-barreiro-santamarta-9183b962","https:\/\/x.com\/Barreiro.javier@hotmail.com"],"url":"https:\/\/barreiropsicologia.com\/blog\/author\/javier_barreiro\/"}]}},"_links":{"self":[{"href":"https:\/\/barreiropsicologia.com\/blog\/wp-json\/wp\/v2\/posts\/3766","targetHints":{"allow":["GET"]}}],"collection":[{"href":"https:\/\/barreiropsicologia.com\/blog\/wp-json\/wp\/v2\/posts"}],"about":[{"href":"https:\/\/barreiropsicologia.com\/blog\/wp-json\/wp\/v2\/types\/post"}],"author":[{"embeddable":true,"href":"https:\/\/barreiropsicologia.com\/blog\/wp-json\/wp\/v2\/users\/1"}],"replies":[{"embeddable":true,"href":"https:\/\/barreiropsicologia.com\/blog\/wp-json\/wp\/v2\/comments?post=3766"}],"version-history":[{"count":3,"href":"https:\/\/barreiropsicologia.com\/blog\/wp-json\/wp\/v2\/posts\/3766\/revisions"}],"predecessor-version":[{"id":3771,"href":"https:\/\/barreiropsicologia.com\/blog\/wp-json\/wp\/v2\/posts\/3766\/revisions\/3771"}],"wp:featuredmedia":[{"embeddable":true,"href":"https:\/\/barreiropsicologia.com\/blog\/wp-json\/wp\/v2\/media\/3767"}],"wp:attachment":[{"href":"https:\/\/barreiropsicologia.com\/blog\/wp-json\/wp\/v2\/media?parent=3766"}],"wp:term":[{"taxonomy":"category","embeddable":true,"href":"https:\/\/barreiropsicologia.com\/blog\/wp-json\/wp\/v2\/categories?post=3766"},{"taxonomy":"post_tag","embeddable":true,"href":"https:\/\/barreiropsicologia.com\/blog\/wp-json\/wp\/v2\/tags?post=3766"}],"curies":[{"name":"wp","href":"https:\/\/api.w.org\/{rel}","templated":true}]}}