{"id":3779,"date":"2025-02-19T14:07:13","date_gmt":"2025-02-19T13:07:13","guid":{"rendered":"https:\/\/barreiropsicologia.com\/blog\/?p=3779"},"modified":"2026-04-29T22:13:06","modified_gmt":"2026-04-29T20:13:06","slug":"sindrome-de-asperger-causas-sintomas","status":"publish","type":"post","link":"https:\/\/barreiropsicologia.com\/blog\/sindrome-de-asperger-causas-sintomas\/","title":{"rendered":"Entendiendo el S\u00edndrome de Asperger: Causas y S\u00edntomas"},"content":{"rendered":"\n<p>El s\u00edndrome de Asperger, ahora considerado parte del espectro autista (TEA), es un trastorno del neurodesarrollo que afecta la interacci\u00f3n social y la comunicaci\u00f3n.<\/p>\n\n\n\n<p>Aunque las personas con Asperger suelen tener un nivel de inteligencia normal, enfrentan varios desaf\u00edos \u00fanicos en su vida diaria.<h3><strong>\u00bfQu\u00e9 es el S\u00edndrome de Asperger?<\/strong><\/h3><span>El s\u00edndrome de Asperger se caracteriza por dificultades significativas en la interacci\u00f3n social y la comunicaci\u00f3n no verbal, junto con patrones de comportamiento e intereses restringidos y repetitivo<\/span>s.<\/p>\n\n\n\n<p>Aunque ya no se reconoce como un diagn\u00f3stico independiente, sigue siendo una parte importante del <a href=\"https:\/\/barreiropsicologia.com\/blog\/autismo-o-trastorno-autista\/\"><strong>Trastorno de Espectro Autista<\/strong> (TEA)<\/a>.<\/p>\n\n\n\n<h3 class=\"wp-block-heading\"><strong>Causas del S\u00edndrome de Asperger<\/strong><\/h3>\n\n\n\n<p>La causa exacta del Asperger no se conoce completamente, pero se cree que tiene una alta heredabilidad y que factores ambientales tambi\u00e9n pueden influir.<\/p>\n\n\n\n<p>Las im\u00e1genes cerebrales no han identificado una afecci\u00f3n subyacente com\u00fan.<\/p>\n\n\n\n<h3 class=\"wp-block-heading\"><strong>S\u00edntomas Comunes<\/strong><\/h3>\n\n\n\n<p>Las personas con s\u00edndrome de Asperger pueden tener intereses restringidos, comportamientos repetitivos y dificultades para entender las emociones y sentimientos de los dem\u00e1s.<\/p>\n\n\n\n<p>Tambi\u00e9n pueden tener problemas para interpretar las iron\u00edas o dobles sentidos, lo que puede llevar a malentendidos frecuentes.<\/p>\n\n\n\n<h3 class=\"wp-block-heading\"><strong>Tratamiento y Apoyo<\/strong><\/h3>\n\n\n\n<p>No existe un tratamiento \u00fanico para el Asperger, pero las gu\u00edas sugieren proporcionar educaci\u00f3n, formaci\u00f3n y apoyo social para mejorar la capacidad de la persona para desenvolverse en el mundo cotidiano.<\/p>\n\n\n\n<p>Es importante entender que el autismo no es una enfermedad que pueda curarse, sino una condici\u00f3n que requiere apoyo y comprensi\u00f3n.<\/p>\n\n\n\n<h3 class=\"wp-block-heading\"><strong>Impacto en la Vida Diaria<\/strong><\/h3>\n\n\n\n<p>Las personas con Asperger pueden enfrentar desaf\u00edos en situaciones cotidianas, como el transporte p\u00fablico o la interacci\u00f3n social.<\/p>\n\n\n\n<p>Tambi\u00e9n pueden experimentar ansiedad y estr\u00e9s debido a la dificultad para adaptarse a cambios en la rutina.<\/p>\n\n\n\n<h3 class=\"wp-block-heading\"><strong>A tener en cuenta<\/strong><\/h3>\n\n\n\n<p>Entender el s\u00edndrome de Asperger es crucial para proporcionar el apoyo adecuado a quienes lo padecen.<\/p>\n\n\n\n<p>Con el conocimiento y la comprensi\u00f3n, es posible mejorar la calidad de vida de estas personas y ayudarles a alcanzar su m\u00e1ximo potencial.<\/p>\n\n\n\n<hr class=\"wp-block-separator has-alpha-channel-opacity\"\/>\n\n\n\n<p>Tambi\u00e9n te puede interesar el art\u00edculo:<\/p>\n\n\n\n<ul class=\"wp-block-list\">\n<li><a href=\"https:\/\/barreiropsicologia.com\/blog\/autismo-o-trastorno-autista\/\">Autismo o Trastorno autista.<\/a><\/li>\n<\/ul>\n\n\n\n<p><\/p>\n","protected":false},"excerpt":{"rendered":"<p>El s\u00edndrome de Asperger, ahora considerado parte del espectro autista (TEA), es un trastorno del neurodesarrollo que afecta la interacci\u00f3n social y la comunicaci\u00f3n. Aunque las personas con Asperger suelen tener un nivel de inteligencia normal, enfrentan varios desaf\u00edos \u00fanicos&#46;&#46;&#46;<\/p>\n","protected":false},"author":1,"featured_media":3783,"comment_status":"open","ping_status":"open","sticky":false,"template":"","format":"standard","meta":{"footnotes":""},"categories":[845],"tags":[701,287],"class_list":["post-3779","post","type-post","status-publish","format-standard","has-post-thumbnail","hentry","category-trastornos-psicologicos","tag-cerebro-y-mente","tag-neuropsicologia"],"yoast_head":"<!-- This site is optimized with the Yoast SEO plugin v27.3 - https:\/\/yoast.com\/product\/yoast-seo-wordpress\/ -->\n<title>S\u00edndrome de Asperger: Causas, S\u00edntomas y Tratamiento<\/title>\n<meta name=\"description\" content=\"El s\u00edndrome de Asperger es un trastorno del neurodesarrollo. Aprende sobre sus causas, s\u00edntomas y c\u00f3mo apoyar a quienes lo padecen.\" \/>\n<meta name=\"robots\" content=\"index, follow, max-snippet:-1, max-image-preview:large, max-video-preview:-1\" \/>\n<link rel=\"canonical\" href=\"https:\/\/barreiropsicologia.com\/blog\/sindrome-de-asperger-causas-sintomas\/\" \/>\n<meta property=\"og:locale\" content=\"es_ES\" \/>\n<meta property=\"og:type\" content=\"article\" \/>\n<meta property=\"og:title\" content=\"S\u00edndrome de Asperger: Causas, S\u00edntomas y Tratamiento\" \/>\n<meta property=\"og:description\" content=\"El s\u00edndrome de Asperger es un trastorno del neurodesarrollo. Aprende sobre sus causas, s\u00edntomas y c\u00f3mo apoyar a quienes lo padecen.\" \/>\n<meta property=\"og:url\" content=\"https:\/\/barreiropsicologia.com\/blog\/sindrome-de-asperger-causas-sintomas\/\" \/>\n<meta property=\"og:site_name\" content=\"Blog de psicolog\u00eda\" \/>\n<meta property=\"article:publisher\" content=\"https:\/\/www.facebook.com\/psicologossalamanca\/\" \/>\n<meta property=\"article:author\" content=\"https:\/\/www.facebook.com\/psicologossalamanca\/\" \/>\n<meta property=\"article:published_time\" content=\"2025-02-19T13:07:13+00:00\" \/>\n<meta property=\"article:modified_time\" content=\"2026-04-29T20:13:06+00:00\" \/>\n<meta property=\"og:image\" content=\"https:\/\/barreiropsicologia.com\/blog\/wp-content\/uploads\/2025\/02\/una-persona-solitaria-en-una-ciudad.jpg\" \/>\n\t<meta property=\"og:image:width\" content=\"1024\" \/>\n\t<meta property=\"og:image:height\" content=\"1024\" \/>\n\t<meta property=\"og:image:type\" content=\"image\/jpeg\" \/>\n<meta name=\"author\" content=\"Javier Barreiro\" \/>\n<meta name=\"twitter:card\" content=\"summary_large_image\" \/>\n<meta name=\"twitter:creator\" content=\"@Barreiro.javier@hotmail.com\" \/>\n<meta name=\"twitter:site\" content=\"@Barreiro_Psi\" \/>\n<meta name=\"twitter:label1\" content=\"Escrito por\" \/>\n\t<meta name=\"twitter:data1\" content=\"Javier Barreiro\" \/>\n\t<meta name=\"twitter:label2\" content=\"Tiempo de lectura\" \/>\n\t<meta name=\"twitter:data2\" content=\"2 minutos\" \/>\n<script type=\"application\/ld+json\" class=\"yoast-schema-graph\">{\"@context\":\"https:\\\/\\\/schema.org\",\"@graph\":[{\"@type\":\"Article\",\"@id\":\"https:\\\/\\\/barreiropsicologia.com\\\/blog\\\/sindrome-de-asperger-causas-sintomas\\\/#article\",\"isPartOf\":{\"@id\":\"https:\\\/\\\/barreiropsicologia.com\\\/blog\\\/sindrome-de-asperger-causas-sintomas\\\/\"},\"author\":{\"name\":\"Javier Barreiro\",\"@id\":\"https:\\\/\\\/barreiropsicologia.com\\\/blog\\\/#\\\/schema\\\/person\\\/6068f8a0ae30566e1100f91905ead263\"},\"headline\":\"Entendiendo el S\u00edndrome de Asperger: Causas y S\u00edntomas\",\"datePublished\":\"2025-02-19T13:07:13+00:00\",\"dateModified\":\"2026-04-29T20:13:06+00:00\",\"mainEntityOfPage\":{\"@id\":\"https:\\\/\\\/barreiropsicologia.com\\\/blog\\\/sindrome-de-asperger-causas-sintomas\\\/\"},\"wordCount\":372,\"commentCount\":0,\"image\":{\"@id\":\"https:\\\/\\\/barreiropsicologia.com\\\/blog\\\/sindrome-de-asperger-causas-sintomas\\\/#primaryimage\"},\"thumbnailUrl\":\"https:\\\/\\\/barreiropsicologia.com\\\/blog\\\/wp-content\\\/uploads\\\/2025\\\/02\\\/una-persona-solitaria-en-una-ciudad.jpg\",\"keywords\":[\"cerebro y mente\",\"neuropsicolog\u00eda\"],\"articleSection\":[\"Trastornos y problemas psicol\u00f3gicos\"],\"inLanguage\":\"es\",\"potentialAction\":[{\"@type\":\"CommentAction\",\"name\":\"Comment\",\"target\":[\"https:\\\/\\\/barreiropsicologia.com\\\/blog\\\/sindrome-de-asperger-causas-sintomas\\\/#respond\"]}]},{\"@type\":\"WebPage\",\"@id\":\"https:\\\/\\\/barreiropsicologia.com\\\/blog\\\/sindrome-de-asperger-causas-sintomas\\\/\",\"url\":\"https:\\\/\\\/barreiropsicologia.com\\\/blog\\\/sindrome-de-asperger-causas-sintomas\\\/\",\"name\":\"S\u00edndrome de Asperger: Causas, S\u00edntomas y Tratamiento\",\"isPartOf\":{\"@id\":\"https:\\\/\\\/barreiropsicologia.com\\\/blog\\\/#website\"},\"primaryImageOfPage\":{\"@id\":\"https:\\\/\\\/barreiropsicologia.com\\\/blog\\\/sindrome-de-asperger-causas-sintomas\\\/#primaryimage\"},\"image\":{\"@id\":\"https:\\\/\\\/barreiropsicologia.com\\\/blog\\\/sindrome-de-asperger-causas-sintomas\\\/#primaryimage\"},\"thumbnailUrl\":\"https:\\\/\\\/barreiropsicologia.com\\\/blog\\\/wp-content\\\/uploads\\\/2025\\\/02\\\/una-persona-solitaria-en-una-ciudad.jpg\",\"datePublished\":\"2025-02-19T13:07:13+00:00\",\"dateModified\":\"2026-04-29T20:13:06+00:00\",\"author\":{\"@id\":\"https:\\\/\\\/barreiropsicologia.com\\\/blog\\\/#\\\/schema\\\/person\\\/6068f8a0ae30566e1100f91905ead263\"},\"description\":\"El s\u00edndrome de Asperger es un trastorno del neurodesarrollo. Aprende sobre sus causas, s\u00edntomas y c\u00f3mo apoyar a quienes lo padecen.\",\"breadcrumb\":{\"@id\":\"https:\\\/\\\/barreiropsicologia.com\\\/blog\\\/sindrome-de-asperger-causas-sintomas\\\/#breadcrumb\"},\"inLanguage\":\"es\",\"potentialAction\":[{\"@type\":\"ReadAction\",\"target\":[\"https:\\\/\\\/barreiropsicologia.com\\\/blog\\\/sindrome-de-asperger-causas-sintomas\\\/\"]}]},{\"@type\":\"ImageObject\",\"inLanguage\":\"es\",\"@id\":\"https:\\\/\\\/barreiropsicologia.com\\\/blog\\\/sindrome-de-asperger-causas-sintomas\\\/#primaryimage\",\"url\":\"https:\\\/\\\/barreiropsicologia.com\\\/blog\\\/wp-content\\\/uploads\\\/2025\\\/02\\\/una-persona-solitaria-en-una-ciudad.jpg\",\"contentUrl\":\"https:\\\/\\\/barreiropsicologia.com\\\/blog\\\/wp-content\\\/uploads\\\/2025\\\/02\\\/una-persona-solitaria-en-una-ciudad.jpg\",\"width\":1024,\"height\":1024,\"caption\":\"S\u00edndrome de Asperger\"},{\"@type\":\"BreadcrumbList\",\"@id\":\"https:\\\/\\\/barreiropsicologia.com\\\/blog\\\/sindrome-de-asperger-causas-sintomas\\\/#breadcrumb\",\"itemListElement\":[{\"@type\":\"ListItem\",\"position\":1,\"name\":\"Portada\",\"item\":\"https:\\\/\\\/barreiropsicologia.com\\\/blog\\\/\"},{\"@type\":\"ListItem\",\"position\":2,\"name\":\"Entendiendo el S\u00edndrome de Asperger: Causas y S\u00edntomas\"}]},{\"@type\":\"WebSite\",\"@id\":\"https:\\\/\\\/barreiropsicologia.com\\\/blog\\\/#website\",\"url\":\"https:\\\/\\\/barreiropsicologia.com\\\/blog\\\/\",\"name\":\"Blog de psicolog\u00eda\",\"description\":\"Barreiro Psicolog\u00eda Blog\",\"potentialAction\":[{\"@type\":\"SearchAction\",\"target\":{\"@type\":\"EntryPoint\",\"urlTemplate\":\"https:\\\/\\\/barreiropsicologia.com\\\/blog\\\/?s={search_term_string}\"},\"query-input\":{\"@type\":\"PropertyValueSpecification\",\"valueRequired\":true,\"valueName\":\"search_term_string\"}}],\"inLanguage\":\"es\"},{\"@type\":\"Person\",\"@id\":\"https:\\\/\\\/barreiropsicologia.com\\\/blog\\\/#\\\/schema\\\/person\\\/6068f8a0ae30566e1100f91905ead263\",\"name\":\"Javier Barreiro\",\"image\":{\"@type\":\"ImageObject\",\"inLanguage\":\"es\",\"@id\":\"https:\\\/\\\/secure.gravatar.com\\\/avatar\\\/ba2dc692a18d0909a9544d2d12c67449129af0c5441c8732f319a1ae7ae701b0?s=96&d=mm&r=g\",\"url\":\"https:\\\/\\\/secure.gravatar.com\\\/avatar\\\/ba2dc692a18d0909a9544d2d12c67449129af0c5441c8732f319a1ae7ae701b0?s=96&d=mm&r=g\",\"contentUrl\":\"https:\\\/\\\/secure.gravatar.com\\\/avatar\\\/ba2dc692a18d0909a9544d2d12c67449129af0c5441c8732f319a1ae7ae701b0?s=96&d=mm&r=g\",\"caption\":\"Javier Barreiro\"},\"description\":\"Javier Barreiro Santamarta es Licenciado en Psicolog\u00eda por la Universidad de Salamanca, Psic\u00f3logo General Sanitario en Salamanca colegiado n\u00ba CL-3735. M\u00e1ster en Psicolog\u00eda Cl\u00ednica cognitivo-conductual, M\u00e1ster en Terapia Breve Centrada en Soluciones y M\u00e1ster en Recursos Humanos.\",\"sameAs\":[\"https:\\\/\\\/www.facebook.com\\\/psicologossalamanca\\\/\",\"https:\\\/\\\/www.instagram.com\\\/barreiro.psi\",\"https:\\\/\\\/ar.linkedin.com\\\/in\\\/javier-barreiro-santamarta-9183b962\",\"https:\\\/\\\/x.com\\\/Barreiro.javier@hotmail.com\"],\"url\":\"https:\\\/\\\/barreiropsicologia.com\\\/blog\\\/author\\\/javier_barreiro\\\/\"}]}<\/script>\n<!-- \/ Yoast SEO plugin. -->","yoast_head_json":{"title":"S\u00edndrome de Asperger: Causas, S\u00edntomas y Tratamiento","description":"El s\u00edndrome de Asperger es un trastorno del neurodesarrollo. Aprende sobre sus causas, s\u00edntomas y c\u00f3mo apoyar a quienes lo padecen.","robots":{"index":"index","follow":"follow","max-snippet":"max-snippet:-1","max-image-preview":"max-image-preview:large","max-video-preview":"max-video-preview:-1"},"canonical":"https:\/\/barreiropsicologia.com\/blog\/sindrome-de-asperger-causas-sintomas\/","og_locale":"es_ES","og_type":"article","og_title":"S\u00edndrome de Asperger: Causas, S\u00edntomas y Tratamiento","og_description":"El s\u00edndrome de Asperger es un trastorno del neurodesarrollo. Aprende sobre sus causas, s\u00edntomas y c\u00f3mo apoyar a quienes lo padecen.","og_url":"https:\/\/barreiropsicologia.com\/blog\/sindrome-de-asperger-causas-sintomas\/","og_site_name":"Blog de psicolog\u00eda","article_publisher":"https:\/\/www.facebook.com\/psicologossalamanca\/","article_author":"https:\/\/www.facebook.com\/psicologossalamanca\/","article_published_time":"2025-02-19T13:07:13+00:00","article_modified_time":"2026-04-29T20:13:06+00:00","og_image":[{"width":1024,"height":1024,"url":"https:\/\/barreiropsicologia.com\/blog\/wp-content\/uploads\/2025\/02\/una-persona-solitaria-en-una-ciudad.jpg","type":"image\/jpeg"}],"author":"Javier Barreiro","twitter_card":"summary_large_image","twitter_creator":"@Barreiro.javier@hotmail.com","twitter_site":"@Barreiro_Psi","twitter_misc":{"Escrito por":"Javier Barreiro","Tiempo de lectura":"2 minutos"},"schema":{"@context":"https:\/\/schema.org","@graph":[{"@type":"Article","@id":"https:\/\/barreiropsicologia.com\/blog\/sindrome-de-asperger-causas-sintomas\/#article","isPartOf":{"@id":"https:\/\/barreiropsicologia.com\/blog\/sindrome-de-asperger-causas-sintomas\/"},"author":{"name":"Javier Barreiro","@id":"https:\/\/barreiropsicologia.com\/blog\/#\/schema\/person\/6068f8a0ae30566e1100f91905ead263"},"headline":"Entendiendo el S\u00edndrome de Asperger: Causas y S\u00edntomas","datePublished":"2025-02-19T13:07:13+00:00","dateModified":"2026-04-29T20:13:06+00:00","mainEntityOfPage":{"@id":"https:\/\/barreiropsicologia.com\/blog\/sindrome-de-asperger-causas-sintomas\/"},"wordCount":372,"commentCount":0,"image":{"@id":"https:\/\/barreiropsicologia.com\/blog\/sindrome-de-asperger-causas-sintomas\/#primaryimage"},"thumbnailUrl":"https:\/\/barreiropsicologia.com\/blog\/wp-content\/uploads\/2025\/02\/una-persona-solitaria-en-una-ciudad.jpg","keywords":["cerebro y mente","neuropsicolog\u00eda"],"articleSection":["Trastornos y problemas psicol\u00f3gicos"],"inLanguage":"es","potentialAction":[{"@type":"CommentAction","name":"Comment","target":["https:\/\/barreiropsicologia.com\/blog\/sindrome-de-asperger-causas-sintomas\/#respond"]}]},{"@type":"WebPage","@id":"https:\/\/barreiropsicologia.com\/blog\/sindrome-de-asperger-causas-sintomas\/","url":"https:\/\/barreiropsicologia.com\/blog\/sindrome-de-asperger-causas-sintomas\/","name":"S\u00edndrome de Asperger: Causas, S\u00edntomas y Tratamiento","isPartOf":{"@id":"https:\/\/barreiropsicologia.com\/blog\/#website"},"primaryImageOfPage":{"@id":"https:\/\/barreiropsicologia.com\/blog\/sindrome-de-asperger-causas-sintomas\/#primaryimage"},"image":{"@id":"https:\/\/barreiropsicologia.com\/blog\/sindrome-de-asperger-causas-sintomas\/#primaryimage"},"thumbnailUrl":"https:\/\/barreiropsicologia.com\/blog\/wp-content\/uploads\/2025\/02\/una-persona-solitaria-en-una-ciudad.jpg","datePublished":"2025-02-19T13:07:13+00:00","dateModified":"2026-04-29T20:13:06+00:00","author":{"@id":"https:\/\/barreiropsicologia.com\/blog\/#\/schema\/person\/6068f8a0ae30566e1100f91905ead263"},"description":"El s\u00edndrome de Asperger es un trastorno del neurodesarrollo. Aprende sobre sus causas, s\u00edntomas y c\u00f3mo apoyar a quienes lo padecen.","breadcrumb":{"@id":"https:\/\/barreiropsicologia.com\/blog\/sindrome-de-asperger-causas-sintomas\/#breadcrumb"},"inLanguage":"es","potentialAction":[{"@type":"ReadAction","target":["https:\/\/barreiropsicologia.com\/blog\/sindrome-de-asperger-causas-sintomas\/"]}]},{"@type":"ImageObject","inLanguage":"es","@id":"https:\/\/barreiropsicologia.com\/blog\/sindrome-de-asperger-causas-sintomas\/#primaryimage","url":"https:\/\/barreiropsicologia.com\/blog\/wp-content\/uploads\/2025\/02\/una-persona-solitaria-en-una-ciudad.jpg","contentUrl":"https:\/\/barreiropsicologia.com\/blog\/wp-content\/uploads\/2025\/02\/una-persona-solitaria-en-una-ciudad.jpg","width":1024,"height":1024,"caption":"S\u00edndrome de Asperger"},{"@type":"BreadcrumbList","@id":"https:\/\/barreiropsicologia.com\/blog\/sindrome-de-asperger-causas-sintomas\/#breadcrumb","itemListElement":[{"@type":"ListItem","position":1,"name":"Portada","item":"https:\/\/barreiropsicologia.com\/blog\/"},{"@type":"ListItem","position":2,"name":"Entendiendo el S\u00edndrome de Asperger: Causas y S\u00edntomas"}]},{"@type":"WebSite","@id":"https:\/\/barreiropsicologia.com\/blog\/#website","url":"https:\/\/barreiropsicologia.com\/blog\/","name":"Blog de psicolog\u00eda","description":"Barreiro Psicolog\u00eda Blog","potentialAction":[{"@type":"SearchAction","target":{"@type":"EntryPoint","urlTemplate":"https:\/\/barreiropsicologia.com\/blog\/?s={search_term_string}"},"query-input":{"@type":"PropertyValueSpecification","valueRequired":true,"valueName":"search_term_string"}}],"inLanguage":"es"},{"@type":"Person","@id":"https:\/\/barreiropsicologia.com\/blog\/#\/schema\/person\/6068f8a0ae30566e1100f91905ead263","name":"Javier Barreiro","image":{"@type":"ImageObject","inLanguage":"es","@id":"https:\/\/secure.gravatar.com\/avatar\/ba2dc692a18d0909a9544d2d12c67449129af0c5441c8732f319a1ae7ae701b0?s=96&d=mm&r=g","url":"https:\/\/secure.gravatar.com\/avatar\/ba2dc692a18d0909a9544d2d12c67449129af0c5441c8732f319a1ae7ae701b0?s=96&d=mm&r=g","contentUrl":"https:\/\/secure.gravatar.com\/avatar\/ba2dc692a18d0909a9544d2d12c67449129af0c5441c8732f319a1ae7ae701b0?s=96&d=mm&r=g","caption":"Javier Barreiro"},"description":"Javier Barreiro Santamarta es Licenciado en Psicolog\u00eda por la Universidad de Salamanca, Psic\u00f3logo General Sanitario en Salamanca colegiado n\u00ba CL-3735. M\u00e1ster en Psicolog\u00eda Cl\u00ednica cognitivo-conductual, M\u00e1ster en Terapia Breve Centrada en Soluciones y M\u00e1ster en Recursos Humanos.","sameAs":["https:\/\/www.facebook.com\/psicologossalamanca\/","https:\/\/www.instagram.com\/barreiro.psi","https:\/\/ar.linkedin.com\/in\/javier-barreiro-santamarta-9183b962","https:\/\/x.com\/Barreiro.javier@hotmail.com"],"url":"https:\/\/barreiropsicologia.com\/blog\/author\/javier_barreiro\/"}]}},"_links":{"self":[{"href":"https:\/\/barreiropsicologia.com\/blog\/wp-json\/wp\/v2\/posts\/3779","targetHints":{"allow":["GET"]}}],"collection":[{"href":"https:\/\/barreiropsicologia.com\/blog\/wp-json\/wp\/v2\/posts"}],"about":[{"href":"https:\/\/barreiropsicologia.com\/blog\/wp-json\/wp\/v2\/types\/post"}],"author":[{"embeddable":true,"href":"https:\/\/barreiropsicologia.com\/blog\/wp-json\/wp\/v2\/users\/1"}],"replies":[{"embeddable":true,"href":"https:\/\/barreiropsicologia.com\/blog\/wp-json\/wp\/v2\/comments?post=3779"}],"version-history":[{"count":4,"href":"https:\/\/barreiropsicologia.com\/blog\/wp-json\/wp\/v2\/posts\/3779\/revisions"}],"predecessor-version":[{"id":3784,"href":"https:\/\/barreiropsicologia.com\/blog\/wp-json\/wp\/v2\/posts\/3779\/revisions\/3784"}],"wp:featuredmedia":[{"embeddable":true,"href":"https:\/\/barreiropsicologia.com\/blog\/wp-json\/wp\/v2\/media\/3783"}],"wp:attachment":[{"href":"https:\/\/barreiropsicologia.com\/blog\/wp-json\/wp\/v2\/media?parent=3779"}],"wp:term":[{"taxonomy":"category","embeddable":true,"href":"https:\/\/barreiropsicologia.com\/blog\/wp-json\/wp\/v2\/categories?post=3779"},{"taxonomy":"post_tag","embeddable":true,"href":"https:\/\/barreiropsicologia.com\/blog\/wp-json\/wp\/v2\/tags?post=3779"}],"curies":[{"name":"wp","href":"https:\/\/api.w.org\/{rel}","templated":true}]}}