{"id":3800,"date":"2025-03-25T11:12:40","date_gmt":"2025-03-25T10:12:40","guid":{"rendered":"https:\/\/barreiropsicologia.com\/blog\/?p=3800"},"modified":"2026-03-27T12:52:58","modified_gmt":"2026-03-27T11:52:58","slug":"efectos-del-clima-en-la-salud-mental","status":"publish","type":"post","link":"https:\/\/barreiropsicologia.com\/blog\/efectos-del-clima-en-la-salud-mental\/","title":{"rendered":"Efectos del clima en la Salud Mental"},"content":{"rendered":"\n<p>En este art\u00edculo vamos a descubrir varios efectos del clima en la salud mental y en el comportamiento social.<\/p>\n\n\n\n<p>Los cambios en las condiciones meteorol\u00f3gicas pueden tener un impacto significativo en la salud mental de las personas, especialmente en aquellas con trastornos psicol\u00f3gicos preexistentes. <\/p>\n\n\n\n<p>La psicolog\u00eda ha explorado c\u00f3mo factores como la temperatura, la luz solar y las precipitaciones influyen en el estado de \u00e1nimo y el comportamiento humano.<\/p>\n\n\n\n<h3 class=\"wp-block-heading\">Trastorno Afectivo Estacional (TAE)<\/h3>\n\n\n\n<p>El Trastorno Afectivo Estacional es una forma de depresi\u00f3n que ocurre en ciertas \u00e9pocas del a\u00f1o, generalmente durante los meses de oto\u00f1o e invierno, cuando la exposici\u00f3n a la luz solar es limitada. <\/p>\n\n\n\n<p>La disminuci\u00f3n de la luz solar puede reducir los niveles de serotonina, un neurotransmisor clave en la regulaci\u00f3n del estado de \u00e1nimo, y aumentar la producci\u00f3n de melatonina, lo que puede provocar s\u00edntomas de depresi\u00f3n y somnolencia. <\/p>\n\n\n\n<p>Aproximadamente una de cada 20 personas desarrolla TAE debido al mal tiempo prolongado en oto\u00f1o e invierno, manifestando s\u00edntomas como aumento del apetito, deseo de dormir m\u00e1s y cansancio en el trabajo.<\/p>\n\n\n\n<h2 class=\"wp-block-heading\">Efectos del clima en la salud mental y el comportamiento<\/h2>\n\n\n\n<p>El impacto de la temperatura en el comportamiento humano es un fen\u00f3meno ampliamente estudiado en psicolog\u00eda y neurociencia. <\/p>\n\n\n\n<p>Aqu\u00ed te cuento algunos de <a href=\"https:\/\/barreiropsicologia.com\/blog\/efectos-psicologicos-ante-las-altas-temperaturas\/\">efectos del clima en la salud mental<\/a> m\u00e1s interesantes:<\/p>\n\n\n\n<h4 class=\"wp-block-heading\">1. Temperaturas altas y aumento de la agresividad<\/h4>\n\n\n\n<p>Diversos estudios han encontrado que el calor extremo puede estar relacionado con un aumento de la irritabilidad y la agresi\u00f3n.<\/p>\n\n\n\n<p>Un estudio de <em>Anderson &amp; Anderson<\/em> sugiere que las tasas de criminalidad y violencia tienden a aumentar durante los meses m\u00e1s c\u00e1lidos.<\/p>\n\n\n\n<p>Se cree que esto ocurre porque el calor genera incomodidad fisiol\u00f3gica, aumenta la frecuencia card\u00edaca y reduce la tolerancia a la frustraci\u00f3n.<\/p>\n\n\n\n<h4 class=\"wp-block-heading\">2. Calor y disminuci\u00f3n del rendimiento cognitivo<\/h4>\n\n\n\n<p>Las temperaturas elevadas pueden afectar la concentraci\u00f3n, la memoria y la toma de decisiones.<\/p>\n\n\n\n<p>Un estudio de <em>Harvard University<\/em> indic\u00f3 que los estudiantes que tomaron ex\u00e1menes en aulas sin aire acondicionado durante una ola de calor tuvieron un rendimiento significativamente menor en comparaci\u00f3n con aquellos en ambientes frescos.<\/p>\n\n\n\n<h4 class=\"wp-block-heading\">3. Fr\u00edo extremo y aislamiento social<\/h4>\n\n\n\n<p>El fr\u00edo intenso puede llevar a una menor actividad social, ya que las personas tienden a evitar salir de casa.<\/p>\n\n\n\n<p>Tambi\u00e9n se ha encontrado que las temperaturas extremadamente bajas pueden aumentar la sensaci\u00f3n de tristeza y reducir la motivaci\u00f3n.<\/p>\n\n\n\n<h4 class=\"wp-block-heading\">4. Cambios de temperatura y riesgo de Trastornos del estado de \u00e1nimo<\/h4>\n\n\n\n<p>Las fluctuaciones bruscas de temperatura pueden generar estr\u00e9s en el organismo y afectar el estado de \u00e1nimo.<\/p>\n\n\n\n<p>Algunas investigaciones sugieren que los cambios de estaci\u00f3n pueden influir en los niveles de neurotransmisores como la serotonina y la dopamina, afectando la regulaci\u00f3n emocional.<\/p>\n\n\n\n<figure class=\"wp-block-gallery aligncenter has-nested-images columns-default is-cropped wp-block-gallery-1 is-layout-flex wp-block-gallery-is-layout-flex\">\n<figure class=\"wp-block-image size-large\"><img loading=\"lazy\" decoding=\"async\" width=\"768\" height=\"499\" data-id=\"3815\" src=\"https:\/\/barreiropsicologia.com\/blog\/wp-content\/uploads\/2025\/03\/cambio-climatico-y-salud-mental-entendiendo-su-conexion-y-consecuencias-en-nuestro-bienestar-768x499-1.png\" alt=\"\" class=\"wp-image-3815\" srcset=\"https:\/\/barreiropsicologia.com\/blog\/wp-content\/uploads\/2025\/03\/cambio-climatico-y-salud-mental-entendiendo-su-conexion-y-consecuencias-en-nuestro-bienestar-768x499-1.png 768w, https:\/\/barreiropsicologia.com\/blog\/wp-content\/uploads\/2025\/03\/cambio-climatico-y-salud-mental-entendiendo-su-conexion-y-consecuencias-en-nuestro-bienestar-768x499-1-300x195.png 300w\" sizes=\"auto, (max-width: 768px) 100vw, 768px\" \/><\/figure>\n<\/figure>\n\n\n\n<h4 class=\"wp-block-heading\">5. Influencia del clima en la empat\u00eda y el comportamiento prosocial<\/h4>\n\n\n\n<p>Algunos estudios indican que el clima templado puede fomentar comportamientos m\u00e1s prosociales, como la cooperaci\u00f3n y la generosidad.<\/p>\n\n\n\n<p>En cambio, temperaturas extremas (tanto fr\u00edo como calor) pueden hacer que las personas sean menos pacientes y menos propensas a ayudar a los dem\u00e1s.<\/p>\n\n\n\n<h4 class=\"wp-block-heading\">6. Influencia de la luz solar en el estado de \u00e1nimo<\/h4>\n\n\n\n<p>La exposici\u00f3n a la luz solar tiene un efecto notable en el estado de \u00e1nimo. La falta de luz en invierno puede causar tristeza y reducir la disposici\u00f3n a comunicarse, mientras que la exposici\u00f3n a la luz solar incrementa la serotonina, mejorando el estado de \u00e1nimo y fomentando la sociabilidad.<\/p>\n\n\n\n<h4 class=\"wp-block-heading\">7. Precipitaciones y salud mental<\/h4>\n\n\n\n<p>Las condiciones clim\u00e1ticas adversas, como la lluvia constante, pueden generar apat\u00eda, falta de energ\u00eda y des\u00e1nimo. <\/p>\n\n\n\n<p>La ausencia de luz solar durante periodos lluviosos afecta negativamente el equilibrio hormonal, disminuyendo los niveles de vitamina D, melatonina y serotonina, lo que puede provocar cansancio y s\u00edntomas depresivos.<\/p>\n\n\n\n<h2 class=\"wp-block-heading\">Concluiones sobre los efectos del clima en la salud mental<\/h2>\n\n\n\n<p>Es esencial reconocer c\u00f3mo el clima influye en nuestra salud mental para desarrollar estrategias efectivas que promuevan el bienestar psicol\u00f3gico, especialmente en contextos de cambios clim\u00e1ticos cada vez m\u00e1s pronunciados.<\/p>\n\n\n\n<hr class=\"wp-block-separator has-alpha-channel-opacity\"\/>\n\n\n\n<p><strong>Tambi\u00e9n te pueden interesar los art\u00edculos:<\/strong><\/p>\n\n\n\n<ul class=\"wp-block-list\">\n<li><a href=\"https:\/\/barreiropsicologia.com\/blog\/que-son-la-euforia-y-la-astenia-primaveral-y-como-nos-afectan\/\">La astenia primaveral<\/a><\/li>\n\n\n\n<li><a href=\"https:\/\/barreiropsicologia.com\/blog\/como-afecta-el-otono-al-estado-de-animo\/\">Oto\u00f1o y estado de \u00e1nimo<\/a><\/li>\n\n\n\n<li><a href=\"https:\/\/barreiropsicologia.com\/blog\/efectos-psicologicos-ante-las-altas-temperaturas\/\">Efectos psicol\u00f3gicos ante las altas temperaturas<\/a><\/li>\n<\/ul>\n\n\n\n<p><\/p>\n","protected":false},"excerpt":{"rendered":"<p>En este art\u00edculo vamos a descubrir varios efectos del clima en la salud mental y en el comportamiento social. Los cambios en las condiciones meteorol\u00f3gicas pueden tener un impacto significativo en la salud mental de las personas, especialmente en aquellas&#46;&#46;&#46;<\/p>\n","protected":false},"author":1,"featured_media":3801,"comment_status":"open","ping_status":"open","sticky":false,"template":"","format":"standard","meta":{"footnotes":""},"categories":[801],"tags":[701,732,287,725],"class_list":["post-3800","post","type-post","status-publish","format-standard","has-post-thumbnail","hentry","category-entorno-salud-mental","tag-cerebro-y-mente","tag-efectos-climaticos","tag-neuropsicologia","tag-salud-mental"],"yoast_head":"<!-- This site is optimized with the Yoast SEO plugin v27.3 - https:\/\/yoast.com\/product\/yoast-seo-wordpress\/ -->\n<title>Efectos del clima en la Salud Mental - Barreiro Psicolog\u00eda Blog<\/title>\n<meta name=\"description\" content=\"Descubre c\u00f3mo los efectos del clima afectan la salud mental y aprende estrategias para mitigar sus efectos.\" \/>\n<meta name=\"robots\" content=\"index, follow, max-snippet:-1, max-image-preview:large, max-video-preview:-1\" \/>\n<link rel=\"canonical\" href=\"https:\/\/barreiropsicologia.com\/blog\/efectos-del-clima-en-la-salud-mental\/\" \/>\n<meta property=\"og:locale\" content=\"es_ES\" \/>\n<meta property=\"og:type\" content=\"article\" \/>\n<meta property=\"og:title\" content=\"Efectos del clima en la Salud Mental - Barreiro Psicolog\u00eda Blog\" \/>\n<meta property=\"og:description\" content=\"Descubre c\u00f3mo los efectos del clima afectan la salud mental y aprende estrategias para mitigar sus efectos.\" \/>\n<meta property=\"og:url\" content=\"https:\/\/barreiropsicologia.com\/blog\/efectos-del-clima-en-la-salud-mental\/\" \/>\n<meta property=\"og:site_name\" content=\"Blog de psicolog\u00eda\" \/>\n<meta property=\"article:publisher\" content=\"https:\/\/www.facebook.com\/psicologossalamanca\/\" \/>\n<meta property=\"article:author\" content=\"https:\/\/www.facebook.com\/psicologossalamanca\/\" \/>\n<meta property=\"article:published_time\" content=\"2025-03-25T10:12:40+00:00\" \/>\n<meta property=\"article:modified_time\" content=\"2026-03-27T11:52:58+00:00\" \/>\n<meta property=\"og:image\" content=\"https:\/\/barreiropsicologia.com\/blog\/wp-content\/uploads\/2025\/03\/10-cambios-climatico-salud-mental.jpg\" \/>\n\t<meta property=\"og:image:width\" content=\"800\" \/>\n\t<meta property=\"og:image:height\" content=\"533\" \/>\n\t<meta property=\"og:image:type\" content=\"image\/jpeg\" \/>\n<meta name=\"author\" content=\"Javier Barreiro\" \/>\n<meta name=\"twitter:card\" content=\"summary_large_image\" \/>\n<meta name=\"twitter:creator\" content=\"@Barreiro.javier@hotmail.com\" \/>\n<meta name=\"twitter:site\" content=\"@Barreiro_Psi\" \/>\n<meta name=\"twitter:label1\" content=\"Escrito por\" \/>\n\t<meta name=\"twitter:data1\" content=\"Javier Barreiro\" \/>\n\t<meta name=\"twitter:label2\" content=\"Tiempo de lectura\" \/>\n\t<meta name=\"twitter:data2\" content=\"4 minutos\" \/>\n<script type=\"application\/ld+json\" class=\"yoast-schema-graph\">{\"@context\":\"https:\\\/\\\/schema.org\",\"@graph\":[{\"@type\":\"Article\",\"@id\":\"https:\\\/\\\/barreiropsicologia.com\\\/blog\\\/efectos-del-clima-en-la-salud-mental\\\/#article\",\"isPartOf\":{\"@id\":\"https:\\\/\\\/barreiropsicologia.com\\\/blog\\\/efectos-del-clima-en-la-salud-mental\\\/\"},\"author\":{\"name\":\"Javier Barreiro\",\"@id\":\"https:\\\/\\\/barreiropsicologia.com\\\/blog\\\/#\\\/schema\\\/person\\\/6068f8a0ae30566e1100f91905ead263\"},\"headline\":\"Efectos del clima en la Salud Mental\",\"datePublished\":\"2025-03-25T10:12:40+00:00\",\"dateModified\":\"2026-03-27T11:52:58+00:00\",\"mainEntityOfPage\":{\"@id\":\"https:\\\/\\\/barreiropsicologia.com\\\/blog\\\/efectos-del-clima-en-la-salud-mental\\\/\"},\"wordCount\":726,\"commentCount\":1,\"image\":{\"@id\":\"https:\\\/\\\/barreiropsicologia.com\\\/blog\\\/efectos-del-clima-en-la-salud-mental\\\/#primaryimage\"},\"thumbnailUrl\":\"https:\\\/\\\/barreiropsicologia.com\\\/blog\\\/wp-content\\\/uploads\\\/2025\\\/03\\\/10-cambios-climatico-salud-mental.jpg\",\"keywords\":[\"cerebro y mente\",\"efectos climaticos\",\"neuropsicolog\u00eda\",\"salud mental\"],\"articleSection\":[\"Entorno y salud mental\"],\"inLanguage\":\"es\",\"potentialAction\":[{\"@type\":\"CommentAction\",\"name\":\"Comment\",\"target\":[\"https:\\\/\\\/barreiropsicologia.com\\\/blog\\\/efectos-del-clima-en-la-salud-mental\\\/#respond\"]}]},{\"@type\":\"WebPage\",\"@id\":\"https:\\\/\\\/barreiropsicologia.com\\\/blog\\\/efectos-del-clima-en-la-salud-mental\\\/\",\"url\":\"https:\\\/\\\/barreiropsicologia.com\\\/blog\\\/efectos-del-clima-en-la-salud-mental\\\/\",\"name\":\"Efectos del clima en la Salud Mental - Barreiro Psicolog\u00eda Blog\",\"isPartOf\":{\"@id\":\"https:\\\/\\\/barreiropsicologia.com\\\/blog\\\/#website\"},\"primaryImageOfPage\":{\"@id\":\"https:\\\/\\\/barreiropsicologia.com\\\/blog\\\/efectos-del-clima-en-la-salud-mental\\\/#primaryimage\"},\"image\":{\"@id\":\"https:\\\/\\\/barreiropsicologia.com\\\/blog\\\/efectos-del-clima-en-la-salud-mental\\\/#primaryimage\"},\"thumbnailUrl\":\"https:\\\/\\\/barreiropsicologia.com\\\/blog\\\/wp-content\\\/uploads\\\/2025\\\/03\\\/10-cambios-climatico-salud-mental.jpg\",\"datePublished\":\"2025-03-25T10:12:40+00:00\",\"dateModified\":\"2026-03-27T11:52:58+00:00\",\"author\":{\"@id\":\"https:\\\/\\\/barreiropsicologia.com\\\/blog\\\/#\\\/schema\\\/person\\\/6068f8a0ae30566e1100f91905ead263\"},\"description\":\"Descubre c\u00f3mo los efectos del clima afectan la salud mental y aprende estrategias para mitigar sus efectos.\",\"breadcrumb\":{\"@id\":\"https:\\\/\\\/barreiropsicologia.com\\\/blog\\\/efectos-del-clima-en-la-salud-mental\\\/#breadcrumb\"},\"inLanguage\":\"es\",\"potentialAction\":[{\"@type\":\"ReadAction\",\"target\":[\"https:\\\/\\\/barreiropsicologia.com\\\/blog\\\/efectos-del-clima-en-la-salud-mental\\\/\"]}]},{\"@type\":\"ImageObject\",\"inLanguage\":\"es\",\"@id\":\"https:\\\/\\\/barreiropsicologia.com\\\/blog\\\/efectos-del-clima-en-la-salud-mental\\\/#primaryimage\",\"url\":\"https:\\\/\\\/barreiropsicologia.com\\\/blog\\\/wp-content\\\/uploads\\\/2025\\\/03\\\/10-cambios-climatico-salud-mental.jpg\",\"contentUrl\":\"https:\\\/\\\/barreiropsicologia.com\\\/blog\\\/wp-content\\\/uploads\\\/2025\\\/03\\\/10-cambios-climatico-salud-mental.jpg\",\"width\":800,\"height\":533,\"caption\":\"efectos del clima en salud mental\"},{\"@type\":\"BreadcrumbList\",\"@id\":\"https:\\\/\\\/barreiropsicologia.com\\\/blog\\\/efectos-del-clima-en-la-salud-mental\\\/#breadcrumb\",\"itemListElement\":[{\"@type\":\"ListItem\",\"position\":1,\"name\":\"Portada\",\"item\":\"https:\\\/\\\/barreiropsicologia.com\\\/blog\\\/\"},{\"@type\":\"ListItem\",\"position\":2,\"name\":\"Efectos del clima en la Salud Mental\"}]},{\"@type\":\"WebSite\",\"@id\":\"https:\\\/\\\/barreiropsicologia.com\\\/blog\\\/#website\",\"url\":\"https:\\\/\\\/barreiropsicologia.com\\\/blog\\\/\",\"name\":\"Blog de psicolog\u00eda\",\"description\":\"Barreiro Psicolog\u00eda Blog\",\"potentialAction\":[{\"@type\":\"SearchAction\",\"target\":{\"@type\":\"EntryPoint\",\"urlTemplate\":\"https:\\\/\\\/barreiropsicologia.com\\\/blog\\\/?s={search_term_string}\"},\"query-input\":{\"@type\":\"PropertyValueSpecification\",\"valueRequired\":true,\"valueName\":\"search_term_string\"}}],\"inLanguage\":\"es\"},{\"@type\":\"Person\",\"@id\":\"https:\\\/\\\/barreiropsicologia.com\\\/blog\\\/#\\\/schema\\\/person\\\/6068f8a0ae30566e1100f91905ead263\",\"name\":\"Javier Barreiro\",\"image\":{\"@type\":\"ImageObject\",\"inLanguage\":\"es\",\"@id\":\"https:\\\/\\\/secure.gravatar.com\\\/avatar\\\/ba2dc692a18d0909a9544d2d12c67449129af0c5441c8732f319a1ae7ae701b0?s=96&d=mm&r=g\",\"url\":\"https:\\\/\\\/secure.gravatar.com\\\/avatar\\\/ba2dc692a18d0909a9544d2d12c67449129af0c5441c8732f319a1ae7ae701b0?s=96&d=mm&r=g\",\"contentUrl\":\"https:\\\/\\\/secure.gravatar.com\\\/avatar\\\/ba2dc692a18d0909a9544d2d12c67449129af0c5441c8732f319a1ae7ae701b0?s=96&d=mm&r=g\",\"caption\":\"Javier Barreiro\"},\"description\":\"Javier Barreiro Santamarta es Licenciado en Psicolog\u00eda por la Universidad de Salamanca, Psic\u00f3logo General Sanitario en Salamanca colegiado n\u00ba CL-3735. M\u00e1ster en Psicolog\u00eda Cl\u00ednica cognitivo-conductual, M\u00e1ster en Terapia Breve Centrada en Soluciones y M\u00e1ster en Recursos Humanos.\",\"sameAs\":[\"https:\\\/\\\/www.facebook.com\\\/psicologossalamanca\\\/\",\"https:\\\/\\\/www.instagram.com\\\/barreiro.psi\",\"https:\\\/\\\/ar.linkedin.com\\\/in\\\/javier-barreiro-santamarta-9183b962\",\"https:\\\/\\\/x.com\\\/Barreiro.javier@hotmail.com\"],\"url\":\"https:\\\/\\\/barreiropsicologia.com\\\/blog\\\/author\\\/javier_barreiro\\\/\"}]}<\/script>\n<!-- \/ Yoast SEO plugin. -->","yoast_head_json":{"title":"Efectos del clima en la Salud Mental - Barreiro Psicolog\u00eda Blog","description":"Descubre c\u00f3mo los efectos del clima afectan la salud mental y aprende estrategias para mitigar sus efectos.","robots":{"index":"index","follow":"follow","max-snippet":"max-snippet:-1","max-image-preview":"max-image-preview:large","max-video-preview":"max-video-preview:-1"},"canonical":"https:\/\/barreiropsicologia.com\/blog\/efectos-del-clima-en-la-salud-mental\/","og_locale":"es_ES","og_type":"article","og_title":"Efectos del clima en la Salud Mental - Barreiro Psicolog\u00eda Blog","og_description":"Descubre c\u00f3mo los efectos del clima afectan la salud mental y aprende estrategias para mitigar sus efectos.","og_url":"https:\/\/barreiropsicologia.com\/blog\/efectos-del-clima-en-la-salud-mental\/","og_site_name":"Blog de psicolog\u00eda","article_publisher":"https:\/\/www.facebook.com\/psicologossalamanca\/","article_author":"https:\/\/www.facebook.com\/psicologossalamanca\/","article_published_time":"2025-03-25T10:12:40+00:00","article_modified_time":"2026-03-27T11:52:58+00:00","og_image":[{"width":800,"height":533,"url":"https:\/\/barreiropsicologia.com\/blog\/wp-content\/uploads\/2025\/03\/10-cambios-climatico-salud-mental.jpg","type":"image\/jpeg"}],"author":"Javier Barreiro","twitter_card":"summary_large_image","twitter_creator":"@Barreiro.javier@hotmail.com","twitter_site":"@Barreiro_Psi","twitter_misc":{"Escrito por":"Javier Barreiro","Tiempo de lectura":"4 minutos"},"schema":{"@context":"https:\/\/schema.org","@graph":[{"@type":"Article","@id":"https:\/\/barreiropsicologia.com\/blog\/efectos-del-clima-en-la-salud-mental\/#article","isPartOf":{"@id":"https:\/\/barreiropsicologia.com\/blog\/efectos-del-clima-en-la-salud-mental\/"},"author":{"name":"Javier Barreiro","@id":"https:\/\/barreiropsicologia.com\/blog\/#\/schema\/person\/6068f8a0ae30566e1100f91905ead263"},"headline":"Efectos del clima en la Salud Mental","datePublished":"2025-03-25T10:12:40+00:00","dateModified":"2026-03-27T11:52:58+00:00","mainEntityOfPage":{"@id":"https:\/\/barreiropsicologia.com\/blog\/efectos-del-clima-en-la-salud-mental\/"},"wordCount":726,"commentCount":1,"image":{"@id":"https:\/\/barreiropsicologia.com\/blog\/efectos-del-clima-en-la-salud-mental\/#primaryimage"},"thumbnailUrl":"https:\/\/barreiropsicologia.com\/blog\/wp-content\/uploads\/2025\/03\/10-cambios-climatico-salud-mental.jpg","keywords":["cerebro y mente","efectos climaticos","neuropsicolog\u00eda","salud mental"],"articleSection":["Entorno y salud mental"],"inLanguage":"es","potentialAction":[{"@type":"CommentAction","name":"Comment","target":["https:\/\/barreiropsicologia.com\/blog\/efectos-del-clima-en-la-salud-mental\/#respond"]}]},{"@type":"WebPage","@id":"https:\/\/barreiropsicologia.com\/blog\/efectos-del-clima-en-la-salud-mental\/","url":"https:\/\/barreiropsicologia.com\/blog\/efectos-del-clima-en-la-salud-mental\/","name":"Efectos del clima en la Salud Mental - Barreiro Psicolog\u00eda Blog","isPartOf":{"@id":"https:\/\/barreiropsicologia.com\/blog\/#website"},"primaryImageOfPage":{"@id":"https:\/\/barreiropsicologia.com\/blog\/efectos-del-clima-en-la-salud-mental\/#primaryimage"},"image":{"@id":"https:\/\/barreiropsicologia.com\/blog\/efectos-del-clima-en-la-salud-mental\/#primaryimage"},"thumbnailUrl":"https:\/\/barreiropsicologia.com\/blog\/wp-content\/uploads\/2025\/03\/10-cambios-climatico-salud-mental.jpg","datePublished":"2025-03-25T10:12:40+00:00","dateModified":"2026-03-27T11:52:58+00:00","author":{"@id":"https:\/\/barreiropsicologia.com\/blog\/#\/schema\/person\/6068f8a0ae30566e1100f91905ead263"},"description":"Descubre c\u00f3mo los efectos del clima afectan la salud mental y aprende estrategias para mitigar sus efectos.","breadcrumb":{"@id":"https:\/\/barreiropsicologia.com\/blog\/efectos-del-clima-en-la-salud-mental\/#breadcrumb"},"inLanguage":"es","potentialAction":[{"@type":"ReadAction","target":["https:\/\/barreiropsicologia.com\/blog\/efectos-del-clima-en-la-salud-mental\/"]}]},{"@type":"ImageObject","inLanguage":"es","@id":"https:\/\/barreiropsicologia.com\/blog\/efectos-del-clima-en-la-salud-mental\/#primaryimage","url":"https:\/\/barreiropsicologia.com\/blog\/wp-content\/uploads\/2025\/03\/10-cambios-climatico-salud-mental.jpg","contentUrl":"https:\/\/barreiropsicologia.com\/blog\/wp-content\/uploads\/2025\/03\/10-cambios-climatico-salud-mental.jpg","width":800,"height":533,"caption":"efectos del clima en salud mental"},{"@type":"BreadcrumbList","@id":"https:\/\/barreiropsicologia.com\/blog\/efectos-del-clima-en-la-salud-mental\/#breadcrumb","itemListElement":[{"@type":"ListItem","position":1,"name":"Portada","item":"https:\/\/barreiropsicologia.com\/blog\/"},{"@type":"ListItem","position":2,"name":"Efectos del clima en la Salud Mental"}]},{"@type":"WebSite","@id":"https:\/\/barreiropsicologia.com\/blog\/#website","url":"https:\/\/barreiropsicologia.com\/blog\/","name":"Blog de psicolog\u00eda","description":"Barreiro Psicolog\u00eda Blog","potentialAction":[{"@type":"SearchAction","target":{"@type":"EntryPoint","urlTemplate":"https:\/\/barreiropsicologia.com\/blog\/?s={search_term_string}"},"query-input":{"@type":"PropertyValueSpecification","valueRequired":true,"valueName":"search_term_string"}}],"inLanguage":"es"},{"@type":"Person","@id":"https:\/\/barreiropsicologia.com\/blog\/#\/schema\/person\/6068f8a0ae30566e1100f91905ead263","name":"Javier Barreiro","image":{"@type":"ImageObject","inLanguage":"es","@id":"https:\/\/secure.gravatar.com\/avatar\/ba2dc692a18d0909a9544d2d12c67449129af0c5441c8732f319a1ae7ae701b0?s=96&d=mm&r=g","url":"https:\/\/secure.gravatar.com\/avatar\/ba2dc692a18d0909a9544d2d12c67449129af0c5441c8732f319a1ae7ae701b0?s=96&d=mm&r=g","contentUrl":"https:\/\/secure.gravatar.com\/avatar\/ba2dc692a18d0909a9544d2d12c67449129af0c5441c8732f319a1ae7ae701b0?s=96&d=mm&r=g","caption":"Javier Barreiro"},"description":"Javier Barreiro Santamarta es Licenciado en Psicolog\u00eda por la Universidad de Salamanca, Psic\u00f3logo General Sanitario en Salamanca colegiado n\u00ba CL-3735. M\u00e1ster en Psicolog\u00eda Cl\u00ednica cognitivo-conductual, M\u00e1ster en Terapia Breve Centrada en Soluciones y M\u00e1ster en Recursos Humanos.","sameAs":["https:\/\/www.facebook.com\/psicologossalamanca\/","https:\/\/www.instagram.com\/barreiro.psi","https:\/\/ar.linkedin.com\/in\/javier-barreiro-santamarta-9183b962","https:\/\/x.com\/Barreiro.javier@hotmail.com"],"url":"https:\/\/barreiropsicologia.com\/blog\/author\/javier_barreiro\/"}]}},"_links":{"self":[{"href":"https:\/\/barreiropsicologia.com\/blog\/wp-json\/wp\/v2\/posts\/3800","targetHints":{"allow":["GET"]}}],"collection":[{"href":"https:\/\/barreiropsicologia.com\/blog\/wp-json\/wp\/v2\/posts"}],"about":[{"href":"https:\/\/barreiropsicologia.com\/blog\/wp-json\/wp\/v2\/types\/post"}],"author":[{"embeddable":true,"href":"https:\/\/barreiropsicologia.com\/blog\/wp-json\/wp\/v2\/users\/1"}],"replies":[{"embeddable":true,"href":"https:\/\/barreiropsicologia.com\/blog\/wp-json\/wp\/v2\/comments?post=3800"}],"version-history":[{"count":17,"href":"https:\/\/barreiropsicologia.com\/blog\/wp-json\/wp\/v2\/posts\/3800\/revisions"}],"predecessor-version":[{"id":3821,"href":"https:\/\/barreiropsicologia.com\/blog\/wp-json\/wp\/v2\/posts\/3800\/revisions\/3821"}],"wp:featuredmedia":[{"embeddable":true,"href":"https:\/\/barreiropsicologia.com\/blog\/wp-json\/wp\/v2\/media\/3801"}],"wp:attachment":[{"href":"https:\/\/barreiropsicologia.com\/blog\/wp-json\/wp\/v2\/media?parent=3800"}],"wp:term":[{"taxonomy":"category","embeddable":true,"href":"https:\/\/barreiropsicologia.com\/blog\/wp-json\/wp\/v2\/categories?post=3800"},{"taxonomy":"post_tag","embeddable":true,"href":"https:\/\/barreiropsicologia.com\/blog\/wp-json\/wp\/v2\/tags?post=3800"}],"curies":[{"name":"wp","href":"https:\/\/api.w.org\/{rel}","templated":true}]}}