{"id":3880,"date":"2025-05-06T13:53:00","date_gmt":"2025-05-06T11:53:00","guid":{"rendered":"https:\/\/barreiropsicologia.com\/blog\/?p=3880"},"modified":"2026-03-27T13:37:25","modified_gmt":"2026-03-27T12:37:25","slug":"cuando-el-dia-de-la-madre-duele-como-sobrellevar-el-impacto-emocional-de-una-fecha-simbolica","status":"publish","type":"post","link":"https:\/\/barreiropsicologia.com\/blog\/cuando-el-dia-de-la-madre-duele-como-sobrellevar-el-impacto-emocional-de-una-fecha-simbolica\/","title":{"rendered":"Cuando el D\u00eda de la Madre duele: c\u00f3mo sobrellevar el impacto emocional de una fecha simb\u00f3lica"},"content":{"rendered":"\n<p>El D\u00eda de la Madre suele presentarse como una fecha cargada de amor, celebraci\u00f3n y gratitud. Sin embargo, como psic\u00f3logo, s\u00e9 que para muchas personas esta jornada despierta emociones contradictorias, dif\u00edciles o incluso dolorosas. En la consulta, cada a\u00f1o escucho relatos que nos invitan a mirar m\u00e1s all\u00e1 del imaginario colectivo y reconocer lo que esta fecha puede significar desde una mirada emocional m\u00e1s realista y compasiva.<\/p>\n\n\n\n<p>En este art\u00edculo, quiero hablarte sobre distintas experiencias que suelen emerger alrededor del D\u00eda de la Madre: desde mujeres que atraviesan una depresi\u00f3n posparto, hasta personas que enfrentan el duelo por la p\u00e9rdida de su madre, o aquellas que no tuvieron una figura materna presente. Entender estas vivencias no solo humaniza la maternidad, sino que nos ayuda a acompa\u00f1arnos mejor, a nosotros y a los dem\u00e1s.<\/p>\n\n\n\n<h2 class=\"wp-block-heading\">Depresi\u00f3n posparto y el D\u00eda de la Madre: cuando la tristeza contradice la celebraci\u00f3n<\/h2>\n\n\n\n<p>Muchas mujeres atraviesan el D\u00eda de la Madre mientras viven una depresi\u00f3n posparto. Esta condici\u00f3n psicol\u00f3gica, que afecta a entre un 10% y 15% de las madres recientes, puede generar un profundo malestar justo cuando la sociedad espera que se sientan plenas y agradecidas.<\/p>\n\n\n\n<p>Las expectativas sociales \u2014ser feliz, sentirse realizada, disfrutar de su beb\u00e9\u2014 pueden convertirse en una fuente de sufrimiento. Las madres que no logran conectar con esas emociones tienden a sentirse culpables, insuficientes o incluso aisladas.<\/p>\n\n\n\n<p><strong>\u00bfC\u00f3mo abordarlo?<\/strong><br>Es fundamental validar lo que se siente sin culpa. No experimentar felicidad en este d\u00eda no convierte a nadie en \u201cmala madre\u201d. Buscar apoyo emocional, rodearse de personas que escuchen sin juzgar y considerar un acompa\u00f1amiento profesional, son pasos que alivian y acompa\u00f1an este proceso.<\/p>\n\n\n\n<h2 class=\"wp-block-heading\">Cuando la madre ya no est\u00e1: el duelo en una fecha significativa<\/h2>\n\n\n\n<p>Para quienes han perdido a su madre, el D\u00eda de la Madre puede ser un recordatorio doloroso. La publicidad, los mensajes en redes sociales y los gestos cotidianos pueden reactivar el duelo, aunque haya pasado mucho tiempo desde la p\u00e9rdida.<\/p>\n\n\n\n<p>Este d\u00eda puede despertar emociones intensas: tristeza, nostalgia, vac\u00edo o incluso culpa, sobre todo si la relaci\u00f3n fue compleja o quedaron cosas por decir.<\/p>\n\n\n\n<p><strong>\u00bfC\u00f3mo afrontarlo?<\/strong><br>Permitirnos sentir el dolor sin reprimirlo es clave. Crear rituales simb\u00f3licos \u2014como escribir una carta, encender una vela o hacer algo en su honor\u2014 ayuda a canalizar el duelo y a seguir cultivando un v\u00ednculo emocional con esa figura ausente.<\/p>\n\n\n\n<h2 class=\"wp-block-heading\">V\u00ednculos maternos conflictivos: cuando no hubo una madre presente emocionalmente<\/h2>\n\n\n\n<p>No todas las personas crecieron con una madre amorosa o disponible. Algunas vivieron relaciones marcadas por la distancia emocional, la cr\u00edtica constante o el abandono. Para ellas, el D\u00eda de la Madre puede ser inc\u00f3modo, confuso o incluso angustiante.<\/p>\n\n\n\n<p>La presi\u00f3n social para agradecer o idealizar a una figura materna puede hacer sentir a estas personas fuera de lugar, provocando sentimientos de culpa o invalidaci\u00f3n.<\/p>\n\n\n\n<p><strong>\u00bfC\u00f3mo gestionarlo?<\/strong><br>Es importante reconocer que cada historia es \u00fanica y leg\u00edtima. No todas las maternidades son iguales y nadie deber\u00eda sentirse obligado a celebrar un v\u00ednculo que le caus\u00f3 dolor. La terapia psicol\u00f3gica puede ayudar a resignificar esa historia y a construir un relato m\u00e1s sanador.<\/p>\n\n\n\n<h2 class=\"wp-block-heading\">El dolor invisible: mujeres que no pueden ser madres<\/h2>\n\n\n\n<p>Para muchas mujeres que han enfrentado dificultades para concebir, p\u00e9rdidas gestacionales o que simplemente no han logrado ser madres, este d\u00eda puede ser una herida abierta. Mientras el entorno celebra, ellas pueden sentir un profundo vac\u00edo, mezclado con tristeza, frustraci\u00f3n o incluso enojo.<\/p>\n\n\n\n<p>Este dolor muchas veces se vive en silencio, sin reconocimiento social, lo que aumenta la sensaci\u00f3n de soledad.<\/p>\n\n\n\n<p><strong>\u00bfC\u00f3mo acompa\u00f1arse en este proceso?<\/strong><br>Nombrar este dolor es un acto de valent\u00eda. Buscar redes de apoyo, compartir la experiencia con personas que la comprendan y permitirse sentir lo que venga \u2014sin juzgarlo\u2014 son formas de cuidar el bienestar emocional en un momento dif\u00edcil.<\/p>\n\n\n\n<h2 class=\"wp-block-heading\">Una mirada m\u00e1s humana de ese d\u00eda<\/h2>\n\n\n\n<p>Este d\u00eda puede ser hermoso para algunas personas, y profundamente doloroso para otras. Como psic\u00f3logo, creo que necesitamos ampliar nuestra mirada para incluir todas las realidades posibles. La maternidad, en sus m\u00faltiples formas y ausencias, merece ser acompa\u00f1ada con sensibilidad, empat\u00eda y escucha.<\/p>\n\n\n\n<p>Sea cual sea tu historia con este d\u00eda, te invito a tratarte con respeto, a validar tus emociones y a darte el permiso de vivirlo a tu manera. No existe una forma correcta de sentir en el D\u00eda de la Madre. Lo importante es que lo vivas de forma aut\u00e9ntica y en sinton\u00eda con tu verdad emocional.<\/p>\n\n\n\n<hr class=\"wp-block-separator has-alpha-channel-opacity\"\/>\n\n\n\n<p>Tambi\u00e9n te pueden interesar los art\u00edculos:<\/p>\n\n\n\n<ul class=\"wp-block-list\">\n<li><a href=\"https:\/\/barreiropsicologia.com\/terapia-psicologica\/terapia-familiar\/\">Qu\u00e9 es la terapia familiar<\/a><\/li>\n\n\n\n<li><a href=\"https:\/\/barreiropsicologia.com\/tratamiento-psicologico\/duelo\/\">Tratamiento psicol\u00f3gico para el Duelo<\/a><\/li>\n\n\n\n<li><a href=\"https:\/\/barreiropsicologia.com\/blog\/terapia-emdr-que-es-y-como-superar-el-trauma-de-manera-efectiva\/\">Terapia EMDR<\/a><\/li>\n<\/ul>\n\n\n\n<p><\/p>\n","protected":false},"excerpt":{"rendered":"<p>El D\u00eda de la Madre suele presentarse como una fecha cargada de amor, celebraci\u00f3n y gratitud. Sin embargo, como psic\u00f3logo, s\u00e9 que para muchas personas esta jornada despierta emociones contradictorias, dif\u00edciles o incluso dolorosas. En la consulta, cada a\u00f1o escucho&#46;&#46;&#46;<\/p>\n","protected":false},"author":1,"featured_media":3882,"comment_status":"open","ping_status":"open","sticky":false,"template":"","format":"standard","meta":{"footnotes":""},"categories":[802],"tags":[701,696,744,692],"class_list":["post-3880","post","type-post","status-publish","format-standard","has-post-thumbnail","hentry","category-estado-animo","tag-cerebro-y-mente","tag-emociones","tag-maternidad","tag-trauma-y-duelo"],"yoast_head":"<!-- This site is optimized with the Yoast SEO plugin v27.3 - https:\/\/yoast.com\/product\/yoast-seo-wordpress\/ -->\n<title>Cuando el D\u00eda de la Madre duele: c\u00f3mo sobrellevar el impacto emocional de una fecha simb\u00f3lica - Barreiro Psicolog\u00eda Blog<\/title>\n<meta name=\"description\" content=\"El D\u00eda de la Madre no siempre es motivo de celebraci\u00f3n. Descubre c\u00f3mo afecta emocionalmente esta fecha a mujeres con depresi\u00f3n posparto, duelo o con v\u00ednculos maternos conflictivos, y c\u00f3mo acompa\u00f1ar estos procesos desde la psicolog\u00eda.\" \/>\n<meta name=\"robots\" content=\"index, follow, max-snippet:-1, max-image-preview:large, max-video-preview:-1\" \/>\n<link rel=\"canonical\" href=\"https:\/\/barreiropsicologia.com\/blog\/cuando-el-dia-de-la-madre-duele-como-sobrellevar-el-impacto-emocional-de-una-fecha-simbolica\/\" \/>\n<meta property=\"og:locale\" content=\"es_ES\" \/>\n<meta property=\"og:type\" content=\"article\" \/>\n<meta property=\"og:title\" content=\"Cuando el D\u00eda de la Madre duele: c\u00f3mo sobrellevar el impacto emocional de una fecha simb\u00f3lica - Barreiro Psicolog\u00eda Blog\" \/>\n<meta property=\"og:description\" content=\"El D\u00eda de la Madre no siempre es motivo de celebraci\u00f3n. Descubre c\u00f3mo afecta emocionalmente esta fecha a mujeres con depresi\u00f3n posparto, duelo o con v\u00ednculos maternos conflictivos, y c\u00f3mo acompa\u00f1ar estos procesos desde la psicolog\u00eda.\" \/>\n<meta property=\"og:url\" content=\"https:\/\/barreiropsicologia.com\/blog\/cuando-el-dia-de-la-madre-duele-como-sobrellevar-el-impacto-emocional-de-una-fecha-simbolica\/\" \/>\n<meta property=\"og:site_name\" content=\"Blog de psicolog\u00eda\" \/>\n<meta property=\"article:publisher\" content=\"https:\/\/www.facebook.com\/psicologossalamanca\/\" \/>\n<meta property=\"article:author\" content=\"https:\/\/www.facebook.com\/psicologossalamanca\/\" \/>\n<meta property=\"article:published_time\" content=\"2025-05-06T11:53:00+00:00\" \/>\n<meta property=\"article:modified_time\" content=\"2026-03-27T12:37:25+00:00\" \/>\n<meta property=\"og:image\" content=\"https:\/\/barreiropsicologia.com\/blog\/wp-content\/uploads\/2025\/05\/ChatGPT-Image-6-may-2025-13_37_45.png\" \/>\n\t<meta property=\"og:image:width\" content=\"1024\" \/>\n\t<meta property=\"og:image:height\" content=\"1024\" \/>\n\t<meta property=\"og:image:type\" content=\"image\/png\" \/>\n<meta name=\"author\" content=\"Javier Barreiro\" \/>\n<meta name=\"twitter:card\" content=\"summary_large_image\" \/>\n<meta name=\"twitter:creator\" content=\"@Barreiro.javier@hotmail.com\" \/>\n<meta name=\"twitter:site\" content=\"@Barreiro_Psi\" \/>\n<meta name=\"twitter:label1\" content=\"Escrito por\" \/>\n\t<meta name=\"twitter:data1\" content=\"Javier Barreiro\" \/>\n\t<meta name=\"twitter:label2\" content=\"Tiempo de lectura\" \/>\n\t<meta name=\"twitter:data2\" content=\"4 minutos\" \/>\n<script type=\"application\/ld+json\" class=\"yoast-schema-graph\">{\"@context\":\"https:\\\/\\\/schema.org\",\"@graph\":[{\"@type\":\"Article\",\"@id\":\"https:\\\/\\\/barreiropsicologia.com\\\/blog\\\/cuando-el-dia-de-la-madre-duele-como-sobrellevar-el-impacto-emocional-de-una-fecha-simbolica\\\/#article\",\"isPartOf\":{\"@id\":\"https:\\\/\\\/barreiropsicologia.com\\\/blog\\\/cuando-el-dia-de-la-madre-duele-como-sobrellevar-el-impacto-emocional-de-una-fecha-simbolica\\\/\"},\"author\":{\"name\":\"Javier Barreiro\",\"@id\":\"https:\\\/\\\/barreiropsicologia.com\\\/blog\\\/#\\\/schema\\\/person\\\/6068f8a0ae30566e1100f91905ead263\"},\"headline\":\"Cuando el D\u00eda de la Madre duele: c\u00f3mo sobrellevar el impacto emocional de una fecha simb\u00f3lica\",\"datePublished\":\"2025-05-06T11:53:00+00:00\",\"dateModified\":\"2026-03-27T12:37:25+00:00\",\"mainEntityOfPage\":{\"@id\":\"https:\\\/\\\/barreiropsicologia.com\\\/blog\\\/cuando-el-dia-de-la-madre-duele-como-sobrellevar-el-impacto-emocional-de-una-fecha-simbolica\\\/\"},\"wordCount\":836,\"commentCount\":0,\"image\":{\"@id\":\"https:\\\/\\\/barreiropsicologia.com\\\/blog\\\/cuando-el-dia-de-la-madre-duele-como-sobrellevar-el-impacto-emocional-de-una-fecha-simbolica\\\/#primaryimage\"},\"thumbnailUrl\":\"https:\\\/\\\/barreiropsicologia.com\\\/blog\\\/wp-content\\\/uploads\\\/2025\\\/05\\\/ChatGPT-Image-6-may-2025-13_37_45.png\",\"keywords\":[\"cerebro y mente\",\"emociones\",\"maternidad\",\"trauma y duelo\"],\"articleSection\":[\"Estado de \u00e1nimo\"],\"inLanguage\":\"es\",\"potentialAction\":[{\"@type\":\"CommentAction\",\"name\":\"Comment\",\"target\":[\"https:\\\/\\\/barreiropsicologia.com\\\/blog\\\/cuando-el-dia-de-la-madre-duele-como-sobrellevar-el-impacto-emocional-de-una-fecha-simbolica\\\/#respond\"]}]},{\"@type\":\"WebPage\",\"@id\":\"https:\\\/\\\/barreiropsicologia.com\\\/blog\\\/cuando-el-dia-de-la-madre-duele-como-sobrellevar-el-impacto-emocional-de-una-fecha-simbolica\\\/\",\"url\":\"https:\\\/\\\/barreiropsicologia.com\\\/blog\\\/cuando-el-dia-de-la-madre-duele-como-sobrellevar-el-impacto-emocional-de-una-fecha-simbolica\\\/\",\"name\":\"Cuando el D\u00eda de la Madre duele: c\u00f3mo sobrellevar el impacto emocional de una fecha simb\u00f3lica - Barreiro Psicolog\u00eda Blog\",\"isPartOf\":{\"@id\":\"https:\\\/\\\/barreiropsicologia.com\\\/blog\\\/#website\"},\"primaryImageOfPage\":{\"@id\":\"https:\\\/\\\/barreiropsicologia.com\\\/blog\\\/cuando-el-dia-de-la-madre-duele-como-sobrellevar-el-impacto-emocional-de-una-fecha-simbolica\\\/#primaryimage\"},\"image\":{\"@id\":\"https:\\\/\\\/barreiropsicologia.com\\\/blog\\\/cuando-el-dia-de-la-madre-duele-como-sobrellevar-el-impacto-emocional-de-una-fecha-simbolica\\\/#primaryimage\"},\"thumbnailUrl\":\"https:\\\/\\\/barreiropsicologia.com\\\/blog\\\/wp-content\\\/uploads\\\/2025\\\/05\\\/ChatGPT-Image-6-may-2025-13_37_45.png\",\"datePublished\":\"2025-05-06T11:53:00+00:00\",\"dateModified\":\"2026-03-27T12:37:25+00:00\",\"author\":{\"@id\":\"https:\\\/\\\/barreiropsicologia.com\\\/blog\\\/#\\\/schema\\\/person\\\/6068f8a0ae30566e1100f91905ead263\"},\"description\":\"El D\u00eda de la Madre no siempre es motivo de celebraci\u00f3n. Descubre c\u00f3mo afecta emocionalmente esta fecha a mujeres con depresi\u00f3n posparto, duelo o con v\u00ednculos maternos conflictivos, y c\u00f3mo acompa\u00f1ar estos procesos desde la psicolog\u00eda.\",\"breadcrumb\":{\"@id\":\"https:\\\/\\\/barreiropsicologia.com\\\/blog\\\/cuando-el-dia-de-la-madre-duele-como-sobrellevar-el-impacto-emocional-de-una-fecha-simbolica\\\/#breadcrumb\"},\"inLanguage\":\"es\",\"potentialAction\":[{\"@type\":\"ReadAction\",\"target\":[\"https:\\\/\\\/barreiropsicologia.com\\\/blog\\\/cuando-el-dia-de-la-madre-duele-como-sobrellevar-el-impacto-emocional-de-una-fecha-simbolica\\\/\"]}]},{\"@type\":\"ImageObject\",\"inLanguage\":\"es\",\"@id\":\"https:\\\/\\\/barreiropsicologia.com\\\/blog\\\/cuando-el-dia-de-la-madre-duele-como-sobrellevar-el-impacto-emocional-de-una-fecha-simbolica\\\/#primaryimage\",\"url\":\"https:\\\/\\\/barreiropsicologia.com\\\/blog\\\/wp-content\\\/uploads\\\/2025\\\/05\\\/ChatGPT-Image-6-may-2025-13_37_45.png\",\"contentUrl\":\"https:\\\/\\\/barreiropsicologia.com\\\/blog\\\/wp-content\\\/uploads\\\/2025\\\/05\\\/ChatGPT-Image-6-may-2025-13_37_45.png\",\"width\":1024,\"height\":1024,\"caption\":\"d\u00eda de la madre\"},{\"@type\":\"BreadcrumbList\",\"@id\":\"https:\\\/\\\/barreiropsicologia.com\\\/blog\\\/cuando-el-dia-de-la-madre-duele-como-sobrellevar-el-impacto-emocional-de-una-fecha-simbolica\\\/#breadcrumb\",\"itemListElement\":[{\"@type\":\"ListItem\",\"position\":1,\"name\":\"Portada\",\"item\":\"https:\\\/\\\/barreiropsicologia.com\\\/blog\\\/\"},{\"@type\":\"ListItem\",\"position\":2,\"name\":\"Cuando el D\u00eda de la Madre duele: c\u00f3mo sobrellevar el impacto emocional de una fecha simb\u00f3lica\"}]},{\"@type\":\"WebSite\",\"@id\":\"https:\\\/\\\/barreiropsicologia.com\\\/blog\\\/#website\",\"url\":\"https:\\\/\\\/barreiropsicologia.com\\\/blog\\\/\",\"name\":\"Blog de psicolog\u00eda\",\"description\":\"Barreiro Psicolog\u00eda Blog\",\"potentialAction\":[{\"@type\":\"SearchAction\",\"target\":{\"@type\":\"EntryPoint\",\"urlTemplate\":\"https:\\\/\\\/barreiropsicologia.com\\\/blog\\\/?s={search_term_string}\"},\"query-input\":{\"@type\":\"PropertyValueSpecification\",\"valueRequired\":true,\"valueName\":\"search_term_string\"}}],\"inLanguage\":\"es\"},{\"@type\":\"Person\",\"@id\":\"https:\\\/\\\/barreiropsicologia.com\\\/blog\\\/#\\\/schema\\\/person\\\/6068f8a0ae30566e1100f91905ead263\",\"name\":\"Javier Barreiro\",\"image\":{\"@type\":\"ImageObject\",\"inLanguage\":\"es\",\"@id\":\"https:\\\/\\\/secure.gravatar.com\\\/avatar\\\/ba2dc692a18d0909a9544d2d12c67449129af0c5441c8732f319a1ae7ae701b0?s=96&d=mm&r=g\",\"url\":\"https:\\\/\\\/secure.gravatar.com\\\/avatar\\\/ba2dc692a18d0909a9544d2d12c67449129af0c5441c8732f319a1ae7ae701b0?s=96&d=mm&r=g\",\"contentUrl\":\"https:\\\/\\\/secure.gravatar.com\\\/avatar\\\/ba2dc692a18d0909a9544d2d12c67449129af0c5441c8732f319a1ae7ae701b0?s=96&d=mm&r=g\",\"caption\":\"Javier Barreiro\"},\"description\":\"Javier Barreiro Santamarta es Licenciado en Psicolog\u00eda por la Universidad de Salamanca, Psic\u00f3logo General Sanitario en Salamanca colegiado n\u00ba CL-3735. M\u00e1ster en Psicolog\u00eda Cl\u00ednica cognitivo-conductual, M\u00e1ster en Terapia Breve Centrada en Soluciones y M\u00e1ster en Recursos Humanos.\",\"sameAs\":[\"https:\\\/\\\/www.facebook.com\\\/psicologossalamanca\\\/\",\"https:\\\/\\\/www.instagram.com\\\/barreiro.psi\",\"https:\\\/\\\/ar.linkedin.com\\\/in\\\/javier-barreiro-santamarta-9183b962\",\"https:\\\/\\\/x.com\\\/Barreiro.javier@hotmail.com\"],\"url\":\"https:\\\/\\\/barreiropsicologia.com\\\/blog\\\/author\\\/javier_barreiro\\\/\"}]}<\/script>\n<!-- \/ Yoast SEO plugin. -->","yoast_head_json":{"title":"Cuando el D\u00eda de la Madre duele: c\u00f3mo sobrellevar el impacto emocional de una fecha simb\u00f3lica - Barreiro Psicolog\u00eda Blog","description":"El D\u00eda de la Madre no siempre es motivo de celebraci\u00f3n. Descubre c\u00f3mo afecta emocionalmente esta fecha a mujeres con depresi\u00f3n posparto, duelo o con v\u00ednculos maternos conflictivos, y c\u00f3mo acompa\u00f1ar estos procesos desde la psicolog\u00eda.","robots":{"index":"index","follow":"follow","max-snippet":"max-snippet:-1","max-image-preview":"max-image-preview:large","max-video-preview":"max-video-preview:-1"},"canonical":"https:\/\/barreiropsicologia.com\/blog\/cuando-el-dia-de-la-madre-duele-como-sobrellevar-el-impacto-emocional-de-una-fecha-simbolica\/","og_locale":"es_ES","og_type":"article","og_title":"Cuando el D\u00eda de la Madre duele: c\u00f3mo sobrellevar el impacto emocional de una fecha simb\u00f3lica - Barreiro Psicolog\u00eda Blog","og_description":"El D\u00eda de la Madre no siempre es motivo de celebraci\u00f3n. Descubre c\u00f3mo afecta emocionalmente esta fecha a mujeres con depresi\u00f3n posparto, duelo o con v\u00ednculos maternos conflictivos, y c\u00f3mo acompa\u00f1ar estos procesos desde la psicolog\u00eda.","og_url":"https:\/\/barreiropsicologia.com\/blog\/cuando-el-dia-de-la-madre-duele-como-sobrellevar-el-impacto-emocional-de-una-fecha-simbolica\/","og_site_name":"Blog de psicolog\u00eda","article_publisher":"https:\/\/www.facebook.com\/psicologossalamanca\/","article_author":"https:\/\/www.facebook.com\/psicologossalamanca\/","article_published_time":"2025-05-06T11:53:00+00:00","article_modified_time":"2026-03-27T12:37:25+00:00","og_image":[{"width":1024,"height":1024,"url":"https:\/\/barreiropsicologia.com\/blog\/wp-content\/uploads\/2025\/05\/ChatGPT-Image-6-may-2025-13_37_45.png","type":"image\/png"}],"author":"Javier Barreiro","twitter_card":"summary_large_image","twitter_creator":"@Barreiro.javier@hotmail.com","twitter_site":"@Barreiro_Psi","twitter_misc":{"Escrito por":"Javier Barreiro","Tiempo de lectura":"4 minutos"},"schema":{"@context":"https:\/\/schema.org","@graph":[{"@type":"Article","@id":"https:\/\/barreiropsicologia.com\/blog\/cuando-el-dia-de-la-madre-duele-como-sobrellevar-el-impacto-emocional-de-una-fecha-simbolica\/#article","isPartOf":{"@id":"https:\/\/barreiropsicologia.com\/blog\/cuando-el-dia-de-la-madre-duele-como-sobrellevar-el-impacto-emocional-de-una-fecha-simbolica\/"},"author":{"name":"Javier Barreiro","@id":"https:\/\/barreiropsicologia.com\/blog\/#\/schema\/person\/6068f8a0ae30566e1100f91905ead263"},"headline":"Cuando el D\u00eda de la Madre duele: c\u00f3mo sobrellevar el impacto emocional de una fecha simb\u00f3lica","datePublished":"2025-05-06T11:53:00+00:00","dateModified":"2026-03-27T12:37:25+00:00","mainEntityOfPage":{"@id":"https:\/\/barreiropsicologia.com\/blog\/cuando-el-dia-de-la-madre-duele-como-sobrellevar-el-impacto-emocional-de-una-fecha-simbolica\/"},"wordCount":836,"commentCount":0,"image":{"@id":"https:\/\/barreiropsicologia.com\/blog\/cuando-el-dia-de-la-madre-duele-como-sobrellevar-el-impacto-emocional-de-una-fecha-simbolica\/#primaryimage"},"thumbnailUrl":"https:\/\/barreiropsicologia.com\/blog\/wp-content\/uploads\/2025\/05\/ChatGPT-Image-6-may-2025-13_37_45.png","keywords":["cerebro y mente","emociones","maternidad","trauma y duelo"],"articleSection":["Estado de \u00e1nimo"],"inLanguage":"es","potentialAction":[{"@type":"CommentAction","name":"Comment","target":["https:\/\/barreiropsicologia.com\/blog\/cuando-el-dia-de-la-madre-duele-como-sobrellevar-el-impacto-emocional-de-una-fecha-simbolica\/#respond"]}]},{"@type":"WebPage","@id":"https:\/\/barreiropsicologia.com\/blog\/cuando-el-dia-de-la-madre-duele-como-sobrellevar-el-impacto-emocional-de-una-fecha-simbolica\/","url":"https:\/\/barreiropsicologia.com\/blog\/cuando-el-dia-de-la-madre-duele-como-sobrellevar-el-impacto-emocional-de-una-fecha-simbolica\/","name":"Cuando el D\u00eda de la Madre duele: c\u00f3mo sobrellevar el impacto emocional de una fecha simb\u00f3lica - Barreiro Psicolog\u00eda Blog","isPartOf":{"@id":"https:\/\/barreiropsicologia.com\/blog\/#website"},"primaryImageOfPage":{"@id":"https:\/\/barreiropsicologia.com\/blog\/cuando-el-dia-de-la-madre-duele-como-sobrellevar-el-impacto-emocional-de-una-fecha-simbolica\/#primaryimage"},"image":{"@id":"https:\/\/barreiropsicologia.com\/blog\/cuando-el-dia-de-la-madre-duele-como-sobrellevar-el-impacto-emocional-de-una-fecha-simbolica\/#primaryimage"},"thumbnailUrl":"https:\/\/barreiropsicologia.com\/blog\/wp-content\/uploads\/2025\/05\/ChatGPT-Image-6-may-2025-13_37_45.png","datePublished":"2025-05-06T11:53:00+00:00","dateModified":"2026-03-27T12:37:25+00:00","author":{"@id":"https:\/\/barreiropsicologia.com\/blog\/#\/schema\/person\/6068f8a0ae30566e1100f91905ead263"},"description":"El D\u00eda de la Madre no siempre es motivo de celebraci\u00f3n. Descubre c\u00f3mo afecta emocionalmente esta fecha a mujeres con depresi\u00f3n posparto, duelo o con v\u00ednculos maternos conflictivos, y c\u00f3mo acompa\u00f1ar estos procesos desde la psicolog\u00eda.","breadcrumb":{"@id":"https:\/\/barreiropsicologia.com\/blog\/cuando-el-dia-de-la-madre-duele-como-sobrellevar-el-impacto-emocional-de-una-fecha-simbolica\/#breadcrumb"},"inLanguage":"es","potentialAction":[{"@type":"ReadAction","target":["https:\/\/barreiropsicologia.com\/blog\/cuando-el-dia-de-la-madre-duele-como-sobrellevar-el-impacto-emocional-de-una-fecha-simbolica\/"]}]},{"@type":"ImageObject","inLanguage":"es","@id":"https:\/\/barreiropsicologia.com\/blog\/cuando-el-dia-de-la-madre-duele-como-sobrellevar-el-impacto-emocional-de-una-fecha-simbolica\/#primaryimage","url":"https:\/\/barreiropsicologia.com\/blog\/wp-content\/uploads\/2025\/05\/ChatGPT-Image-6-may-2025-13_37_45.png","contentUrl":"https:\/\/barreiropsicologia.com\/blog\/wp-content\/uploads\/2025\/05\/ChatGPT-Image-6-may-2025-13_37_45.png","width":1024,"height":1024,"caption":"d\u00eda de la madre"},{"@type":"BreadcrumbList","@id":"https:\/\/barreiropsicologia.com\/blog\/cuando-el-dia-de-la-madre-duele-como-sobrellevar-el-impacto-emocional-de-una-fecha-simbolica\/#breadcrumb","itemListElement":[{"@type":"ListItem","position":1,"name":"Portada","item":"https:\/\/barreiropsicologia.com\/blog\/"},{"@type":"ListItem","position":2,"name":"Cuando el D\u00eda de la Madre duele: c\u00f3mo sobrellevar el impacto emocional de una fecha simb\u00f3lica"}]},{"@type":"WebSite","@id":"https:\/\/barreiropsicologia.com\/blog\/#website","url":"https:\/\/barreiropsicologia.com\/blog\/","name":"Blog de psicolog\u00eda","description":"Barreiro Psicolog\u00eda Blog","potentialAction":[{"@type":"SearchAction","target":{"@type":"EntryPoint","urlTemplate":"https:\/\/barreiropsicologia.com\/blog\/?s={search_term_string}"},"query-input":{"@type":"PropertyValueSpecification","valueRequired":true,"valueName":"search_term_string"}}],"inLanguage":"es"},{"@type":"Person","@id":"https:\/\/barreiropsicologia.com\/blog\/#\/schema\/person\/6068f8a0ae30566e1100f91905ead263","name":"Javier Barreiro","image":{"@type":"ImageObject","inLanguage":"es","@id":"https:\/\/secure.gravatar.com\/avatar\/ba2dc692a18d0909a9544d2d12c67449129af0c5441c8732f319a1ae7ae701b0?s=96&d=mm&r=g","url":"https:\/\/secure.gravatar.com\/avatar\/ba2dc692a18d0909a9544d2d12c67449129af0c5441c8732f319a1ae7ae701b0?s=96&d=mm&r=g","contentUrl":"https:\/\/secure.gravatar.com\/avatar\/ba2dc692a18d0909a9544d2d12c67449129af0c5441c8732f319a1ae7ae701b0?s=96&d=mm&r=g","caption":"Javier Barreiro"},"description":"Javier Barreiro Santamarta es Licenciado en Psicolog\u00eda por la Universidad de Salamanca, Psic\u00f3logo General Sanitario en Salamanca colegiado n\u00ba CL-3735. M\u00e1ster en Psicolog\u00eda Cl\u00ednica cognitivo-conductual, M\u00e1ster en Terapia Breve Centrada en Soluciones y M\u00e1ster en Recursos Humanos.","sameAs":["https:\/\/www.facebook.com\/psicologossalamanca\/","https:\/\/www.instagram.com\/barreiro.psi","https:\/\/ar.linkedin.com\/in\/javier-barreiro-santamarta-9183b962","https:\/\/x.com\/Barreiro.javier@hotmail.com"],"url":"https:\/\/barreiropsicologia.com\/blog\/author\/javier_barreiro\/"}]}},"_links":{"self":[{"href":"https:\/\/barreiropsicologia.com\/blog\/wp-json\/wp\/v2\/posts\/3880","targetHints":{"allow":["GET"]}}],"collection":[{"href":"https:\/\/barreiropsicologia.com\/blog\/wp-json\/wp\/v2\/posts"}],"about":[{"href":"https:\/\/barreiropsicologia.com\/blog\/wp-json\/wp\/v2\/types\/post"}],"author":[{"embeddable":true,"href":"https:\/\/barreiropsicologia.com\/blog\/wp-json\/wp\/v2\/users\/1"}],"replies":[{"embeddable":true,"href":"https:\/\/barreiropsicologia.com\/blog\/wp-json\/wp\/v2\/comments?post=3880"}],"version-history":[{"count":3,"href":"https:\/\/barreiropsicologia.com\/blog\/wp-json\/wp\/v2\/posts\/3880\/revisions"}],"predecessor-version":[{"id":3884,"href":"https:\/\/barreiropsicologia.com\/blog\/wp-json\/wp\/v2\/posts\/3880\/revisions\/3884"}],"wp:featuredmedia":[{"embeddable":true,"href":"https:\/\/barreiropsicologia.com\/blog\/wp-json\/wp\/v2\/media\/3882"}],"wp:attachment":[{"href":"https:\/\/barreiropsicologia.com\/blog\/wp-json\/wp\/v2\/media?parent=3880"}],"wp:term":[{"taxonomy":"category","embeddable":true,"href":"https:\/\/barreiropsicologia.com\/blog\/wp-json\/wp\/v2\/categories?post=3880"},{"taxonomy":"post_tag","embeddable":true,"href":"https:\/\/barreiropsicologia.com\/blog\/wp-json\/wp\/v2\/tags?post=3880"}],"curies":[{"name":"wp","href":"https:\/\/api.w.org\/{rel}","templated":true}]}}