{"id":3901,"date":"2025-05-20T13:54:57","date_gmt":"2025-05-20T11:54:57","guid":{"rendered":"https:\/\/barreiropsicologia.com\/blog\/?p=3901"},"modified":"2026-04-29T19:47:32","modified_gmt":"2026-04-29T17:47:32","slug":"dietas-en-primavera-y-verano-el-impacto-psicologico-que-no-siempre-vemos","status":"publish","type":"post","link":"https:\/\/barreiropsicologia.com\/blog\/dietas-en-primavera-y-verano-el-impacto-psicologico-que-no-siempre-vemos\/","title":{"rendered":"Dietas en primavera y verano: el impacto psicol\u00f3gico que no siempre vemos"},"content":{"rendered":"\n<p>Con la llegada del buen tiempo, muchas personas sienten una presi\u00f3n renovada por cambiar su cuerpo. Las redes sociales se llenan de mensajes sobre \u00aboperaci\u00f3n bikini\u00bb, y los gimnasios y dietas rel\u00e1mpago ganan protagonismo. <\/p>\n\n\n\n<p>Aunque estos cambios pueden parecer inofensivos, \u00bfqu\u00e9 efectos tienen en nuestra salud mental? <\/p>\n\n\n\n<p>En este art\u00edculo exploramos el impacto psicol\u00f3gico de las dietas en primavera y verano, y por qu\u00e9 es importante prestar atenci\u00f3n a lo que sentimos, no solo a lo que comemos.<\/p>\n\n\n\n<h2 class=\"wp-block-heading\"><strong>El ciclo estacional de la autoexigencia<\/strong><\/h2>\n\n\n\n<h3 class=\"wp-block-heading\"><strong>\u201cOperaci\u00f3n bikini\u201d y la cultura de la delgadez<\/strong><\/h3>\n\n\n\n<p>La llegada de la primavera no solo trae flores y d\u00edas m\u00e1s largos, tambi\u00e9n reactiva un discurso social persistente: la necesidad de \u00abmejorar\u00bb nuestro cuerpo. El ideal de delgadez se intensifica en estos meses, y con \u00e9l, aumentan las comparaciones, la insatisfacci\u00f3n corporal y la ansiedad.<\/p>\n\n\n\n<p>Seg\u00fan un estudio publicado en <em>Body Image<\/em> (2016), los meses previos al verano est\u00e1n asociados con un aumento significativo de la preocupaci\u00f3n por el peso, especialmente en mujeres j\u00f3venes <a class=\"\" href=\"https:\/\/www.sciencedirect.com\/science\/article\/abs\/pii\/S174014451630029X\">(ver estudio)<\/a>.<\/p>\n\n\n\n<h3 class=\"wp-block-heading\"><strong>Dietas r\u00e1pidas, resultados lentos (y consecuencias emocionales)<\/strong><\/h3>\n\n\n\n<p>Las dietas restrictivas pueden ofrecer resultados r\u00e1pidos, pero suelen ir acompa\u00f1adas de frustraci\u00f3n, culpa y un efecto rebote f\u00edsico y emocional. Muchas personas entran en un ciclo de control, restricci\u00f3n y descontrol que no solo afecta su relaci\u00f3n con la comida, sino tambi\u00e9n con su cuerpo y autoestima.<\/p>\n\n\n\n<h2 class=\"wp-block-heading\"><strong>\u00bfQu\u00e9 efectos psicol\u00f3gicos tienen las dietas estacionales?<\/strong><\/h2>\n\n\n\n<h3 class=\"wp-block-heading\"><strong>Ansiedad y culpabilidad<\/strong><\/h3>\n\n\n\n<p>La constante presi\u00f3n por perder peso genera un estado de vigilancia mental que agota. Comer deja de ser un acto placentero y se convierte en una fuente de ansiedad. Si se \u00abrompe\u00bb la dieta, aparecen emociones como la culpa, el enfado con uno mismo o la verg\u00fcenza.<\/p>\n\n\n\n<p>Esto se relaciona con el concepto de <em>indefensi\u00f3n aprendida<\/em> de Seligman: cuando una persona siente que haga lo que haga no lograr\u00e1 sentirse bien con su cuerpo, puede rendirse emocionalmente y entrar en un estado de desesperanza.<\/p>\n\n\n\n<h3 class=\"wp-block-heading\"><strong>Trastornos de la conducta alimentaria: un riesgo silencioso<\/strong><\/h3>\n\n\n\n<p>Aunque no todas las personas que hacen dieta desarrollar\u00e1n un trastorno, la exposici\u00f3n continua a mensajes de control corporal aumenta el riesgo, especialmente en adolescentes. Las dietas pueden ser la puerta de entrada a comportamientos m\u00e1s peligrosos como el atrac\u00f3n, la purga o el ayuno extremo.<\/p>\n\n\n\n<p>La psic\u00f3loga Susan Nolan-Hoeksema explicaba que la rumiaci\u00f3n sobre el cuerpo y la comida puede convertirse en un ciclo obsesivo dif\u00edcil de romper, afectando otras \u00e1reas de la vida como las relaciones sociales o el rendimiento acad\u00e9mico o laboral.<\/p>\n\n\n\n<h2 class=\"wp-block-heading\"><strong>Claves para cuidar la salud mental en primavera-verano<\/strong><\/h2>\n\n\n\n<h3 class=\"wp-block-heading\"><strong>Cuestiona el mensaje social<\/strong><\/h3>\n\n\n\n<p>\u00bfDe d\u00f3nde viene tu deseo de cambiar tu cuerpo? \u00bfRealmente lo necesitas o responde a una presi\u00f3n externa? Detenerse a reflexionar sobre estas preguntas puede ayudarte a tomar decisiones m\u00e1s saludables y alineadas con tus valores.<\/p>\n\n\n\n<h3 class=\"wp-block-heading\"><strong>Conecta con tu cuerpo desde el autocuidado, no desde la exigencia<\/strong><\/h3>\n\n\n\n<p>En lugar de enfocarte en el peso, piensa en c\u00f3mo te sientes. Mover el cuerpo, comer de forma variada y descansar bien son formas de cuidarlo, no de castigarlo. El cuerpo no es un proyecto de verano, es tu hogar todo el a\u00f1o.<\/p>\n\n\n\n<h3 class=\"wp-block-heading\"><strong>Habla con un profesional si lo necesitas<\/strong><\/h3>\n\n\n\n<p>Si notas que tu relaci\u00f3n con la comida o tu imagen corporal te genera malestar, no est\u00e1s solo. La psicoterapia puede ayudarte a entender de d\u00f3nde vienen esas emociones y aprender nuevas formas de relacionarte contigo mismo.<\/p>\n\n\n\n<h2 class=\"wp-block-heading\">Nuestra<strong> conclusi\u00f3n<\/strong> sobre las dietas \u00abbikini\u00bb<\/h2>\n\n\n\n<p>Las dietas en primavera y verano son m\u00e1s que un cambio de men\u00fa: reflejan y alimentan creencias sociales que impactan directamente en nuestra salud mental. Observar estos efectos con una mirada cr\u00edtica y compasiva nos permite cuidarnos de forma m\u00e1s integral. <\/p>\n\n\n\n<p>Porque un cuerpo cuidado tambi\u00e9n es un cuerpo que se siente bien por dentro.<\/p>\n\n\n\n<hr class=\"wp-block-separator has-alpha-channel-opacity\"\/>\n\n\n\n<p><strong>Tambi\u00e9n te pueden interesar los art\u00edculos:<\/strong><\/p>\n\n\n\n<ul class=\"wp-block-list\">\n<li><a href=\"https:\/\/barreiropsicologia.com\/blog\/como-nos-afectan-las-emociones-en-alimentacion\/\">C\u00f3mo nos afectan las emociones en nuestra alimentaci\u00f3n<\/a><\/li>\n\n\n\n<li><a href=\"https:\/\/barreiropsicologia.com\/blog\/programa-psicodiet-decalogo\/\">Conoce nuestro programa Psicodiet<\/a><\/li>\n\n\n\n<li><a href=\"https:\/\/barreiropsicologia.com\/blog\/la-dieta-en-vacaciones\/\">La dieta en vacaciones<\/a><\/li>\n<\/ul>\n","protected":false},"excerpt":{"rendered":"<p>Con la llegada del buen tiempo, muchas personas sienten una presi\u00f3n renovada por cambiar su cuerpo. Las redes sociales se llenan de mensajes sobre \u00aboperaci\u00f3n bikini\u00bb, y los gimnasios y dietas rel\u00e1mpago ganan protagonismo. Aunque estos cambios pueden parecer inofensivos,&#46;&#46;&#46;<\/p>\n","protected":false},"author":1,"featured_media":3903,"comment_status":"open","ping_status":"open","sticky":false,"template":"","format":"standard","meta":{"footnotes":""},"categories":[801],"tags":[747,745,746,696,131],"class_list":["post-3901","post","type-post","status-publish","format-standard","has-post-thumbnail","hentry","category-entorno-salud-mental","tag-autocuidado","tag-dietas","tag-dietas-milagro","tag-emociones","tag-programa-psicodiet-2"],"yoast_head":"<!-- This site is optimized with the Yoast SEO plugin v27.5 - https:\/\/yoast.com\/product\/yoast-seo-wordpress\/ -->\n<title>Dietas en primavera y verano: el impacto psicol\u00f3gico que no siempre vemos - Barreiro Psicolog\u00eda Blog<\/title>\n<meta name=\"description\" content=\"Las dietas de primavera-verano afectan m\u00e1s que al cuerpo: descubre su impacto psicol\u00f3gico y c\u00f3mo cuidar tu salud mental en esta temporada.\" \/>\n<meta name=\"robots\" content=\"index, follow, max-snippet:-1, max-image-preview:large, max-video-preview:-1\" \/>\n<link rel=\"canonical\" href=\"https:\/\/barreiropsicologia.com\/blog\/dietas-en-primavera-y-verano-el-impacto-psicologico-que-no-siempre-vemos\/\" \/>\n<meta property=\"og:locale\" content=\"es_ES\" \/>\n<meta property=\"og:type\" content=\"article\" \/>\n<meta property=\"og:title\" content=\"Dietas en primavera y verano: el impacto psicol\u00f3gico que no siempre vemos - Barreiro Psicolog\u00eda Blog\" \/>\n<meta property=\"og:description\" content=\"Las dietas de primavera-verano afectan m\u00e1s que al cuerpo: descubre su impacto psicol\u00f3gico y c\u00f3mo cuidar tu salud mental en esta temporada.\" \/>\n<meta property=\"og:url\" content=\"https:\/\/barreiropsicologia.com\/blog\/dietas-en-primavera-y-verano-el-impacto-psicologico-que-no-siempre-vemos\/\" \/>\n<meta property=\"og:site_name\" content=\"Blog de psicolog\u00eda\" \/>\n<meta property=\"article:publisher\" content=\"https:\/\/www.facebook.com\/psicologossalamanca\/\" \/>\n<meta property=\"article:author\" content=\"https:\/\/www.facebook.com\/psicologossalamanca\/\" \/>\n<meta property=\"article:published_time\" content=\"2025-05-20T11:54:57+00:00\" \/>\n<meta property=\"article:modified_time\" content=\"2026-04-29T17:47:32+00:00\" \/>\n<meta property=\"og:image\" content=\"https:\/\/barreiropsicologia.com\/blog\/wp-content\/uploads\/2025\/05\/Gemini_Generated_Image_4b14ev4b14ev4b14.jpg\" \/>\n\t<meta property=\"og:image:width\" content=\"2048\" \/>\n\t<meta property=\"og:image:height\" content=\"2048\" \/>\n\t<meta property=\"og:image:type\" content=\"image\/jpeg\" \/>\n<meta name=\"author\" content=\"Javier Barreiro\" \/>\n<meta name=\"twitter:card\" content=\"summary_large_image\" \/>\n<meta name=\"twitter:creator\" content=\"@Barreiro.javier@hotmail.com\" \/>\n<meta name=\"twitter:site\" content=\"@Barreiro_Psi\" \/>\n<meta name=\"twitter:label1\" content=\"Escrito por\" \/>\n\t<meta name=\"twitter:data1\" content=\"Javier Barreiro\" \/>\n\t<meta name=\"twitter:label2\" content=\"Tiempo de lectura\" \/>\n\t<meta name=\"twitter:data2\" content=\"4 minutos\" \/>\n<script type=\"application\/ld+json\" class=\"yoast-schema-graph\">{\"@context\":\"https:\\\/\\\/schema.org\",\"@graph\":[{\"@type\":\"Article\",\"@id\":\"https:\\\/\\\/barreiropsicologia.com\\\/blog\\\/dietas-en-primavera-y-verano-el-impacto-psicologico-que-no-siempre-vemos\\\/#article\",\"isPartOf\":{\"@id\":\"https:\\\/\\\/barreiropsicologia.com\\\/blog\\\/dietas-en-primavera-y-verano-el-impacto-psicologico-que-no-siempre-vemos\\\/\"},\"author\":{\"name\":\"Javier Barreiro\",\"@id\":\"https:\\\/\\\/barreiropsicologia.com\\\/blog\\\/#\\\/schema\\\/person\\\/6068f8a0ae30566e1100f91905ead263\"},\"headline\":\"Dietas en primavera y verano: el impacto psicol\u00f3gico que no siempre vemos\",\"datePublished\":\"2025-05-20T11:54:57+00:00\",\"dateModified\":\"2026-04-29T17:47:32+00:00\",\"mainEntityOfPage\":{\"@id\":\"https:\\\/\\\/barreiropsicologia.com\\\/blog\\\/dietas-en-primavera-y-verano-el-impacto-psicologico-que-no-siempre-vemos\\\/\"},\"wordCount\":704,\"commentCount\":0,\"image\":{\"@id\":\"https:\\\/\\\/barreiropsicologia.com\\\/blog\\\/dietas-en-primavera-y-verano-el-impacto-psicologico-que-no-siempre-vemos\\\/#primaryimage\"},\"thumbnailUrl\":\"https:\\\/\\\/barreiropsicologia.com\\\/blog\\\/wp-content\\\/uploads\\\/2025\\\/05\\\/Gemini_Generated_Image_4b14ev4b14ev4b14.jpg\",\"keywords\":[\"autocuidado\",\"dietas\",\"dietas milagro\",\"emociones\",\"programa psicodiet\"],\"articleSection\":[\"Sociedad y salud mental\"],\"inLanguage\":\"es\",\"potentialAction\":[{\"@type\":\"CommentAction\",\"name\":\"Comment\",\"target\":[\"https:\\\/\\\/barreiropsicologia.com\\\/blog\\\/dietas-en-primavera-y-verano-el-impacto-psicologico-que-no-siempre-vemos\\\/#respond\"]}]},{\"@type\":\"WebPage\",\"@id\":\"https:\\\/\\\/barreiropsicologia.com\\\/blog\\\/dietas-en-primavera-y-verano-el-impacto-psicologico-que-no-siempre-vemos\\\/\",\"url\":\"https:\\\/\\\/barreiropsicologia.com\\\/blog\\\/dietas-en-primavera-y-verano-el-impacto-psicologico-que-no-siempre-vemos\\\/\",\"name\":\"Dietas en primavera y verano: el impacto psicol\u00f3gico que no siempre vemos - Barreiro Psicolog\u00eda Blog\",\"isPartOf\":{\"@id\":\"https:\\\/\\\/barreiropsicologia.com\\\/blog\\\/#website\"},\"primaryImageOfPage\":{\"@id\":\"https:\\\/\\\/barreiropsicologia.com\\\/blog\\\/dietas-en-primavera-y-verano-el-impacto-psicologico-que-no-siempre-vemos\\\/#primaryimage\"},\"image\":{\"@id\":\"https:\\\/\\\/barreiropsicologia.com\\\/blog\\\/dietas-en-primavera-y-verano-el-impacto-psicologico-que-no-siempre-vemos\\\/#primaryimage\"},\"thumbnailUrl\":\"https:\\\/\\\/barreiropsicologia.com\\\/blog\\\/wp-content\\\/uploads\\\/2025\\\/05\\\/Gemini_Generated_Image_4b14ev4b14ev4b14.jpg\",\"datePublished\":\"2025-05-20T11:54:57+00:00\",\"dateModified\":\"2026-04-29T17:47:32+00:00\",\"author\":{\"@id\":\"https:\\\/\\\/barreiropsicologia.com\\\/blog\\\/#\\\/schema\\\/person\\\/6068f8a0ae30566e1100f91905ead263\"},\"description\":\"Las dietas de primavera-verano afectan m\u00e1s que al cuerpo: descubre su impacto psicol\u00f3gico y c\u00f3mo cuidar tu salud mental en esta temporada.\",\"breadcrumb\":{\"@id\":\"https:\\\/\\\/barreiropsicologia.com\\\/blog\\\/dietas-en-primavera-y-verano-el-impacto-psicologico-que-no-siempre-vemos\\\/#breadcrumb\"},\"inLanguage\":\"es\",\"potentialAction\":[{\"@type\":\"ReadAction\",\"target\":[\"https:\\\/\\\/barreiropsicologia.com\\\/blog\\\/dietas-en-primavera-y-verano-el-impacto-psicologico-que-no-siempre-vemos\\\/\"]}]},{\"@type\":\"ImageObject\",\"inLanguage\":\"es\",\"@id\":\"https:\\\/\\\/barreiropsicologia.com\\\/blog\\\/dietas-en-primavera-y-verano-el-impacto-psicologico-que-no-siempre-vemos\\\/#primaryimage\",\"url\":\"https:\\\/\\\/barreiropsicologia.com\\\/blog\\\/wp-content\\\/uploads\\\/2025\\\/05\\\/Gemini_Generated_Image_4b14ev4b14ev4b14.jpg\",\"contentUrl\":\"https:\\\/\\\/barreiropsicologia.com\\\/blog\\\/wp-content\\\/uploads\\\/2025\\\/05\\\/Gemini_Generated_Image_4b14ev4b14ev4b14.jpg\",\"width\":2048,\"height\":2048,\"caption\":\"dietas\"},{\"@type\":\"BreadcrumbList\",\"@id\":\"https:\\\/\\\/barreiropsicologia.com\\\/blog\\\/dietas-en-primavera-y-verano-el-impacto-psicologico-que-no-siempre-vemos\\\/#breadcrumb\",\"itemListElement\":[{\"@type\":\"ListItem\",\"position\":1,\"name\":\"Portada\",\"item\":\"https:\\\/\\\/barreiropsicologia.com\\\/blog\\\/\"},{\"@type\":\"ListItem\",\"position\":2,\"name\":\"Dietas en primavera y verano: el impacto psicol\u00f3gico que no siempre vemos\"}]},{\"@type\":\"WebSite\",\"@id\":\"https:\\\/\\\/barreiropsicologia.com\\\/blog\\\/#website\",\"url\":\"https:\\\/\\\/barreiropsicologia.com\\\/blog\\\/\",\"name\":\"Blog de psicolog\u00eda\",\"description\":\"Barreiro Psicolog\u00eda Blog\",\"potentialAction\":[{\"@type\":\"SearchAction\",\"target\":{\"@type\":\"EntryPoint\",\"urlTemplate\":\"https:\\\/\\\/barreiropsicologia.com\\\/blog\\\/?s={search_term_string}\"},\"query-input\":{\"@type\":\"PropertyValueSpecification\",\"valueRequired\":true,\"valueName\":\"search_term_string\"}}],\"inLanguage\":\"es\"},{\"@type\":\"Person\",\"@id\":\"https:\\\/\\\/barreiropsicologia.com\\\/blog\\\/#\\\/schema\\\/person\\\/6068f8a0ae30566e1100f91905ead263\",\"name\":\"Javier Barreiro\",\"image\":{\"@type\":\"ImageObject\",\"inLanguage\":\"es\",\"@id\":\"https:\\\/\\\/secure.gravatar.com\\\/avatar\\\/ba2dc692a18d0909a9544d2d12c67449129af0c5441c8732f319a1ae7ae701b0?s=96&d=mm&r=g\",\"url\":\"https:\\\/\\\/secure.gravatar.com\\\/avatar\\\/ba2dc692a18d0909a9544d2d12c67449129af0c5441c8732f319a1ae7ae701b0?s=96&d=mm&r=g\",\"contentUrl\":\"https:\\\/\\\/secure.gravatar.com\\\/avatar\\\/ba2dc692a18d0909a9544d2d12c67449129af0c5441c8732f319a1ae7ae701b0?s=96&d=mm&r=g\",\"caption\":\"Javier Barreiro\"},\"description\":\"Javier Barreiro Santamarta es Licenciado en Psicolog\u00eda por la Universidad de Salamanca, Psic\u00f3logo General Sanitario en Salamanca colegiado n\u00ba CL-3735. M\u00e1ster en Psicolog\u00eda Cl\u00ednica cognitivo-conductual, M\u00e1ster en Terapia Breve Centrada en Soluciones y M\u00e1ster en Recursos Humanos.\",\"sameAs\":[\"https:\\\/\\\/www.facebook.com\\\/psicologossalamanca\\\/\",\"https:\\\/\\\/www.instagram.com\\\/barreiro.psi\",\"https:\\\/\\\/ar.linkedin.com\\\/in\\\/javier-barreiro-santamarta-9183b962\",\"https:\\\/\\\/x.com\\\/Barreiro.javier@hotmail.com\"],\"url\":\"https:\\\/\\\/barreiropsicologia.com\\\/blog\\\/author\\\/javier_barreiro\\\/\"}]}<\/script>\n<!-- \/ Yoast SEO plugin. -->","yoast_head_json":{"title":"Dietas en primavera y verano: el impacto psicol\u00f3gico que no siempre vemos - Barreiro Psicolog\u00eda Blog","description":"Las dietas de primavera-verano afectan m\u00e1s que al cuerpo: descubre su impacto psicol\u00f3gico y c\u00f3mo cuidar tu salud mental en esta temporada.","robots":{"index":"index","follow":"follow","max-snippet":"max-snippet:-1","max-image-preview":"max-image-preview:large","max-video-preview":"max-video-preview:-1"},"canonical":"https:\/\/barreiropsicologia.com\/blog\/dietas-en-primavera-y-verano-el-impacto-psicologico-que-no-siempre-vemos\/","og_locale":"es_ES","og_type":"article","og_title":"Dietas en primavera y verano: el impacto psicol\u00f3gico que no siempre vemos - Barreiro Psicolog\u00eda Blog","og_description":"Las dietas de primavera-verano afectan m\u00e1s que al cuerpo: descubre su impacto psicol\u00f3gico y c\u00f3mo cuidar tu salud mental en esta temporada.","og_url":"https:\/\/barreiropsicologia.com\/blog\/dietas-en-primavera-y-verano-el-impacto-psicologico-que-no-siempre-vemos\/","og_site_name":"Blog de psicolog\u00eda","article_publisher":"https:\/\/www.facebook.com\/psicologossalamanca\/","article_author":"https:\/\/www.facebook.com\/psicologossalamanca\/","article_published_time":"2025-05-20T11:54:57+00:00","article_modified_time":"2026-04-29T17:47:32+00:00","og_image":[{"width":2048,"height":2048,"url":"https:\/\/barreiropsicologia.com\/blog\/wp-content\/uploads\/2025\/05\/Gemini_Generated_Image_4b14ev4b14ev4b14.jpg","type":"image\/jpeg"}],"author":"Javier Barreiro","twitter_card":"summary_large_image","twitter_creator":"@Barreiro.javier@hotmail.com","twitter_site":"@Barreiro_Psi","twitter_misc":{"Escrito por":"Javier Barreiro","Tiempo de lectura":"4 minutos"},"schema":{"@context":"https:\/\/schema.org","@graph":[{"@type":"Article","@id":"https:\/\/barreiropsicologia.com\/blog\/dietas-en-primavera-y-verano-el-impacto-psicologico-que-no-siempre-vemos\/#article","isPartOf":{"@id":"https:\/\/barreiropsicologia.com\/blog\/dietas-en-primavera-y-verano-el-impacto-psicologico-que-no-siempre-vemos\/"},"author":{"name":"Javier Barreiro","@id":"https:\/\/barreiropsicologia.com\/blog\/#\/schema\/person\/6068f8a0ae30566e1100f91905ead263"},"headline":"Dietas en primavera y verano: el impacto psicol\u00f3gico que no siempre vemos","datePublished":"2025-05-20T11:54:57+00:00","dateModified":"2026-04-29T17:47:32+00:00","mainEntityOfPage":{"@id":"https:\/\/barreiropsicologia.com\/blog\/dietas-en-primavera-y-verano-el-impacto-psicologico-que-no-siempre-vemos\/"},"wordCount":704,"commentCount":0,"image":{"@id":"https:\/\/barreiropsicologia.com\/blog\/dietas-en-primavera-y-verano-el-impacto-psicologico-que-no-siempre-vemos\/#primaryimage"},"thumbnailUrl":"https:\/\/barreiropsicologia.com\/blog\/wp-content\/uploads\/2025\/05\/Gemini_Generated_Image_4b14ev4b14ev4b14.jpg","keywords":["autocuidado","dietas","dietas milagro","emociones","programa psicodiet"],"articleSection":["Sociedad y salud mental"],"inLanguage":"es","potentialAction":[{"@type":"CommentAction","name":"Comment","target":["https:\/\/barreiropsicologia.com\/blog\/dietas-en-primavera-y-verano-el-impacto-psicologico-que-no-siempre-vemos\/#respond"]}]},{"@type":"WebPage","@id":"https:\/\/barreiropsicologia.com\/blog\/dietas-en-primavera-y-verano-el-impacto-psicologico-que-no-siempre-vemos\/","url":"https:\/\/barreiropsicologia.com\/blog\/dietas-en-primavera-y-verano-el-impacto-psicologico-que-no-siempre-vemos\/","name":"Dietas en primavera y verano: el impacto psicol\u00f3gico que no siempre vemos - Barreiro Psicolog\u00eda Blog","isPartOf":{"@id":"https:\/\/barreiropsicologia.com\/blog\/#website"},"primaryImageOfPage":{"@id":"https:\/\/barreiropsicologia.com\/blog\/dietas-en-primavera-y-verano-el-impacto-psicologico-que-no-siempre-vemos\/#primaryimage"},"image":{"@id":"https:\/\/barreiropsicologia.com\/blog\/dietas-en-primavera-y-verano-el-impacto-psicologico-que-no-siempre-vemos\/#primaryimage"},"thumbnailUrl":"https:\/\/barreiropsicologia.com\/blog\/wp-content\/uploads\/2025\/05\/Gemini_Generated_Image_4b14ev4b14ev4b14.jpg","datePublished":"2025-05-20T11:54:57+00:00","dateModified":"2026-04-29T17:47:32+00:00","author":{"@id":"https:\/\/barreiropsicologia.com\/blog\/#\/schema\/person\/6068f8a0ae30566e1100f91905ead263"},"description":"Las dietas de primavera-verano afectan m\u00e1s que al cuerpo: descubre su impacto psicol\u00f3gico y c\u00f3mo cuidar tu salud mental en esta temporada.","breadcrumb":{"@id":"https:\/\/barreiropsicologia.com\/blog\/dietas-en-primavera-y-verano-el-impacto-psicologico-que-no-siempre-vemos\/#breadcrumb"},"inLanguage":"es","potentialAction":[{"@type":"ReadAction","target":["https:\/\/barreiropsicologia.com\/blog\/dietas-en-primavera-y-verano-el-impacto-psicologico-que-no-siempre-vemos\/"]}]},{"@type":"ImageObject","inLanguage":"es","@id":"https:\/\/barreiropsicologia.com\/blog\/dietas-en-primavera-y-verano-el-impacto-psicologico-que-no-siempre-vemos\/#primaryimage","url":"https:\/\/barreiropsicologia.com\/blog\/wp-content\/uploads\/2025\/05\/Gemini_Generated_Image_4b14ev4b14ev4b14.jpg","contentUrl":"https:\/\/barreiropsicologia.com\/blog\/wp-content\/uploads\/2025\/05\/Gemini_Generated_Image_4b14ev4b14ev4b14.jpg","width":2048,"height":2048,"caption":"dietas"},{"@type":"BreadcrumbList","@id":"https:\/\/barreiropsicologia.com\/blog\/dietas-en-primavera-y-verano-el-impacto-psicologico-que-no-siempre-vemos\/#breadcrumb","itemListElement":[{"@type":"ListItem","position":1,"name":"Portada","item":"https:\/\/barreiropsicologia.com\/blog\/"},{"@type":"ListItem","position":2,"name":"Dietas en primavera y verano: el impacto psicol\u00f3gico que no siempre vemos"}]},{"@type":"WebSite","@id":"https:\/\/barreiropsicologia.com\/blog\/#website","url":"https:\/\/barreiropsicologia.com\/blog\/","name":"Blog de psicolog\u00eda","description":"Barreiro Psicolog\u00eda Blog","potentialAction":[{"@type":"SearchAction","target":{"@type":"EntryPoint","urlTemplate":"https:\/\/barreiropsicologia.com\/blog\/?s={search_term_string}"},"query-input":{"@type":"PropertyValueSpecification","valueRequired":true,"valueName":"search_term_string"}}],"inLanguage":"es"},{"@type":"Person","@id":"https:\/\/barreiropsicologia.com\/blog\/#\/schema\/person\/6068f8a0ae30566e1100f91905ead263","name":"Javier Barreiro","image":{"@type":"ImageObject","inLanguage":"es","@id":"https:\/\/secure.gravatar.com\/avatar\/ba2dc692a18d0909a9544d2d12c67449129af0c5441c8732f319a1ae7ae701b0?s=96&d=mm&r=g","url":"https:\/\/secure.gravatar.com\/avatar\/ba2dc692a18d0909a9544d2d12c67449129af0c5441c8732f319a1ae7ae701b0?s=96&d=mm&r=g","contentUrl":"https:\/\/secure.gravatar.com\/avatar\/ba2dc692a18d0909a9544d2d12c67449129af0c5441c8732f319a1ae7ae701b0?s=96&d=mm&r=g","caption":"Javier Barreiro"},"description":"Javier Barreiro Santamarta es Licenciado en Psicolog\u00eda por la Universidad de Salamanca, Psic\u00f3logo General Sanitario en Salamanca colegiado n\u00ba CL-3735. M\u00e1ster en Psicolog\u00eda Cl\u00ednica cognitivo-conductual, M\u00e1ster en Terapia Breve Centrada en Soluciones y M\u00e1ster en Recursos Humanos.","sameAs":["https:\/\/www.facebook.com\/psicologossalamanca\/","https:\/\/www.instagram.com\/barreiro.psi","https:\/\/ar.linkedin.com\/in\/javier-barreiro-santamarta-9183b962","https:\/\/x.com\/Barreiro.javier@hotmail.com"],"url":"https:\/\/barreiropsicologia.com\/blog\/author\/javier_barreiro\/"}]}},"_links":{"self":[{"href":"https:\/\/barreiropsicologia.com\/blog\/wp-json\/wp\/v2\/posts\/3901","targetHints":{"allow":["GET"]}}],"collection":[{"href":"https:\/\/barreiropsicologia.com\/blog\/wp-json\/wp\/v2\/posts"}],"about":[{"href":"https:\/\/barreiropsicologia.com\/blog\/wp-json\/wp\/v2\/types\/post"}],"author":[{"embeddable":true,"href":"https:\/\/barreiropsicologia.com\/blog\/wp-json\/wp\/v2\/users\/1"}],"replies":[{"embeddable":true,"href":"https:\/\/barreiropsicologia.com\/blog\/wp-json\/wp\/v2\/comments?post=3901"}],"version-history":[{"count":2,"href":"https:\/\/barreiropsicologia.com\/blog\/wp-json\/wp\/v2\/posts\/3901\/revisions"}],"predecessor-version":[{"id":3904,"href":"https:\/\/barreiropsicologia.com\/blog\/wp-json\/wp\/v2\/posts\/3901\/revisions\/3904"}],"wp:featuredmedia":[{"embeddable":true,"href":"https:\/\/barreiropsicologia.com\/blog\/wp-json\/wp\/v2\/media\/3903"}],"wp:attachment":[{"href":"https:\/\/barreiropsicologia.com\/blog\/wp-json\/wp\/v2\/media?parent=3901"}],"wp:term":[{"taxonomy":"category","embeddable":true,"href":"https:\/\/barreiropsicologia.com\/blog\/wp-json\/wp\/v2\/categories?post=3901"},{"taxonomy":"post_tag","embeddable":true,"href":"https:\/\/barreiropsicologia.com\/blog\/wp-json\/wp\/v2\/tags?post=3901"}],"curies":[{"name":"wp","href":"https:\/\/api.w.org\/{rel}","templated":true}]}}