{"id":3934,"date":"2025-06-23T13:38:32","date_gmt":"2025-06-23T11:38:32","guid":{"rendered":"https:\/\/barreiropsicologia.com\/blog\/?p=3934"},"modified":"2026-03-27T13:37:19","modified_gmt":"2026-03-27T12:37:19","slug":"cuando-las-palabras-no-bastan-como-entender-y-prevenir-la-escalada-de-la-violencia","status":"publish","type":"post","link":"https:\/\/barreiropsicologia.com\/blog\/cuando-las-palabras-no-bastan-como-entender-y-prevenir-la-escalada-de-la-violencia\/","title":{"rendered":"Cuando las palabras no bastan: c\u00f3mo entender y prevenir la escalada de la violencia"},"content":{"rendered":"\n<p>La violencia no siempre irrumpe como un estallido inesperado. A veces, crece lentamente, como una llama que se aviva con cada malentendido, cada desprecio, cada silencio. Comprender c\u00f3mo se origina y c\u00f3mo se desarrolla la escalada de la violencia es clave para prevenirla.<\/p>\n\n\n\n<h3 class=\"wp-block-heading\">\u00bfQu\u00e9 entendemos por violencia?<\/h3>\n\n\n\n<p>La violencia es m\u00e1s que un acto f\u00edsico. Tambi\u00e9n incluye cualquier comportamiento que busca da\u00f1ar psicol\u00f3gica o emocionalmente a otra persona o grupo. Puede tomar la forma de:<\/p>\n\n\n\n<ul class=\"wp-block-list\">\n<li><strong>Violencia f\u00edsica<\/strong> (agresiones, golpes)<\/li>\n\n\n\n<li><strong>Violencia verbal<\/strong> (insultos, amenazas)<\/li>\n\n\n\n<li><strong>Violencia psicol\u00f3gica<\/strong> (chantaje emocional, manipulaci\u00f3n)<\/li>\n\n\n\n<li><strong>Violencia estructural<\/strong> (discriminaci\u00f3n sist\u00e9mica, exclusi\u00f3n social)<\/li>\n<\/ul>\n\n\n\n<p>Todas estas formas dejan huella. No siempre visible, pero s\u00ed profunda.<\/p>\n\n\n\n<h2 class=\"wp-block-heading\">\ud83d\udea8 C\u00f3mo se produce la escalada de la violencia<\/h2>\n\n\n\n<p>La violencia, en muchos casos, sigue un patr\u00f3n. Es rara la situaci\u00f3n en la que aparece de forma s\u00fabita sin se\u00f1ales previas. La mayor\u00eda de las veces, <strong>los conflictos crecen poco a poco<\/strong>, como si subieran por una escalera en la que cada pelda\u00f1o es m\u00e1s dif\u00edcil de bajar.<\/p>\n\n\n\n<h3 class=\"wp-block-heading\">De lo peque\u00f1o a lo peligroso<\/h3>\n\n\n\n<p>Una discusi\u00f3n aparentemente insignificante \u2014por ejemplo, entre adolescentes en redes sociales\u2014 puede derivar en una agresi\u00f3n f\u00edsica. \u00bfC\u00f3mo es posible? Algunos de los <strong>factores que alimentan esta escalada<\/strong> son:<\/p>\n\n\n\n<ul class=\"wp-block-list\">\n<li><strong>Falta de habilidades de comunicaci\u00f3n<\/strong>: No saber expresar el malestar puede generar frustraci\u00f3n acumulada.<\/li>\n\n\n\n<li><strong>Dificultad para resolver conflictos<\/strong>: Se recurre al ataque cuando no se conoce otra alternativa.<\/li>\n\n\n\n<li><strong>Influencia de terceros<\/strong>: A veces, el deseo de \u201cdemostrar\u201d algo ante los dem\u00e1s promueve reacciones agresivas.<\/li>\n<\/ul>\n\n\n\n<p>\ud83d\udc49 <em>Un caso t\u00edpico<\/em>: en una clase de secundaria, un malentendido entre dos alumnos deriva en un comentario sarc\u00e1stico. Las risas del grupo aumentan la tensi\u00f3n. Lo que podr\u00eda haberse resuelto con una conversaci\u00f3n acaba en un empuj\u00f3n\u2026 y, despu\u00e9s, en una pelea.<\/p>\n\n\n\n<h2 class=\"wp-block-heading\">\ud83c\udf0d Factores sociales que influyen en la violencia juvenil<\/h2>\n\n\n\n<p>En Espa\u00f1a, preocupa especialmente el aumento de <strong><a href=\"https:\/\/barreiropsicologia.com\/blog\/impacto-de-la-violencia-en-la-sociedad\/\">la violencia entre j\u00f3venes<\/a><\/strong>. M\u00e1s all\u00e1 de los conflictos personales, existen factores sociales que predisponen a estos comportamientos:<\/p>\n\n\n\n<ul class=\"wp-block-list\">\n<li><strong>Desigualdad econ\u00f3mica<\/strong><\/li>\n\n\n\n<li><strong>Falta de oportunidades laborales<\/strong><\/li>\n\n\n\n<li><strong>Exclusi\u00f3n social<\/strong><\/li>\n\n\n\n<li><strong>Modelos de conducta violentos en los medios<\/strong><\/li>\n\n\n\n<li><strong>Presi\u00f3n del grupo o necesidad de pertenencia<\/strong><\/li>\n<\/ul>\n\n\n\n<p>Seg\u00fan un informe del Ministerio del Interior (2023), el uso de <strong>armas blancas<\/strong> entre adolescentes ha aumentado un 15% en los \u00faltimos cinco a\u00f1os. Parte de este fen\u00f3meno se relaciona con la <strong>percepci\u00f3n de accesibilidad<\/strong> y la <strong>glorificaci\u00f3n de la violencia<\/strong> en algunos entornos digitales o culturales.<\/p>\n\n\n\n<h2 class=\"wp-block-heading\">\ud83e\udde0 \u00bfQu\u00e9 ocurre en el cerebro durante la escalada de la violencia?<\/h2>\n\n\n\n<p>El cerebro humano reacciona a la amenaza activando la <strong>am\u00edgdala<\/strong>, el centro del miedo. Cuando una persona se siente atacada (f\u00edsica o emocionalmente), su capacidad de razonar se ve reducida. Esto se conoce como <em>secuestro emocional<\/em> (Goleman, 1996), y puede llevar a una reacci\u00f3n impulsiva y desproporcionada.<\/p>\n\n\n\n<p>\ud83e\uddea <em>Dato interesante<\/em>: en el famoso experimento de los monos rhesus de Harry Harlow, se observ\u00f3 c\u00f3mo la falta de v\u00ednculos seguros generaba conductas agresivas o ansiosas. Algo similar ocurre con j\u00f3venes que han crecido sin referentes emocionales estables.<\/p>\n\n\n\n<h2 class=\"wp-block-heading\">\ud83d\udee0\ufe0f \u00bfC\u00f3mo prevenir la escalada de la violencia?<\/h2>\n\n\n\n<p>La prevenci\u00f3n no se limita a castigar conductas violentas. Es fundamental <strong>actuar sobre las causas<\/strong> que las generan. Algunas medidas efectivas incluyen:<\/p>\n\n\n\n<h3 class=\"wp-block-heading\">Educaci\u00f3n emocional y resoluci\u00f3n de conflictos<\/h3>\n\n\n\n<p>Programas que ense\u00f1an a identificar y expresar emociones, as\u00ed como a resolver desacuerdos de forma pac\u00edfica.<\/p>\n\n\n\n<h3 class=\"wp-block-heading\">Mediaci\u00f3n escolar y comunitaria<\/h3>\n\n\n\n<p>Figuras que intervienen antes de que un conflicto se agrave, facilitando el di\u00e1logo entre las partes.<\/p>\n\n\n\n<h3 class=\"wp-block-heading\">Fortalecimiento del tejido social<\/h3>\n\n\n\n<p>Ofrecer oportunidades laborales, actividades culturales y espacios seguros reduce el riesgo de exclusi\u00f3n y violencia.<\/p>\n\n\n\n<h3 class=\"wp-block-heading\">Campa\u00f1as de concienciaci\u00f3n para la escalada de la violencia<\/h3>\n\n\n\n<p>Romper con la normalizaci\u00f3n de la violencia en redes, videojuegos o m\u00fasica es clave para cambiar modelos de conducta.<\/p>\n\n\n\n<h2 class=\"wp-block-heading\">\ud83d\udc65 \u00bfQu\u00e9 papel juega la comunidad?<\/h2>\n\n\n\n<p>La violencia no solo es un problema individual. Es tambi\u00e9n un <strong>s\u00edntoma de una comunidad herida<\/strong>. El aislamiento, la desconfianza y la falta de apoyo generan terreno f\u00e9rtil para el conflicto. Por eso, <strong>fomentar redes de apoyo, espacios de escucha y referentes positivos<\/strong> puede marcar una gran diferencia.<\/p>\n\n\n\n<p>Como sociedad, estamos llamados no solo a reaccionar ante la violencia, sino a <strong>cultivar la paz en lo cotidiano<\/strong>: en la forma en que tratamos a los dem\u00e1s, en c\u00f3mo resolvemos nuestras diferencias, en c\u00f3mo educamos a los m\u00e1s j\u00f3venes.<\/p>\n\n\n\n<h2 class=\"wp-block-heading\">\u2705 Conclusi\u00f3n: La violencia se aprende, pero tambi\u00e9n se puede desaprender<\/h2>\n\n\n\n<p>Nadie nace violento. Pero s\u00ed podemos aprender \u2014por modelado, por repetici\u00f3n o por desesperanza\u2014 que la agresi\u00f3n es la \u00fanica salida. Lo importante es <strong>ofrecer alternativas<\/strong>, acompa\u00f1ar y prevenir desde una mirada integral.<br>Porque cada vez que evitamos que una chispa se convierta en incendio, estamos haciendo un mundo m\u00e1s habitable.<\/p>\n\n\n\n<hr class=\"wp-block-separator has-alpha-channel-opacity\"\/>\n\n\n\n<p>Tambi\u00e9n te pueden interesar los art\u00edculos:<\/p>\n\n\n\n<ul class=\"wp-block-list\">\n<li><a href=\"https:\/\/barreiropsicologia.com\/blog\/impacto-de-la-violencia-en-la-sociedad\/\">La violencia en la sociedad<\/a><\/li>\n\n\n\n<li><a href=\"https:\/\/barreiropsicologia.com\/blog\/violencia-de-genero-e-infancia\/\">Consecuencias psicol\u00f3gicas del maltrato en la infancia y adolescencia<\/a><\/li>\n\n\n\n<li><a href=\"https:\/\/barreiropsicologia.com\/blog\/el-racismo-en-las-redes-sociales\/\">El racismo en las redes sociales<\/a><\/li>\n<\/ul>\n\n\n\n<p><\/p>\n","protected":false},"excerpt":{"rendered":"<p>La violencia no siempre irrumpe como un estallido inesperado. A veces, crece lentamente, como una llama que se aviva con cada malentendido, cada desprecio, cada silencio. Comprender c\u00f3mo se origina y c\u00f3mo se desarrolla la escalada de la violencia es&#46;&#46;&#46;<\/p>\n","protected":false},"author":1,"featured_media":3936,"comment_status":"open","ping_status":"open","sticky":false,"template":"","format":"standard","meta":{"footnotes":""},"categories":[801],"tags":[696,471,720,699],"class_list":["post-3934","post","type-post","status-publish","format-standard","has-post-thumbnail","hentry","category-entorno-salud-mental","tag-emociones","tag-miedo","tag-violencia","tag-violencia-y-bullying"],"yoast_head":"<!-- This site is optimized with the Yoast SEO plugin v27.3 - https:\/\/yoast.com\/product\/yoast-seo-wordpress\/ -->\n<title>Cuando las palabras no bastan: c\u00f3mo entender y prevenir la escalada de la violencia - Barreiro Psicolog\u00eda Blog<\/title>\n<meta name=\"description\" content=\"Entiende c\u00f3mo se origina la escalada de la violencia, por qu\u00e9 se incrementa entre j\u00f3venes y qu\u00e9 estrategias eficaces existen para prevenirla.\" \/>\n<meta name=\"robots\" content=\"index, follow, max-snippet:-1, max-image-preview:large, max-video-preview:-1\" \/>\n<link rel=\"canonical\" href=\"https:\/\/barreiropsicologia.com\/blog\/cuando-las-palabras-no-bastan-como-entender-y-prevenir-la-escalada-de-la-violencia\/\" \/>\n<meta property=\"og:locale\" content=\"es_ES\" \/>\n<meta property=\"og:type\" content=\"article\" \/>\n<meta property=\"og:title\" content=\"Cuando las palabras no bastan: c\u00f3mo entender y prevenir la escalada de la violencia - Barreiro Psicolog\u00eda Blog\" \/>\n<meta property=\"og:description\" content=\"Entiende c\u00f3mo se origina la escalada de la violencia, por qu\u00e9 se incrementa entre j\u00f3venes y qu\u00e9 estrategias eficaces existen para prevenirla.\" \/>\n<meta property=\"og:url\" content=\"https:\/\/barreiropsicologia.com\/blog\/cuando-las-palabras-no-bastan-como-entender-y-prevenir-la-escalada-de-la-violencia\/\" \/>\n<meta property=\"og:site_name\" content=\"Blog de psicolog\u00eda\" \/>\n<meta property=\"article:publisher\" content=\"https:\/\/www.facebook.com\/psicologossalamanca\/\" \/>\n<meta property=\"article:author\" content=\"https:\/\/www.facebook.com\/psicologossalamanca\/\" \/>\n<meta property=\"article:published_time\" content=\"2025-06-23T11:38:32+00:00\" \/>\n<meta property=\"article:modified_time\" content=\"2026-03-27T12:37:19+00:00\" \/>\n<meta property=\"og:image\" content=\"https:\/\/barreiropsicologia.com\/blog\/wp-content\/uploads\/2025\/06\/ChatGPT-Image-23-jun-2025-13_26_54-1024x683.png\" \/>\n\t<meta property=\"og:image:width\" content=\"1024\" \/>\n\t<meta property=\"og:image:height\" content=\"683\" \/>\n\t<meta property=\"og:image:type\" content=\"image\/png\" \/>\n<meta name=\"author\" content=\"Javier Barreiro\" \/>\n<meta name=\"twitter:card\" content=\"summary_large_image\" \/>\n<meta name=\"twitter:creator\" content=\"@Barreiro.javier@hotmail.com\" \/>\n<meta name=\"twitter:site\" content=\"@Barreiro_Psi\" \/>\n<meta name=\"twitter:label1\" content=\"Escrito por\" \/>\n\t<meta name=\"twitter:data1\" content=\"Javier Barreiro\" \/>\n\t<meta name=\"twitter:label2\" content=\"Tiempo de lectura\" \/>\n\t<meta name=\"twitter:data2\" content=\"4 minutos\" \/>\n<script type=\"application\/ld+json\" class=\"yoast-schema-graph\">{\"@context\":\"https:\\\/\\\/schema.org\",\"@graph\":[{\"@type\":\"Article\",\"@id\":\"https:\\\/\\\/barreiropsicologia.com\\\/blog\\\/cuando-las-palabras-no-bastan-como-entender-y-prevenir-la-escalada-de-la-violencia\\\/#article\",\"isPartOf\":{\"@id\":\"https:\\\/\\\/barreiropsicologia.com\\\/blog\\\/cuando-las-palabras-no-bastan-como-entender-y-prevenir-la-escalada-de-la-violencia\\\/\"},\"author\":{\"name\":\"Javier Barreiro\",\"@id\":\"https:\\\/\\\/barreiropsicologia.com\\\/blog\\\/#\\\/schema\\\/person\\\/6068f8a0ae30566e1100f91905ead263\"},\"headline\":\"Cuando las palabras no bastan: c\u00f3mo entender y prevenir la escalada de la violencia\",\"datePublished\":\"2025-06-23T11:38:32+00:00\",\"dateModified\":\"2026-03-27T12:37:19+00:00\",\"mainEntityOfPage\":{\"@id\":\"https:\\\/\\\/barreiropsicologia.com\\\/blog\\\/cuando-las-palabras-no-bastan-como-entender-y-prevenir-la-escalada-de-la-violencia\\\/\"},\"wordCount\":875,\"commentCount\":0,\"image\":{\"@id\":\"https:\\\/\\\/barreiropsicologia.com\\\/blog\\\/cuando-las-palabras-no-bastan-como-entender-y-prevenir-la-escalada-de-la-violencia\\\/#primaryimage\"},\"thumbnailUrl\":\"https:\\\/\\\/barreiropsicologia.com\\\/blog\\\/wp-content\\\/uploads\\\/2025\\\/06\\\/ChatGPT-Image-23-jun-2025-13_26_54.png\",\"keywords\":[\"emociones\",\"miedo\",\"violencia\",\"violencia y bullying\"],\"articleSection\":[\"Entorno y salud mental\"],\"inLanguage\":\"es\",\"potentialAction\":[{\"@type\":\"CommentAction\",\"name\":\"Comment\",\"target\":[\"https:\\\/\\\/barreiropsicologia.com\\\/blog\\\/cuando-las-palabras-no-bastan-como-entender-y-prevenir-la-escalada-de-la-violencia\\\/#respond\"]}]},{\"@type\":\"WebPage\",\"@id\":\"https:\\\/\\\/barreiropsicologia.com\\\/blog\\\/cuando-las-palabras-no-bastan-como-entender-y-prevenir-la-escalada-de-la-violencia\\\/\",\"url\":\"https:\\\/\\\/barreiropsicologia.com\\\/blog\\\/cuando-las-palabras-no-bastan-como-entender-y-prevenir-la-escalada-de-la-violencia\\\/\",\"name\":\"Cuando las palabras no bastan: c\u00f3mo entender y prevenir la escalada de la violencia - Barreiro Psicolog\u00eda Blog\",\"isPartOf\":{\"@id\":\"https:\\\/\\\/barreiropsicologia.com\\\/blog\\\/#website\"},\"primaryImageOfPage\":{\"@id\":\"https:\\\/\\\/barreiropsicologia.com\\\/blog\\\/cuando-las-palabras-no-bastan-como-entender-y-prevenir-la-escalada-de-la-violencia\\\/#primaryimage\"},\"image\":{\"@id\":\"https:\\\/\\\/barreiropsicologia.com\\\/blog\\\/cuando-las-palabras-no-bastan-como-entender-y-prevenir-la-escalada-de-la-violencia\\\/#primaryimage\"},\"thumbnailUrl\":\"https:\\\/\\\/barreiropsicologia.com\\\/blog\\\/wp-content\\\/uploads\\\/2025\\\/06\\\/ChatGPT-Image-23-jun-2025-13_26_54.png\",\"datePublished\":\"2025-06-23T11:38:32+00:00\",\"dateModified\":\"2026-03-27T12:37:19+00:00\",\"author\":{\"@id\":\"https:\\\/\\\/barreiropsicologia.com\\\/blog\\\/#\\\/schema\\\/person\\\/6068f8a0ae30566e1100f91905ead263\"},\"description\":\"Entiende c\u00f3mo se origina la escalada de la violencia, por qu\u00e9 se incrementa entre j\u00f3venes y qu\u00e9 estrategias eficaces existen para prevenirla.\",\"breadcrumb\":{\"@id\":\"https:\\\/\\\/barreiropsicologia.com\\\/blog\\\/cuando-las-palabras-no-bastan-como-entender-y-prevenir-la-escalada-de-la-violencia\\\/#breadcrumb\"},\"inLanguage\":\"es\",\"potentialAction\":[{\"@type\":\"ReadAction\",\"target\":[\"https:\\\/\\\/barreiropsicologia.com\\\/blog\\\/cuando-las-palabras-no-bastan-como-entender-y-prevenir-la-escalada-de-la-violencia\\\/\"]}]},{\"@type\":\"ImageObject\",\"inLanguage\":\"es\",\"@id\":\"https:\\\/\\\/barreiropsicologia.com\\\/blog\\\/cuando-las-palabras-no-bastan-como-entender-y-prevenir-la-escalada-de-la-violencia\\\/#primaryimage\",\"url\":\"https:\\\/\\\/barreiropsicologia.com\\\/blog\\\/wp-content\\\/uploads\\\/2025\\\/06\\\/ChatGPT-Image-23-jun-2025-13_26_54.png\",\"contentUrl\":\"https:\\\/\\\/barreiropsicologia.com\\\/blog\\\/wp-content\\\/uploads\\\/2025\\\/06\\\/ChatGPT-Image-23-jun-2025-13_26_54.png\",\"width\":1536,\"height\":1024,\"caption\":\"escalada de la violencia\"},{\"@type\":\"BreadcrumbList\",\"@id\":\"https:\\\/\\\/barreiropsicologia.com\\\/blog\\\/cuando-las-palabras-no-bastan-como-entender-y-prevenir-la-escalada-de-la-violencia\\\/#breadcrumb\",\"itemListElement\":[{\"@type\":\"ListItem\",\"position\":1,\"name\":\"Portada\",\"item\":\"https:\\\/\\\/barreiropsicologia.com\\\/blog\\\/\"},{\"@type\":\"ListItem\",\"position\":2,\"name\":\"Cuando las palabras no bastan: c\u00f3mo entender y prevenir la escalada de la violencia\"}]},{\"@type\":\"WebSite\",\"@id\":\"https:\\\/\\\/barreiropsicologia.com\\\/blog\\\/#website\",\"url\":\"https:\\\/\\\/barreiropsicologia.com\\\/blog\\\/\",\"name\":\"Blog de psicolog\u00eda\",\"description\":\"Barreiro Psicolog\u00eda Blog\",\"potentialAction\":[{\"@type\":\"SearchAction\",\"target\":{\"@type\":\"EntryPoint\",\"urlTemplate\":\"https:\\\/\\\/barreiropsicologia.com\\\/blog\\\/?s={search_term_string}\"},\"query-input\":{\"@type\":\"PropertyValueSpecification\",\"valueRequired\":true,\"valueName\":\"search_term_string\"}}],\"inLanguage\":\"es\"},{\"@type\":\"Person\",\"@id\":\"https:\\\/\\\/barreiropsicologia.com\\\/blog\\\/#\\\/schema\\\/person\\\/6068f8a0ae30566e1100f91905ead263\",\"name\":\"Javier Barreiro\",\"image\":{\"@type\":\"ImageObject\",\"inLanguage\":\"es\",\"@id\":\"https:\\\/\\\/secure.gravatar.com\\\/avatar\\\/ba2dc692a18d0909a9544d2d12c67449129af0c5441c8732f319a1ae7ae701b0?s=96&d=mm&r=g\",\"url\":\"https:\\\/\\\/secure.gravatar.com\\\/avatar\\\/ba2dc692a18d0909a9544d2d12c67449129af0c5441c8732f319a1ae7ae701b0?s=96&d=mm&r=g\",\"contentUrl\":\"https:\\\/\\\/secure.gravatar.com\\\/avatar\\\/ba2dc692a18d0909a9544d2d12c67449129af0c5441c8732f319a1ae7ae701b0?s=96&d=mm&r=g\",\"caption\":\"Javier Barreiro\"},\"description\":\"Javier Barreiro Santamarta es Licenciado en Psicolog\u00eda por la Universidad de Salamanca, Psic\u00f3logo General Sanitario en Salamanca colegiado n\u00ba CL-3735. M\u00e1ster en Psicolog\u00eda Cl\u00ednica cognitivo-conductual, M\u00e1ster en Terapia Breve Centrada en Soluciones y M\u00e1ster en Recursos Humanos.\",\"sameAs\":[\"https:\\\/\\\/www.facebook.com\\\/psicologossalamanca\\\/\",\"https:\\\/\\\/www.instagram.com\\\/barreiro.psi\",\"https:\\\/\\\/ar.linkedin.com\\\/in\\\/javier-barreiro-santamarta-9183b962\",\"https:\\\/\\\/x.com\\\/Barreiro.javier@hotmail.com\"],\"url\":\"https:\\\/\\\/barreiropsicologia.com\\\/blog\\\/author\\\/javier_barreiro\\\/\"}]}<\/script>\n<!-- \/ Yoast SEO plugin. -->","yoast_head_json":{"title":"Cuando las palabras no bastan: c\u00f3mo entender y prevenir la escalada de la violencia - Barreiro Psicolog\u00eda Blog","description":"Entiende c\u00f3mo se origina la escalada de la violencia, por qu\u00e9 se incrementa entre j\u00f3venes y qu\u00e9 estrategias eficaces existen para prevenirla.","robots":{"index":"index","follow":"follow","max-snippet":"max-snippet:-1","max-image-preview":"max-image-preview:large","max-video-preview":"max-video-preview:-1"},"canonical":"https:\/\/barreiropsicologia.com\/blog\/cuando-las-palabras-no-bastan-como-entender-y-prevenir-la-escalada-de-la-violencia\/","og_locale":"es_ES","og_type":"article","og_title":"Cuando las palabras no bastan: c\u00f3mo entender y prevenir la escalada de la violencia - Barreiro Psicolog\u00eda Blog","og_description":"Entiende c\u00f3mo se origina la escalada de la violencia, por qu\u00e9 se incrementa entre j\u00f3venes y qu\u00e9 estrategias eficaces existen para prevenirla.","og_url":"https:\/\/barreiropsicologia.com\/blog\/cuando-las-palabras-no-bastan-como-entender-y-prevenir-la-escalada-de-la-violencia\/","og_site_name":"Blog de psicolog\u00eda","article_publisher":"https:\/\/www.facebook.com\/psicologossalamanca\/","article_author":"https:\/\/www.facebook.com\/psicologossalamanca\/","article_published_time":"2025-06-23T11:38:32+00:00","article_modified_time":"2026-03-27T12:37:19+00:00","og_image":[{"width":1024,"height":683,"url":"https:\/\/barreiropsicologia.com\/blog\/wp-content\/uploads\/2025\/06\/ChatGPT-Image-23-jun-2025-13_26_54-1024x683.png","type":"image\/png"}],"author":"Javier Barreiro","twitter_card":"summary_large_image","twitter_creator":"@Barreiro.javier@hotmail.com","twitter_site":"@Barreiro_Psi","twitter_misc":{"Escrito por":"Javier Barreiro","Tiempo de lectura":"4 minutos"},"schema":{"@context":"https:\/\/schema.org","@graph":[{"@type":"Article","@id":"https:\/\/barreiropsicologia.com\/blog\/cuando-las-palabras-no-bastan-como-entender-y-prevenir-la-escalada-de-la-violencia\/#article","isPartOf":{"@id":"https:\/\/barreiropsicologia.com\/blog\/cuando-las-palabras-no-bastan-como-entender-y-prevenir-la-escalada-de-la-violencia\/"},"author":{"name":"Javier Barreiro","@id":"https:\/\/barreiropsicologia.com\/blog\/#\/schema\/person\/6068f8a0ae30566e1100f91905ead263"},"headline":"Cuando las palabras no bastan: c\u00f3mo entender y prevenir la escalada de la violencia","datePublished":"2025-06-23T11:38:32+00:00","dateModified":"2026-03-27T12:37:19+00:00","mainEntityOfPage":{"@id":"https:\/\/barreiropsicologia.com\/blog\/cuando-las-palabras-no-bastan-como-entender-y-prevenir-la-escalada-de-la-violencia\/"},"wordCount":875,"commentCount":0,"image":{"@id":"https:\/\/barreiropsicologia.com\/blog\/cuando-las-palabras-no-bastan-como-entender-y-prevenir-la-escalada-de-la-violencia\/#primaryimage"},"thumbnailUrl":"https:\/\/barreiropsicologia.com\/blog\/wp-content\/uploads\/2025\/06\/ChatGPT-Image-23-jun-2025-13_26_54.png","keywords":["emociones","miedo","violencia","violencia y bullying"],"articleSection":["Entorno y salud mental"],"inLanguage":"es","potentialAction":[{"@type":"CommentAction","name":"Comment","target":["https:\/\/barreiropsicologia.com\/blog\/cuando-las-palabras-no-bastan-como-entender-y-prevenir-la-escalada-de-la-violencia\/#respond"]}]},{"@type":"WebPage","@id":"https:\/\/barreiropsicologia.com\/blog\/cuando-las-palabras-no-bastan-como-entender-y-prevenir-la-escalada-de-la-violencia\/","url":"https:\/\/barreiropsicologia.com\/blog\/cuando-las-palabras-no-bastan-como-entender-y-prevenir-la-escalada-de-la-violencia\/","name":"Cuando las palabras no bastan: c\u00f3mo entender y prevenir la escalada de la violencia - Barreiro Psicolog\u00eda Blog","isPartOf":{"@id":"https:\/\/barreiropsicologia.com\/blog\/#website"},"primaryImageOfPage":{"@id":"https:\/\/barreiropsicologia.com\/blog\/cuando-las-palabras-no-bastan-como-entender-y-prevenir-la-escalada-de-la-violencia\/#primaryimage"},"image":{"@id":"https:\/\/barreiropsicologia.com\/blog\/cuando-las-palabras-no-bastan-como-entender-y-prevenir-la-escalada-de-la-violencia\/#primaryimage"},"thumbnailUrl":"https:\/\/barreiropsicologia.com\/blog\/wp-content\/uploads\/2025\/06\/ChatGPT-Image-23-jun-2025-13_26_54.png","datePublished":"2025-06-23T11:38:32+00:00","dateModified":"2026-03-27T12:37:19+00:00","author":{"@id":"https:\/\/barreiropsicologia.com\/blog\/#\/schema\/person\/6068f8a0ae30566e1100f91905ead263"},"description":"Entiende c\u00f3mo se origina la escalada de la violencia, por qu\u00e9 se incrementa entre j\u00f3venes y qu\u00e9 estrategias eficaces existen para prevenirla.","breadcrumb":{"@id":"https:\/\/barreiropsicologia.com\/blog\/cuando-las-palabras-no-bastan-como-entender-y-prevenir-la-escalada-de-la-violencia\/#breadcrumb"},"inLanguage":"es","potentialAction":[{"@type":"ReadAction","target":["https:\/\/barreiropsicologia.com\/blog\/cuando-las-palabras-no-bastan-como-entender-y-prevenir-la-escalada-de-la-violencia\/"]}]},{"@type":"ImageObject","inLanguage":"es","@id":"https:\/\/barreiropsicologia.com\/blog\/cuando-las-palabras-no-bastan-como-entender-y-prevenir-la-escalada-de-la-violencia\/#primaryimage","url":"https:\/\/barreiropsicologia.com\/blog\/wp-content\/uploads\/2025\/06\/ChatGPT-Image-23-jun-2025-13_26_54.png","contentUrl":"https:\/\/barreiropsicologia.com\/blog\/wp-content\/uploads\/2025\/06\/ChatGPT-Image-23-jun-2025-13_26_54.png","width":1536,"height":1024,"caption":"escalada de la violencia"},{"@type":"BreadcrumbList","@id":"https:\/\/barreiropsicologia.com\/blog\/cuando-las-palabras-no-bastan-como-entender-y-prevenir-la-escalada-de-la-violencia\/#breadcrumb","itemListElement":[{"@type":"ListItem","position":1,"name":"Portada","item":"https:\/\/barreiropsicologia.com\/blog\/"},{"@type":"ListItem","position":2,"name":"Cuando las palabras no bastan: c\u00f3mo entender y prevenir la escalada de la violencia"}]},{"@type":"WebSite","@id":"https:\/\/barreiropsicologia.com\/blog\/#website","url":"https:\/\/barreiropsicologia.com\/blog\/","name":"Blog de psicolog\u00eda","description":"Barreiro Psicolog\u00eda Blog","potentialAction":[{"@type":"SearchAction","target":{"@type":"EntryPoint","urlTemplate":"https:\/\/barreiropsicologia.com\/blog\/?s={search_term_string}"},"query-input":{"@type":"PropertyValueSpecification","valueRequired":true,"valueName":"search_term_string"}}],"inLanguage":"es"},{"@type":"Person","@id":"https:\/\/barreiropsicologia.com\/blog\/#\/schema\/person\/6068f8a0ae30566e1100f91905ead263","name":"Javier Barreiro","image":{"@type":"ImageObject","inLanguage":"es","@id":"https:\/\/secure.gravatar.com\/avatar\/ba2dc692a18d0909a9544d2d12c67449129af0c5441c8732f319a1ae7ae701b0?s=96&d=mm&r=g","url":"https:\/\/secure.gravatar.com\/avatar\/ba2dc692a18d0909a9544d2d12c67449129af0c5441c8732f319a1ae7ae701b0?s=96&d=mm&r=g","contentUrl":"https:\/\/secure.gravatar.com\/avatar\/ba2dc692a18d0909a9544d2d12c67449129af0c5441c8732f319a1ae7ae701b0?s=96&d=mm&r=g","caption":"Javier Barreiro"},"description":"Javier Barreiro Santamarta es Licenciado en Psicolog\u00eda por la Universidad de Salamanca, Psic\u00f3logo General Sanitario en Salamanca colegiado n\u00ba CL-3735. M\u00e1ster en Psicolog\u00eda Cl\u00ednica cognitivo-conductual, M\u00e1ster en Terapia Breve Centrada en Soluciones y M\u00e1ster en Recursos Humanos.","sameAs":["https:\/\/www.facebook.com\/psicologossalamanca\/","https:\/\/www.instagram.com\/barreiro.psi","https:\/\/ar.linkedin.com\/in\/javier-barreiro-santamarta-9183b962","https:\/\/x.com\/Barreiro.javier@hotmail.com"],"url":"https:\/\/barreiropsicologia.com\/blog\/author\/javier_barreiro\/"}]}},"_links":{"self":[{"href":"https:\/\/barreiropsicologia.com\/blog\/wp-json\/wp\/v2\/posts\/3934","targetHints":{"allow":["GET"]}}],"collection":[{"href":"https:\/\/barreiropsicologia.com\/blog\/wp-json\/wp\/v2\/posts"}],"about":[{"href":"https:\/\/barreiropsicologia.com\/blog\/wp-json\/wp\/v2\/types\/post"}],"author":[{"embeddable":true,"href":"https:\/\/barreiropsicologia.com\/blog\/wp-json\/wp\/v2\/users\/1"}],"replies":[{"embeddable":true,"href":"https:\/\/barreiropsicologia.com\/blog\/wp-json\/wp\/v2\/comments?post=3934"}],"version-history":[{"count":3,"href":"https:\/\/barreiropsicologia.com\/blog\/wp-json\/wp\/v2\/posts\/3934\/revisions"}],"predecessor-version":[{"id":3938,"href":"https:\/\/barreiropsicologia.com\/blog\/wp-json\/wp\/v2\/posts\/3934\/revisions\/3938"}],"wp:featuredmedia":[{"embeddable":true,"href":"https:\/\/barreiropsicologia.com\/blog\/wp-json\/wp\/v2\/media\/3936"}],"wp:attachment":[{"href":"https:\/\/barreiropsicologia.com\/blog\/wp-json\/wp\/v2\/media?parent=3934"}],"wp:term":[{"taxonomy":"category","embeddable":true,"href":"https:\/\/barreiropsicologia.com\/blog\/wp-json\/wp\/v2\/categories?post=3934"},{"taxonomy":"post_tag","embeddable":true,"href":"https:\/\/barreiropsicologia.com\/blog\/wp-json\/wp\/v2\/tags?post=3934"}],"curies":[{"name":"wp","href":"https:\/\/api.w.org\/{rel}","templated":true}]}}