{"id":3982,"date":"2025-10-20T18:31:46","date_gmt":"2025-10-20T16:31:46","guid":{"rendered":"https:\/\/barreiropsicologia.com\/blog\/?p=3982"},"modified":"2026-03-27T13:06:01","modified_gmt":"2026-03-27T12:06:01","slug":"la-figura-materna-vinculo-legado-y-el-vacio-que-deja-su-ausencia","status":"publish","type":"post","link":"https:\/\/barreiropsicologia.com\/blog\/la-figura-materna-vinculo-legado-y-el-vacio-que-deja-su-ausencia\/","title":{"rendered":"La figura materna: v\u00ednculo, legado y el vac\u00edo que deja su ausencia"},"content":{"rendered":"\n<p>La figura materna es una de las m\u00e1s poderosas e influyentes en nuestra vida emocional. Desde el primer suspiro hasta mucho despu\u00e9s de la adultez, su presencia (o ausencia) deja una huella profunda. Pero \u00bfqu\u00e9 sucede cuando ese v\u00ednculo cambia, se debilita o desaparece? \u00bfY qu\u00e9 sienten las madres cuando el nido se vac\u00eda? <\/p>\n\n\n\n<p>Este art\u00edculo explora c\u00f3mo impacta psicol\u00f3gicamente la <strong>figura materna<\/strong>, tanto desde el apego como desde la p\u00e9rdida, y tambi\u00e9n el efecto que tiene para ellas el soltar.<\/p>\n\n\n\n<h3 class=\"wp-block-heading\">La figura materna: el primer v\u00ednculo que define nuestras emociones<\/h3>\n\n\n\n<p>Desde los primeros d\u00edas de vida, la figura materna representa la seguridad, el contacto y la supervivencia emocional. No se trata solo de una relaci\u00f3n afectiva: es una base neurobiol\u00f3gica, emocional y conductual. El psic\u00f3logo <em><a href=\"https:\/\/es.wikipedia.org\/wiki\/Harry_Harlow\">Harry Harlow<\/a><\/em> lo demostr\u00f3 con sus conocidos experimentos con monos rhesus, en los que los peque\u00f1os prefer\u00edan una \u00abmadre\u00bb de felpa sin alimento frente a una de alambre que s\u00ed lo ofrec\u00eda. Esta necesidad de contacto seguro y afecto supera incluso a la de supervivencia f\u00edsica.<\/p>\n\n\n\n<p>El apego con la madre configura nuestras primeras experiencias de confianza, regulaci\u00f3n emocional y percepci\u00f3n del mundo. A trav\u00e9s de este v\u00ednculo desarrollamos la capacidad de amar, confiar y sentirnos valiosos.<\/p>\n\n\n\n<h3 class=\"wp-block-heading\">Legado emocional: c\u00f3mo la figura materna vive dentro de nosotros<\/h3>\n\n\n\n<p>Con el paso del tiempo, la figura materna deja de ser solo una presencia f\u00edsica y se transforma en una figura interna. Sus gestos, sus frases, sus actitudes&#8230; todo se integra en nuestra forma de ser. Esto puede ofrecernos sost\u00e9n y seguridad, o convertirse en una fuente de malestar si hubo carencias, cr\u00edticas constantes o relaciones ambivalentes.<\/p>\n\n\n\n<p><strong>Daniel Stern<\/strong>, en su teor\u00eda del \u00abyo narrativo\u00bb, explica c\u00f3mo nuestras experiencias con la madre se internalizan como parte de nuestra historia vital, modelando la forma en que nos contamos qui\u00e9nes somos.<\/p>\n\n\n\n<h3 class=\"wp-block-heading\">El impacto psicol\u00f3gico de perder a la madre<\/h3>\n\n\n\n<p>Perder a una madre \u2014ya sea por fallecimiento, deterioro cognitivo o ruptura emocional\u2014 implica un duelo complejo. No es solo decir adi\u00f3s a una persona: es enfrentar la ausencia de una funci\u00f3n ps\u00edquica, de un pilar afectivo que ha sostenido nuestra vida durante a\u00f1os.<\/p>\n\n\n\n<p>Incluso en la adultez, muchas personas reviven emociones de infancia ante la p\u00e9rdida de la figura materna. Aparecen antiguas inseguridades, necesidades no satisfechas o deseos de reconciliaci\u00f3n. A nivel terap\u00e9utico, este momento puede ser clave para resignificar el v\u00ednculo y reconstruir la propia identidad emocional.<\/p>\n\n\n\n<h3 class=\"wp-block-heading\">Nido vac\u00edo: qu\u00e9 sienten las madres cuando los hijos se van<\/h3>\n\n\n\n<p>Para muchas madres, la partida de los hijos representa un hito emocional importante. El llamado \u201cs\u00edndrome del nido vac\u00edo\u201d no es solo tristeza: puede conllevar sensaci\u00f3n de p\u00e9rdida de sentido, soledad, ansiedad e incluso s\u00edntomas depresivos.<\/p>\n\n\n\n<p>Especialmente en mujeres cuya identidad se ha centrado durante a\u00f1os en el rol materno, la marcha de los hijos puede desatar una crisis de identidad. Sin embargo, tambi\u00e9n puede abrir la puerta a una nueva etapa: m\u00e1s libre, m\u00e1s personal, m\u00e1s centrada en s\u00ed mismas.<\/p>\n\n\n\n<p>La <strong><a href=\"https:\/\/www.apa.org\/\">American Psychological Association (APA)<\/a><\/strong> se\u00f1ala que la adaptaci\u00f3n al nido vac\u00edo es m\u00e1s positiva cuando las madres cuentan con apoyo emocional, intereses personales previos y espacios de autocuidado. Reencontrarse consigo mismas es parte del proceso.<\/p>\n\n\n\n<h3 class=\"wp-block-heading\">Sanar, comprender, transformar<\/h3>\n\n\n\n<p>La figura materna, como v\u00ednculo y como legado, es una de las m\u00e1s significativas que habitamos. Comprender su impacto nos permite tomar conciencia de nuestros patrones emocionales, resignificar heridas y elegir nuevos caminos.<\/p>\n\n\n\n<p>Para los hijos, esto puede ser un viaje de comprensi\u00f3n, perd\u00f3n y autonom\u00eda. Para las madres, una oportunidad de crecimiento personal m\u00e1s all\u00e1 de la maternidad.<\/p>\n\n\n\n<p><em>\ud83d\udca1 Una met\u00e1fora lo resume bien: la madre es el suelo donde se plant\u00f3 nuestra semilla. Aunque caminemos lejos, sus ra\u00edces viven en nosotros. Revisar ese suelo, sanar lo necesario y agradecer lo que fue, es parte del camino hacia una vida emocional m\u00e1s libre y plena.<\/em><\/p>\n\n\n\n<h3 class=\"wp-block-heading\">Conclusi\u00f3n<\/h3>\n\n\n\n<p>La figura materna es un eje esencial de nuestra vida emocional. Su v\u00ednculo, su legado y su ausencia influyen profundamente en c\u00f3mo nos sentimos, nos relacionamos y nos construimos. Explorar esta relaci\u00f3n \u2014ya sea como hijos o como madres\u2014 es una forma de entendernos mejor y avanzar con m\u00e1s consciencia.<\/p>\n\n\n\n<hr class=\"wp-block-separator has-alpha-channel-opacity\"\/>\n\n\n\n<p><strong>Tambi\u00e9n te pueden interesar los art\u00edculos:<\/strong><\/p>\n\n\n\n<ul class=\"wp-block-list\">\n<li><a href=\"https:\/\/barreiropsicologia.com\/terapia-psicologica\/terapia-familiar\/\">La terapia familiar<\/a><\/li>\n\n\n\n<li><a href=\"https:\/\/barreiropsicologia.com\/blog\/cuando-el-dia-de-la-madre-duele-como-sobrellevar-el-impacto-emocional-de-una-fecha-simbolica\/\">Cuando el d\u00eda de la madre duele<\/a><\/li>\n<\/ul>\n\n\n\n<p><\/p>\n","protected":false},"excerpt":{"rendered":"<p>La figura materna es una de las m\u00e1s poderosas e influyentes en nuestra vida emocional. Desde el primer suspiro hasta mucho despu\u00e9s de la adultez, su presencia (o ausencia) deja una huella profunda. Pero \u00bfqu\u00e9 sucede cuando ese v\u00ednculo cambia,&#46;&#46;&#46;<\/p>\n","protected":false},"author":1,"featured_media":3985,"comment_status":"open","ping_status":"open","sticky":false,"template":"","format":"standard","meta":{"footnotes":""},"categories":[802],"tags":[701,750,696,184,744],"class_list":["post-3982","post","type-post","status-publish","format-standard","has-post-thumbnail","hentry","category-estado-animo","tag-cerebro-y-mente","tag-educacion","tag-emociones","tag-familia","tag-maternidad"],"yoast_head":"<!-- This site is optimized with the Yoast SEO plugin v27.3 - https:\/\/yoast.com\/product\/yoast-seo-wordpress\/ -->\n<title>La figura materna: v\u00ednculo, legado y el vac\u00edo que deja su ausencia - Barreiro Psicolog\u00eda Blog<\/title>\n<meta name=\"description\" content=\"La figura materna moldea nuestra vida. Explora su impacto emocional, el duelo de su ausencia y el reto del nido vac\u00edo para muchas madres.\" \/>\n<meta name=\"robots\" content=\"index, follow, max-snippet:-1, max-image-preview:large, max-video-preview:-1\" \/>\n<link rel=\"canonical\" href=\"https:\/\/barreiropsicologia.com\/blog\/la-figura-materna-vinculo-legado-y-el-vacio-que-deja-su-ausencia\/\" \/>\n<meta property=\"og:locale\" content=\"es_ES\" \/>\n<meta property=\"og:type\" content=\"article\" \/>\n<meta property=\"og:title\" content=\"La figura materna: v\u00ednculo, legado y el vac\u00edo que deja su ausencia - Barreiro Psicolog\u00eda Blog\" \/>\n<meta property=\"og:description\" content=\"La figura materna moldea nuestra vida. Explora su impacto emocional, el duelo de su ausencia y el reto del nido vac\u00edo para muchas madres.\" \/>\n<meta property=\"og:url\" content=\"https:\/\/barreiropsicologia.com\/blog\/la-figura-materna-vinculo-legado-y-el-vacio-que-deja-su-ausencia\/\" \/>\n<meta property=\"og:site_name\" content=\"Blog de psicolog\u00eda\" \/>\n<meta property=\"article:publisher\" content=\"https:\/\/www.facebook.com\/psicologossalamanca\/\" \/>\n<meta property=\"article:author\" content=\"https:\/\/www.facebook.com\/psicologossalamanca\/\" \/>\n<meta property=\"article:published_time\" content=\"2025-10-20T16:31:46+00:00\" \/>\n<meta property=\"article:modified_time\" content=\"2026-03-27T12:06:01+00:00\" \/>\n<meta property=\"og:image\" content=\"https:\/\/barreiropsicologia.com\/blog\/wp-content\/uploads\/2025\/08\/Gemini_Generated_Image_jay0t8jay0t8jay0-1024x1024.png\" \/>\n\t<meta property=\"og:image:width\" content=\"1024\" \/>\n\t<meta property=\"og:image:height\" content=\"1024\" \/>\n\t<meta property=\"og:image:type\" content=\"image\/png\" \/>\n<meta name=\"author\" content=\"Javier Barreiro\" \/>\n<meta name=\"twitter:card\" content=\"summary_large_image\" \/>\n<meta name=\"twitter:creator\" content=\"@Barreiro.javier@hotmail.com\" \/>\n<meta name=\"twitter:site\" content=\"@Barreiro_Psi\" \/>\n<meta name=\"twitter:label1\" content=\"Escrito por\" \/>\n\t<meta name=\"twitter:data1\" content=\"Javier Barreiro\" \/>\n\t<meta name=\"twitter:label2\" content=\"Tiempo de lectura\" \/>\n\t<meta name=\"twitter:data2\" content=\"4 minutos\" \/>\n<script type=\"application\/ld+json\" class=\"yoast-schema-graph\">{\"@context\":\"https:\\\/\\\/schema.org\",\"@graph\":[{\"@type\":\"Article\",\"@id\":\"https:\\\/\\\/barreiropsicologia.com\\\/blog\\\/la-figura-materna-vinculo-legado-y-el-vacio-que-deja-su-ausencia\\\/#article\",\"isPartOf\":{\"@id\":\"https:\\\/\\\/barreiropsicologia.com\\\/blog\\\/la-figura-materna-vinculo-legado-y-el-vacio-que-deja-su-ausencia\\\/\"},\"author\":{\"name\":\"Javier Barreiro\",\"@id\":\"https:\\\/\\\/barreiropsicologia.com\\\/blog\\\/#\\\/schema\\\/person\\\/6068f8a0ae30566e1100f91905ead263\"},\"headline\":\"La figura materna: v\u00ednculo, legado y el vac\u00edo que deja su ausencia\",\"datePublished\":\"2025-10-20T16:31:46+00:00\",\"dateModified\":\"2026-03-27T12:06:01+00:00\",\"mainEntityOfPage\":{\"@id\":\"https:\\\/\\\/barreiropsicologia.com\\\/blog\\\/la-figura-materna-vinculo-legado-y-el-vacio-que-deja-su-ausencia\\\/\"},\"wordCount\":786,\"commentCount\":0,\"image\":{\"@id\":\"https:\\\/\\\/barreiropsicologia.com\\\/blog\\\/la-figura-materna-vinculo-legado-y-el-vacio-que-deja-su-ausencia\\\/#primaryimage\"},\"thumbnailUrl\":\"https:\\\/\\\/barreiropsicologia.com\\\/blog\\\/wp-content\\\/uploads\\\/2025\\\/08\\\/Gemini_Generated_Image_jay0t8jay0t8jay0.png\",\"keywords\":[\"cerebro y mente\",\"educacion\",\"emociones\",\"familia\",\"maternidad\"],\"articleSection\":[\"Estado de \u00e1nimo\"],\"inLanguage\":\"es\",\"potentialAction\":[{\"@type\":\"CommentAction\",\"name\":\"Comment\",\"target\":[\"https:\\\/\\\/barreiropsicologia.com\\\/blog\\\/la-figura-materna-vinculo-legado-y-el-vacio-que-deja-su-ausencia\\\/#respond\"]}]},{\"@type\":\"WebPage\",\"@id\":\"https:\\\/\\\/barreiropsicologia.com\\\/blog\\\/la-figura-materna-vinculo-legado-y-el-vacio-que-deja-su-ausencia\\\/\",\"url\":\"https:\\\/\\\/barreiropsicologia.com\\\/blog\\\/la-figura-materna-vinculo-legado-y-el-vacio-que-deja-su-ausencia\\\/\",\"name\":\"La figura materna: v\u00ednculo, legado y el vac\u00edo que deja su ausencia - Barreiro Psicolog\u00eda Blog\",\"isPartOf\":{\"@id\":\"https:\\\/\\\/barreiropsicologia.com\\\/blog\\\/#website\"},\"primaryImageOfPage\":{\"@id\":\"https:\\\/\\\/barreiropsicologia.com\\\/blog\\\/la-figura-materna-vinculo-legado-y-el-vacio-que-deja-su-ausencia\\\/#primaryimage\"},\"image\":{\"@id\":\"https:\\\/\\\/barreiropsicologia.com\\\/blog\\\/la-figura-materna-vinculo-legado-y-el-vacio-que-deja-su-ausencia\\\/#primaryimage\"},\"thumbnailUrl\":\"https:\\\/\\\/barreiropsicologia.com\\\/blog\\\/wp-content\\\/uploads\\\/2025\\\/08\\\/Gemini_Generated_Image_jay0t8jay0t8jay0.png\",\"datePublished\":\"2025-10-20T16:31:46+00:00\",\"dateModified\":\"2026-03-27T12:06:01+00:00\",\"author\":{\"@id\":\"https:\\\/\\\/barreiropsicologia.com\\\/blog\\\/#\\\/schema\\\/person\\\/6068f8a0ae30566e1100f91905ead263\"},\"description\":\"La figura materna moldea nuestra vida. Explora su impacto emocional, el duelo de su ausencia y el reto del nido vac\u00edo para muchas madres.\",\"breadcrumb\":{\"@id\":\"https:\\\/\\\/barreiropsicologia.com\\\/blog\\\/la-figura-materna-vinculo-legado-y-el-vacio-que-deja-su-ausencia\\\/#breadcrumb\"},\"inLanguage\":\"es\",\"potentialAction\":[{\"@type\":\"ReadAction\",\"target\":[\"https:\\\/\\\/barreiropsicologia.com\\\/blog\\\/la-figura-materna-vinculo-legado-y-el-vacio-que-deja-su-ausencia\\\/\"]}]},{\"@type\":\"ImageObject\",\"inLanguage\":\"es\",\"@id\":\"https:\\\/\\\/barreiropsicologia.com\\\/blog\\\/la-figura-materna-vinculo-legado-y-el-vacio-que-deja-su-ausencia\\\/#primaryimage\",\"url\":\"https:\\\/\\\/barreiropsicologia.com\\\/blog\\\/wp-content\\\/uploads\\\/2025\\\/08\\\/Gemini_Generated_Image_jay0t8jay0t8jay0.png\",\"contentUrl\":\"https:\\\/\\\/barreiropsicologia.com\\\/blog\\\/wp-content\\\/uploads\\\/2025\\\/08\\\/Gemini_Generated_Image_jay0t8jay0t8jay0.png\",\"width\":2048,\"height\":2048,\"caption\":\"figura materna\"},{\"@type\":\"BreadcrumbList\",\"@id\":\"https:\\\/\\\/barreiropsicologia.com\\\/blog\\\/la-figura-materna-vinculo-legado-y-el-vacio-que-deja-su-ausencia\\\/#breadcrumb\",\"itemListElement\":[{\"@type\":\"ListItem\",\"position\":1,\"name\":\"Portada\",\"item\":\"https:\\\/\\\/barreiropsicologia.com\\\/blog\\\/\"},{\"@type\":\"ListItem\",\"position\":2,\"name\":\"La figura materna: v\u00ednculo, legado y el vac\u00edo que deja su ausencia\"}]},{\"@type\":\"WebSite\",\"@id\":\"https:\\\/\\\/barreiropsicologia.com\\\/blog\\\/#website\",\"url\":\"https:\\\/\\\/barreiropsicologia.com\\\/blog\\\/\",\"name\":\"Blog de psicolog\u00eda\",\"description\":\"Barreiro Psicolog\u00eda Blog\",\"potentialAction\":[{\"@type\":\"SearchAction\",\"target\":{\"@type\":\"EntryPoint\",\"urlTemplate\":\"https:\\\/\\\/barreiropsicologia.com\\\/blog\\\/?s={search_term_string}\"},\"query-input\":{\"@type\":\"PropertyValueSpecification\",\"valueRequired\":true,\"valueName\":\"search_term_string\"}}],\"inLanguage\":\"es\"},{\"@type\":\"Person\",\"@id\":\"https:\\\/\\\/barreiropsicologia.com\\\/blog\\\/#\\\/schema\\\/person\\\/6068f8a0ae30566e1100f91905ead263\",\"name\":\"Javier Barreiro\",\"image\":{\"@type\":\"ImageObject\",\"inLanguage\":\"es\",\"@id\":\"https:\\\/\\\/secure.gravatar.com\\\/avatar\\\/ba2dc692a18d0909a9544d2d12c67449129af0c5441c8732f319a1ae7ae701b0?s=96&d=mm&r=g\",\"url\":\"https:\\\/\\\/secure.gravatar.com\\\/avatar\\\/ba2dc692a18d0909a9544d2d12c67449129af0c5441c8732f319a1ae7ae701b0?s=96&d=mm&r=g\",\"contentUrl\":\"https:\\\/\\\/secure.gravatar.com\\\/avatar\\\/ba2dc692a18d0909a9544d2d12c67449129af0c5441c8732f319a1ae7ae701b0?s=96&d=mm&r=g\",\"caption\":\"Javier Barreiro\"},\"description\":\"Javier Barreiro Santamarta es Licenciado en Psicolog\u00eda por la Universidad de Salamanca, Psic\u00f3logo General Sanitario en Salamanca colegiado n\u00ba CL-3735. M\u00e1ster en Psicolog\u00eda Cl\u00ednica cognitivo-conductual, M\u00e1ster en Terapia Breve Centrada en Soluciones y M\u00e1ster en Recursos Humanos.\",\"sameAs\":[\"https:\\\/\\\/www.facebook.com\\\/psicologossalamanca\\\/\",\"https:\\\/\\\/www.instagram.com\\\/barreiro.psi\",\"https:\\\/\\\/ar.linkedin.com\\\/in\\\/javier-barreiro-santamarta-9183b962\",\"https:\\\/\\\/x.com\\\/Barreiro.javier@hotmail.com\"],\"url\":\"https:\\\/\\\/barreiropsicologia.com\\\/blog\\\/author\\\/javier_barreiro\\\/\"}]}<\/script>\n<!-- \/ Yoast SEO plugin. -->","yoast_head_json":{"title":"La figura materna: v\u00ednculo, legado y el vac\u00edo que deja su ausencia - Barreiro Psicolog\u00eda Blog","description":"La figura materna moldea nuestra vida. Explora su impacto emocional, el duelo de su ausencia y el reto del nido vac\u00edo para muchas madres.","robots":{"index":"index","follow":"follow","max-snippet":"max-snippet:-1","max-image-preview":"max-image-preview:large","max-video-preview":"max-video-preview:-1"},"canonical":"https:\/\/barreiropsicologia.com\/blog\/la-figura-materna-vinculo-legado-y-el-vacio-que-deja-su-ausencia\/","og_locale":"es_ES","og_type":"article","og_title":"La figura materna: v\u00ednculo, legado y el vac\u00edo que deja su ausencia - Barreiro Psicolog\u00eda Blog","og_description":"La figura materna moldea nuestra vida. Explora su impacto emocional, el duelo de su ausencia y el reto del nido vac\u00edo para muchas madres.","og_url":"https:\/\/barreiropsicologia.com\/blog\/la-figura-materna-vinculo-legado-y-el-vacio-que-deja-su-ausencia\/","og_site_name":"Blog de psicolog\u00eda","article_publisher":"https:\/\/www.facebook.com\/psicologossalamanca\/","article_author":"https:\/\/www.facebook.com\/psicologossalamanca\/","article_published_time":"2025-10-20T16:31:46+00:00","article_modified_time":"2026-03-27T12:06:01+00:00","og_image":[{"width":1024,"height":1024,"url":"https:\/\/barreiropsicologia.com\/blog\/wp-content\/uploads\/2025\/08\/Gemini_Generated_Image_jay0t8jay0t8jay0-1024x1024.png","type":"image\/png"}],"author":"Javier Barreiro","twitter_card":"summary_large_image","twitter_creator":"@Barreiro.javier@hotmail.com","twitter_site":"@Barreiro_Psi","twitter_misc":{"Escrito por":"Javier Barreiro","Tiempo de lectura":"4 minutos"},"schema":{"@context":"https:\/\/schema.org","@graph":[{"@type":"Article","@id":"https:\/\/barreiropsicologia.com\/blog\/la-figura-materna-vinculo-legado-y-el-vacio-que-deja-su-ausencia\/#article","isPartOf":{"@id":"https:\/\/barreiropsicologia.com\/blog\/la-figura-materna-vinculo-legado-y-el-vacio-que-deja-su-ausencia\/"},"author":{"name":"Javier Barreiro","@id":"https:\/\/barreiropsicologia.com\/blog\/#\/schema\/person\/6068f8a0ae30566e1100f91905ead263"},"headline":"La figura materna: v\u00ednculo, legado y el vac\u00edo que deja su ausencia","datePublished":"2025-10-20T16:31:46+00:00","dateModified":"2026-03-27T12:06:01+00:00","mainEntityOfPage":{"@id":"https:\/\/barreiropsicologia.com\/blog\/la-figura-materna-vinculo-legado-y-el-vacio-que-deja-su-ausencia\/"},"wordCount":786,"commentCount":0,"image":{"@id":"https:\/\/barreiropsicologia.com\/blog\/la-figura-materna-vinculo-legado-y-el-vacio-que-deja-su-ausencia\/#primaryimage"},"thumbnailUrl":"https:\/\/barreiropsicologia.com\/blog\/wp-content\/uploads\/2025\/08\/Gemini_Generated_Image_jay0t8jay0t8jay0.png","keywords":["cerebro y mente","educacion","emociones","familia","maternidad"],"articleSection":["Estado de \u00e1nimo"],"inLanguage":"es","potentialAction":[{"@type":"CommentAction","name":"Comment","target":["https:\/\/barreiropsicologia.com\/blog\/la-figura-materna-vinculo-legado-y-el-vacio-que-deja-su-ausencia\/#respond"]}]},{"@type":"WebPage","@id":"https:\/\/barreiropsicologia.com\/blog\/la-figura-materna-vinculo-legado-y-el-vacio-que-deja-su-ausencia\/","url":"https:\/\/barreiropsicologia.com\/blog\/la-figura-materna-vinculo-legado-y-el-vacio-que-deja-su-ausencia\/","name":"La figura materna: v\u00ednculo, legado y el vac\u00edo que deja su ausencia - Barreiro Psicolog\u00eda Blog","isPartOf":{"@id":"https:\/\/barreiropsicologia.com\/blog\/#website"},"primaryImageOfPage":{"@id":"https:\/\/barreiropsicologia.com\/blog\/la-figura-materna-vinculo-legado-y-el-vacio-que-deja-su-ausencia\/#primaryimage"},"image":{"@id":"https:\/\/barreiropsicologia.com\/blog\/la-figura-materna-vinculo-legado-y-el-vacio-que-deja-su-ausencia\/#primaryimage"},"thumbnailUrl":"https:\/\/barreiropsicologia.com\/blog\/wp-content\/uploads\/2025\/08\/Gemini_Generated_Image_jay0t8jay0t8jay0.png","datePublished":"2025-10-20T16:31:46+00:00","dateModified":"2026-03-27T12:06:01+00:00","author":{"@id":"https:\/\/barreiropsicologia.com\/blog\/#\/schema\/person\/6068f8a0ae30566e1100f91905ead263"},"description":"La figura materna moldea nuestra vida. Explora su impacto emocional, el duelo de su ausencia y el reto del nido vac\u00edo para muchas madres.","breadcrumb":{"@id":"https:\/\/barreiropsicologia.com\/blog\/la-figura-materna-vinculo-legado-y-el-vacio-que-deja-su-ausencia\/#breadcrumb"},"inLanguage":"es","potentialAction":[{"@type":"ReadAction","target":["https:\/\/barreiropsicologia.com\/blog\/la-figura-materna-vinculo-legado-y-el-vacio-que-deja-su-ausencia\/"]}]},{"@type":"ImageObject","inLanguage":"es","@id":"https:\/\/barreiropsicologia.com\/blog\/la-figura-materna-vinculo-legado-y-el-vacio-que-deja-su-ausencia\/#primaryimage","url":"https:\/\/barreiropsicologia.com\/blog\/wp-content\/uploads\/2025\/08\/Gemini_Generated_Image_jay0t8jay0t8jay0.png","contentUrl":"https:\/\/barreiropsicologia.com\/blog\/wp-content\/uploads\/2025\/08\/Gemini_Generated_Image_jay0t8jay0t8jay0.png","width":2048,"height":2048,"caption":"figura materna"},{"@type":"BreadcrumbList","@id":"https:\/\/barreiropsicologia.com\/blog\/la-figura-materna-vinculo-legado-y-el-vacio-que-deja-su-ausencia\/#breadcrumb","itemListElement":[{"@type":"ListItem","position":1,"name":"Portada","item":"https:\/\/barreiropsicologia.com\/blog\/"},{"@type":"ListItem","position":2,"name":"La figura materna: v\u00ednculo, legado y el vac\u00edo que deja su ausencia"}]},{"@type":"WebSite","@id":"https:\/\/barreiropsicologia.com\/blog\/#website","url":"https:\/\/barreiropsicologia.com\/blog\/","name":"Blog de psicolog\u00eda","description":"Barreiro Psicolog\u00eda Blog","potentialAction":[{"@type":"SearchAction","target":{"@type":"EntryPoint","urlTemplate":"https:\/\/barreiropsicologia.com\/blog\/?s={search_term_string}"},"query-input":{"@type":"PropertyValueSpecification","valueRequired":true,"valueName":"search_term_string"}}],"inLanguage":"es"},{"@type":"Person","@id":"https:\/\/barreiropsicologia.com\/blog\/#\/schema\/person\/6068f8a0ae30566e1100f91905ead263","name":"Javier Barreiro","image":{"@type":"ImageObject","inLanguage":"es","@id":"https:\/\/secure.gravatar.com\/avatar\/ba2dc692a18d0909a9544d2d12c67449129af0c5441c8732f319a1ae7ae701b0?s=96&d=mm&r=g","url":"https:\/\/secure.gravatar.com\/avatar\/ba2dc692a18d0909a9544d2d12c67449129af0c5441c8732f319a1ae7ae701b0?s=96&d=mm&r=g","contentUrl":"https:\/\/secure.gravatar.com\/avatar\/ba2dc692a18d0909a9544d2d12c67449129af0c5441c8732f319a1ae7ae701b0?s=96&d=mm&r=g","caption":"Javier Barreiro"},"description":"Javier Barreiro Santamarta es Licenciado en Psicolog\u00eda por la Universidad de Salamanca, Psic\u00f3logo General Sanitario en Salamanca colegiado n\u00ba CL-3735. M\u00e1ster en Psicolog\u00eda Cl\u00ednica cognitivo-conductual, M\u00e1ster en Terapia Breve Centrada en Soluciones y M\u00e1ster en Recursos Humanos.","sameAs":["https:\/\/www.facebook.com\/psicologossalamanca\/","https:\/\/www.instagram.com\/barreiro.psi","https:\/\/ar.linkedin.com\/in\/javier-barreiro-santamarta-9183b962","https:\/\/x.com\/Barreiro.javier@hotmail.com"],"url":"https:\/\/barreiropsicologia.com\/blog\/author\/javier_barreiro\/"}]}},"_links":{"self":[{"href":"https:\/\/barreiropsicologia.com\/blog\/wp-json\/wp\/v2\/posts\/3982","targetHints":{"allow":["GET"]}}],"collection":[{"href":"https:\/\/barreiropsicologia.com\/blog\/wp-json\/wp\/v2\/posts"}],"about":[{"href":"https:\/\/barreiropsicologia.com\/blog\/wp-json\/wp\/v2\/types\/post"}],"author":[{"embeddable":true,"href":"https:\/\/barreiropsicologia.com\/blog\/wp-json\/wp\/v2\/users\/1"}],"replies":[{"embeddable":true,"href":"https:\/\/barreiropsicologia.com\/blog\/wp-json\/wp\/v2\/comments?post=3982"}],"version-history":[{"count":5,"href":"https:\/\/barreiropsicologia.com\/blog\/wp-json\/wp\/v2\/posts\/3982\/revisions"}],"predecessor-version":[{"id":4037,"href":"https:\/\/barreiropsicologia.com\/blog\/wp-json\/wp\/v2\/posts\/3982\/revisions\/4037"}],"wp:featuredmedia":[{"embeddable":true,"href":"https:\/\/barreiropsicologia.com\/blog\/wp-json\/wp\/v2\/media\/3985"}],"wp:attachment":[{"href":"https:\/\/barreiropsicologia.com\/blog\/wp-json\/wp\/v2\/media?parent=3982"}],"wp:term":[{"taxonomy":"category","embeddable":true,"href":"https:\/\/barreiropsicologia.com\/blog\/wp-json\/wp\/v2\/categories?post=3982"},{"taxonomy":"post_tag","embeddable":true,"href":"https:\/\/barreiropsicologia.com\/blog\/wp-json\/wp\/v2\/tags?post=3982"}],"curies":[{"name":"wp","href":"https:\/\/api.w.org\/{rel}","templated":true}]}}