{"id":3986,"date":"2025-10-23T13:29:45","date_gmt":"2025-10-23T11:29:45","guid":{"rendered":"https:\/\/barreiropsicologia.com\/blog\/?p=3986"},"modified":"2026-04-29T19:52:01","modified_gmt":"2026-04-29T17:52:01","slug":"herencia-educativa-lo-que-recibimos-lo-que-transmitimos","status":"publish","type":"post","link":"https:\/\/barreiropsicologia.com\/blog\/herencia-educativa-lo-que-recibimos-lo-que-transmitimos\/","title":{"rendered":"Herencia educativa: lo que recibimos, lo que transmitimos"},"content":{"rendered":"\n<p>Cada familia transmite no solo genes, sino tambi\u00e9n normas, valores, estilos afectivos y maneras de educar. Esta <em>herencia educativa<\/em> se forma a trav\u00e9s de generaciones, y aunque muchas veces es inconsciente, moldea profundamente c\u00f3mo nos relacionamos con nuestros hijos e hijas.<br>En este art\u00edculo reflexionamos sobre c\u00f3mo influye la educaci\u00f3n que recibimos, por qu\u00e9 intentamos a veces romper con ese modelo, y c\u00f3mo el lugar que ocupa cada hijo en la familia puede modificar el estilo educativo aplicado.<\/p>\n\n\n\n<h2 class=\"wp-block-heading\">\u00bfReproducimos el modelo o lo transformamos?<\/h2>\n\n\n\n<p>Seg\u00fan la <strong>teor\u00eda del aprendizaje social de Bandura (1977)<\/strong>, aprendemos observando e imitando los comportamientos de figuras significativas. Los padres y madres suelen reproducir pautas educativas aprendidas durante su propia infancia porque son el modelo m\u00e1s internalizado.<br>Sin embargo, muchas personas deciden romper con ese patr\u00f3n, especialmente cuando la experiencia fue dolorosa o percibida como injusta. Este fen\u00f3meno se denomina a veces \u00ab<em>ruptura generacional<\/em>\u00bb o \u00ab<em>revoluci\u00f3n educativa interna<\/em>\u00ab.<\/p>\n\n\n\n<blockquote class=\"wp-block-quote is-layout-flow wp-block-quote-is-layout-flow\">\n<p><em>\u201cNo quiero que mis hijos pasen por lo que yo viv\u00ed\u201d es una frase que impulsa muchos procesos de cambio consciente.<\/em><\/p>\n<\/blockquote>\n\n\n\n<p>Ahora bien, sin una revisi\u00f3n profunda, corremos el riesgo de movernos en un p\u00e9ndulo: pasar del autoritarismo a la permisividad extrema, sin encontrar un equilibrio.<\/p>\n\n\n\n<h2 class=\"wp-block-heading\">El legado emocional: m\u00e1s all\u00e1 de normas y rutinas<\/h2>\n\n\n\n<p>La <strong>teor\u00eda del apego de Bowlby (1969)<\/strong> nos muestra c\u00f3mo las primeras relaciones vinculares forman un modelo interno de referencia sobre c\u00f3mo amar, cuidar y relacionarse. Esta base emocional tambi\u00e9n se hereda y, si no se revisa, tiende a repetirse.<\/p>\n\n\n\n<p>Ejemplos comunes:<\/p>\n\n\n\n<ul class=\"wp-block-list\">\n<li>Padres poco expresivos emocionalmente que luego cr\u00edan hijos sin espacios para hablar de sentimientos.<\/li>\n\n\n\n<li>Madres sobreprotectoras que perpet\u00faan el miedo y la inseguridad sin pretenderlo.<\/li>\n<\/ul>\n\n\n\n<p>Este legado emocional puede ser invisible pero poderoso. Incluso cuando cambiamos las formas externas, el fondo afectivo puede seguir cargado de inseguridades, miedos o necesidades no resueltas.<\/p>\n\n\n\n<h2 class=\"wp-block-heading\">El orden de nacimiento: una variable que pesa en la herencia educativa<\/h2>\n\n\n\n<p>Desde la <strong>teor\u00eda de roles familiares<\/strong> y estudios como los de <strong>Alfred Adler<\/strong>, se ha observado que el orden de nacimiento influye en la forma en que los padres educan, as\u00ed como en la percepci\u00f3n y comportamiento de los hijos.<\/p>\n\n\n\n<ul class=\"wp-block-list\">\n<li>El <strong>primog\u00e9nito<\/strong> suele recibir m\u00e1s atenci\u00f3n, m\u00e1s control y m\u00e1s expectativas. Tambi\u00e9n es el hijo \u00abcon el que se aprende a ser padre o madre\u00bb.<\/li>\n\n\n\n<li>El <strong>segundo o tercero<\/strong> suele beneficiarse de una mayor flexibilidad, ya que los adultos ya no viven con tanta ansiedad cada decisi\u00f3n.<\/li>\n\n\n\n<li>En muchos casos, los menores asumen roles m\u00e1s libres o buscan destacar por v\u00edas distintas al mayor (humor, creatividad, rebeld\u00eda&#8230;).<\/li>\n<\/ul>\n\n\n\n<p>Esto no es una regla r\u00edgida, pero s\u00ed una din\u00e1mica que muchas familias reconocen al observar sus propias interacciones.<\/p>\n\n\n\n<h2 class=\"wp-block-heading\">Claves para una educaci\u00f3n consciente<\/h2>\n\n\n\n<p><strong>Desde un enfoque sist\u00e9mico familiar<\/strong>, lo importante para la herencia educativa, no es buscar una f\u00f3rmula perfecta, sino hacer conscientes las din\u00e1micas que hemos heredado y decidir qu\u00e9 queremos conservar, ajustar o soltar.<\/p>\n\n\n\n<p>Algunas ideas pr\u00e1cticas:<\/p>\n\n\n\n<ul class=\"wp-block-list\">\n<li><strong>Explora tu historia educativa<\/strong>: \u00bfQu\u00e9 hac\u00edan tus padres que te dol\u00eda? \u00bfQu\u00e9 te ayud\u00f3? \u00bfQu\u00e9 tiendes a repetir?<\/li>\n\n\n\n<li><strong>Habla con tu pareja o entorno<\/strong> sobre las diferencias educativas que observ\u00e1is. El di\u00e1logo permite evitar choques inconscientes.<\/li>\n\n\n\n<li><strong>Tolera la imperfecci\u00f3n<\/strong>: educar tambi\u00e9n es equivocarse, rectificar y crecer junto a los hijos.<\/li>\n\n\n\n<li><strong>Adapta tu estilo a cada ni\u00f1o<\/strong>: no todos necesitan lo mismo, y eso no significa que lo hagas mal, sino que educas desde la sensibilidad y la presencia.<\/li>\n<\/ul>\n\n\n\n<h2 class=\"wp-block-heading\">Conclusiones sobre la herencia educativa<\/h2>\n\n\n\n<p>La herencia educativa no es una condena, pero s\u00ed una influencia poderosa. Hacer consciente lo que traemos de nuestra propia infancia nos permite romper con automatismos y criar desde un lugar m\u00e1s libre, m\u00e1s flexible y m\u00e1s humano.<br>Educar no es borrar el pasado, sino construir desde \u00e9l, eligiendo qu\u00e9 legado queremos dejar.<\/p>\n\n\n\n<hr class=\"wp-block-separator has-alpha-channel-opacity\"\/>\n\n\n\n<p><strong>Tambi\u00e9n te pueden interesar los art\u00edculos: <\/strong><\/p>\n\n\n\n<ul class=\"wp-block-list\">\n<li><a href=\"https:\/\/barreiropsicologia.com\/blog\/la-figura-materna-vinculo-legado-y-el-vacio-que-deja-su-ausencia\/\">La figura materna<\/a><\/li>\n\n\n\n<li><a href=\"https:\/\/barreiropsicologia.com\/blog\/cuando-el-dia-de-la-madre-duele-como-sobrellevar-el-impacto-emocional-de-una-fecha-simbolica\/\">Cuando el d\u00eda de la madre duele<\/a><\/li>\n<\/ul>\n\n\n\n<p><\/p>\n","protected":false},"excerpt":{"rendered":"<p>Cada familia transmite no solo genes, sino tambi\u00e9n normas, valores, estilos afectivos y maneras de educar. Esta herencia educativa se forma a trav\u00e9s de generaciones, y aunque muchas veces es inconsciente, moldea profundamente c\u00f3mo nos relacionamos con nuestros hijos e&#46;&#46;&#46;<\/p>\n","protected":false},"author":1,"featured_media":4043,"comment_status":"open","ping_status":"open","sticky":false,"template":"","format":"standard","meta":{"footnotes":""},"categories":[841],"tags":[750,696,184,744],"class_list":["post-3986","post","type-post","status-publish","format-standard","has-post-thumbnail","hentry","category-relaciones-vinculos","tag-educacion","tag-emociones","tag-familia","tag-maternidad"],"yoast_head":"<!-- This site is optimized with the Yoast SEO plugin v27.3 - https:\/\/yoast.com\/product\/yoast-seo-wordpress\/ -->\n<title>Herencia educativa: lo que recibimos, lo que transmitimos - Barreiro Psicolog\u00eda Blog<\/title>\n<meta name=\"description\" content=\"\u00bfEducamos como nos educaron o intentamos romper con ese modelo? Descubre c\u00f3mo influye la herencia educativa en nuestra crianza.\" \/>\n<meta name=\"robots\" content=\"index, follow, max-snippet:-1, max-image-preview:large, max-video-preview:-1\" \/>\n<link rel=\"canonical\" href=\"https:\/\/barreiropsicologia.com\/blog\/herencia-educativa-lo-que-recibimos-lo-que-transmitimos\/\" \/>\n<meta property=\"og:locale\" content=\"es_ES\" \/>\n<meta property=\"og:type\" content=\"article\" \/>\n<meta property=\"og:title\" content=\"Herencia educativa: lo que recibimos, lo que transmitimos - Barreiro Psicolog\u00eda Blog\" \/>\n<meta property=\"og:description\" content=\"\u00bfEducamos como nos educaron o intentamos romper con ese modelo? Descubre c\u00f3mo influye la herencia educativa en nuestra crianza.\" \/>\n<meta property=\"og:url\" content=\"https:\/\/barreiropsicologia.com\/blog\/herencia-educativa-lo-que-recibimos-lo-que-transmitimos\/\" \/>\n<meta property=\"og:site_name\" content=\"Blog de psicolog\u00eda\" \/>\n<meta property=\"article:publisher\" content=\"https:\/\/www.facebook.com\/psicologossalamanca\/\" \/>\n<meta property=\"article:author\" content=\"https:\/\/www.facebook.com\/psicologossalamanca\/\" \/>\n<meta property=\"article:published_time\" content=\"2025-10-23T11:29:45+00:00\" \/>\n<meta property=\"article:modified_time\" content=\"2026-04-29T17:52:01+00:00\" \/>\n<meta property=\"og:image\" content=\"https:\/\/barreiropsicologia.com\/blog\/wp-content\/uploads\/2025\/08\/ChatGPT-Image-23-oct-2025-13_26_13-1024x683.png\" \/>\n\t<meta property=\"og:image:width\" content=\"1024\" \/>\n\t<meta property=\"og:image:height\" content=\"683\" \/>\n\t<meta property=\"og:image:type\" content=\"image\/png\" \/>\n<meta name=\"author\" content=\"Javier Barreiro\" \/>\n<meta name=\"twitter:card\" content=\"summary_large_image\" \/>\n<meta name=\"twitter:creator\" content=\"@Barreiro.javier@hotmail.com\" \/>\n<meta name=\"twitter:site\" content=\"@Barreiro_Psi\" \/>\n<meta name=\"twitter:label1\" content=\"Escrito por\" \/>\n\t<meta name=\"twitter:data1\" content=\"Javier Barreiro\" \/>\n\t<meta name=\"twitter:label2\" content=\"Tiempo de lectura\" \/>\n\t<meta name=\"twitter:data2\" content=\"4 minutos\" \/>\n<script type=\"application\/ld+json\" class=\"yoast-schema-graph\">{\"@context\":\"https:\\\/\\\/schema.org\",\"@graph\":[{\"@type\":\"Article\",\"@id\":\"https:\\\/\\\/barreiropsicologia.com\\\/blog\\\/herencia-educativa-lo-que-recibimos-lo-que-transmitimos\\\/#article\",\"isPartOf\":{\"@id\":\"https:\\\/\\\/barreiropsicologia.com\\\/blog\\\/herencia-educativa-lo-que-recibimos-lo-que-transmitimos\\\/\"},\"author\":{\"name\":\"Javier Barreiro\",\"@id\":\"https:\\\/\\\/barreiropsicologia.com\\\/blog\\\/#\\\/schema\\\/person\\\/6068f8a0ae30566e1100f91905ead263\"},\"headline\":\"Herencia educativa: lo que recibimos, lo que transmitimos\",\"datePublished\":\"2025-10-23T11:29:45+00:00\",\"dateModified\":\"2026-04-29T17:52:01+00:00\",\"mainEntityOfPage\":{\"@id\":\"https:\\\/\\\/barreiropsicologia.com\\\/blog\\\/herencia-educativa-lo-que-recibimos-lo-que-transmitimos\\\/\"},\"wordCount\":692,\"commentCount\":0,\"image\":{\"@id\":\"https:\\\/\\\/barreiropsicologia.com\\\/blog\\\/herencia-educativa-lo-que-recibimos-lo-que-transmitimos\\\/#primaryimage\"},\"thumbnailUrl\":\"https:\\\/\\\/barreiropsicologia.com\\\/blog\\\/wp-content\\\/uploads\\\/2025\\\/08\\\/ChatGPT-Image-23-oct-2025-13_26_13.png\",\"keywords\":[\"educacion\",\"emociones\",\"familia\",\"maternidad\"],\"articleSection\":[\"Relaciones y v\u00ednculos\"],\"inLanguage\":\"es\",\"potentialAction\":[{\"@type\":\"CommentAction\",\"name\":\"Comment\",\"target\":[\"https:\\\/\\\/barreiropsicologia.com\\\/blog\\\/herencia-educativa-lo-que-recibimos-lo-que-transmitimos\\\/#respond\"]}]},{\"@type\":\"WebPage\",\"@id\":\"https:\\\/\\\/barreiropsicologia.com\\\/blog\\\/herencia-educativa-lo-que-recibimos-lo-que-transmitimos\\\/\",\"url\":\"https:\\\/\\\/barreiropsicologia.com\\\/blog\\\/herencia-educativa-lo-que-recibimos-lo-que-transmitimos\\\/\",\"name\":\"Herencia educativa: lo que recibimos, lo que transmitimos - Barreiro Psicolog\u00eda Blog\",\"isPartOf\":{\"@id\":\"https:\\\/\\\/barreiropsicologia.com\\\/blog\\\/#website\"},\"primaryImageOfPage\":{\"@id\":\"https:\\\/\\\/barreiropsicologia.com\\\/blog\\\/herencia-educativa-lo-que-recibimos-lo-que-transmitimos\\\/#primaryimage\"},\"image\":{\"@id\":\"https:\\\/\\\/barreiropsicologia.com\\\/blog\\\/herencia-educativa-lo-que-recibimos-lo-que-transmitimos\\\/#primaryimage\"},\"thumbnailUrl\":\"https:\\\/\\\/barreiropsicologia.com\\\/blog\\\/wp-content\\\/uploads\\\/2025\\\/08\\\/ChatGPT-Image-23-oct-2025-13_26_13.png\",\"datePublished\":\"2025-10-23T11:29:45+00:00\",\"dateModified\":\"2026-04-29T17:52:01+00:00\",\"author\":{\"@id\":\"https:\\\/\\\/barreiropsicologia.com\\\/blog\\\/#\\\/schema\\\/person\\\/6068f8a0ae30566e1100f91905ead263\"},\"description\":\"\u00bfEducamos como nos educaron o intentamos romper con ese modelo? Descubre c\u00f3mo influye la herencia educativa en nuestra crianza.\",\"breadcrumb\":{\"@id\":\"https:\\\/\\\/barreiropsicologia.com\\\/blog\\\/herencia-educativa-lo-que-recibimos-lo-que-transmitimos\\\/#breadcrumb\"},\"inLanguage\":\"es\",\"potentialAction\":[{\"@type\":\"ReadAction\",\"target\":[\"https:\\\/\\\/barreiropsicologia.com\\\/blog\\\/herencia-educativa-lo-que-recibimos-lo-que-transmitimos\\\/\"]}]},{\"@type\":\"ImageObject\",\"inLanguage\":\"es\",\"@id\":\"https:\\\/\\\/barreiropsicologia.com\\\/blog\\\/herencia-educativa-lo-que-recibimos-lo-que-transmitimos\\\/#primaryimage\",\"url\":\"https:\\\/\\\/barreiropsicologia.com\\\/blog\\\/wp-content\\\/uploads\\\/2025\\\/08\\\/ChatGPT-Image-23-oct-2025-13_26_13.png\",\"contentUrl\":\"https:\\\/\\\/barreiropsicologia.com\\\/blog\\\/wp-content\\\/uploads\\\/2025\\\/08\\\/ChatGPT-Image-23-oct-2025-13_26_13.png\",\"width\":1536,\"height\":1024,\"caption\":\"herencia educativa\"},{\"@type\":\"BreadcrumbList\",\"@id\":\"https:\\\/\\\/barreiropsicologia.com\\\/blog\\\/herencia-educativa-lo-que-recibimos-lo-que-transmitimos\\\/#breadcrumb\",\"itemListElement\":[{\"@type\":\"ListItem\",\"position\":1,\"name\":\"Portada\",\"item\":\"https:\\\/\\\/barreiropsicologia.com\\\/blog\\\/\"},{\"@type\":\"ListItem\",\"position\":2,\"name\":\"Herencia educativa: lo que recibimos, lo que transmitimos\"}]},{\"@type\":\"WebSite\",\"@id\":\"https:\\\/\\\/barreiropsicologia.com\\\/blog\\\/#website\",\"url\":\"https:\\\/\\\/barreiropsicologia.com\\\/blog\\\/\",\"name\":\"Blog de psicolog\u00eda\",\"description\":\"Barreiro Psicolog\u00eda Blog\",\"potentialAction\":[{\"@type\":\"SearchAction\",\"target\":{\"@type\":\"EntryPoint\",\"urlTemplate\":\"https:\\\/\\\/barreiropsicologia.com\\\/blog\\\/?s={search_term_string}\"},\"query-input\":{\"@type\":\"PropertyValueSpecification\",\"valueRequired\":true,\"valueName\":\"search_term_string\"}}],\"inLanguage\":\"es\"},{\"@type\":\"Person\",\"@id\":\"https:\\\/\\\/barreiropsicologia.com\\\/blog\\\/#\\\/schema\\\/person\\\/6068f8a0ae30566e1100f91905ead263\",\"name\":\"Javier Barreiro\",\"image\":{\"@type\":\"ImageObject\",\"inLanguage\":\"es\",\"@id\":\"https:\\\/\\\/secure.gravatar.com\\\/avatar\\\/ba2dc692a18d0909a9544d2d12c67449129af0c5441c8732f319a1ae7ae701b0?s=96&d=mm&r=g\",\"url\":\"https:\\\/\\\/secure.gravatar.com\\\/avatar\\\/ba2dc692a18d0909a9544d2d12c67449129af0c5441c8732f319a1ae7ae701b0?s=96&d=mm&r=g\",\"contentUrl\":\"https:\\\/\\\/secure.gravatar.com\\\/avatar\\\/ba2dc692a18d0909a9544d2d12c67449129af0c5441c8732f319a1ae7ae701b0?s=96&d=mm&r=g\",\"caption\":\"Javier Barreiro\"},\"description\":\"Javier Barreiro Santamarta es Licenciado en Psicolog\u00eda por la Universidad de Salamanca, Psic\u00f3logo General Sanitario en Salamanca colegiado n\u00ba CL-3735. M\u00e1ster en Psicolog\u00eda Cl\u00ednica cognitivo-conductual, M\u00e1ster en Terapia Breve Centrada en Soluciones y M\u00e1ster en Recursos Humanos.\",\"sameAs\":[\"https:\\\/\\\/www.facebook.com\\\/psicologossalamanca\\\/\",\"https:\\\/\\\/www.instagram.com\\\/barreiro.psi\",\"https:\\\/\\\/ar.linkedin.com\\\/in\\\/javier-barreiro-santamarta-9183b962\",\"https:\\\/\\\/x.com\\\/Barreiro.javier@hotmail.com\"],\"url\":\"https:\\\/\\\/barreiropsicologia.com\\\/blog\\\/author\\\/javier_barreiro\\\/\"}]}<\/script>\n<!-- \/ Yoast SEO plugin. -->","yoast_head_json":{"title":"Herencia educativa: lo que recibimos, lo que transmitimos - Barreiro Psicolog\u00eda Blog","description":"\u00bfEducamos como nos educaron o intentamos romper con ese modelo? Descubre c\u00f3mo influye la herencia educativa en nuestra crianza.","robots":{"index":"index","follow":"follow","max-snippet":"max-snippet:-1","max-image-preview":"max-image-preview:large","max-video-preview":"max-video-preview:-1"},"canonical":"https:\/\/barreiropsicologia.com\/blog\/herencia-educativa-lo-que-recibimos-lo-que-transmitimos\/","og_locale":"es_ES","og_type":"article","og_title":"Herencia educativa: lo que recibimos, lo que transmitimos - Barreiro Psicolog\u00eda Blog","og_description":"\u00bfEducamos como nos educaron o intentamos romper con ese modelo? Descubre c\u00f3mo influye la herencia educativa en nuestra crianza.","og_url":"https:\/\/barreiropsicologia.com\/blog\/herencia-educativa-lo-que-recibimos-lo-que-transmitimos\/","og_site_name":"Blog de psicolog\u00eda","article_publisher":"https:\/\/www.facebook.com\/psicologossalamanca\/","article_author":"https:\/\/www.facebook.com\/psicologossalamanca\/","article_published_time":"2025-10-23T11:29:45+00:00","article_modified_time":"2026-04-29T17:52:01+00:00","og_image":[{"width":1024,"height":683,"url":"https:\/\/barreiropsicologia.com\/blog\/wp-content\/uploads\/2025\/08\/ChatGPT-Image-23-oct-2025-13_26_13-1024x683.png","type":"image\/png"}],"author":"Javier Barreiro","twitter_card":"summary_large_image","twitter_creator":"@Barreiro.javier@hotmail.com","twitter_site":"@Barreiro_Psi","twitter_misc":{"Escrito por":"Javier Barreiro","Tiempo de lectura":"4 minutos"},"schema":{"@context":"https:\/\/schema.org","@graph":[{"@type":"Article","@id":"https:\/\/barreiropsicologia.com\/blog\/herencia-educativa-lo-que-recibimos-lo-que-transmitimos\/#article","isPartOf":{"@id":"https:\/\/barreiropsicologia.com\/blog\/herencia-educativa-lo-que-recibimos-lo-que-transmitimos\/"},"author":{"name":"Javier Barreiro","@id":"https:\/\/barreiropsicologia.com\/blog\/#\/schema\/person\/6068f8a0ae30566e1100f91905ead263"},"headline":"Herencia educativa: lo que recibimos, lo que transmitimos","datePublished":"2025-10-23T11:29:45+00:00","dateModified":"2026-04-29T17:52:01+00:00","mainEntityOfPage":{"@id":"https:\/\/barreiropsicologia.com\/blog\/herencia-educativa-lo-que-recibimos-lo-que-transmitimos\/"},"wordCount":692,"commentCount":0,"image":{"@id":"https:\/\/barreiropsicologia.com\/blog\/herencia-educativa-lo-que-recibimos-lo-que-transmitimos\/#primaryimage"},"thumbnailUrl":"https:\/\/barreiropsicologia.com\/blog\/wp-content\/uploads\/2025\/08\/ChatGPT-Image-23-oct-2025-13_26_13.png","keywords":["educacion","emociones","familia","maternidad"],"articleSection":["Relaciones y v\u00ednculos"],"inLanguage":"es","potentialAction":[{"@type":"CommentAction","name":"Comment","target":["https:\/\/barreiropsicologia.com\/blog\/herencia-educativa-lo-que-recibimos-lo-que-transmitimos\/#respond"]}]},{"@type":"WebPage","@id":"https:\/\/barreiropsicologia.com\/blog\/herencia-educativa-lo-que-recibimos-lo-que-transmitimos\/","url":"https:\/\/barreiropsicologia.com\/blog\/herencia-educativa-lo-que-recibimos-lo-que-transmitimos\/","name":"Herencia educativa: lo que recibimos, lo que transmitimos - Barreiro Psicolog\u00eda Blog","isPartOf":{"@id":"https:\/\/barreiropsicologia.com\/blog\/#website"},"primaryImageOfPage":{"@id":"https:\/\/barreiropsicologia.com\/blog\/herencia-educativa-lo-que-recibimos-lo-que-transmitimos\/#primaryimage"},"image":{"@id":"https:\/\/barreiropsicologia.com\/blog\/herencia-educativa-lo-que-recibimos-lo-que-transmitimos\/#primaryimage"},"thumbnailUrl":"https:\/\/barreiropsicologia.com\/blog\/wp-content\/uploads\/2025\/08\/ChatGPT-Image-23-oct-2025-13_26_13.png","datePublished":"2025-10-23T11:29:45+00:00","dateModified":"2026-04-29T17:52:01+00:00","author":{"@id":"https:\/\/barreiropsicologia.com\/blog\/#\/schema\/person\/6068f8a0ae30566e1100f91905ead263"},"description":"\u00bfEducamos como nos educaron o intentamos romper con ese modelo? Descubre c\u00f3mo influye la herencia educativa en nuestra crianza.","breadcrumb":{"@id":"https:\/\/barreiropsicologia.com\/blog\/herencia-educativa-lo-que-recibimos-lo-que-transmitimos\/#breadcrumb"},"inLanguage":"es","potentialAction":[{"@type":"ReadAction","target":["https:\/\/barreiropsicologia.com\/blog\/herencia-educativa-lo-que-recibimos-lo-que-transmitimos\/"]}]},{"@type":"ImageObject","inLanguage":"es","@id":"https:\/\/barreiropsicologia.com\/blog\/herencia-educativa-lo-que-recibimos-lo-que-transmitimos\/#primaryimage","url":"https:\/\/barreiropsicologia.com\/blog\/wp-content\/uploads\/2025\/08\/ChatGPT-Image-23-oct-2025-13_26_13.png","contentUrl":"https:\/\/barreiropsicologia.com\/blog\/wp-content\/uploads\/2025\/08\/ChatGPT-Image-23-oct-2025-13_26_13.png","width":1536,"height":1024,"caption":"herencia educativa"},{"@type":"BreadcrumbList","@id":"https:\/\/barreiropsicologia.com\/blog\/herencia-educativa-lo-que-recibimos-lo-que-transmitimos\/#breadcrumb","itemListElement":[{"@type":"ListItem","position":1,"name":"Portada","item":"https:\/\/barreiropsicologia.com\/blog\/"},{"@type":"ListItem","position":2,"name":"Herencia educativa: lo que recibimos, lo que transmitimos"}]},{"@type":"WebSite","@id":"https:\/\/barreiropsicologia.com\/blog\/#website","url":"https:\/\/barreiropsicologia.com\/blog\/","name":"Blog de psicolog\u00eda","description":"Barreiro Psicolog\u00eda Blog","potentialAction":[{"@type":"SearchAction","target":{"@type":"EntryPoint","urlTemplate":"https:\/\/barreiropsicologia.com\/blog\/?s={search_term_string}"},"query-input":{"@type":"PropertyValueSpecification","valueRequired":true,"valueName":"search_term_string"}}],"inLanguage":"es"},{"@type":"Person","@id":"https:\/\/barreiropsicologia.com\/blog\/#\/schema\/person\/6068f8a0ae30566e1100f91905ead263","name":"Javier Barreiro","image":{"@type":"ImageObject","inLanguage":"es","@id":"https:\/\/secure.gravatar.com\/avatar\/ba2dc692a18d0909a9544d2d12c67449129af0c5441c8732f319a1ae7ae701b0?s=96&d=mm&r=g","url":"https:\/\/secure.gravatar.com\/avatar\/ba2dc692a18d0909a9544d2d12c67449129af0c5441c8732f319a1ae7ae701b0?s=96&d=mm&r=g","contentUrl":"https:\/\/secure.gravatar.com\/avatar\/ba2dc692a18d0909a9544d2d12c67449129af0c5441c8732f319a1ae7ae701b0?s=96&d=mm&r=g","caption":"Javier Barreiro"},"description":"Javier Barreiro Santamarta es Licenciado en Psicolog\u00eda por la Universidad de Salamanca, Psic\u00f3logo General Sanitario en Salamanca colegiado n\u00ba CL-3735. M\u00e1ster en Psicolog\u00eda Cl\u00ednica cognitivo-conductual, M\u00e1ster en Terapia Breve Centrada en Soluciones y M\u00e1ster en Recursos Humanos.","sameAs":["https:\/\/www.facebook.com\/psicologossalamanca\/","https:\/\/www.instagram.com\/barreiro.psi","https:\/\/ar.linkedin.com\/in\/javier-barreiro-santamarta-9183b962","https:\/\/x.com\/Barreiro.javier@hotmail.com"],"url":"https:\/\/barreiropsicologia.com\/blog\/author\/javier_barreiro\/"}]}},"_links":{"self":[{"href":"https:\/\/barreiropsicologia.com\/blog\/wp-json\/wp\/v2\/posts\/3986","targetHints":{"allow":["GET"]}}],"collection":[{"href":"https:\/\/barreiropsicologia.com\/blog\/wp-json\/wp\/v2\/posts"}],"about":[{"href":"https:\/\/barreiropsicologia.com\/blog\/wp-json\/wp\/v2\/types\/post"}],"author":[{"embeddable":true,"href":"https:\/\/barreiropsicologia.com\/blog\/wp-json\/wp\/v2\/users\/1"}],"replies":[{"embeddable":true,"href":"https:\/\/barreiropsicologia.com\/blog\/wp-json\/wp\/v2\/comments?post=3986"}],"version-history":[{"count":5,"href":"https:\/\/barreiropsicologia.com\/blog\/wp-json\/wp\/v2\/posts\/3986\/revisions"}],"predecessor-version":[{"id":4044,"href":"https:\/\/barreiropsicologia.com\/blog\/wp-json\/wp\/v2\/posts\/3986\/revisions\/4044"}],"wp:featuredmedia":[{"embeddable":true,"href":"https:\/\/barreiropsicologia.com\/blog\/wp-json\/wp\/v2\/media\/4043"}],"wp:attachment":[{"href":"https:\/\/barreiropsicologia.com\/blog\/wp-json\/wp\/v2\/media?parent=3986"}],"wp:term":[{"taxonomy":"category","embeddable":true,"href":"https:\/\/barreiropsicologia.com\/blog\/wp-json\/wp\/v2\/categories?post=3986"},{"taxonomy":"post_tag","embeddable":true,"href":"https:\/\/barreiropsicologia.com\/blog\/wp-json\/wp\/v2\/tags?post=3986"}],"curies":[{"name":"wp","href":"https:\/\/api.w.org\/{rel}","templated":true}]}}