{"id":4021,"date":"2025-10-06T14:11:35","date_gmt":"2025-10-06T12:11:35","guid":{"rendered":"https:\/\/barreiropsicologia.com\/blog\/?p=4021"},"modified":"2026-04-29T19:41:30","modified_gmt":"2026-04-29T17:41:30","slug":"cuando-el-cerebro-piensa-distinto-comprende-las-neurodivergencias","status":"publish","type":"post","link":"https:\/\/barreiropsicologia.com\/blog\/cuando-el-cerebro-piensa-distinto-comprende-las-neurodivergencias\/","title":{"rendered":"Cuando el cerebro piensa distinto: comprende las neurodivergencias"},"content":{"rendered":"\n<p>Durante a\u00f1os, la psicolog\u00eda ha intentado clasificar, comprender y tratar las diferencias en la manera en que pensamos, sentimos o procesamos el mundo. Hoy, el t\u00e9rmino <em>neurodivergencia<\/em> nos invita a cambiar la mirada: ya no se trata de \u201ccorregir\u201d lo distinto, sino de <strong>entender la diversidad neurol\u00f3gica como una forma m\u00e1s de ser humano<\/strong>.<\/p>\n\n\n\n<h2 class=\"wp-block-heading\"><strong>\u00bfQu\u00e9 significa ser neurodivergente?<\/strong><\/h2>\n\n\n\n<p>El t\u00e9rmino <em>neurodivergente<\/em> surge del movimiento de <strong>neurodiversidad<\/strong>, impulsado en los a\u00f1os 90 por la soci\u00f3loga australiana Judy Singer. Su idea era sencilla y revolucionaria: <strong>no todos los cerebros funcionan igual, y eso no es un error, sino una variaci\u00f3n natural<\/strong>.<br>As\u00ed como la biodiversidad enriquece los ecosistemas, las neurodivergencias enriquecen la sociedad.<\/p>\n\n\n\n<p>Bajo este paraguas encontramos condiciones como:<\/p>\n\n\n\n<ul class=\"wp-block-list\">\n<li>Trastorno del espectro autista (TEA)<\/li>\n\n\n\n<li>Trastorno por d\u00e9ficit de atenci\u00f3n e hiperactividad (TDAH)<\/li>\n\n\n\n<li>Dislexia, dispraxia o discalculia<\/li>\n\n\n\n<li>S\u00edndrome de Tourette<\/li>\n\n\n\n<li>Alta sensibilidad o funcionamiento intelectual alto<\/li>\n<\/ul>\n\n\n\n<p>Cada una de estas formas de procesar la informaci\u00f3n tiene su propia manera de <strong>percibir, aprender y comunicarse<\/strong> con el mundo.<\/p>\n\n\n\n<h2 class=\"wp-block-heading\">Del d\u00e9ficit a la diferencia: un cambio de paradigma sobre neurodivergencias<\/h2>\n\n\n\n<p>Durante d\u00e9cadas, el enfoque predominante fue <strong>patologizar<\/strong>: ver la diferencia como un d\u00e9ficit que deb\u00eda ser tratado o normalizado. Sin embargo, la mirada neurodiversa propone algo distinto:<br><strong><em>No hay un cerebro \u201ccorrecto\u201d o \u201cincorrecto\u201d, solo maneras diferentes de funcionar.<\/em><\/strong><\/p>\n\n\n\n<p>Este cambio tiene profundas implicaciones \u00e9ticas y sociales. Implica <strong>aceptar que la diversidad cognitiva no es un obst\u00e1culo, sino una fuente de innovaci\u00f3n, creatividad y sensibilidad<\/strong>.<\/p>\n\n\n\n<p>Por ejemplo, estudios recientes (Armstrong, 2022; Silberman, 2021) muestran que muchas personas neurodivergentes destacan en \u00e1reas como la resoluci\u00f3n de problemas, la atenci\u00f3n a los detalles o la creatividad visual. Sin embargo, estos talentos suelen quedar ocultos por un entorno poco adaptado a sus necesidades.<\/p>\n\n\n\n<h2 class=\"wp-block-heading\"><strong>El cerebro neurodivergente: c\u00f3mo funciona<\/strong><\/h2>\n\n\n\n<p>Desde la neuropsicolog\u00eda, se ha observado que los cerebros con neurodivergencias presentan <strong>diferencias en la conectividad neuronal, la regulaci\u00f3n dopamin\u00e9rgica y los patrones de activaci\u00f3n cortical<\/strong>.<br>Esto no significa que funcionen \u201cpeor\u201d, sino que <strong>procesan la informaci\u00f3n de forma distinta<\/strong>.<\/p>\n\n\n\n<p>Por ejemplo:<\/p>\n\n\n\n<ul class=\"wp-block-list\">\n<li>En el TDAH, se ha descrito una <strong>hipofuncionalidad del sistema dopamin\u00e9rgico<\/strong>, lo que influye en la atenci\u00f3n sostenida, la motivaci\u00f3n y el control de impulsos.<\/li>\n\n\n\n<li>En el TEA, estudios de resonancia magn\u00e9tica funcional muestran <strong>una hiperconectividad local y una hipoconectividad global<\/strong>, lo que explicar\u00eda la capacidad de centrarse intensamente en ciertos intereses y la dificultad en la comunicaci\u00f3n social.<\/li>\n\n\n\n<li>En la dislexia, las diferencias se encuentran en <strong>las \u00e1reas temporales y parietales del hemisferio izquierdo<\/strong>, afectando la decodificaci\u00f3n fonol\u00f3gica pero potenciando el pensamiento visual y global.<\/li>\n<\/ul>\n\n\n\n<p>Estos hallazgos respaldan la idea de que <strong>no existe un \u00fanico modo de ser \u201cnormal\u201d<\/strong>, sino un amplio espectro de funcionamiento cerebral.<\/p>\n\n\n\n<h2 class=\"wp-block-heading\"><strong>Neurodivergencias y sociedad: la importancia de la inclusi\u00f3n<\/strong><\/h2>\n\n\n\n<p>Aceptar la neurodiversidad implica <strong>transformar los entornos educativos, laborales y sociales<\/strong>.<br>No se trata de \u201cadaptar\u201d al individuo, sino de <strong>ajustar el entorno<\/strong> para que cada persona pueda desplegar su potencial.<\/p>\n\n\n\n<ul class=\"wp-block-list\">\n<li>En educaci\u00f3n, esto significa ofrecer metodolog\u00edas flexibles, apoyos sensoriales y comprensi\u00f3n emocional.<\/li>\n\n\n\n<li>En el trabajo, fomentar equipos diversos donde cada perfil cognitivo sume.<\/li>\n\n\n\n<li>En la vida cotidiana, <strong>romper los prejuicios<\/strong> y abandonar etiquetas como \u201craro\u201d, \u201cvago\u201d o \u201cproblem\u00e1tico\u201d.<\/li>\n<\/ul>\n\n\n\n<p>Porque la inclusi\u00f3n real comienza cuando <strong>dejamos de pedir a todos que encajen en el mismo molde<\/strong>.<\/p>\n\n\n\n<h2 class=\"wp-block-heading\"><strong>Ciencia y empat\u00eda: un puente necesario<\/strong><\/h2>\n\n\n\n<p>La ciencia puede ayudarnos a entender el funcionamiento del cerebro, pero la empat\u00eda nos permite <strong>ver a la persona m\u00e1s all\u00e1 del diagn\u00f3stico<\/strong>.<br>El movimiento por la neurodiversidad no busca negar las dificultades \u2014que son reales y a menudo muy desgastantes\u2014, sino <strong>promover la comprensi\u00f3n y el acompa\u00f1amiento desde el respeto y la validaci\u00f3n<\/strong>.<\/p>\n\n\n\n<p>Como se\u00f1ala el psic\u00f3logo Thomas Armstrong (2022), <em>\u201cla diferencia no es un error de la naturaleza, sino una expresi\u00f3n de su creatividad\u201d<\/em>.<\/p>\n\n\n\n<hr class=\"wp-block-separator has-alpha-channel-opacity\"\/>\n\n\n\n<h2 class=\"wp-block-heading\"><strong>Reflexi\u00f3n final: aprender a mirar distinto<\/strong><\/h2>\n\n\n\n<p>Aceptar las neurodivergencias es un acto de madurez social y emocional. Supone entender que <strong>no hay una \u00fanica forma de aprender, sentir o relacionarse con el mundo<\/strong>, y que la verdadera salud mental nace de <strong>la autenticidad y el respeto mutuo<\/strong>.<\/p>\n\n\n\n<p>Quiz\u00e1 el reto no sea que las personas neurodivergentes aprendan a adaptarse, sino que <strong>el mundo aprenda a comprenderlas<\/strong>.<\/p>\n\n\n\n<h3 class=\"wp-block-heading\"><strong>Conclusi\u00f3n<\/strong> sobre las neurodivergencias<\/h3>\n\n\n\n<p>Las neurodivergencias nos invitan a repensar la idea de normalidad. Nos muestran que la mente humana no es un molde, sino un universo plural.<br>Aceptar esa pluralidad es el primer paso hacia una psicolog\u00eda m\u00e1s humana, inclusiva y consciente.<\/p>\n\n\n\n<hr class=\"wp-block-separator has-alpha-channel-opacity\"\/>\n\n\n\n<p><strong>Tambi\u00e9n te pueden interesar los art\u00edculos:<\/strong><\/p>\n\n\n\n<ul class=\"wp-block-list\">\n<li><a href=\"https:\/\/barreiropsicologia.com\/blog\/personalidad-altamente-sensible-realidad-psicologica-o-moda-pasajera\/\">Personalidad altamente sensible, mito o realidad<\/a><\/li>\n\n\n\n<li><a href=\"https:\/\/barreiropsicologia.com\/blog\/misterios-y-curiosidades-del-cerebro-humano\/\">Curiosidades de nuestro cerebro<\/a><\/li>\n<\/ul>\n\n\n\n<p><\/p>\n","protected":false},"excerpt":{"rendered":"<p>Durante a\u00f1os, la psicolog\u00eda ha intentado clasificar, comprender y tratar las diferencias en la manera en que pensamos, sentimos o procesamos el mundo. Hoy, el t\u00e9rmino neurodivergencia nos invita a cambiar la mirada: ya no se trata de \u201ccorregir\u201d lo&#46;&#46;&#46;<\/p>\n","protected":false},"author":1,"featured_media":4023,"comment_status":"open","ping_status":"open","sticky":false,"template":"","format":"standard","meta":{"footnotes":""},"categories":[843],"tags":[701,768,287],"class_list":["post-4021","post","type-post","status-publish","format-standard","has-post-thumbnail","hentry","category-mente-cerebro","tag-cerebro-y-mente","tag-ciencia","tag-neuropsicologia"],"yoast_head":"<!-- This site is optimized with the Yoast SEO plugin v27.3 - https:\/\/yoast.com\/product\/yoast-seo-wordpress\/ -->\n<title>Cuando el cerebro piensa distinto: comprende las neurodivergencias - Barreiro Psicolog\u00eda Blog<\/title>\n<meta name=\"description\" content=\"Descubre qu\u00e9 son las neurodivergencias, c\u00f3mo entenderlas desde la psicolog\u00eda y por qu\u00e9 aceptar la diferencia es clave para una sociedad m\u00e1s emp\u00e1tica e inclusiva.\" \/>\n<meta name=\"robots\" content=\"index, follow, max-snippet:-1, max-image-preview:large, max-video-preview:-1\" \/>\n<link rel=\"canonical\" href=\"https:\/\/barreiropsicologia.com\/blog\/cuando-el-cerebro-piensa-distinto-comprende-las-neurodivergencias\/\" \/>\n<meta property=\"og:locale\" content=\"es_ES\" \/>\n<meta property=\"og:type\" content=\"article\" \/>\n<meta property=\"og:title\" content=\"Cuando el cerebro piensa distinto: comprende las neurodivergencias - Barreiro Psicolog\u00eda Blog\" \/>\n<meta property=\"og:description\" content=\"Descubre qu\u00e9 son las neurodivergencias, c\u00f3mo entenderlas desde la psicolog\u00eda y por qu\u00e9 aceptar la diferencia es clave para una sociedad m\u00e1s emp\u00e1tica e inclusiva.\" \/>\n<meta property=\"og:url\" content=\"https:\/\/barreiropsicologia.com\/blog\/cuando-el-cerebro-piensa-distinto-comprende-las-neurodivergencias\/\" \/>\n<meta property=\"og:site_name\" content=\"Blog de psicolog\u00eda\" \/>\n<meta property=\"article:publisher\" content=\"https:\/\/www.facebook.com\/psicologossalamanca\/\" \/>\n<meta property=\"article:author\" content=\"https:\/\/www.facebook.com\/psicologossalamanca\/\" \/>\n<meta property=\"article:published_time\" content=\"2025-10-06T12:11:35+00:00\" \/>\n<meta property=\"article:modified_time\" content=\"2026-04-29T17:41:30+00:00\" \/>\n<meta property=\"og:image\" content=\"https:\/\/barreiropsicologia.com\/blog\/wp-content\/uploads\/2025\/10\/ChatGPT-Image-6-oct-2025-14_05_12-1024x683.png\" \/>\n\t<meta property=\"og:image:width\" content=\"1024\" \/>\n\t<meta property=\"og:image:height\" content=\"683\" \/>\n\t<meta property=\"og:image:type\" content=\"image\/png\" \/>\n<meta name=\"author\" content=\"Javier Barreiro\" \/>\n<meta name=\"twitter:card\" content=\"summary_large_image\" \/>\n<meta name=\"twitter:creator\" content=\"@Barreiro.javier@hotmail.com\" \/>\n<meta name=\"twitter:site\" content=\"@Barreiro_Psi\" \/>\n<meta name=\"twitter:label1\" content=\"Escrito por\" \/>\n\t<meta name=\"twitter:data1\" content=\"Javier Barreiro\" \/>\n\t<meta name=\"twitter:label2\" content=\"Tiempo de lectura\" \/>\n\t<meta name=\"twitter:data2\" content=\"4 minutos\" \/>\n<script type=\"application\/ld+json\" class=\"yoast-schema-graph\">{\"@context\":\"https:\\\/\\\/schema.org\",\"@graph\":[{\"@type\":\"Article\",\"@id\":\"https:\\\/\\\/barreiropsicologia.com\\\/blog\\\/cuando-el-cerebro-piensa-distinto-comprende-las-neurodivergencias\\\/#article\",\"isPartOf\":{\"@id\":\"https:\\\/\\\/barreiropsicologia.com\\\/blog\\\/cuando-el-cerebro-piensa-distinto-comprende-las-neurodivergencias\\\/\"},\"author\":{\"name\":\"Javier Barreiro\",\"@id\":\"https:\\\/\\\/barreiropsicologia.com\\\/blog\\\/#\\\/schema\\\/person\\\/6068f8a0ae30566e1100f91905ead263\"},\"headline\":\"Cuando el cerebro piensa distinto: comprende las neurodivergencias\",\"datePublished\":\"2025-10-06T12:11:35+00:00\",\"dateModified\":\"2026-04-29T17:41:30+00:00\",\"mainEntityOfPage\":{\"@id\":\"https:\\\/\\\/barreiropsicologia.com\\\/blog\\\/cuando-el-cerebro-piensa-distinto-comprende-las-neurodivergencias\\\/\"},\"wordCount\":802,\"commentCount\":0,\"image\":{\"@id\":\"https:\\\/\\\/barreiropsicologia.com\\\/blog\\\/cuando-el-cerebro-piensa-distinto-comprende-las-neurodivergencias\\\/#primaryimage\"},\"thumbnailUrl\":\"https:\\\/\\\/barreiropsicologia.com\\\/blog\\\/wp-content\\\/uploads\\\/2025\\\/10\\\/ChatGPT-Image-6-oct-2025-14_05_12.png\",\"keywords\":[\"cerebro y mente\",\"ciencia\",\"neuropsicolog\u00eda\"],\"articleSection\":[\"Mente y cerebro\"],\"inLanguage\":\"es\",\"potentialAction\":[{\"@type\":\"CommentAction\",\"name\":\"Comment\",\"target\":[\"https:\\\/\\\/barreiropsicologia.com\\\/blog\\\/cuando-el-cerebro-piensa-distinto-comprende-las-neurodivergencias\\\/#respond\"]}]},{\"@type\":\"WebPage\",\"@id\":\"https:\\\/\\\/barreiropsicologia.com\\\/blog\\\/cuando-el-cerebro-piensa-distinto-comprende-las-neurodivergencias\\\/\",\"url\":\"https:\\\/\\\/barreiropsicologia.com\\\/blog\\\/cuando-el-cerebro-piensa-distinto-comprende-las-neurodivergencias\\\/\",\"name\":\"Cuando el cerebro piensa distinto: comprende las neurodivergencias - Barreiro Psicolog\u00eda Blog\",\"isPartOf\":{\"@id\":\"https:\\\/\\\/barreiropsicologia.com\\\/blog\\\/#website\"},\"primaryImageOfPage\":{\"@id\":\"https:\\\/\\\/barreiropsicologia.com\\\/blog\\\/cuando-el-cerebro-piensa-distinto-comprende-las-neurodivergencias\\\/#primaryimage\"},\"image\":{\"@id\":\"https:\\\/\\\/barreiropsicologia.com\\\/blog\\\/cuando-el-cerebro-piensa-distinto-comprende-las-neurodivergencias\\\/#primaryimage\"},\"thumbnailUrl\":\"https:\\\/\\\/barreiropsicologia.com\\\/blog\\\/wp-content\\\/uploads\\\/2025\\\/10\\\/ChatGPT-Image-6-oct-2025-14_05_12.png\",\"datePublished\":\"2025-10-06T12:11:35+00:00\",\"dateModified\":\"2026-04-29T17:41:30+00:00\",\"author\":{\"@id\":\"https:\\\/\\\/barreiropsicologia.com\\\/blog\\\/#\\\/schema\\\/person\\\/6068f8a0ae30566e1100f91905ead263\"},\"description\":\"Descubre qu\u00e9 son las neurodivergencias, c\u00f3mo entenderlas desde la psicolog\u00eda y por qu\u00e9 aceptar la diferencia es clave para una sociedad m\u00e1s emp\u00e1tica e inclusiva.\",\"breadcrumb\":{\"@id\":\"https:\\\/\\\/barreiropsicologia.com\\\/blog\\\/cuando-el-cerebro-piensa-distinto-comprende-las-neurodivergencias\\\/#breadcrumb\"},\"inLanguage\":\"es\",\"potentialAction\":[{\"@type\":\"ReadAction\",\"target\":[\"https:\\\/\\\/barreiropsicologia.com\\\/blog\\\/cuando-el-cerebro-piensa-distinto-comprende-las-neurodivergencias\\\/\"]}]},{\"@type\":\"ImageObject\",\"inLanguage\":\"es\",\"@id\":\"https:\\\/\\\/barreiropsicologia.com\\\/blog\\\/cuando-el-cerebro-piensa-distinto-comprende-las-neurodivergencias\\\/#primaryimage\",\"url\":\"https:\\\/\\\/barreiropsicologia.com\\\/blog\\\/wp-content\\\/uploads\\\/2025\\\/10\\\/ChatGPT-Image-6-oct-2025-14_05_12.png\",\"contentUrl\":\"https:\\\/\\\/barreiropsicologia.com\\\/blog\\\/wp-content\\\/uploads\\\/2025\\\/10\\\/ChatGPT-Image-6-oct-2025-14_05_12.png\",\"width\":1536,\"height\":1024,\"caption\":\"neurodivergencias\"},{\"@type\":\"BreadcrumbList\",\"@id\":\"https:\\\/\\\/barreiropsicologia.com\\\/blog\\\/cuando-el-cerebro-piensa-distinto-comprende-las-neurodivergencias\\\/#breadcrumb\",\"itemListElement\":[{\"@type\":\"ListItem\",\"position\":1,\"name\":\"Portada\",\"item\":\"https:\\\/\\\/barreiropsicologia.com\\\/blog\\\/\"},{\"@type\":\"ListItem\",\"position\":2,\"name\":\"Cuando el cerebro piensa distinto: comprende las neurodivergencias\"}]},{\"@type\":\"WebSite\",\"@id\":\"https:\\\/\\\/barreiropsicologia.com\\\/blog\\\/#website\",\"url\":\"https:\\\/\\\/barreiropsicologia.com\\\/blog\\\/\",\"name\":\"Blog de psicolog\u00eda\",\"description\":\"Barreiro Psicolog\u00eda Blog\",\"potentialAction\":[{\"@type\":\"SearchAction\",\"target\":{\"@type\":\"EntryPoint\",\"urlTemplate\":\"https:\\\/\\\/barreiropsicologia.com\\\/blog\\\/?s={search_term_string}\"},\"query-input\":{\"@type\":\"PropertyValueSpecification\",\"valueRequired\":true,\"valueName\":\"search_term_string\"}}],\"inLanguage\":\"es\"},{\"@type\":\"Person\",\"@id\":\"https:\\\/\\\/barreiropsicologia.com\\\/blog\\\/#\\\/schema\\\/person\\\/6068f8a0ae30566e1100f91905ead263\",\"name\":\"Javier Barreiro\",\"image\":{\"@type\":\"ImageObject\",\"inLanguage\":\"es\",\"@id\":\"https:\\\/\\\/secure.gravatar.com\\\/avatar\\\/ba2dc692a18d0909a9544d2d12c67449129af0c5441c8732f319a1ae7ae701b0?s=96&d=mm&r=g\",\"url\":\"https:\\\/\\\/secure.gravatar.com\\\/avatar\\\/ba2dc692a18d0909a9544d2d12c67449129af0c5441c8732f319a1ae7ae701b0?s=96&d=mm&r=g\",\"contentUrl\":\"https:\\\/\\\/secure.gravatar.com\\\/avatar\\\/ba2dc692a18d0909a9544d2d12c67449129af0c5441c8732f319a1ae7ae701b0?s=96&d=mm&r=g\",\"caption\":\"Javier Barreiro\"},\"description\":\"Javier Barreiro Santamarta es Licenciado en Psicolog\u00eda por la Universidad de Salamanca, Psic\u00f3logo General Sanitario en Salamanca colegiado n\u00ba CL-3735. M\u00e1ster en Psicolog\u00eda Cl\u00ednica cognitivo-conductual, M\u00e1ster en Terapia Breve Centrada en Soluciones y M\u00e1ster en Recursos Humanos.\",\"sameAs\":[\"https:\\\/\\\/www.facebook.com\\\/psicologossalamanca\\\/\",\"https:\\\/\\\/www.instagram.com\\\/barreiro.psi\",\"https:\\\/\\\/ar.linkedin.com\\\/in\\\/javier-barreiro-santamarta-9183b962\",\"https:\\\/\\\/x.com\\\/Barreiro.javier@hotmail.com\"],\"url\":\"https:\\\/\\\/barreiropsicologia.com\\\/blog\\\/author\\\/javier_barreiro\\\/\"}]}<\/script>\n<!-- \/ Yoast SEO plugin. -->","yoast_head_json":{"title":"Cuando el cerebro piensa distinto: comprende las neurodivergencias - Barreiro Psicolog\u00eda Blog","description":"Descubre qu\u00e9 son las neurodivergencias, c\u00f3mo entenderlas desde la psicolog\u00eda y por qu\u00e9 aceptar la diferencia es clave para una sociedad m\u00e1s emp\u00e1tica e inclusiva.","robots":{"index":"index","follow":"follow","max-snippet":"max-snippet:-1","max-image-preview":"max-image-preview:large","max-video-preview":"max-video-preview:-1"},"canonical":"https:\/\/barreiropsicologia.com\/blog\/cuando-el-cerebro-piensa-distinto-comprende-las-neurodivergencias\/","og_locale":"es_ES","og_type":"article","og_title":"Cuando el cerebro piensa distinto: comprende las neurodivergencias - Barreiro Psicolog\u00eda Blog","og_description":"Descubre qu\u00e9 son las neurodivergencias, c\u00f3mo entenderlas desde la psicolog\u00eda y por qu\u00e9 aceptar la diferencia es clave para una sociedad m\u00e1s emp\u00e1tica e inclusiva.","og_url":"https:\/\/barreiropsicologia.com\/blog\/cuando-el-cerebro-piensa-distinto-comprende-las-neurodivergencias\/","og_site_name":"Blog de psicolog\u00eda","article_publisher":"https:\/\/www.facebook.com\/psicologossalamanca\/","article_author":"https:\/\/www.facebook.com\/psicologossalamanca\/","article_published_time":"2025-10-06T12:11:35+00:00","article_modified_time":"2026-04-29T17:41:30+00:00","og_image":[{"width":1024,"height":683,"url":"https:\/\/barreiropsicologia.com\/blog\/wp-content\/uploads\/2025\/10\/ChatGPT-Image-6-oct-2025-14_05_12-1024x683.png","type":"image\/png"}],"author":"Javier Barreiro","twitter_card":"summary_large_image","twitter_creator":"@Barreiro.javier@hotmail.com","twitter_site":"@Barreiro_Psi","twitter_misc":{"Escrito por":"Javier Barreiro","Tiempo de lectura":"4 minutos"},"schema":{"@context":"https:\/\/schema.org","@graph":[{"@type":"Article","@id":"https:\/\/barreiropsicologia.com\/blog\/cuando-el-cerebro-piensa-distinto-comprende-las-neurodivergencias\/#article","isPartOf":{"@id":"https:\/\/barreiropsicologia.com\/blog\/cuando-el-cerebro-piensa-distinto-comprende-las-neurodivergencias\/"},"author":{"name":"Javier Barreiro","@id":"https:\/\/barreiropsicologia.com\/blog\/#\/schema\/person\/6068f8a0ae30566e1100f91905ead263"},"headline":"Cuando el cerebro piensa distinto: comprende las neurodivergencias","datePublished":"2025-10-06T12:11:35+00:00","dateModified":"2026-04-29T17:41:30+00:00","mainEntityOfPage":{"@id":"https:\/\/barreiropsicologia.com\/blog\/cuando-el-cerebro-piensa-distinto-comprende-las-neurodivergencias\/"},"wordCount":802,"commentCount":0,"image":{"@id":"https:\/\/barreiropsicologia.com\/blog\/cuando-el-cerebro-piensa-distinto-comprende-las-neurodivergencias\/#primaryimage"},"thumbnailUrl":"https:\/\/barreiropsicologia.com\/blog\/wp-content\/uploads\/2025\/10\/ChatGPT-Image-6-oct-2025-14_05_12.png","keywords":["cerebro y mente","ciencia","neuropsicolog\u00eda"],"articleSection":["Mente y cerebro"],"inLanguage":"es","potentialAction":[{"@type":"CommentAction","name":"Comment","target":["https:\/\/barreiropsicologia.com\/blog\/cuando-el-cerebro-piensa-distinto-comprende-las-neurodivergencias\/#respond"]}]},{"@type":"WebPage","@id":"https:\/\/barreiropsicologia.com\/blog\/cuando-el-cerebro-piensa-distinto-comprende-las-neurodivergencias\/","url":"https:\/\/barreiropsicologia.com\/blog\/cuando-el-cerebro-piensa-distinto-comprende-las-neurodivergencias\/","name":"Cuando el cerebro piensa distinto: comprende las neurodivergencias - Barreiro Psicolog\u00eda Blog","isPartOf":{"@id":"https:\/\/barreiropsicologia.com\/blog\/#website"},"primaryImageOfPage":{"@id":"https:\/\/barreiropsicologia.com\/blog\/cuando-el-cerebro-piensa-distinto-comprende-las-neurodivergencias\/#primaryimage"},"image":{"@id":"https:\/\/barreiropsicologia.com\/blog\/cuando-el-cerebro-piensa-distinto-comprende-las-neurodivergencias\/#primaryimage"},"thumbnailUrl":"https:\/\/barreiropsicologia.com\/blog\/wp-content\/uploads\/2025\/10\/ChatGPT-Image-6-oct-2025-14_05_12.png","datePublished":"2025-10-06T12:11:35+00:00","dateModified":"2026-04-29T17:41:30+00:00","author":{"@id":"https:\/\/barreiropsicologia.com\/blog\/#\/schema\/person\/6068f8a0ae30566e1100f91905ead263"},"description":"Descubre qu\u00e9 son las neurodivergencias, c\u00f3mo entenderlas desde la psicolog\u00eda y por qu\u00e9 aceptar la diferencia es clave para una sociedad m\u00e1s emp\u00e1tica e inclusiva.","breadcrumb":{"@id":"https:\/\/barreiropsicologia.com\/blog\/cuando-el-cerebro-piensa-distinto-comprende-las-neurodivergencias\/#breadcrumb"},"inLanguage":"es","potentialAction":[{"@type":"ReadAction","target":["https:\/\/barreiropsicologia.com\/blog\/cuando-el-cerebro-piensa-distinto-comprende-las-neurodivergencias\/"]}]},{"@type":"ImageObject","inLanguage":"es","@id":"https:\/\/barreiropsicologia.com\/blog\/cuando-el-cerebro-piensa-distinto-comprende-las-neurodivergencias\/#primaryimage","url":"https:\/\/barreiropsicologia.com\/blog\/wp-content\/uploads\/2025\/10\/ChatGPT-Image-6-oct-2025-14_05_12.png","contentUrl":"https:\/\/barreiropsicologia.com\/blog\/wp-content\/uploads\/2025\/10\/ChatGPT-Image-6-oct-2025-14_05_12.png","width":1536,"height":1024,"caption":"neurodivergencias"},{"@type":"BreadcrumbList","@id":"https:\/\/barreiropsicologia.com\/blog\/cuando-el-cerebro-piensa-distinto-comprende-las-neurodivergencias\/#breadcrumb","itemListElement":[{"@type":"ListItem","position":1,"name":"Portada","item":"https:\/\/barreiropsicologia.com\/blog\/"},{"@type":"ListItem","position":2,"name":"Cuando el cerebro piensa distinto: comprende las neurodivergencias"}]},{"@type":"WebSite","@id":"https:\/\/barreiropsicologia.com\/blog\/#website","url":"https:\/\/barreiropsicologia.com\/blog\/","name":"Blog de psicolog\u00eda","description":"Barreiro Psicolog\u00eda Blog","potentialAction":[{"@type":"SearchAction","target":{"@type":"EntryPoint","urlTemplate":"https:\/\/barreiropsicologia.com\/blog\/?s={search_term_string}"},"query-input":{"@type":"PropertyValueSpecification","valueRequired":true,"valueName":"search_term_string"}}],"inLanguage":"es"},{"@type":"Person","@id":"https:\/\/barreiropsicologia.com\/blog\/#\/schema\/person\/6068f8a0ae30566e1100f91905ead263","name":"Javier Barreiro","image":{"@type":"ImageObject","inLanguage":"es","@id":"https:\/\/secure.gravatar.com\/avatar\/ba2dc692a18d0909a9544d2d12c67449129af0c5441c8732f319a1ae7ae701b0?s=96&d=mm&r=g","url":"https:\/\/secure.gravatar.com\/avatar\/ba2dc692a18d0909a9544d2d12c67449129af0c5441c8732f319a1ae7ae701b0?s=96&d=mm&r=g","contentUrl":"https:\/\/secure.gravatar.com\/avatar\/ba2dc692a18d0909a9544d2d12c67449129af0c5441c8732f319a1ae7ae701b0?s=96&d=mm&r=g","caption":"Javier Barreiro"},"description":"Javier Barreiro Santamarta es Licenciado en Psicolog\u00eda por la Universidad de Salamanca, Psic\u00f3logo General Sanitario en Salamanca colegiado n\u00ba CL-3735. M\u00e1ster en Psicolog\u00eda Cl\u00ednica cognitivo-conductual, M\u00e1ster en Terapia Breve Centrada en Soluciones y M\u00e1ster en Recursos Humanos.","sameAs":["https:\/\/www.facebook.com\/psicologossalamanca\/","https:\/\/www.instagram.com\/barreiro.psi","https:\/\/ar.linkedin.com\/in\/javier-barreiro-santamarta-9183b962","https:\/\/x.com\/Barreiro.javier@hotmail.com"],"url":"https:\/\/barreiropsicologia.com\/blog\/author\/javier_barreiro\/"}]}},"_links":{"self":[{"href":"https:\/\/barreiropsicologia.com\/blog\/wp-json\/wp\/v2\/posts\/4021","targetHints":{"allow":["GET"]}}],"collection":[{"href":"https:\/\/barreiropsicologia.com\/blog\/wp-json\/wp\/v2\/posts"}],"about":[{"href":"https:\/\/barreiropsicologia.com\/blog\/wp-json\/wp\/v2\/types\/post"}],"author":[{"embeddable":true,"href":"https:\/\/barreiropsicologia.com\/blog\/wp-json\/wp\/v2\/users\/1"}],"replies":[{"embeddable":true,"href":"https:\/\/barreiropsicologia.com\/blog\/wp-json\/wp\/v2\/comments?post=4021"}],"version-history":[{"count":6,"href":"https:\/\/barreiropsicologia.com\/blog\/wp-json\/wp\/v2\/posts\/4021\/revisions"}],"predecessor-version":[{"id":4145,"href":"https:\/\/barreiropsicologia.com\/blog\/wp-json\/wp\/v2\/posts\/4021\/revisions\/4145"}],"wp:featuredmedia":[{"embeddable":true,"href":"https:\/\/barreiropsicologia.com\/blog\/wp-json\/wp\/v2\/media\/4023"}],"wp:attachment":[{"href":"https:\/\/barreiropsicologia.com\/blog\/wp-json\/wp\/v2\/media?parent=4021"}],"wp:term":[{"taxonomy":"category","embeddable":true,"href":"https:\/\/barreiropsicologia.com\/blog\/wp-json\/wp\/v2\/categories?post=4021"},{"taxonomy":"post_tag","embeddable":true,"href":"https:\/\/barreiropsicologia.com\/blog\/wp-json\/wp\/v2\/tags?post=4021"}],"curies":[{"name":"wp","href":"https:\/\/api.w.org\/{rel}","templated":true}]}}