{"id":4048,"date":"2025-12-12T12:46:13","date_gmt":"2025-12-12T11:46:13","guid":{"rendered":"https:\/\/barreiropsicologia.com\/blog\/?p=4048"},"modified":"2026-03-27T13:05:44","modified_gmt":"2026-03-27T12:05:44","slug":"salud-mental-de-sanitarios-y-educadores-cuando-cuidar-duele","status":"publish","type":"post","link":"https:\/\/barreiropsicologia.com\/blog\/salud-mental-de-sanitarios-y-educadores-cuando-cuidar-duele\/","title":{"rendered":"Salud mental de sanitarios y educadores: cuando cuidar duele"},"content":{"rendered":"\n<p>Sanitarios y educadores comparten una vocaci\u00f3n: cuidar, acompa\u00f1ar y guiar. Sin embargo, en los \u00faltimos a\u00f1os est\u00e1n viviendo un fen\u00f3meno alarmante: el aumento de agresiones f\u00edsicas, verbales y psicol\u00f3gicas. Lo que antes era un espacio de cuidado o aprendizaje, hoy puede convertirse en un entorno hostil.<br>Y ese clima de tensi\u00f3n est\u00e1 deteriorando algo esencial: <strong>la salud mental de sanitarios y educadores<\/strong>, que cada d\u00eda deben aprender a convivir con el miedo en su rutina laboral.<\/p>\n\n\n\n<h2 class=\"wp-block-heading\"><strong>La salud mental de sanitarios y educadores frente al aumento de la violencia<\/strong><\/h2>\n\n\n\n<p>Los datos oficiales muestran un crecimiento sostenido de las agresiones. Seg\u00fan el Ministerio de Sanidad y los sindicatos educativos, los incidentes reportados han aumentado m\u00e1s de un 20% en el \u00faltimo a\u00f1o.<br>En hospitales, centros de salud y colegios, los insultos, amenazas o empujones se han vuelto parte del d\u00eda a d\u00eda. Detr\u00e1s de las cifras hay profesionales agotados, con ansiedad, insomnio y s\u00edntomas de estr\u00e9s postraum\u00e1tico.<\/p>\n\n\n\n<p>El impacto emocional es profundo: muchos sienten que su trabajo ya no es un espacio seguro. Y esa inseguridad est\u00e1 afectando de manera directa a <strong>la salud mental de sanitarios y educadores<\/strong>, quienes a menudo viven sus emociones en silencio por miedo a ser percibidos como d\u00e9biles o poco profesionales.<\/p>\n\n\n\n<h2 class=\"wp-block-heading\"><strong>\u00bfQu\u00e9 est\u00e1 pasando? Las causas psicol\u00f3gicas y sociales del malestar<\/strong><\/h2>\n\n\n\n<p>La violencia no surge de la nada. Detr\u00e1s de este fen\u00f3meno hay factores emocionales, sociales y estructurales que explican por qu\u00e9 el malestar se canaliza hacia quienes cuidan o educan.<\/p>\n\n\n\n<ul class=\"wp-block-list\">\n<li><strong>Frustraci\u00f3n social acumulada:<\/strong> la falta de recursos, la sobrecarga del sistema y la impaciencia de la poblaci\u00f3n generan un clima de tensi\u00f3n constante.<\/li>\n\n\n\n<li><strong>Desconfianza hacia la autoridad:<\/strong> tanto m\u00e9dicos como docentes perciben un aumento del cuestionamiento hacia su labor.<\/li>\n\n\n\n<li><strong>Fatiga emocional colectiva:<\/strong> tras la pandemia, la capacidad de autorregulaci\u00f3n emocional ha disminuido. Vivimos m\u00e1s reactivamente.<\/li>\n<\/ul>\n\n\n\n<p>Cuando el entorno se llena de estr\u00e9s, la agresi\u00f3n se convierte, tristemente, en una v\u00e1lvula de escape. Pero el precio lo pagan quienes est\u00e1n en primera l\u00ednea, y con \u00e9l, <strong>la salud mental de sanitarios y educadores<\/strong>.<\/p>\n\n\n\n<h2 class=\"wp-block-heading\"><strong>Miedo y desgaste: c\u00f3mo la inseguridad afecta la salud mental<\/strong><\/h2>\n\n\n\n<p>El miedo ha dejado de ser una emoci\u00f3n puntual para convertirse en una rutina. Muchos profesionales confiesan sentir ansiedad al comenzar su jornada, anticipando posibles conflictos.<br>Este miedo constante altera la mente y el cuerpo:<\/p>\n\n\n\n<ul class=\"wp-block-list\">\n<li><strong>Estado de alerta permanente:<\/strong> dificultad para relajarse o desconectar tras el trabajo.<\/li>\n\n\n\n<li><strong>Agotamiento emocional (burnout):<\/strong> sensaci\u00f3n de vac\u00edo y p\u00e9rdida de vocaci\u00f3n.<\/li>\n\n\n\n<li><strong>Despersonalizaci\u00f3n:<\/strong> actuar en \u201cmodo autom\u00e1tico\u201d para no sufrir.<\/li>\n\n\n\n<li><strong>Culpa y verg\u00fcenza:<\/strong> por sentir miedo o por no poder afrontar con serenidad ciertas situaciones.<\/li>\n<\/ul>\n\n\n\n<p>Un estudio publicado en la <em>Revista Espa\u00f1ola de Salud P\u00fablica<\/em> (2024) se\u00f1ala que m\u00e1s del 45% de los sanitarios y docentes presentan s\u00edntomas compatibles con ansiedad o depresi\u00f3n relacionados con el entorno laboral.<br>Es decir, <strong>la salud mental de sanitarios y educadores est\u00e1 en riesgo<\/strong>.<\/p>\n\n\n\n<h2 class=\"wp-block-heading\"><strong>Cuando el trabajo incluye el miedo<\/strong><\/h2>\n\n\n\n<p>Trabajar bajo amenaza \u2014expl\u00edcita o impl\u00edcita\u2014 modifica la forma en que los profesionales se relacionan. En muchos casos, comienzan a evitar la confrontaci\u00f3n, ceden en decisiones que antes defend\u00edan o adoptan un tono emocionalmente distante.<br>El miedo erosiona la autoestima, la autoridad y el sentido de prop\u00f3sito.<\/p>\n\n\n\n<p>Como explica la psic\u00f3loga laboral <strong>Christina Maslach<\/strong>, experta en burnout, <em>\u201ccuando el miedo se instala en el trabajo, la empat\u00eda muere lentamente\u201d<\/em>.<br>Y sin empat\u00eda, se resiente la calidad asistencial, el aprendizaje y la conexi\u00f3n humana. De nuevo, el c\u00edrculo se cierra sobre el mismo eje: la p\u00e9rdida de bienestar psicol\u00f3gico y la crisis en la <strong>salud mental de sanitarios y educadores<\/strong>.<\/p>\n\n\n\n<h2 class=\"wp-block-heading\"><strong>C\u00f3mo cuidar la salud mental de sanitarios y educadores ante la violencia<\/strong><\/h2>\n\n\n\n<p>La soluci\u00f3n requiere una mirada global que abarque lo individual, lo organizacional y lo social.<\/p>\n\n\n\n<h3 class=\"wp-block-heading\"><strong>1. Cuidado individual<\/strong><\/h3>\n\n\n\n<ul class=\"wp-block-list\">\n<li><strong>Psicoterapia especializada:<\/strong> espacios de apoyo para elaborar el trauma y el estr\u00e9s.<\/li>\n\n\n\n<li><strong>Autocuidado emocional:<\/strong> dormir, desconectar, hacer ejercicio, mantener v\u00ednculos fuera del entorno laboral.<\/li>\n\n\n\n<li><strong>Autocompasi\u00f3n:<\/strong> reconocer los propios l\u00edmites sin culpa.<\/li>\n<\/ul>\n\n\n\n<h3 class=\"wp-block-heading\"><strong>2. Prevenci\u00f3n institucional<\/strong><\/h3>\n\n\n\n<ul class=\"wp-block-list\">\n<li><strong>Protocolos claros ante agresiones:<\/strong> saber c\u00f3mo actuar reduce la indefensi\u00f3n.<\/li>\n\n\n\n<li><strong>Formaci\u00f3n en habilidades emocionales y comunicaci\u00f3n asertiva.<\/strong><\/li>\n\n\n\n<li><strong>Supervisi\u00f3n psicol\u00f3gica o grupos de apoyo entre profesionales.<\/strong><\/li>\n<\/ul>\n\n\n\n<h3 class=\"wp-block-heading\"><strong>3. Responsabilidad social<\/strong><\/h3>\n\n\n\n<ul class=\"wp-block-list\">\n<li><strong>Campa\u00f1as de concienciaci\u00f3n:<\/strong> promover el respeto hacia quienes cuidan y educan.<\/li>\n\n\n\n<li><strong>Educaci\u00f3n emocional desde la infancia:<\/strong> ense\u00f1ar empat\u00eda y gesti\u00f3n emocional es prevenir la violencia futura.<\/li>\n<\/ul>\n\n\n\n<p>Solo con un abordaje integral podremos proteger de verdad <strong>la salud mental de sanitarios y educadores<\/strong>, y con ella, la salud emocional de toda la sociedad.<\/p>\n\n\n\n<hr class=\"wp-block-separator has-alpha-channel-opacity\"\/>\n\n\n\n<h2 class=\"wp-block-heading\"><strong>Reflexi\u00f3n final: cuidar a quienes cuidan<\/strong><\/h2>\n\n\n\n<p>Cuidar o ense\u00f1ar deber\u00eda ser un acto de vocaci\u00f3n y bienestar, no una fuente de temor. Sin embargo, hoy muchos profesionales acuden al trabajo con un nudo en el est\u00f3mago.<br>Necesitan sentirse respaldados, comprendidos y protegidos.<br>Porque <strong>la salud mental de sanitarios y educadores<\/strong> no es solo un asunto individual: es una cuesti\u00f3n de salud p\u00fablica.<\/p>\n\n\n\n<p>Cuidar a quienes cuidan es, al fin y al cabo, una forma de cuidar a todos.<\/p>\n\n\n\n<h2 class=\"wp-block-heading\"><strong>Conclusi\u00f3n<\/strong><\/h2>\n\n\n\n<p>El aumento de agresiones hacia profesionales sanitarios y docentes revela una herida colectiva: el deterioro del respeto y la empat\u00eda social. Proteger <strong>la salud mental de sanitarios y educadores<\/strong> no es un lujo ni un a\u00f1adido, sino una prioridad.<br>Solo desde la conciencia, la prevenci\u00f3n y el apoyo mutuo podremos devolverles la seguridad, la motivaci\u00f3n y la dignidad que su labor merece.<\/p>\n\n\n\n<hr class=\"wp-block-separator has-alpha-channel-opacity\"\/>\n\n\n\n<p><strong>Tambi\u00e9n te pueden interesar los art\u00edculos:<\/strong><\/p>\n\n\n\n<ul class=\"wp-block-list\">\n<li><a href=\"https:\/\/barreiropsicologia.com\/blog\/consecuencias-psicologicas-en-el-personal-sanitario-y-el-trastorno-de-estres-postraumatico\/\">Trastorno de estr\u00e9s postraum\u00e1tico en el personal sanitario<\/a><\/li>\n\n\n\n<li><a href=\"https:\/\/barreiropsicologia.com\/blog\/consecuencias-mentales-de-las-listas-de-espera\/\">Consecuencias psicol\u00f3gicas de las listas de espera<\/a><\/li>\n<\/ul>\n","protected":false},"excerpt":{"rendered":"<p>Sanitarios y educadores comparten una vocaci\u00f3n: cuidar, acompa\u00f1ar y guiar. Sin embargo, en los \u00faltimos a\u00f1os est\u00e1n viviendo un fen\u00f3meno alarmante: el aumento de agresiones f\u00edsicas, verbales y psicol\u00f3gicas. Lo que antes era un espacio de cuidado o aprendizaje, hoy&#46;&#46;&#46;<\/p>\n","protected":false},"author":1,"featured_media":4051,"comment_status":"open","ping_status":"open","sticky":false,"template":"","format":"standard","meta":{"footnotes":""},"categories":[802],"tags":[],"class_list":["post-4048","post","type-post","status-publish","format-standard","has-post-thumbnail","hentry","category-estado-animo"],"yoast_head":"<!-- This site is optimized with the Yoast SEO plugin v27.3 - https:\/\/yoast.com\/product\/yoast-seo-wordpress\/ -->\n<title>Salud mental de sanitarios y educadores: cuando cuidar duele - Barreiro Psicolog\u00eda Blog<\/title>\n<meta name=\"description\" content=\"El aumento de agresiones afecta la salud mental de sanitarios y educadores. Analizamos causas, consecuencias y c\u00f3mo afrontarlo.\" \/>\n<meta name=\"robots\" content=\"index, follow, max-snippet:-1, max-image-preview:large, max-video-preview:-1\" \/>\n<link rel=\"canonical\" href=\"https:\/\/barreiropsicologia.com\/blog\/salud-mental-de-sanitarios-y-educadores-cuando-cuidar-duele\/\" \/>\n<meta property=\"og:locale\" content=\"es_ES\" \/>\n<meta property=\"og:type\" content=\"article\" \/>\n<meta property=\"og:title\" content=\"Salud mental de sanitarios y educadores: cuando cuidar duele - Barreiro Psicolog\u00eda Blog\" \/>\n<meta property=\"og:description\" content=\"El aumento de agresiones afecta la salud mental de sanitarios y educadores. Analizamos causas, consecuencias y c\u00f3mo afrontarlo.\" \/>\n<meta property=\"og:url\" content=\"https:\/\/barreiropsicologia.com\/blog\/salud-mental-de-sanitarios-y-educadores-cuando-cuidar-duele\/\" \/>\n<meta property=\"og:site_name\" content=\"Blog de psicolog\u00eda\" \/>\n<meta property=\"article:publisher\" content=\"https:\/\/www.facebook.com\/psicologossalamanca\/\" \/>\n<meta property=\"article:author\" content=\"https:\/\/www.facebook.com\/psicologossalamanca\/\" \/>\n<meta property=\"article:published_time\" content=\"2025-12-12T11:46:13+00:00\" \/>\n<meta property=\"article:modified_time\" content=\"2026-03-27T12:05:44+00:00\" \/>\n<meta property=\"og:image\" content=\"https:\/\/barreiropsicologia.com\/blog\/wp-content\/uploads\/2025\/10\/ChatGPT-Image-28-oct-2025-12_22_35-1024x683.png\" \/>\n\t<meta property=\"og:image:width\" content=\"1024\" \/>\n\t<meta property=\"og:image:height\" content=\"683\" \/>\n\t<meta property=\"og:image:type\" content=\"image\/png\" \/>\n<meta name=\"author\" content=\"Javier Barreiro\" \/>\n<meta name=\"twitter:card\" content=\"summary_large_image\" \/>\n<meta name=\"twitter:creator\" content=\"@Barreiro.javier@hotmail.com\" \/>\n<meta name=\"twitter:site\" content=\"@Barreiro_Psi\" \/>\n<meta name=\"twitter:label1\" content=\"Escrito por\" \/>\n\t<meta name=\"twitter:data1\" content=\"Javier Barreiro\" \/>\n\t<meta name=\"twitter:label2\" content=\"Tiempo de lectura\" \/>\n\t<meta name=\"twitter:data2\" content=\"5 minutos\" \/>\n<script type=\"application\/ld+json\" class=\"yoast-schema-graph\">{\"@context\":\"https:\\\/\\\/schema.org\",\"@graph\":[{\"@type\":\"Article\",\"@id\":\"https:\\\/\\\/barreiropsicologia.com\\\/blog\\\/salud-mental-de-sanitarios-y-educadores-cuando-cuidar-duele\\\/#article\",\"isPartOf\":{\"@id\":\"https:\\\/\\\/barreiropsicologia.com\\\/blog\\\/salud-mental-de-sanitarios-y-educadores-cuando-cuidar-duele\\\/\"},\"author\":{\"name\":\"Javier Barreiro\",\"@id\":\"https:\\\/\\\/barreiropsicologia.com\\\/blog\\\/#\\\/schema\\\/person\\\/6068f8a0ae30566e1100f91905ead263\"},\"headline\":\"Salud mental de sanitarios y educadores: cuando cuidar duele\",\"datePublished\":\"2025-12-12T11:46:13+00:00\",\"dateModified\":\"2026-03-27T12:05:44+00:00\",\"mainEntityOfPage\":{\"@id\":\"https:\\\/\\\/barreiropsicologia.com\\\/blog\\\/salud-mental-de-sanitarios-y-educadores-cuando-cuidar-duele\\\/\"},\"wordCount\":993,\"commentCount\":1,\"image\":{\"@id\":\"https:\\\/\\\/barreiropsicologia.com\\\/blog\\\/salud-mental-de-sanitarios-y-educadores-cuando-cuidar-duele\\\/#primaryimage\"},\"thumbnailUrl\":\"https:\\\/\\\/barreiropsicologia.com\\\/blog\\\/wp-content\\\/uploads\\\/2025\\\/10\\\/ChatGPT-Image-28-oct-2025-12_22_35.png\",\"articleSection\":[\"Estado de \u00e1nimo\"],\"inLanguage\":\"es\",\"potentialAction\":[{\"@type\":\"CommentAction\",\"name\":\"Comment\",\"target\":[\"https:\\\/\\\/barreiropsicologia.com\\\/blog\\\/salud-mental-de-sanitarios-y-educadores-cuando-cuidar-duele\\\/#respond\"]}]},{\"@type\":\"WebPage\",\"@id\":\"https:\\\/\\\/barreiropsicologia.com\\\/blog\\\/salud-mental-de-sanitarios-y-educadores-cuando-cuidar-duele\\\/\",\"url\":\"https:\\\/\\\/barreiropsicologia.com\\\/blog\\\/salud-mental-de-sanitarios-y-educadores-cuando-cuidar-duele\\\/\",\"name\":\"Salud mental de sanitarios y educadores: cuando cuidar duele - Barreiro Psicolog\u00eda Blog\",\"isPartOf\":{\"@id\":\"https:\\\/\\\/barreiropsicologia.com\\\/blog\\\/#website\"},\"primaryImageOfPage\":{\"@id\":\"https:\\\/\\\/barreiropsicologia.com\\\/blog\\\/salud-mental-de-sanitarios-y-educadores-cuando-cuidar-duele\\\/#primaryimage\"},\"image\":{\"@id\":\"https:\\\/\\\/barreiropsicologia.com\\\/blog\\\/salud-mental-de-sanitarios-y-educadores-cuando-cuidar-duele\\\/#primaryimage\"},\"thumbnailUrl\":\"https:\\\/\\\/barreiropsicologia.com\\\/blog\\\/wp-content\\\/uploads\\\/2025\\\/10\\\/ChatGPT-Image-28-oct-2025-12_22_35.png\",\"datePublished\":\"2025-12-12T11:46:13+00:00\",\"dateModified\":\"2026-03-27T12:05:44+00:00\",\"author\":{\"@id\":\"https:\\\/\\\/barreiropsicologia.com\\\/blog\\\/#\\\/schema\\\/person\\\/6068f8a0ae30566e1100f91905ead263\"},\"description\":\"El aumento de agresiones afecta la salud mental de sanitarios y educadores. Analizamos causas, consecuencias y c\u00f3mo afrontarlo.\",\"breadcrumb\":{\"@id\":\"https:\\\/\\\/barreiropsicologia.com\\\/blog\\\/salud-mental-de-sanitarios-y-educadores-cuando-cuidar-duele\\\/#breadcrumb\"},\"inLanguage\":\"es\",\"potentialAction\":[{\"@type\":\"ReadAction\",\"target\":[\"https:\\\/\\\/barreiropsicologia.com\\\/blog\\\/salud-mental-de-sanitarios-y-educadores-cuando-cuidar-duele\\\/\"]}]},{\"@type\":\"ImageObject\",\"inLanguage\":\"es\",\"@id\":\"https:\\\/\\\/barreiropsicologia.com\\\/blog\\\/salud-mental-de-sanitarios-y-educadores-cuando-cuidar-duele\\\/#primaryimage\",\"url\":\"https:\\\/\\\/barreiropsicologia.com\\\/blog\\\/wp-content\\\/uploads\\\/2025\\\/10\\\/ChatGPT-Image-28-oct-2025-12_22_35.png\",\"contentUrl\":\"https:\\\/\\\/barreiropsicologia.com\\\/blog\\\/wp-content\\\/uploads\\\/2025\\\/10\\\/ChatGPT-Image-28-oct-2025-12_22_35.png\",\"width\":1536,\"height\":1024,\"caption\":\"salud mental de sanitarios y educadores\"},{\"@type\":\"BreadcrumbList\",\"@id\":\"https:\\\/\\\/barreiropsicologia.com\\\/blog\\\/salud-mental-de-sanitarios-y-educadores-cuando-cuidar-duele\\\/#breadcrumb\",\"itemListElement\":[{\"@type\":\"ListItem\",\"position\":1,\"name\":\"Portada\",\"item\":\"https:\\\/\\\/barreiropsicologia.com\\\/blog\\\/\"},{\"@type\":\"ListItem\",\"position\":2,\"name\":\"Salud mental de sanitarios y educadores: cuando cuidar duele\"}]},{\"@type\":\"WebSite\",\"@id\":\"https:\\\/\\\/barreiropsicologia.com\\\/blog\\\/#website\",\"url\":\"https:\\\/\\\/barreiropsicologia.com\\\/blog\\\/\",\"name\":\"Blog de psicolog\u00eda\",\"description\":\"Barreiro Psicolog\u00eda Blog\",\"potentialAction\":[{\"@type\":\"SearchAction\",\"target\":{\"@type\":\"EntryPoint\",\"urlTemplate\":\"https:\\\/\\\/barreiropsicologia.com\\\/blog\\\/?s={search_term_string}\"},\"query-input\":{\"@type\":\"PropertyValueSpecification\",\"valueRequired\":true,\"valueName\":\"search_term_string\"}}],\"inLanguage\":\"es\"},{\"@type\":\"Person\",\"@id\":\"https:\\\/\\\/barreiropsicologia.com\\\/blog\\\/#\\\/schema\\\/person\\\/6068f8a0ae30566e1100f91905ead263\",\"name\":\"Javier Barreiro\",\"image\":{\"@type\":\"ImageObject\",\"inLanguage\":\"es\",\"@id\":\"https:\\\/\\\/secure.gravatar.com\\\/avatar\\\/ba2dc692a18d0909a9544d2d12c67449129af0c5441c8732f319a1ae7ae701b0?s=96&d=mm&r=g\",\"url\":\"https:\\\/\\\/secure.gravatar.com\\\/avatar\\\/ba2dc692a18d0909a9544d2d12c67449129af0c5441c8732f319a1ae7ae701b0?s=96&d=mm&r=g\",\"contentUrl\":\"https:\\\/\\\/secure.gravatar.com\\\/avatar\\\/ba2dc692a18d0909a9544d2d12c67449129af0c5441c8732f319a1ae7ae701b0?s=96&d=mm&r=g\",\"caption\":\"Javier Barreiro\"},\"description\":\"Javier Barreiro Santamarta es Licenciado en Psicolog\u00eda por la Universidad de Salamanca, Psic\u00f3logo General Sanitario en Salamanca colegiado n\u00ba CL-3735. M\u00e1ster en Psicolog\u00eda Cl\u00ednica cognitivo-conductual, M\u00e1ster en Terapia Breve Centrada en Soluciones y M\u00e1ster en Recursos Humanos.\",\"sameAs\":[\"https:\\\/\\\/www.facebook.com\\\/psicologossalamanca\\\/\",\"https:\\\/\\\/www.instagram.com\\\/barreiro.psi\",\"https:\\\/\\\/ar.linkedin.com\\\/in\\\/javier-barreiro-santamarta-9183b962\",\"https:\\\/\\\/x.com\\\/Barreiro.javier@hotmail.com\"],\"url\":\"https:\\\/\\\/barreiropsicologia.com\\\/blog\\\/author\\\/javier_barreiro\\\/\"}]}<\/script>\n<!-- \/ Yoast SEO plugin. -->","yoast_head_json":{"title":"Salud mental de sanitarios y educadores: cuando cuidar duele - Barreiro Psicolog\u00eda Blog","description":"El aumento de agresiones afecta la salud mental de sanitarios y educadores. Analizamos causas, consecuencias y c\u00f3mo afrontarlo.","robots":{"index":"index","follow":"follow","max-snippet":"max-snippet:-1","max-image-preview":"max-image-preview:large","max-video-preview":"max-video-preview:-1"},"canonical":"https:\/\/barreiropsicologia.com\/blog\/salud-mental-de-sanitarios-y-educadores-cuando-cuidar-duele\/","og_locale":"es_ES","og_type":"article","og_title":"Salud mental de sanitarios y educadores: cuando cuidar duele - Barreiro Psicolog\u00eda Blog","og_description":"El aumento de agresiones afecta la salud mental de sanitarios y educadores. Analizamos causas, consecuencias y c\u00f3mo afrontarlo.","og_url":"https:\/\/barreiropsicologia.com\/blog\/salud-mental-de-sanitarios-y-educadores-cuando-cuidar-duele\/","og_site_name":"Blog de psicolog\u00eda","article_publisher":"https:\/\/www.facebook.com\/psicologossalamanca\/","article_author":"https:\/\/www.facebook.com\/psicologossalamanca\/","article_published_time":"2025-12-12T11:46:13+00:00","article_modified_time":"2026-03-27T12:05:44+00:00","og_image":[{"width":1024,"height":683,"url":"https:\/\/barreiropsicologia.com\/blog\/wp-content\/uploads\/2025\/10\/ChatGPT-Image-28-oct-2025-12_22_35-1024x683.png","type":"image\/png"}],"author":"Javier Barreiro","twitter_card":"summary_large_image","twitter_creator":"@Barreiro.javier@hotmail.com","twitter_site":"@Barreiro_Psi","twitter_misc":{"Escrito por":"Javier Barreiro","Tiempo de lectura":"5 minutos"},"schema":{"@context":"https:\/\/schema.org","@graph":[{"@type":"Article","@id":"https:\/\/barreiropsicologia.com\/blog\/salud-mental-de-sanitarios-y-educadores-cuando-cuidar-duele\/#article","isPartOf":{"@id":"https:\/\/barreiropsicologia.com\/blog\/salud-mental-de-sanitarios-y-educadores-cuando-cuidar-duele\/"},"author":{"name":"Javier Barreiro","@id":"https:\/\/barreiropsicologia.com\/blog\/#\/schema\/person\/6068f8a0ae30566e1100f91905ead263"},"headline":"Salud mental de sanitarios y educadores: cuando cuidar duele","datePublished":"2025-12-12T11:46:13+00:00","dateModified":"2026-03-27T12:05:44+00:00","mainEntityOfPage":{"@id":"https:\/\/barreiropsicologia.com\/blog\/salud-mental-de-sanitarios-y-educadores-cuando-cuidar-duele\/"},"wordCount":993,"commentCount":1,"image":{"@id":"https:\/\/barreiropsicologia.com\/blog\/salud-mental-de-sanitarios-y-educadores-cuando-cuidar-duele\/#primaryimage"},"thumbnailUrl":"https:\/\/barreiropsicologia.com\/blog\/wp-content\/uploads\/2025\/10\/ChatGPT-Image-28-oct-2025-12_22_35.png","articleSection":["Estado de \u00e1nimo"],"inLanguage":"es","potentialAction":[{"@type":"CommentAction","name":"Comment","target":["https:\/\/barreiropsicologia.com\/blog\/salud-mental-de-sanitarios-y-educadores-cuando-cuidar-duele\/#respond"]}]},{"@type":"WebPage","@id":"https:\/\/barreiropsicologia.com\/blog\/salud-mental-de-sanitarios-y-educadores-cuando-cuidar-duele\/","url":"https:\/\/barreiropsicologia.com\/blog\/salud-mental-de-sanitarios-y-educadores-cuando-cuidar-duele\/","name":"Salud mental de sanitarios y educadores: cuando cuidar duele - Barreiro Psicolog\u00eda Blog","isPartOf":{"@id":"https:\/\/barreiropsicologia.com\/blog\/#website"},"primaryImageOfPage":{"@id":"https:\/\/barreiropsicologia.com\/blog\/salud-mental-de-sanitarios-y-educadores-cuando-cuidar-duele\/#primaryimage"},"image":{"@id":"https:\/\/barreiropsicologia.com\/blog\/salud-mental-de-sanitarios-y-educadores-cuando-cuidar-duele\/#primaryimage"},"thumbnailUrl":"https:\/\/barreiropsicologia.com\/blog\/wp-content\/uploads\/2025\/10\/ChatGPT-Image-28-oct-2025-12_22_35.png","datePublished":"2025-12-12T11:46:13+00:00","dateModified":"2026-03-27T12:05:44+00:00","author":{"@id":"https:\/\/barreiropsicologia.com\/blog\/#\/schema\/person\/6068f8a0ae30566e1100f91905ead263"},"description":"El aumento de agresiones afecta la salud mental de sanitarios y educadores. Analizamos causas, consecuencias y c\u00f3mo afrontarlo.","breadcrumb":{"@id":"https:\/\/barreiropsicologia.com\/blog\/salud-mental-de-sanitarios-y-educadores-cuando-cuidar-duele\/#breadcrumb"},"inLanguage":"es","potentialAction":[{"@type":"ReadAction","target":["https:\/\/barreiropsicologia.com\/blog\/salud-mental-de-sanitarios-y-educadores-cuando-cuidar-duele\/"]}]},{"@type":"ImageObject","inLanguage":"es","@id":"https:\/\/barreiropsicologia.com\/blog\/salud-mental-de-sanitarios-y-educadores-cuando-cuidar-duele\/#primaryimage","url":"https:\/\/barreiropsicologia.com\/blog\/wp-content\/uploads\/2025\/10\/ChatGPT-Image-28-oct-2025-12_22_35.png","contentUrl":"https:\/\/barreiropsicologia.com\/blog\/wp-content\/uploads\/2025\/10\/ChatGPT-Image-28-oct-2025-12_22_35.png","width":1536,"height":1024,"caption":"salud mental de sanitarios y educadores"},{"@type":"BreadcrumbList","@id":"https:\/\/barreiropsicologia.com\/blog\/salud-mental-de-sanitarios-y-educadores-cuando-cuidar-duele\/#breadcrumb","itemListElement":[{"@type":"ListItem","position":1,"name":"Portada","item":"https:\/\/barreiropsicologia.com\/blog\/"},{"@type":"ListItem","position":2,"name":"Salud mental de sanitarios y educadores: cuando cuidar duele"}]},{"@type":"WebSite","@id":"https:\/\/barreiropsicologia.com\/blog\/#website","url":"https:\/\/barreiropsicologia.com\/blog\/","name":"Blog de psicolog\u00eda","description":"Barreiro Psicolog\u00eda Blog","potentialAction":[{"@type":"SearchAction","target":{"@type":"EntryPoint","urlTemplate":"https:\/\/barreiropsicologia.com\/blog\/?s={search_term_string}"},"query-input":{"@type":"PropertyValueSpecification","valueRequired":true,"valueName":"search_term_string"}}],"inLanguage":"es"},{"@type":"Person","@id":"https:\/\/barreiropsicologia.com\/blog\/#\/schema\/person\/6068f8a0ae30566e1100f91905ead263","name":"Javier Barreiro","image":{"@type":"ImageObject","inLanguage":"es","@id":"https:\/\/secure.gravatar.com\/avatar\/ba2dc692a18d0909a9544d2d12c67449129af0c5441c8732f319a1ae7ae701b0?s=96&d=mm&r=g","url":"https:\/\/secure.gravatar.com\/avatar\/ba2dc692a18d0909a9544d2d12c67449129af0c5441c8732f319a1ae7ae701b0?s=96&d=mm&r=g","contentUrl":"https:\/\/secure.gravatar.com\/avatar\/ba2dc692a18d0909a9544d2d12c67449129af0c5441c8732f319a1ae7ae701b0?s=96&d=mm&r=g","caption":"Javier Barreiro"},"description":"Javier Barreiro Santamarta es Licenciado en Psicolog\u00eda por la Universidad de Salamanca, Psic\u00f3logo General Sanitario en Salamanca colegiado n\u00ba CL-3735. M\u00e1ster en Psicolog\u00eda Cl\u00ednica cognitivo-conductual, M\u00e1ster en Terapia Breve Centrada en Soluciones y M\u00e1ster en Recursos Humanos.","sameAs":["https:\/\/www.facebook.com\/psicologossalamanca\/","https:\/\/www.instagram.com\/barreiro.psi","https:\/\/ar.linkedin.com\/in\/javier-barreiro-santamarta-9183b962","https:\/\/x.com\/Barreiro.javier@hotmail.com"],"url":"https:\/\/barreiropsicologia.com\/blog\/author\/javier_barreiro\/"}]}},"_links":{"self":[{"href":"https:\/\/barreiropsicologia.com\/blog\/wp-json\/wp\/v2\/posts\/4048","targetHints":{"allow":["GET"]}}],"collection":[{"href":"https:\/\/barreiropsicologia.com\/blog\/wp-json\/wp\/v2\/posts"}],"about":[{"href":"https:\/\/barreiropsicologia.com\/blog\/wp-json\/wp\/v2\/types\/post"}],"author":[{"embeddable":true,"href":"https:\/\/barreiropsicologia.com\/blog\/wp-json\/wp\/v2\/users\/1"}],"replies":[{"embeddable":true,"href":"https:\/\/barreiropsicologia.com\/blog\/wp-json\/wp\/v2\/comments?post=4048"}],"version-history":[{"count":3,"href":"https:\/\/barreiropsicologia.com\/blog\/wp-json\/wp\/v2\/posts\/4048\/revisions"}],"predecessor-version":[{"id":4052,"href":"https:\/\/barreiropsicologia.com\/blog\/wp-json\/wp\/v2\/posts\/4048\/revisions\/4052"}],"wp:featuredmedia":[{"embeddable":true,"href":"https:\/\/barreiropsicologia.com\/blog\/wp-json\/wp\/v2\/media\/4051"}],"wp:attachment":[{"href":"https:\/\/barreiropsicologia.com\/blog\/wp-json\/wp\/v2\/media?parent=4048"}],"wp:term":[{"taxonomy":"category","embeddable":true,"href":"https:\/\/barreiropsicologia.com\/blog\/wp-json\/wp\/v2\/categories?post=4048"},{"taxonomy":"post_tag","embeddable":true,"href":"https:\/\/barreiropsicologia.com\/blog\/wp-json\/wp\/v2\/tags?post=4048"}],"curies":[{"name":"wp","href":"https:\/\/api.w.org\/{rel}","templated":true}]}}