{"id":4137,"date":"2026-03-10T19:40:39","date_gmt":"2026-03-10T18:40:39","guid":{"rendered":"https:\/\/barreiropsicologia.com\/blog\/?p=4137"},"modified":"2026-03-27T13:06:40","modified_gmt":"2026-03-27T12:06:40","slug":"cuando-la-pasion-se-vuelve-violencia-en-el-futbol","status":"publish","type":"post","link":"https:\/\/barreiropsicologia.com\/blog\/cuando-la-pasion-se-vuelve-violencia-en-el-futbol\/","title":{"rendered":"Cuando la pasi\u00f3n se vuelve violencia en el f\u00fatbol"},"content":{"rendered":"\n<p>El f\u00fatbol es uno de los fen\u00f3menos sociales m\u00e1s poderosos del mundo. Genera identidad, pertenencia y emoci\u00f3n colectiva. Sin embargo, esa misma intensidad emocional que une a millones de personas puede convertirse, en determinadas circunstancias, en el caldo de cultivo perfecto para la violencia.<\/p>\n\n\n\n<p>Los episodios de agresiones en estadios, enfrentamientos entre aficionados o comportamientos violentos dentro del campo no son hechos aislados. Responden a din\u00e1micas psicol\u00f3gicas y sociales complejas donde intervienen la identidad grupal, la gesti\u00f3n emocional, la presi\u00f3n competitiva y el contexto cultural del propio deporte.<\/p>\n\n\n\n<p>Comprender por qu\u00e9 ocurre es el primer paso para poder prevenirlo.<\/p>\n\n\n\n<h2 class=\"wp-block-heading\">El f\u00fatbol como amplificador de emociones intensas<\/h2>\n\n\n\n<p>Un partido de f\u00fatbol concentra en apenas noventa minutos una enorme carga emocional. Expectativas, rivalidad, presi\u00f3n social, orgullo de pertenencia y sensaci\u00f3n de injusticia ante decisiones arbitrales activan respuestas emocionales muy intensas.<\/p>\n\n\n\n<p>Cuando estas emociones no se regulan adecuadamente, pueden transformarse en frustraci\u00f3n o ira. En contextos de alta activaci\u00f3n emocional, la probabilidad de comportamientos impulsivos aumenta, especialmente cuando existen modelos que normalizan la agresividad.<\/p>\n\n\n\n<p>El psic\u00f3logo <strong>Albert Bandura<\/strong> ya explic\u00f3 en su teor\u00eda del aprendizaje social que las personas aprenden conductas observando a otros, sobre todo cuando esas conductas parecen recompensadas o aceptadas socialmente (<a href=\"https:\/\/psycnet.apa.org\/record\/1977-25733-001\">Bandura, 1977<\/a>). En el f\u00fatbol, donde jugadores, entrenadores o comentaristas pueden legitimar determinadas actitudes agresivas, este aprendizaje se refuerza con facilidad.<\/p>\n\n\n\n<h2 class=\"wp-block-heading\">Identidad de grupo y rivalidad extrema<\/h2>\n\n\n\n<p>El f\u00fatbol tambi\u00e9n activa uno de los mecanismos psicol\u00f3gicos m\u00e1s poderosos que conocemos: la <strong>identidad grupal<\/strong>. Los aficionados no solo apoyan a un equipo; muchas veces lo incorporan a su propia identidad.<\/p>\n\n\n\n<p>Cuando esto ocurre, la rivalidad deportiva puede transformarse en rivalidad personal. El rival deja de ser simplemente otro equipo y pasa a representar al \u201cotro\u201d, al contrario.<\/p>\n\n\n\n<p>La <strong>teor\u00eda de la identidad social<\/strong>, desarrollada por Henri Tajfel y John Turner, explica que cuando las personas se identifican fuertemente con un grupo tienden a favorecer al propio grupo y a mostrar mayor hostilidad hacia los grupos externos, especialmente en situaciones de competici\u00f3n directa (<a href=\"https:\/\/psycnet.apa.org\/record\/2004-13697-016\">Tajfel &amp; Turner, 1986<\/a>).<\/p>\n\n\n\n<p>Por eso, en ambientes de masa como los estadios, donde la identidad colectiva se intensifica, el riesgo de comportamientos agresivos aumenta.<\/p>\n\n\n\n<h2 class=\"wp-block-heading\">Cuando la presi\u00f3n competitiva desborda dentro del campo<\/h2>\n\n\n\n<p>Dentro del terreno de juego la violencia suele aparecer asociada a la presi\u00f3n por el rendimiento, el miedo al error o la amenaza al ego del jugador.<\/p>\n\n\n\n<p>El f\u00fatbol profesional mueve enormes intereses econ\u00f3micos, sociales y medi\u00e1ticos. En ese contexto, una falta, una provocaci\u00f3n o una derrota pueden vivirse como un ataque a la propia identidad o al prestigio personal.<\/p>\n\n\n\n<p>Cuando el autocontrol emocional se rompe, aparecen conductas impulsivas como agresiones, protestas desmedidas o entradas peligrosas. Estas conductas, adem\u00e1s, pueden contagiar emocionalmente al entorno y alimentar la tensi\u00f3n en las gradas.<\/p>\n\n\n\n<h2 class=\"wp-block-heading\">El f\u00fatbol como canal de frustraci\u00f3n social<\/h2>\n\n\n\n<p>Fuera del campo, el f\u00fatbol puede convertirse en una v\u00eda de canalizaci\u00f3n de frustraciones colectivas. En contextos de estr\u00e9s social, desigualdad o malestar econ\u00f3mico, los eventos deportivos funcionan a veces como escenarios donde se expresa simb\u00f3licamente ese malestar.<\/p>\n\n\n\n<p>El soci\u00f3logo Eric Dunning y sus colaboradores mostraron que algunos fen\u00f3menos de violencia en el f\u00fatbol est\u00e1n relacionados con procesos sociales m\u00e1s amplios, donde el deporte act\u00faa como un espacio de descarga emocional colectiva (<a href=\"https:\/\/www.routledge.com\/The-Roots-of-Football-Hooliganism-RLE-Sports-Studies-An-Historical-and-Sociological-Study\/Dunning-Murphy-Williams\/p\/book\/9781138989894\">Dunning, Murphy &amp; Williams, 1988<\/a>).<\/p>\n\n\n\n<p>Esto no significa que el f\u00fatbol genere violencia por s\u00ed mismo, sino que puede amplificar tensiones que ya existen en la sociedad.<\/p>\n\n\n\n<h2 class=\"wp-block-heading\">La violencia que aparece en el f\u00fatbol base<\/h2>\n\n\n\n<p>Uno de los aspectos m\u00e1s preocupantes aparece en el f\u00fatbol infantil. En muchos casos, la violencia no surge de los propios ni\u00f1os, sino de los adultos que los rodean.<\/p>\n\n\n\n<p>Padres, madres o entrenadores pueden proyectar sobre los menores expectativas excesivas, presionando para ganar o reaccionando con agresividad ante errores o decisiones arbitrales.<\/p>\n\n\n\n<p>Los ni\u00f1os aprenden observando. Cuando el entorno transmite que la agresividad es una forma leg\u00edtima de competir, ese mensaje se interioriza r\u00e1pidamente. Adem\u00e1s, estos contextos aumentan la ansiedad, reducen el disfrute del deporte y favorecen el abandono temprano de la actividad deportiva.<\/p>\n\n\n\n<p>El deporte base deber\u00eda ser un espacio para aprender valores, tolerar el error y desarrollar habilidades emocionales.<\/p>\n\n\n\n<h2 class=\"wp-block-heading\">Alcohol, medios y redes sociales<\/h2>\n\n\n\n<p>El consumo de alcohol en eventos deportivos tambi\u00e9n juega un papel importante. Reduce la inhibici\u00f3n, aumenta la impulsividad y facilita respuestas agresivas ante situaciones de tensi\u00f3n.<\/p>\n\n\n\n<p>Por otro lado, el discurso medi\u00e1tico puede contribuir a intensificar la rivalidad cuando utiliza narrativas b\u00e9licas o polarizadas. En redes sociales, adem\u00e1s, la desinhibici\u00f3n digital permite insultos y amenazas que alimentan un clima de hostilidad constante.<\/p>\n\n\n\n<hr class=\"wp-block-separator has-alpha-channel-opacity\"\/>\n\n\n\n<h2 class=\"wp-block-heading\">Una mirada personal sobre lo que ocurre con la violencia en el f\u00fatbol<\/h2>\n\n\n\n<p>Cuando observamos estos episodios desde la psicolog\u00eda, resulta evidente que el problema no es el f\u00fatbol en s\u00ed mismo. El problema es c\u00f3mo gestionamos emocionalmente la intensidad que genera.<\/p>\n\n\n\n<p>El deporte puede ser un espacio extraordinario para compartir, disfrutar y liberar tensiones de forma saludable. Pero para que eso ocurra necesitamos aprender a convivir con emociones como la frustraci\u00f3n, la derrota o el error.<\/p>\n\n\n\n<p>Quiz\u00e1 la pregunta m\u00e1s importante no sea por qu\u00e9 el f\u00fatbol genera violencia, sino qu\u00e9 nos dice esa violencia sobre nuestra manera de relacionarnos con el conflicto y con la frustraci\u00f3n.<\/p>\n\n\n\n<h2 class=\"wp-block-heading\">Para terminar sobre la violencia en el f\u00fatbol<\/h2>\n\n\n\n<p>La violencia en el f\u00fatbol es el resultado de m\u00faltiples factores psicol\u00f3gicos y sociales que se combinan en un entorno emocionalmente intenso. Identidad grupal, presi\u00f3n competitiva, frustraci\u00f3n social o modelos agresivos pueden contribuir a que la pasi\u00f3n se transforme en agresi\u00f3n.<\/p>\n\n\n\n<p>Comprender estas din\u00e1micas no justifica la violencia, pero s\u00ed permite abordarla con mayor profundidad. Y, sobre todo, nos recuerda que el f\u00fatbol puede seguir siendo lo que deber\u00eda ser: un espacio de emoci\u00f3n compartida y no un escenario de enfrentamiento.<\/p>\n\n\n\n<hr class=\"wp-block-separator has-alpha-channel-opacity\"\/>\n\n\n\n<p><strong>Tambi\u00e9n te pueden interesar los art\u00edculos:<\/strong><\/p>\n\n\n\n<ul class=\"wp-block-list\">\n<li><a href=\"https:\/\/barreiropsicologia.com\/blog\/cuando-el-cuerpo-se-mueve-la-mente-respira-beneficios-psicologicos-del-deporte\/\">Beneficios psicol\u00f3gicos del deporte<\/a><\/li>\n\n\n\n<li><a href=\"https:\/\/barreiropsicologia.com\/blog\/cuando-las-palabras-no-bastan-como-entender-y-prevenir-la-escalada-de-la-violencia\/\">Como entender y prevenir la escalada de violencia<\/a><\/li>\n\n\n\n<li><a href=\"https:\/\/barreiropsicologia.com\/blog\/impacto-de-la-violencia-en-la-sociedad\/\">El impacto de la violencia en la sociedad<\/a><\/li>\n<\/ul>\n\n\n\n<p><\/p>\n","protected":false},"excerpt":{"rendered":"<p>El f\u00fatbol es uno de los fen\u00f3menos sociales m\u00e1s poderosos del mundo. Genera identidad, pertenencia y emoci\u00f3n colectiva. Sin embargo, esa misma intensidad emocional que une a millones de personas puede convertirse, en determinadas circunstancias, en el caldo de cultivo&#46;&#46;&#46;<\/p>\n","protected":false},"author":1,"featured_media":4207,"comment_status":"open","ping_status":"open","sticky":false,"template":"","format":"standard","meta":{"footnotes":""},"categories":[801],"tags":[790,696,794,720],"class_list":["post-4137","post","type-post","status-publish","format-standard","has-post-thumbnail","hentry","category-entorno-salud-mental","tag-deporte","tag-emociones","tag-psicologia-del-deporte","tag-violencia"],"yoast_head":"<!-- This site is optimized with the Yoast SEO plugin v27.3 - https:\/\/yoast.com\/product\/yoast-seo-wordpress\/ -->\n<title>Cuando la pasi\u00f3n se vuelve violencia en el f\u00fatbol - Barreiro Psicolog\u00eda Blog<\/title>\n<meta name=\"description\" content=\"Analizamos desde la psicolog\u00eda por qu\u00e9 surge la violencia en el f\u00fatbol dentro y qu\u00e9 factores emocionales y sociales la alimentan.\" \/>\n<meta name=\"robots\" content=\"index, follow, max-snippet:-1, max-image-preview:large, max-video-preview:-1\" \/>\n<link rel=\"canonical\" href=\"https:\/\/barreiropsicologia.com\/blog\/cuando-la-pasion-se-vuelve-violencia-en-el-futbol\/\" \/>\n<meta property=\"og:locale\" content=\"es_ES\" \/>\n<meta property=\"og:type\" content=\"article\" \/>\n<meta property=\"og:title\" content=\"Cuando la pasi\u00f3n se vuelve violencia en el f\u00fatbol - Barreiro Psicolog\u00eda Blog\" \/>\n<meta property=\"og:description\" content=\"Analizamos desde la psicolog\u00eda por qu\u00e9 surge la violencia en el f\u00fatbol dentro y qu\u00e9 factores emocionales y sociales la alimentan.\" \/>\n<meta property=\"og:url\" content=\"https:\/\/barreiropsicologia.com\/blog\/cuando-la-pasion-se-vuelve-violencia-en-el-futbol\/\" \/>\n<meta property=\"og:site_name\" content=\"Blog de psicolog\u00eda\" \/>\n<meta property=\"article:publisher\" content=\"https:\/\/www.facebook.com\/psicologossalamanca\/\" \/>\n<meta property=\"article:author\" content=\"https:\/\/www.facebook.com\/psicologossalamanca\/\" \/>\n<meta property=\"article:published_time\" content=\"2026-03-10T18:40:39+00:00\" \/>\n<meta property=\"article:modified_time\" content=\"2026-03-27T12:06:40+00:00\" \/>\n<meta property=\"og:image\" content=\"https:\/\/barreiropsicologia.com\/blog\/wp-content\/uploads\/2026\/03\/ChatGPT-Image-10-mar-2026-19_37_24-683x1024.png\" \/>\n\t<meta property=\"og:image:width\" content=\"683\" \/>\n\t<meta property=\"og:image:height\" content=\"1024\" \/>\n\t<meta property=\"og:image:type\" content=\"image\/png\" \/>\n<meta name=\"author\" content=\"Javier Barreiro\" \/>\n<meta name=\"twitter:card\" content=\"summary_large_image\" \/>\n<meta name=\"twitter:creator\" content=\"@Barreiro.javier@hotmail.com\" \/>\n<meta name=\"twitter:site\" content=\"@Barreiro_Psi\" \/>\n<meta name=\"twitter:label1\" content=\"Escrito por\" \/>\n\t<meta name=\"twitter:data1\" content=\"Javier Barreiro\" \/>\n\t<meta name=\"twitter:label2\" content=\"Tiempo de lectura\" \/>\n\t<meta name=\"twitter:data2\" content=\"5 minutos\" \/>\n<script type=\"application\/ld+json\" class=\"yoast-schema-graph\">{\"@context\":\"https:\\\/\\\/schema.org\",\"@graph\":[{\"@type\":\"Article\",\"@id\":\"https:\\\/\\\/barreiropsicologia.com\\\/blog\\\/cuando-la-pasion-se-vuelve-violencia-en-el-futbol\\\/#article\",\"isPartOf\":{\"@id\":\"https:\\\/\\\/barreiropsicologia.com\\\/blog\\\/cuando-la-pasion-se-vuelve-violencia-en-el-futbol\\\/\"},\"author\":{\"name\":\"Javier Barreiro\",\"@id\":\"https:\\\/\\\/barreiropsicologia.com\\\/blog\\\/#\\\/schema\\\/person\\\/6068f8a0ae30566e1100f91905ead263\"},\"headline\":\"Cuando la pasi\u00f3n se vuelve violencia en el f\u00fatbol\",\"datePublished\":\"2026-03-10T18:40:39+00:00\",\"dateModified\":\"2026-03-27T12:06:40+00:00\",\"mainEntityOfPage\":{\"@id\":\"https:\\\/\\\/barreiropsicologia.com\\\/blog\\\/cuando-la-pasion-se-vuelve-violencia-en-el-futbol\\\/\"},\"wordCount\":1064,\"commentCount\":0,\"image\":{\"@id\":\"https:\\\/\\\/barreiropsicologia.com\\\/blog\\\/cuando-la-pasion-se-vuelve-violencia-en-el-futbol\\\/#primaryimage\"},\"thumbnailUrl\":\"https:\\\/\\\/barreiropsicologia.com\\\/blog\\\/wp-content\\\/uploads\\\/2026\\\/03\\\/ChatGPT-Image-10-mar-2026-19_37_24.png\",\"keywords\":[\"deporte\",\"emociones\",\"psicologia del deporte\",\"violencia\"],\"articleSection\":[\"Entorno y salud mental\"],\"inLanguage\":\"es\",\"potentialAction\":[{\"@type\":\"CommentAction\",\"name\":\"Comment\",\"target\":[\"https:\\\/\\\/barreiropsicologia.com\\\/blog\\\/cuando-la-pasion-se-vuelve-violencia-en-el-futbol\\\/#respond\"]}]},{\"@type\":\"WebPage\",\"@id\":\"https:\\\/\\\/barreiropsicologia.com\\\/blog\\\/cuando-la-pasion-se-vuelve-violencia-en-el-futbol\\\/\",\"url\":\"https:\\\/\\\/barreiropsicologia.com\\\/blog\\\/cuando-la-pasion-se-vuelve-violencia-en-el-futbol\\\/\",\"name\":\"Cuando la pasi\u00f3n se vuelve violencia en el f\u00fatbol - Barreiro Psicolog\u00eda Blog\",\"isPartOf\":{\"@id\":\"https:\\\/\\\/barreiropsicologia.com\\\/blog\\\/#website\"},\"primaryImageOfPage\":{\"@id\":\"https:\\\/\\\/barreiropsicologia.com\\\/blog\\\/cuando-la-pasion-se-vuelve-violencia-en-el-futbol\\\/#primaryimage\"},\"image\":{\"@id\":\"https:\\\/\\\/barreiropsicologia.com\\\/blog\\\/cuando-la-pasion-se-vuelve-violencia-en-el-futbol\\\/#primaryimage\"},\"thumbnailUrl\":\"https:\\\/\\\/barreiropsicologia.com\\\/blog\\\/wp-content\\\/uploads\\\/2026\\\/03\\\/ChatGPT-Image-10-mar-2026-19_37_24.png\",\"datePublished\":\"2026-03-10T18:40:39+00:00\",\"dateModified\":\"2026-03-27T12:06:40+00:00\",\"author\":{\"@id\":\"https:\\\/\\\/barreiropsicologia.com\\\/blog\\\/#\\\/schema\\\/person\\\/6068f8a0ae30566e1100f91905ead263\"},\"description\":\"Analizamos desde la psicolog\u00eda por qu\u00e9 surge la violencia en el f\u00fatbol dentro y qu\u00e9 factores emocionales y sociales la alimentan.\",\"breadcrumb\":{\"@id\":\"https:\\\/\\\/barreiropsicologia.com\\\/blog\\\/cuando-la-pasion-se-vuelve-violencia-en-el-futbol\\\/#breadcrumb\"},\"inLanguage\":\"es\",\"potentialAction\":[{\"@type\":\"ReadAction\",\"target\":[\"https:\\\/\\\/barreiropsicologia.com\\\/blog\\\/cuando-la-pasion-se-vuelve-violencia-en-el-futbol\\\/\"]}]},{\"@type\":\"ImageObject\",\"inLanguage\":\"es\",\"@id\":\"https:\\\/\\\/barreiropsicologia.com\\\/blog\\\/cuando-la-pasion-se-vuelve-violencia-en-el-futbol\\\/#primaryimage\",\"url\":\"https:\\\/\\\/barreiropsicologia.com\\\/blog\\\/wp-content\\\/uploads\\\/2026\\\/03\\\/ChatGPT-Image-10-mar-2026-19_37_24.png\",\"contentUrl\":\"https:\\\/\\\/barreiropsicologia.com\\\/blog\\\/wp-content\\\/uploads\\\/2026\\\/03\\\/ChatGPT-Image-10-mar-2026-19_37_24.png\",\"width\":1024,\"height\":1536,\"caption\":\"violencia en el f\u00fatbol\"},{\"@type\":\"BreadcrumbList\",\"@id\":\"https:\\\/\\\/barreiropsicologia.com\\\/blog\\\/cuando-la-pasion-se-vuelve-violencia-en-el-futbol\\\/#breadcrumb\",\"itemListElement\":[{\"@type\":\"ListItem\",\"position\":1,\"name\":\"Portada\",\"item\":\"https:\\\/\\\/barreiropsicologia.com\\\/blog\\\/\"},{\"@type\":\"ListItem\",\"position\":2,\"name\":\"Cuando la pasi\u00f3n se vuelve violencia en el f\u00fatbol\"}]},{\"@type\":\"WebSite\",\"@id\":\"https:\\\/\\\/barreiropsicologia.com\\\/blog\\\/#website\",\"url\":\"https:\\\/\\\/barreiropsicologia.com\\\/blog\\\/\",\"name\":\"Blog de psicolog\u00eda\",\"description\":\"Barreiro Psicolog\u00eda Blog\",\"potentialAction\":[{\"@type\":\"SearchAction\",\"target\":{\"@type\":\"EntryPoint\",\"urlTemplate\":\"https:\\\/\\\/barreiropsicologia.com\\\/blog\\\/?s={search_term_string}\"},\"query-input\":{\"@type\":\"PropertyValueSpecification\",\"valueRequired\":true,\"valueName\":\"search_term_string\"}}],\"inLanguage\":\"es\"},{\"@type\":\"Person\",\"@id\":\"https:\\\/\\\/barreiropsicologia.com\\\/blog\\\/#\\\/schema\\\/person\\\/6068f8a0ae30566e1100f91905ead263\",\"name\":\"Javier Barreiro\",\"image\":{\"@type\":\"ImageObject\",\"inLanguage\":\"es\",\"@id\":\"https:\\\/\\\/secure.gravatar.com\\\/avatar\\\/ba2dc692a18d0909a9544d2d12c67449129af0c5441c8732f319a1ae7ae701b0?s=96&d=mm&r=g\",\"url\":\"https:\\\/\\\/secure.gravatar.com\\\/avatar\\\/ba2dc692a18d0909a9544d2d12c67449129af0c5441c8732f319a1ae7ae701b0?s=96&d=mm&r=g\",\"contentUrl\":\"https:\\\/\\\/secure.gravatar.com\\\/avatar\\\/ba2dc692a18d0909a9544d2d12c67449129af0c5441c8732f319a1ae7ae701b0?s=96&d=mm&r=g\",\"caption\":\"Javier Barreiro\"},\"description\":\"Javier Barreiro Santamarta es Licenciado en Psicolog\u00eda por la Universidad de Salamanca, Psic\u00f3logo General Sanitario en Salamanca colegiado n\u00ba CL-3735. M\u00e1ster en Psicolog\u00eda Cl\u00ednica cognitivo-conductual, M\u00e1ster en Terapia Breve Centrada en Soluciones y M\u00e1ster en Recursos Humanos.\",\"sameAs\":[\"https:\\\/\\\/www.facebook.com\\\/psicologossalamanca\\\/\",\"https:\\\/\\\/www.instagram.com\\\/barreiro.psi\",\"https:\\\/\\\/ar.linkedin.com\\\/in\\\/javier-barreiro-santamarta-9183b962\",\"https:\\\/\\\/x.com\\\/Barreiro.javier@hotmail.com\"],\"url\":\"https:\\\/\\\/barreiropsicologia.com\\\/blog\\\/author\\\/javier_barreiro\\\/\"}]}<\/script>\n<!-- \/ Yoast SEO plugin. -->","yoast_head_json":{"title":"Cuando la pasi\u00f3n se vuelve violencia en el f\u00fatbol - Barreiro Psicolog\u00eda Blog","description":"Analizamos desde la psicolog\u00eda por qu\u00e9 surge la violencia en el f\u00fatbol dentro y qu\u00e9 factores emocionales y sociales la alimentan.","robots":{"index":"index","follow":"follow","max-snippet":"max-snippet:-1","max-image-preview":"max-image-preview:large","max-video-preview":"max-video-preview:-1"},"canonical":"https:\/\/barreiropsicologia.com\/blog\/cuando-la-pasion-se-vuelve-violencia-en-el-futbol\/","og_locale":"es_ES","og_type":"article","og_title":"Cuando la pasi\u00f3n se vuelve violencia en el f\u00fatbol - Barreiro Psicolog\u00eda Blog","og_description":"Analizamos desde la psicolog\u00eda por qu\u00e9 surge la violencia en el f\u00fatbol dentro y qu\u00e9 factores emocionales y sociales la alimentan.","og_url":"https:\/\/barreiropsicologia.com\/blog\/cuando-la-pasion-se-vuelve-violencia-en-el-futbol\/","og_site_name":"Blog de psicolog\u00eda","article_publisher":"https:\/\/www.facebook.com\/psicologossalamanca\/","article_author":"https:\/\/www.facebook.com\/psicologossalamanca\/","article_published_time":"2026-03-10T18:40:39+00:00","article_modified_time":"2026-03-27T12:06:40+00:00","og_image":[{"width":683,"height":1024,"url":"https:\/\/barreiropsicologia.com\/blog\/wp-content\/uploads\/2026\/03\/ChatGPT-Image-10-mar-2026-19_37_24-683x1024.png","type":"image\/png"}],"author":"Javier Barreiro","twitter_card":"summary_large_image","twitter_creator":"@Barreiro.javier@hotmail.com","twitter_site":"@Barreiro_Psi","twitter_misc":{"Escrito por":"Javier Barreiro","Tiempo de lectura":"5 minutos"},"schema":{"@context":"https:\/\/schema.org","@graph":[{"@type":"Article","@id":"https:\/\/barreiropsicologia.com\/blog\/cuando-la-pasion-se-vuelve-violencia-en-el-futbol\/#article","isPartOf":{"@id":"https:\/\/barreiropsicologia.com\/blog\/cuando-la-pasion-se-vuelve-violencia-en-el-futbol\/"},"author":{"name":"Javier Barreiro","@id":"https:\/\/barreiropsicologia.com\/blog\/#\/schema\/person\/6068f8a0ae30566e1100f91905ead263"},"headline":"Cuando la pasi\u00f3n se vuelve violencia en el f\u00fatbol","datePublished":"2026-03-10T18:40:39+00:00","dateModified":"2026-03-27T12:06:40+00:00","mainEntityOfPage":{"@id":"https:\/\/barreiropsicologia.com\/blog\/cuando-la-pasion-se-vuelve-violencia-en-el-futbol\/"},"wordCount":1064,"commentCount":0,"image":{"@id":"https:\/\/barreiropsicologia.com\/blog\/cuando-la-pasion-se-vuelve-violencia-en-el-futbol\/#primaryimage"},"thumbnailUrl":"https:\/\/barreiropsicologia.com\/blog\/wp-content\/uploads\/2026\/03\/ChatGPT-Image-10-mar-2026-19_37_24.png","keywords":["deporte","emociones","psicologia del deporte","violencia"],"articleSection":["Entorno y salud mental"],"inLanguage":"es","potentialAction":[{"@type":"CommentAction","name":"Comment","target":["https:\/\/barreiropsicologia.com\/blog\/cuando-la-pasion-se-vuelve-violencia-en-el-futbol\/#respond"]}]},{"@type":"WebPage","@id":"https:\/\/barreiropsicologia.com\/blog\/cuando-la-pasion-se-vuelve-violencia-en-el-futbol\/","url":"https:\/\/barreiropsicologia.com\/blog\/cuando-la-pasion-se-vuelve-violencia-en-el-futbol\/","name":"Cuando la pasi\u00f3n se vuelve violencia en el f\u00fatbol - Barreiro Psicolog\u00eda Blog","isPartOf":{"@id":"https:\/\/barreiropsicologia.com\/blog\/#website"},"primaryImageOfPage":{"@id":"https:\/\/barreiropsicologia.com\/blog\/cuando-la-pasion-se-vuelve-violencia-en-el-futbol\/#primaryimage"},"image":{"@id":"https:\/\/barreiropsicologia.com\/blog\/cuando-la-pasion-se-vuelve-violencia-en-el-futbol\/#primaryimage"},"thumbnailUrl":"https:\/\/barreiropsicologia.com\/blog\/wp-content\/uploads\/2026\/03\/ChatGPT-Image-10-mar-2026-19_37_24.png","datePublished":"2026-03-10T18:40:39+00:00","dateModified":"2026-03-27T12:06:40+00:00","author":{"@id":"https:\/\/barreiropsicologia.com\/blog\/#\/schema\/person\/6068f8a0ae30566e1100f91905ead263"},"description":"Analizamos desde la psicolog\u00eda por qu\u00e9 surge la violencia en el f\u00fatbol dentro y qu\u00e9 factores emocionales y sociales la alimentan.","breadcrumb":{"@id":"https:\/\/barreiropsicologia.com\/blog\/cuando-la-pasion-se-vuelve-violencia-en-el-futbol\/#breadcrumb"},"inLanguage":"es","potentialAction":[{"@type":"ReadAction","target":["https:\/\/barreiropsicologia.com\/blog\/cuando-la-pasion-se-vuelve-violencia-en-el-futbol\/"]}]},{"@type":"ImageObject","inLanguage":"es","@id":"https:\/\/barreiropsicologia.com\/blog\/cuando-la-pasion-se-vuelve-violencia-en-el-futbol\/#primaryimage","url":"https:\/\/barreiropsicologia.com\/blog\/wp-content\/uploads\/2026\/03\/ChatGPT-Image-10-mar-2026-19_37_24.png","contentUrl":"https:\/\/barreiropsicologia.com\/blog\/wp-content\/uploads\/2026\/03\/ChatGPT-Image-10-mar-2026-19_37_24.png","width":1024,"height":1536,"caption":"violencia en el f\u00fatbol"},{"@type":"BreadcrumbList","@id":"https:\/\/barreiropsicologia.com\/blog\/cuando-la-pasion-se-vuelve-violencia-en-el-futbol\/#breadcrumb","itemListElement":[{"@type":"ListItem","position":1,"name":"Portada","item":"https:\/\/barreiropsicologia.com\/blog\/"},{"@type":"ListItem","position":2,"name":"Cuando la pasi\u00f3n se vuelve violencia en el f\u00fatbol"}]},{"@type":"WebSite","@id":"https:\/\/barreiropsicologia.com\/blog\/#website","url":"https:\/\/barreiropsicologia.com\/blog\/","name":"Blog de psicolog\u00eda","description":"Barreiro Psicolog\u00eda Blog","potentialAction":[{"@type":"SearchAction","target":{"@type":"EntryPoint","urlTemplate":"https:\/\/barreiropsicologia.com\/blog\/?s={search_term_string}"},"query-input":{"@type":"PropertyValueSpecification","valueRequired":true,"valueName":"search_term_string"}}],"inLanguage":"es"},{"@type":"Person","@id":"https:\/\/barreiropsicologia.com\/blog\/#\/schema\/person\/6068f8a0ae30566e1100f91905ead263","name":"Javier Barreiro","image":{"@type":"ImageObject","inLanguage":"es","@id":"https:\/\/secure.gravatar.com\/avatar\/ba2dc692a18d0909a9544d2d12c67449129af0c5441c8732f319a1ae7ae701b0?s=96&d=mm&r=g","url":"https:\/\/secure.gravatar.com\/avatar\/ba2dc692a18d0909a9544d2d12c67449129af0c5441c8732f319a1ae7ae701b0?s=96&d=mm&r=g","contentUrl":"https:\/\/secure.gravatar.com\/avatar\/ba2dc692a18d0909a9544d2d12c67449129af0c5441c8732f319a1ae7ae701b0?s=96&d=mm&r=g","caption":"Javier Barreiro"},"description":"Javier Barreiro Santamarta es Licenciado en Psicolog\u00eda por la Universidad de Salamanca, Psic\u00f3logo General Sanitario en Salamanca colegiado n\u00ba CL-3735. M\u00e1ster en Psicolog\u00eda Cl\u00ednica cognitivo-conductual, M\u00e1ster en Terapia Breve Centrada en Soluciones y M\u00e1ster en Recursos Humanos.","sameAs":["https:\/\/www.facebook.com\/psicologossalamanca\/","https:\/\/www.instagram.com\/barreiro.psi","https:\/\/ar.linkedin.com\/in\/javier-barreiro-santamarta-9183b962","https:\/\/x.com\/Barreiro.javier@hotmail.com"],"url":"https:\/\/barreiropsicologia.com\/blog\/author\/javier_barreiro\/"}]}},"_links":{"self":[{"href":"https:\/\/barreiropsicologia.com\/blog\/wp-json\/wp\/v2\/posts\/4137","targetHints":{"allow":["GET"]}}],"collection":[{"href":"https:\/\/barreiropsicologia.com\/blog\/wp-json\/wp\/v2\/posts"}],"about":[{"href":"https:\/\/barreiropsicologia.com\/blog\/wp-json\/wp\/v2\/types\/post"}],"author":[{"embeddable":true,"href":"https:\/\/barreiropsicologia.com\/blog\/wp-json\/wp\/v2\/users\/1"}],"replies":[{"embeddable":true,"href":"https:\/\/barreiropsicologia.com\/blog\/wp-json\/wp\/v2\/comments?post=4137"}],"version-history":[{"count":2,"href":"https:\/\/barreiropsicologia.com\/blog\/wp-json\/wp\/v2\/posts\/4137\/revisions"}],"predecessor-version":[{"id":4206,"href":"https:\/\/barreiropsicologia.com\/blog\/wp-json\/wp\/v2\/posts\/4137\/revisions\/4206"}],"wp:featuredmedia":[{"embeddable":true,"href":"https:\/\/barreiropsicologia.com\/blog\/wp-json\/wp\/v2\/media\/4207"}],"wp:attachment":[{"href":"https:\/\/barreiropsicologia.com\/blog\/wp-json\/wp\/v2\/media?parent=4137"}],"wp:term":[{"taxonomy":"category","embeddable":true,"href":"https:\/\/barreiropsicologia.com\/blog\/wp-json\/wp\/v2\/categories?post=4137"},{"taxonomy":"post_tag","embeddable":true,"href":"https:\/\/barreiropsicologia.com\/blog\/wp-json\/wp\/v2\/tags?post=4137"}],"curies":[{"name":"wp","href":"https:\/\/api.w.org\/{rel}","templated":true}]}}