{"id":4146,"date":"2026-01-20T13:12:16","date_gmt":"2026-01-20T12:12:16","guid":{"rendered":"https:\/\/barreiropsicologia.com\/blog\/?p=4146"},"modified":"2026-03-27T13:36:56","modified_gmt":"2026-03-27T12:36:56","slug":"cuando-el-trauma-irrumpe-sin-aviso-el-impacto-psicologico-y-como-afrontar-los-primeros-momentos","status":"publish","type":"post","link":"https:\/\/barreiropsicologia.com\/blog\/cuando-el-trauma-irrumpe-sin-aviso-el-impacto-psicologico-y-como-afrontar-los-primeros-momentos\/","title":{"rendered":"Cuando el trauma irrumpe sin aviso, el impacto psicol\u00f3gico y c\u00f3mo afrontar los primeros momentos"},"content":{"rendered":"\n<p>Hay acontecimientos que rompen la idea de normalidad en un solo instante. Un accidente ferroviario como el ocurrido recientemente en Espa\u00f1a no solo deja consecuencias f\u00edsicas y materiales, sino que provoca un <strong>impacto psicol\u00f3gico profundo<\/strong> en quienes lo viven directamente, en sus familiares y tambi\u00e9n en la sociedad que lo observa.<\/p>\n\n\n\n<p>El trauma aparece cuando la experiencia supera nuestra capacidad habitual de afrontamiento. No es solo lo que ocurre, sino <strong>c\u00f3mo el cuerpo y la mente lo procesan<\/strong>. <\/p>\n\n\n\n<p>En este art\u00edculo quiero explicarte qu\u00e9 sucede a nivel psicol\u00f3gico tras vivir un evento traum\u00e1tico de esta magnitud y c\u00f3mo afrontar los primeros momentos, que son clave para la recuperaci\u00f3n emocional.<\/p>\n\n\n\n<h2 class=\"wp-block-heading\">\u00bfQu\u00e9 es un trauma psicol\u00f3gico?<\/h2>\n\n\n\n<p>Desde la psicolog\u00eda, hablamos de trauma cuando una persona se enfrenta a una situaci\u00f3n <strong>amenazante, inesperada y desbordante<\/strong>, que genera una sensaci\u00f3n intensa de miedo, indefensi\u00f3n o p\u00e9rdida de control.<\/p>\n\n\n\n<p>Un accidente ferroviario re\u00fane todos estos elementos: Es repentino. Implica riesgo vital. Rompe la sensaci\u00f3n de seguridad b\u00e1sica. Puede conllevar p\u00e9rdidas humanas.<\/p>\n\n\n\n<p>El trauma no depende de \u201cser m\u00e1s fuerte\u201d o \u201csaber gestionar mejor las emociones\u201d. Depende de c\u00f3mo el sistema nervioso responde ante una experiencia extrema.<\/p>\n\n\n\n<h2 class=\"wp-block-heading\">Impacto psicol\u00f3gico inmediato tras un accidente grave<\/h2>\n\n\n\n<p>En las horas y d\u00edas posteriores al suceso pueden aparecer reacciones muy intensas. Todas ellas son <strong>respuestas normales ante una situaci\u00f3n anormal<\/strong>.<\/p>\n\n\n\n<h4 class=\"wp-block-heading\">Shock emocional y sensaci\u00f3n de irrealidad<\/h4>\n\n\n\n<p>Muchas personas describen sentirse como si todo estuviera ocurriendo \u201cen una pel\u00edcula\u201d. Hay confusi\u00f3n, dificultad para recordar detalles o una sensaci\u00f3n de estar desconectado de lo que sucede.<br>Este estado de shock es un <strong>mecanismo de protecci\u00f3n<\/strong> del cerebro.<\/p>\n\n\n\n<h4 class=\"wp-block-heading\">Miedo y activaci\u00f3n constante<\/h4>\n\n\n\n<p>El sistema nervioso entra en modo alerta. Aparecen: Sobresaltos frecuentes, Hipervigilancia, Dificultad para relajarse. El cuerpo act\u00faa como si el peligro siguiera presente, incluso cuando ya ha pasado.<\/p>\n\n\n\n<h4 class=\"wp-block-heading\">Tristeza profunda y dolor emocional<\/h4>\n\n\n\n<p>Cuando hay heridos o fallecidos, el impacto emocional puede ser devastador. El llanto, la pena intensa o la sensaci\u00f3n de vac\u00edo no indican debilidad, sino <strong>una reacci\u00f3n humana al dolor y a la p\u00e9rdida<\/strong>.<\/p>\n\n\n\n<h4 class=\"wp-block-heading\">Culpa del superviviente<\/h4>\n\n\n\n<p>Es frecuente que quienes salen ilesos se pregunten: \u201c\u00bfPor qu\u00e9 yo s\u00ed?\u201d Esta culpa no es racional, pero s\u00ed muy com\u00fan en experiencias traum\u00e1ticas.<\/p>\n\n\n\n<h4 class=\"wp-block-heading\">Alteraciones del sue\u00f1o y recuerdos intrusivos<\/h4>\n\n\n\n<p>Insomnio, pesadillas o im\u00e1genes que aparecen de forma involuntaria son respuestas habituales en las primeras semanas. El cerebro intenta procesar lo ocurrido, aunque a veces lo hace de forma ca\u00f3tica.<\/p>\n\n\n\n<h2 class=\"wp-block-heading\">C\u00f3mo afrontar los primeros momentos tras un trauma psicol\u00f3gico<\/h2>\n\n\n\n<p>Los primeros d\u00edas no consisten en \u201csuperarlo\u201d, sino en <strong>sostenerse emocionalmente<\/strong>. Aqu\u00ed algunas claves fundamentales desde la psicolog\u00eda:<\/p>\n\n\n\n<ul class=\"wp-block-list\">\n<li><strong>Reconocer y validar lo que sientes<\/strong><\/li>\n<\/ul>\n\n\n\n<p>No hay una reacci\u00f3n correcta.<br>Sentir miedo, no sentir nada, llorar o estar en silencio son respuestas igualmente v\u00e1lidas. Forzarte a \u201cestar bien\u201d puede dificultar el proceso.<\/p>\n\n\n\n<ul class=\"wp-block-list\">\n<li><strong>No exigirte normalidad inmediata<\/strong><\/li>\n<\/ul>\n\n\n\n<p>Tras un evento traum\u00e1tico, <strong>no se puede funcionar como siempre<\/strong>. Permitirte bajar el ritmo y aceptar tus l\u00edmites es una forma de autocuidado real.<\/p>\n\n\n\n<ul class=\"wp-block-list\">\n<li><strong>Buscar apoyo y contacto humano<\/strong><\/li>\n<\/ul>\n\n\n\n<p>La presencia de personas de confianza regula el sistema nervioso. A veces no hace falta hablar; estar acompa\u00f1ado ya es terap\u00e9utico.<\/p>\n\n\n\n<ul class=\"wp-block-list\">\n<li><strong>Limitar la sobreexposici\u00f3n a noticias e im\u00e1genes<\/strong><\/li>\n<\/ul>\n\n\n\n<p>Revisar constantemente informaci\u00f3n del accidente puede reactivar el trauma. Es recomendable informarse lo justo y necesario, priorizando tu bienestar emocional.<\/p>\n\n\n\n<ul class=\"wp-block-list\">\n<li><strong>Atender especialmente a ni\u00f1os y adolescentes<\/strong><\/li>\n<\/ul>\n\n\n\n<p>Los menores pueden expresar el trauma a trav\u00e9s de: Irritabilidad, Regresiones, Problemas de sue\u00f1o, Conductas que parecen \u201cinexplicables\u201d&#8230;<\/p>\n\n\n\n<p>Escuchar, validar y ofrecer seguridad es clave. No siempre necesitan explicaciones largas, sino calma y presencia.<\/p>\n\n\n\n<ul class=\"wp-block-list\">\n<li><strong>Pedir ayuda profesional si lo necesitas<\/strong><\/li>\n<\/ul>\n\n\n\n<p>Cuando el malestar es muy intenso o no disminuye con el paso de los d\u00edas, <strong>la ayuda psicol\u00f3gica temprana puede prevenir complicaciones posteriores<\/strong>, como el trastorno de estr\u00e9s postraum\u00e1tico.<\/p>\n\n\n\n<hr class=\"wp-block-separator has-alpha-channel-opacity\"\/>\n\n\n\n<h2 class=\"wp-block-heading\">Mi reflexi\u00f3n sobre el trauma psicol\u00f3gico colectivo<\/h2>\n\n\n\n<p>Este tipo de accidentes no solo afectan a quienes estaban all\u00ed. Tambi\u00e9n generan un <strong>impacto emocional colectivo<\/strong>. Nos recuerdan lo fr\u00e1gil que es la vida y lo poco control que tenemos sobre algunas situaciones.<\/p>\n\n\n\n<p>A veces la sociedad empuja a \u201cpasar p\u00e1gina\u201d demasiado r\u00e1pido. Sin embargo, el trauma necesita tiempo, comprensi\u00f3n y espacios seguros para elaborarse. Hablar de lo que duele, acompa\u00f1ar sin juzgar y normalizar la ayuda psicol\u00f3gica es una forma de cuidado social.<\/p>\n\n\n\n<h2 class=\"wp-block-heading\">Para terminar\u2026<\/h2>\n\n\n\n<p>Vivir un accidente ferroviario o perder a alguien en una tragedia as\u00ed deja huellas emocionales profundas. El miedo, la tristeza o la confusi\u00f3n no son se\u00f1ales de debilidad, sino <strong>respuestas humanas ante una experiencia extrema<\/strong>.<\/p>\n\n\n\n<p>Respetar los tiempos, buscar apoyo y pedir ayuda cuando se necesita no solo alivia el sufrimiento presente, sino que favorece una recuperaci\u00f3n m\u00e1s sana a largo plazo.<\/p>\n\n\n\n<p>Si sientes que el impacto emocional te desborda, <strong>no tienes por qu\u00e9 atravesarlo solo<\/strong>. El <a href=\"https:\/\/barreiropsicologia.com\/blog\/terapia-emdr-que-es-y-como-superar-el-trauma-de-manera-efectiva\/\">acompa\u00f1amiento psicol\u00f3gico<\/a> puede marcar una gran diferencia.<\/p>\n\n\n\n<hr class=\"wp-block-separator has-alpha-channel-opacity\"\/>\n\n\n\n<p><strong>Tambi\u00e9n te pueden interesar los art\u00edculos:<\/strong><\/p>\n\n\n\n<blockquote class=\"wp-block-quote is-layout-flow wp-block-quote-is-layout-flow\">\n<ul class=\"wp-block-list\">\n<li><a href=\"https:\/\/barreiropsicologia.com\/blog\/consecuencias-psicologicas-en-el-personal-sanitario-y-el-trastorno-de-estres-postraumatico\/\">Consecuencias psicol\u00f3gicas en el personal sanitario<\/a><\/li>\n\n\n\n<li><a href=\"https:\/\/barreiropsicologia.com\/blog\/ninos-hospitalizados-comprension-psicologica-y-apoyo-emocional\/\">Ni\u00f1os hospitalizados, c\u00f3mo actuar<\/a><\/li>\n<\/ul>\n<\/blockquote>\n\n\n\n<p><\/p>\n","protected":false},"excerpt":{"rendered":"<p>Hay acontecimientos que rompen la idea de normalidad en un solo instante. Un accidente ferroviario como el ocurrido recientemente en Espa\u00f1a no solo deja consecuencias f\u00edsicas y materiales, sino que provoca un impacto psicol\u00f3gico profundo en quienes lo viven directamente,&#46;&#46;&#46;<\/p>\n","protected":false},"author":1,"featured_media":4147,"comment_status":"open","ping_status":"open","sticky":false,"template":"","format":"standard","meta":{"footnotes":""},"categories":[802],"tags":[701,696,789,471,692],"class_list":["post-4146","post","type-post","status-publish","format-standard","has-post-thumbnail","hentry","category-estado-animo","tag-cerebro-y-mente","tag-emociones","tag-estres-postraumatico-2","tag-miedo","tag-trauma-y-duelo"],"yoast_head":"<!-- This site is optimized with the Yoast SEO plugin v27.3 - https:\/\/yoast.com\/product\/yoast-seo-wordpress\/ -->\n<title>Cuando el trauma irrumpe sin aviso, el impacto psicol\u00f3gico y c\u00f3mo afrontar los primeros momentos - Barreiro Psicolog\u00eda Blog<\/title>\n<meta name=\"description\" content=\"C\u00f3mo afecta psicol\u00f3gicamente vivir un trauma y qu\u00e9 hacer en los primeros momentos para reducir el impacto emocional del trauma psicol\u00f3gico.\" \/>\n<meta name=\"robots\" content=\"index, follow, max-snippet:-1, max-image-preview:large, max-video-preview:-1\" \/>\n<link rel=\"canonical\" href=\"https:\/\/barreiropsicologia.com\/blog\/cuando-el-trauma-irrumpe-sin-aviso-el-impacto-psicologico-y-como-afrontar-los-primeros-momentos\/\" \/>\n<meta property=\"og:locale\" content=\"es_ES\" \/>\n<meta property=\"og:type\" content=\"article\" \/>\n<meta property=\"og:title\" content=\"Cuando el trauma irrumpe sin aviso, el impacto psicol\u00f3gico y c\u00f3mo afrontar los primeros momentos - Barreiro Psicolog\u00eda Blog\" \/>\n<meta property=\"og:description\" content=\"C\u00f3mo afecta psicol\u00f3gicamente vivir un trauma y qu\u00e9 hacer en los primeros momentos para reducir el impacto emocional del trauma psicol\u00f3gico.\" \/>\n<meta property=\"og:url\" content=\"https:\/\/barreiropsicologia.com\/blog\/cuando-el-trauma-irrumpe-sin-aviso-el-impacto-psicologico-y-como-afrontar-los-primeros-momentos\/\" \/>\n<meta property=\"og:site_name\" content=\"Blog de psicolog\u00eda\" \/>\n<meta property=\"article:publisher\" content=\"https:\/\/www.facebook.com\/psicologossalamanca\/\" \/>\n<meta property=\"article:author\" content=\"https:\/\/www.facebook.com\/psicologossalamanca\/\" \/>\n<meta property=\"article:published_time\" content=\"2026-01-20T12:12:16+00:00\" \/>\n<meta property=\"article:modified_time\" content=\"2026-03-27T12:36:56+00:00\" \/>\n<meta property=\"og:image\" content=\"https:\/\/barreiropsicologia.com\/blog\/wp-content\/uploads\/2026\/01\/ChatGPT-Image-20-ene-2026-12_58_07.png\" \/>\n\t<meta property=\"og:image:width\" content=\"1536\" \/>\n\t<meta property=\"og:image:height\" content=\"1024\" \/>\n\t<meta property=\"og:image:type\" content=\"image\/png\" \/>\n<meta name=\"author\" content=\"Javier Barreiro\" \/>\n<meta name=\"twitter:card\" content=\"summary_large_image\" \/>\n<meta name=\"twitter:creator\" content=\"@Barreiro.javier@hotmail.com\" \/>\n<meta name=\"twitter:site\" content=\"@Barreiro_Psi\" \/>\n<meta name=\"twitter:label1\" content=\"Escrito por\" \/>\n\t<meta name=\"twitter:data1\" content=\"Javier Barreiro\" \/>\n\t<meta name=\"twitter:label2\" content=\"Tiempo de lectura\" \/>\n\t<meta name=\"twitter:data2\" content=\"4 minutos\" \/>\n<script type=\"application\/ld+json\" class=\"yoast-schema-graph\">{\"@context\":\"https:\\\/\\\/schema.org\",\"@graph\":[{\"@type\":\"Article\",\"@id\":\"https:\\\/\\\/barreiropsicologia.com\\\/blog\\\/cuando-el-trauma-irrumpe-sin-aviso-el-impacto-psicologico-y-como-afrontar-los-primeros-momentos\\\/#article\",\"isPartOf\":{\"@id\":\"https:\\\/\\\/barreiropsicologia.com\\\/blog\\\/cuando-el-trauma-irrumpe-sin-aviso-el-impacto-psicologico-y-como-afrontar-los-primeros-momentos\\\/\"},\"author\":{\"name\":\"Javier Barreiro\",\"@id\":\"https:\\\/\\\/barreiropsicologia.com\\\/blog\\\/#\\\/schema\\\/person\\\/6068f8a0ae30566e1100f91905ead263\"},\"headline\":\"Cuando el trauma irrumpe sin aviso, el impacto psicol\u00f3gico y c\u00f3mo afrontar los primeros momentos\",\"datePublished\":\"2026-01-20T12:12:16+00:00\",\"dateModified\":\"2026-03-27T12:36:56+00:00\",\"mainEntityOfPage\":{\"@id\":\"https:\\\/\\\/barreiropsicologia.com\\\/blog\\\/cuando-el-trauma-irrumpe-sin-aviso-el-impacto-psicologico-y-como-afrontar-los-primeros-momentos\\\/\"},\"wordCount\":897,\"commentCount\":0,\"image\":{\"@id\":\"https:\\\/\\\/barreiropsicologia.com\\\/blog\\\/cuando-el-trauma-irrumpe-sin-aviso-el-impacto-psicologico-y-como-afrontar-los-primeros-momentos\\\/#primaryimage\"},\"thumbnailUrl\":\"https:\\\/\\\/barreiropsicologia.com\\\/blog\\\/wp-content\\\/uploads\\\/2026\\\/01\\\/ChatGPT-Image-20-ene-2026-12_58_07.png\",\"keywords\":[\"cerebro y mente\",\"emociones\",\"estr\u00e9s postraum\u00e1tico\",\"miedo\",\"trauma y duelo\"],\"articleSection\":[\"Estado de \u00e1nimo\"],\"inLanguage\":\"es\",\"potentialAction\":[{\"@type\":\"CommentAction\",\"name\":\"Comment\",\"target\":[\"https:\\\/\\\/barreiropsicologia.com\\\/blog\\\/cuando-el-trauma-irrumpe-sin-aviso-el-impacto-psicologico-y-como-afrontar-los-primeros-momentos\\\/#respond\"]}]},{\"@type\":\"WebPage\",\"@id\":\"https:\\\/\\\/barreiropsicologia.com\\\/blog\\\/cuando-el-trauma-irrumpe-sin-aviso-el-impacto-psicologico-y-como-afrontar-los-primeros-momentos\\\/\",\"url\":\"https:\\\/\\\/barreiropsicologia.com\\\/blog\\\/cuando-el-trauma-irrumpe-sin-aviso-el-impacto-psicologico-y-como-afrontar-los-primeros-momentos\\\/\",\"name\":\"Cuando el trauma irrumpe sin aviso, el impacto psicol\u00f3gico y c\u00f3mo afrontar los primeros momentos - Barreiro Psicolog\u00eda Blog\",\"isPartOf\":{\"@id\":\"https:\\\/\\\/barreiropsicologia.com\\\/blog\\\/#website\"},\"primaryImageOfPage\":{\"@id\":\"https:\\\/\\\/barreiropsicologia.com\\\/blog\\\/cuando-el-trauma-irrumpe-sin-aviso-el-impacto-psicologico-y-como-afrontar-los-primeros-momentos\\\/#primaryimage\"},\"image\":{\"@id\":\"https:\\\/\\\/barreiropsicologia.com\\\/blog\\\/cuando-el-trauma-irrumpe-sin-aviso-el-impacto-psicologico-y-como-afrontar-los-primeros-momentos\\\/#primaryimage\"},\"thumbnailUrl\":\"https:\\\/\\\/barreiropsicologia.com\\\/blog\\\/wp-content\\\/uploads\\\/2026\\\/01\\\/ChatGPT-Image-20-ene-2026-12_58_07.png\",\"datePublished\":\"2026-01-20T12:12:16+00:00\",\"dateModified\":\"2026-03-27T12:36:56+00:00\",\"author\":{\"@id\":\"https:\\\/\\\/barreiropsicologia.com\\\/blog\\\/#\\\/schema\\\/person\\\/6068f8a0ae30566e1100f91905ead263\"},\"description\":\"C\u00f3mo afecta psicol\u00f3gicamente vivir un trauma y qu\u00e9 hacer en los primeros momentos para reducir el impacto emocional del trauma psicol\u00f3gico.\",\"breadcrumb\":{\"@id\":\"https:\\\/\\\/barreiropsicologia.com\\\/blog\\\/cuando-el-trauma-irrumpe-sin-aviso-el-impacto-psicologico-y-como-afrontar-los-primeros-momentos\\\/#breadcrumb\"},\"inLanguage\":\"es\",\"potentialAction\":[{\"@type\":\"ReadAction\",\"target\":[\"https:\\\/\\\/barreiropsicologia.com\\\/blog\\\/cuando-el-trauma-irrumpe-sin-aviso-el-impacto-psicologico-y-como-afrontar-los-primeros-momentos\\\/\"]}]},{\"@type\":\"ImageObject\",\"inLanguage\":\"es\",\"@id\":\"https:\\\/\\\/barreiropsicologia.com\\\/blog\\\/cuando-el-trauma-irrumpe-sin-aviso-el-impacto-psicologico-y-como-afrontar-los-primeros-momentos\\\/#primaryimage\",\"url\":\"https:\\\/\\\/barreiropsicologia.com\\\/blog\\\/wp-content\\\/uploads\\\/2026\\\/01\\\/ChatGPT-Image-20-ene-2026-12_58_07.png\",\"contentUrl\":\"https:\\\/\\\/barreiropsicologia.com\\\/blog\\\/wp-content\\\/uploads\\\/2026\\\/01\\\/ChatGPT-Image-20-ene-2026-12_58_07.png\",\"width\":1536,\"height\":1024,\"caption\":\"trauma psicol\u00f3gico\"},{\"@type\":\"BreadcrumbList\",\"@id\":\"https:\\\/\\\/barreiropsicologia.com\\\/blog\\\/cuando-el-trauma-irrumpe-sin-aviso-el-impacto-psicologico-y-como-afrontar-los-primeros-momentos\\\/#breadcrumb\",\"itemListElement\":[{\"@type\":\"ListItem\",\"position\":1,\"name\":\"Portada\",\"item\":\"https:\\\/\\\/barreiropsicologia.com\\\/blog\\\/\"},{\"@type\":\"ListItem\",\"position\":2,\"name\":\"Cuando el trauma irrumpe sin aviso, el impacto psicol\u00f3gico y c\u00f3mo afrontar los primeros momentos\"}]},{\"@type\":\"WebSite\",\"@id\":\"https:\\\/\\\/barreiropsicologia.com\\\/blog\\\/#website\",\"url\":\"https:\\\/\\\/barreiropsicologia.com\\\/blog\\\/\",\"name\":\"Blog de psicolog\u00eda\",\"description\":\"Barreiro Psicolog\u00eda Blog\",\"potentialAction\":[{\"@type\":\"SearchAction\",\"target\":{\"@type\":\"EntryPoint\",\"urlTemplate\":\"https:\\\/\\\/barreiropsicologia.com\\\/blog\\\/?s={search_term_string}\"},\"query-input\":{\"@type\":\"PropertyValueSpecification\",\"valueRequired\":true,\"valueName\":\"search_term_string\"}}],\"inLanguage\":\"es\"},{\"@type\":\"Person\",\"@id\":\"https:\\\/\\\/barreiropsicologia.com\\\/blog\\\/#\\\/schema\\\/person\\\/6068f8a0ae30566e1100f91905ead263\",\"name\":\"Javier Barreiro\",\"image\":{\"@type\":\"ImageObject\",\"inLanguage\":\"es\",\"@id\":\"https:\\\/\\\/secure.gravatar.com\\\/avatar\\\/ba2dc692a18d0909a9544d2d12c67449129af0c5441c8732f319a1ae7ae701b0?s=96&d=mm&r=g\",\"url\":\"https:\\\/\\\/secure.gravatar.com\\\/avatar\\\/ba2dc692a18d0909a9544d2d12c67449129af0c5441c8732f319a1ae7ae701b0?s=96&d=mm&r=g\",\"contentUrl\":\"https:\\\/\\\/secure.gravatar.com\\\/avatar\\\/ba2dc692a18d0909a9544d2d12c67449129af0c5441c8732f319a1ae7ae701b0?s=96&d=mm&r=g\",\"caption\":\"Javier Barreiro\"},\"description\":\"Javier Barreiro Santamarta es Licenciado en Psicolog\u00eda por la Universidad de Salamanca, Psic\u00f3logo General Sanitario en Salamanca colegiado n\u00ba CL-3735. M\u00e1ster en Psicolog\u00eda Cl\u00ednica cognitivo-conductual, M\u00e1ster en Terapia Breve Centrada en Soluciones y M\u00e1ster en Recursos Humanos.\",\"sameAs\":[\"https:\\\/\\\/www.facebook.com\\\/psicologossalamanca\\\/\",\"https:\\\/\\\/www.instagram.com\\\/barreiro.psi\",\"https:\\\/\\\/ar.linkedin.com\\\/in\\\/javier-barreiro-santamarta-9183b962\",\"https:\\\/\\\/x.com\\\/Barreiro.javier@hotmail.com\"],\"url\":\"https:\\\/\\\/barreiropsicologia.com\\\/blog\\\/author\\\/javier_barreiro\\\/\"}]}<\/script>\n<!-- \/ Yoast SEO plugin. -->","yoast_head_json":{"title":"Cuando el trauma irrumpe sin aviso, el impacto psicol\u00f3gico y c\u00f3mo afrontar los primeros momentos - Barreiro Psicolog\u00eda Blog","description":"C\u00f3mo afecta psicol\u00f3gicamente vivir un trauma y qu\u00e9 hacer en los primeros momentos para reducir el impacto emocional del trauma psicol\u00f3gico.","robots":{"index":"index","follow":"follow","max-snippet":"max-snippet:-1","max-image-preview":"max-image-preview:large","max-video-preview":"max-video-preview:-1"},"canonical":"https:\/\/barreiropsicologia.com\/blog\/cuando-el-trauma-irrumpe-sin-aviso-el-impacto-psicologico-y-como-afrontar-los-primeros-momentos\/","og_locale":"es_ES","og_type":"article","og_title":"Cuando el trauma irrumpe sin aviso, el impacto psicol\u00f3gico y c\u00f3mo afrontar los primeros momentos - Barreiro Psicolog\u00eda Blog","og_description":"C\u00f3mo afecta psicol\u00f3gicamente vivir un trauma y qu\u00e9 hacer en los primeros momentos para reducir el impacto emocional del trauma psicol\u00f3gico.","og_url":"https:\/\/barreiropsicologia.com\/blog\/cuando-el-trauma-irrumpe-sin-aviso-el-impacto-psicologico-y-como-afrontar-los-primeros-momentos\/","og_site_name":"Blog de psicolog\u00eda","article_publisher":"https:\/\/www.facebook.com\/psicologossalamanca\/","article_author":"https:\/\/www.facebook.com\/psicologossalamanca\/","article_published_time":"2026-01-20T12:12:16+00:00","article_modified_time":"2026-03-27T12:36:56+00:00","og_image":[{"width":1536,"height":1024,"url":"https:\/\/barreiropsicologia.com\/blog\/wp-content\/uploads\/2026\/01\/ChatGPT-Image-20-ene-2026-12_58_07.png","type":"image\/png"}],"author":"Javier Barreiro","twitter_card":"summary_large_image","twitter_creator":"@Barreiro.javier@hotmail.com","twitter_site":"@Barreiro_Psi","twitter_misc":{"Escrito por":"Javier Barreiro","Tiempo de lectura":"4 minutos"},"schema":{"@context":"https:\/\/schema.org","@graph":[{"@type":"Article","@id":"https:\/\/barreiropsicologia.com\/blog\/cuando-el-trauma-irrumpe-sin-aviso-el-impacto-psicologico-y-como-afrontar-los-primeros-momentos\/#article","isPartOf":{"@id":"https:\/\/barreiropsicologia.com\/blog\/cuando-el-trauma-irrumpe-sin-aviso-el-impacto-psicologico-y-como-afrontar-los-primeros-momentos\/"},"author":{"name":"Javier Barreiro","@id":"https:\/\/barreiropsicologia.com\/blog\/#\/schema\/person\/6068f8a0ae30566e1100f91905ead263"},"headline":"Cuando el trauma irrumpe sin aviso, el impacto psicol\u00f3gico y c\u00f3mo afrontar los primeros momentos","datePublished":"2026-01-20T12:12:16+00:00","dateModified":"2026-03-27T12:36:56+00:00","mainEntityOfPage":{"@id":"https:\/\/barreiropsicologia.com\/blog\/cuando-el-trauma-irrumpe-sin-aviso-el-impacto-psicologico-y-como-afrontar-los-primeros-momentos\/"},"wordCount":897,"commentCount":0,"image":{"@id":"https:\/\/barreiropsicologia.com\/blog\/cuando-el-trauma-irrumpe-sin-aviso-el-impacto-psicologico-y-como-afrontar-los-primeros-momentos\/#primaryimage"},"thumbnailUrl":"https:\/\/barreiropsicologia.com\/blog\/wp-content\/uploads\/2026\/01\/ChatGPT-Image-20-ene-2026-12_58_07.png","keywords":["cerebro y mente","emociones","estr\u00e9s postraum\u00e1tico","miedo","trauma y duelo"],"articleSection":["Estado de \u00e1nimo"],"inLanguage":"es","potentialAction":[{"@type":"CommentAction","name":"Comment","target":["https:\/\/barreiropsicologia.com\/blog\/cuando-el-trauma-irrumpe-sin-aviso-el-impacto-psicologico-y-como-afrontar-los-primeros-momentos\/#respond"]}]},{"@type":"WebPage","@id":"https:\/\/barreiropsicologia.com\/blog\/cuando-el-trauma-irrumpe-sin-aviso-el-impacto-psicologico-y-como-afrontar-los-primeros-momentos\/","url":"https:\/\/barreiropsicologia.com\/blog\/cuando-el-trauma-irrumpe-sin-aviso-el-impacto-psicologico-y-como-afrontar-los-primeros-momentos\/","name":"Cuando el trauma irrumpe sin aviso, el impacto psicol\u00f3gico y c\u00f3mo afrontar los primeros momentos - Barreiro Psicolog\u00eda Blog","isPartOf":{"@id":"https:\/\/barreiropsicologia.com\/blog\/#website"},"primaryImageOfPage":{"@id":"https:\/\/barreiropsicologia.com\/blog\/cuando-el-trauma-irrumpe-sin-aviso-el-impacto-psicologico-y-como-afrontar-los-primeros-momentos\/#primaryimage"},"image":{"@id":"https:\/\/barreiropsicologia.com\/blog\/cuando-el-trauma-irrumpe-sin-aviso-el-impacto-psicologico-y-como-afrontar-los-primeros-momentos\/#primaryimage"},"thumbnailUrl":"https:\/\/barreiropsicologia.com\/blog\/wp-content\/uploads\/2026\/01\/ChatGPT-Image-20-ene-2026-12_58_07.png","datePublished":"2026-01-20T12:12:16+00:00","dateModified":"2026-03-27T12:36:56+00:00","author":{"@id":"https:\/\/barreiropsicologia.com\/blog\/#\/schema\/person\/6068f8a0ae30566e1100f91905ead263"},"description":"C\u00f3mo afecta psicol\u00f3gicamente vivir un trauma y qu\u00e9 hacer en los primeros momentos para reducir el impacto emocional del trauma psicol\u00f3gico.","breadcrumb":{"@id":"https:\/\/barreiropsicologia.com\/blog\/cuando-el-trauma-irrumpe-sin-aviso-el-impacto-psicologico-y-como-afrontar-los-primeros-momentos\/#breadcrumb"},"inLanguage":"es","potentialAction":[{"@type":"ReadAction","target":["https:\/\/barreiropsicologia.com\/blog\/cuando-el-trauma-irrumpe-sin-aviso-el-impacto-psicologico-y-como-afrontar-los-primeros-momentos\/"]}]},{"@type":"ImageObject","inLanguage":"es","@id":"https:\/\/barreiropsicologia.com\/blog\/cuando-el-trauma-irrumpe-sin-aviso-el-impacto-psicologico-y-como-afrontar-los-primeros-momentos\/#primaryimage","url":"https:\/\/barreiropsicologia.com\/blog\/wp-content\/uploads\/2026\/01\/ChatGPT-Image-20-ene-2026-12_58_07.png","contentUrl":"https:\/\/barreiropsicologia.com\/blog\/wp-content\/uploads\/2026\/01\/ChatGPT-Image-20-ene-2026-12_58_07.png","width":1536,"height":1024,"caption":"trauma psicol\u00f3gico"},{"@type":"BreadcrumbList","@id":"https:\/\/barreiropsicologia.com\/blog\/cuando-el-trauma-irrumpe-sin-aviso-el-impacto-psicologico-y-como-afrontar-los-primeros-momentos\/#breadcrumb","itemListElement":[{"@type":"ListItem","position":1,"name":"Portada","item":"https:\/\/barreiropsicologia.com\/blog\/"},{"@type":"ListItem","position":2,"name":"Cuando el trauma irrumpe sin aviso, el impacto psicol\u00f3gico y c\u00f3mo afrontar los primeros momentos"}]},{"@type":"WebSite","@id":"https:\/\/barreiropsicologia.com\/blog\/#website","url":"https:\/\/barreiropsicologia.com\/blog\/","name":"Blog de psicolog\u00eda","description":"Barreiro Psicolog\u00eda Blog","potentialAction":[{"@type":"SearchAction","target":{"@type":"EntryPoint","urlTemplate":"https:\/\/barreiropsicologia.com\/blog\/?s={search_term_string}"},"query-input":{"@type":"PropertyValueSpecification","valueRequired":true,"valueName":"search_term_string"}}],"inLanguage":"es"},{"@type":"Person","@id":"https:\/\/barreiropsicologia.com\/blog\/#\/schema\/person\/6068f8a0ae30566e1100f91905ead263","name":"Javier Barreiro","image":{"@type":"ImageObject","inLanguage":"es","@id":"https:\/\/secure.gravatar.com\/avatar\/ba2dc692a18d0909a9544d2d12c67449129af0c5441c8732f319a1ae7ae701b0?s=96&d=mm&r=g","url":"https:\/\/secure.gravatar.com\/avatar\/ba2dc692a18d0909a9544d2d12c67449129af0c5441c8732f319a1ae7ae701b0?s=96&d=mm&r=g","contentUrl":"https:\/\/secure.gravatar.com\/avatar\/ba2dc692a18d0909a9544d2d12c67449129af0c5441c8732f319a1ae7ae701b0?s=96&d=mm&r=g","caption":"Javier Barreiro"},"description":"Javier Barreiro Santamarta es Licenciado en Psicolog\u00eda por la Universidad de Salamanca, Psic\u00f3logo General Sanitario en Salamanca colegiado n\u00ba CL-3735. M\u00e1ster en Psicolog\u00eda Cl\u00ednica cognitivo-conductual, M\u00e1ster en Terapia Breve Centrada en Soluciones y M\u00e1ster en Recursos Humanos.","sameAs":["https:\/\/www.facebook.com\/psicologossalamanca\/","https:\/\/www.instagram.com\/barreiro.psi","https:\/\/ar.linkedin.com\/in\/javier-barreiro-santamarta-9183b962","https:\/\/x.com\/Barreiro.javier@hotmail.com"],"url":"https:\/\/barreiropsicologia.com\/blog\/author\/javier_barreiro\/"}]}},"_links":{"self":[{"href":"https:\/\/barreiropsicologia.com\/blog\/wp-json\/wp\/v2\/posts\/4146","targetHints":{"allow":["GET"]}}],"collection":[{"href":"https:\/\/barreiropsicologia.com\/blog\/wp-json\/wp\/v2\/posts"}],"about":[{"href":"https:\/\/barreiropsicologia.com\/blog\/wp-json\/wp\/v2\/types\/post"}],"author":[{"embeddable":true,"href":"https:\/\/barreiropsicologia.com\/blog\/wp-json\/wp\/v2\/users\/1"}],"replies":[{"embeddable":true,"href":"https:\/\/barreiropsicologia.com\/blog\/wp-json\/wp\/v2\/comments?post=4146"}],"version-history":[{"count":6,"href":"https:\/\/barreiropsicologia.com\/blog\/wp-json\/wp\/v2\/posts\/4146\/revisions"}],"predecessor-version":[{"id":4154,"href":"https:\/\/barreiropsicologia.com\/blog\/wp-json\/wp\/v2\/posts\/4146\/revisions\/4154"}],"wp:featuredmedia":[{"embeddable":true,"href":"https:\/\/barreiropsicologia.com\/blog\/wp-json\/wp\/v2\/media\/4147"}],"wp:attachment":[{"href":"https:\/\/barreiropsicologia.com\/blog\/wp-json\/wp\/v2\/media?parent=4146"}],"wp:term":[{"taxonomy":"category","embeddable":true,"href":"https:\/\/barreiropsicologia.com\/blog\/wp-json\/wp\/v2\/categories?post=4146"},{"taxonomy":"post_tag","embeddable":true,"href":"https:\/\/barreiropsicologia.com\/blog\/wp-json\/wp\/v2\/tags?post=4146"}],"curies":[{"name":"wp","href":"https:\/\/api.w.org\/{rel}","templated":true}]}}