{"id":422,"date":"2014-02-17T12:41:21","date_gmt":"2014-02-17T11:41:21","guid":{"rendered":"http:\/\/www.barreiropsicologia.com\/?p=422"},"modified":"2026-03-26T21:01:06","modified_gmt":"2026-03-26T20:01:06","slug":"estres-concepto-y-prevencion","status":"publish","type":"post","link":"https:\/\/barreiropsicologia.com\/blog\/estres-concepto-y-prevencion\/","title":{"rendered":"Qu\u00e9 es el estr\u00e9s y c\u00f3mo prevenirlo"},"content":{"rendered":"<p>Reportaje sobre <span style=\"color: #ff6600;\">el estr\u00e9s<\/span> que me realizaron para el diario <a href=\"https:\/\/www.elnortedecastilla.es\/\">El Norte de Castilla<\/a>.<\/p>\n<p>En la <em>entrevista<\/em> hablamos sobre algunos aspectos como el concepto de estr\u00e9s y sus implicaciones en la vida diaria, y recomendamos algunas pautas para la prevenci\u00f3n y como enfrentarnos al mismo.<\/p>\n<blockquote>\n<p><em>Podeis encontrar la noticia completa al final del art\u00edculo.<\/em><\/p>\n<\/blockquote>\n<h2>Qu\u00e9 es el estr\u00e9s<\/h2>\n<p>Se estima que cuatro de cada diez personas que acuden al m\u00e9dico es debido a problemas derivados de la ansiedad por estr\u00e9s.<\/p>\n<p>Los problemas derivados del estr\u00e9s son unos de los problemas m\u00e9dicos y psicol\u00f3gicos m\u00e1s comunes, pero \u00bfsabemos qu\u00e9 es el realmente?.<\/p>\n<p>El estr\u00e9s <strong>no es una enfermedad<\/strong>, sino se trata de una respuesta del organismo ante un est\u00edmulo o hecho puntual real o imaginario (interno o externo), que genera una conducta de huida, de rechazo o si aprendemos a aprovecharlo, incluso de enfrentamiento.<\/p>\n<p>Es importante recalcar que no es lo mismo <a href=\"https:\/\/barreiropsicologia.com\/tratamiento-psicologico\/ansiedad-y-estres\/\">estr\u00e9s que ansiedad<\/a>, aunque ambos est\u00e1n intr\u00ednsecamente relacionados.<\/p>\n<p>Todas las personas somos propensos a padecer estr\u00e9s en alg\u00fan momento de nuestra vida y adem\u00e1s existen <strong>situaciones especiales<\/strong> que provocan que ciertas personas puedan verse m\u00e1s afectadas que otras. Las personas que m\u00e1s pueden verse repercutidas son las que se ven expuestas a modificar sus rutinas diarias.<\/p>\n<p>El estr\u00e9s <strong>puede aparecer<\/strong> en situaciones que no siempre se entienden como \u201cnegativas\u201d para uno, puede aparecer por ejemplo, en los preparativos de una boda, ante unas vacaciones, una competici\u00f3n deportiva, etc.<\/p>\n<p>Aunque parece que se entiende mejor su <strong>aparici\u00f3n ante situaciones<\/strong> como una <a href=\"https:\/\/barreiropsicologia.com\/blog\/fases-y-crisis-de-pareja\/\">ruptura sentimental<\/a>, un viaje importante, un cambio de casa, hablar en p\u00fablico, o bien al enfrentarse a situaciones que producen <strong>miedo<\/strong> o tensi\u00f3n como por ejemplo <a href=\"http:\/\/barreiropsicologia.com\/blog\/ansiedad-ante-los-examenes\/\">enfrentarse a los ex\u00e1menes<\/a>.<\/p>\n<p>El proceso del estr\u00e9s tiene varias <strong>fases<\/strong> que van agudiz\u00e1ndose y si no se pone remedio a tiempo, y puede cronificarse derivando en un trastorno de ansiedad.<\/p>\n<p><img loading=\"lazy\" decoding=\"async\" class=\"wp-image-1743 alignright\" title=\"Ansiedad\" src=\"http:\/\/barreiropsicologia.com\/blog\/wp-content\/uploads\/2014\/02\/agencia-joven-adulto-profesion-destaco-negro_1134-1279-300x212.jpg\" alt=\"Estr\u00e9s\" width=\"249\" height=\"176\" srcset=\"https:\/\/barreiropsicologia.com\/blog\/wp-content\/uploads\/2014\/02\/agencia-joven-adulto-profesion-destaco-negro_1134-1279-300x212.jpg 300w, https:\/\/barreiropsicologia.com\/blog\/wp-content\/uploads\/2014\/02\/agencia-joven-adulto-profesion-destaco-negro_1134-1279.jpg 626w\" sizes=\"auto, (max-width: 249px) 100vw, 249px\" \/><\/p>\n<h2>Existen varias fases<\/h2>\n<ol>\n<li><strong>Estado de alerta<\/strong> que sucede cuando aparece el problema o el est\u00edmulo estresante.<\/li>\n<\/ol>\n<ol start=\"2\">\n<li><strong>Momento de resistencia<\/strong> en la que el organismo lucha contra el malestar generado por el est\u00edmulo o la situaci\u00f3n.<\/li>\n<li><strong>Agotamiento<\/strong>, momento en el que la resistencia f\u00edsica y psicol\u00f3gica se desmoronan o bien el estr\u00e9s se hace cr\u00f3nico y se convierte en un trastorno de ansiedad.<\/li>\n<\/ol>\n<p>La segunda fase puede durar un tiempo indeterminado y las consecuencias son imprevisibles, por ejemplo una discusi\u00f3n airada puede suponer tan s\u00f3lo unos minutos de intensidad del malestar o bien mantenerse en el tiempo generando mucho estr\u00e9s.<\/p>\n<p>En general en \u00e9sta 2\u00aa fase se suele resolver el conflicto, si en ese momento no se resuelve, se pasa a la siguiente fase, la del agotamiento.<\/p>\n<h2>C\u00f3mo prevenir el estr\u00e9s<\/h2>\n<p>Para<a href=\"https:\/\/barreiropsicologia.com\/tratamiento-psicologico\/ansiedad-y-estres\/\"> prevenir el estr\u00e9s<\/a> se pueden usas diferentes recursos como:<\/p>\n<ul>\n<li><a href=\"http:\/\/barreiropsicologia.com\/blog\/consejos-para-tratar-el-insomnio\/\">Dormir las suficientes horas<\/a> para prevenir el cansancio.<\/li>\n<li>Hacer <strong>ejercicio moderado<\/strong> durante la semana.<\/li>\n<li>Realizar <strong>t\u00e9cnicas de relajaci\u00f3n<\/strong>, meditaci\u00f3n, o respiraci\u00f3n. <a href=\"http:\/\/barreiropsicologia.com\/blog\/tecnicas-de-respiracion-adecuadas\/\">La respiraci\u00f3n<\/a> es el motor de la vida y se pueden aprender a realizar ejercicios pr\u00e1cticos para aprender a respirar correctamente y ayudarnos a relajarnos.<\/li>\n<li>O bien m\u00e1s a largo plazo, <strong>encontrar un proyecto<\/strong> ilusionante que nos ayude a vivir m\u00e1s el presente.<\/li>\n<\/ul>\n<h2>A tener en cuenta<\/h2>\n<p>El estr\u00e9s en ocasiones es un problema dif\u00edcil de enfrentar por las personas que viven a diario con este problema y es necesario atajarlo a tiempo, y para ello es recomendable consultarlo con profesionales.<\/p>\n<hr>\n<p>Puedes leer la noticia publicada en El Norte de Castilla <a href=\"http:\/\/barreiropsicologia.com\/blog\/wp-content\/uploads\/2018\/11\/Articulo-prensa-11.02.14.pdf\" target=\"_blank\" rel=\"noopener noreferrer\">Articulo prensa 11.02.14<\/a><\/p>\n<hr>\n<p><strong>Tambi\u00e9n te pueden interesar los art\u00edculos<\/strong>:<\/p>\n<ul>\n<li><a href=\"https:\/\/barreiropsicologia.com\/blog\/ansiedad-causas-y-tratamiento\/\">Ansiedad, causas y tratamiento<\/a><\/li>\n<li><a href=\"https:\/\/barreiropsicologia.com\/blog\/ataques-de-ansiedad\/\">Qu\u00e9 son los ataques de ansiedad<\/a><\/li>\n<li><a href=\"https:\/\/barreiropsicologia.com\/blog\/estres-postvacacional\/\">Estr\u00e9s postvacacional<\/a><\/li>\n<\/ul>\n\n\n<p><\/p>\n","protected":false},"excerpt":{"rendered":"<p>Reportaje sobre el estr\u00e9s que me realizaron para el diario El Norte de Castilla. En la entrevista hablamos sobre algunos aspectos como el concepto de estr\u00e9s y sus implicaciones en la vida diaria, y recomendamos algunas pautas para la prevenci\u00f3n&#46;&#46;&#46;<\/p>\n","protected":false},"author":1,"featured_media":427,"comment_status":"open","ping_status":"open","sticky":false,"template":"","format":"standard","meta":{"footnotes":""},"categories":[801],"tags":[700],"class_list":["post-422","post","type-post","status-publish","format-standard","has-post-thumbnail","hentry","category-entorno-salud-mental","tag-tecnicas-y-herramientas"],"yoast_head":"<!-- This site is optimized with the Yoast SEO plugin v27.3 - https:\/\/yoast.com\/product\/yoast-seo-wordpress\/ -->\n<title>Qu\u00e9 es el estr\u00e9s y c\u00f3mo prevenirlo - Barreiro Psicolog\u00eda Blog<\/title>\n<meta name=\"description\" content=\"Aprende a identificar y conocer el estr\u00e9s, y c\u00f3mo prevenirlo e incluso reducirlo. Art\u00edculo de prensa en el Norte de Castilla.\" \/>\n<meta name=\"robots\" content=\"index, follow, max-snippet:-1, max-image-preview:large, max-video-preview:-1\" \/>\n<link rel=\"canonical\" href=\"https:\/\/barreiropsicologia.com\/blog\/estres-concepto-y-prevencion\/\" \/>\n<meta property=\"og:locale\" content=\"es_ES\" \/>\n<meta property=\"og:type\" content=\"article\" \/>\n<meta property=\"og:title\" content=\"Qu\u00e9 es el estr\u00e9s y c\u00f3mo prevenirlo - Barreiro Psicolog\u00eda Blog\" \/>\n<meta property=\"og:description\" content=\"Aprende a identificar y conocer el estr\u00e9s, y c\u00f3mo prevenirlo e incluso reducirlo. Art\u00edculo de prensa en el Norte de Castilla.\" \/>\n<meta property=\"og:url\" content=\"https:\/\/barreiropsicologia.com\/blog\/estres-concepto-y-prevencion\/\" \/>\n<meta property=\"og:site_name\" content=\"Blog de psicolog\u00eda\" \/>\n<meta property=\"article:publisher\" content=\"https:\/\/www.facebook.com\/psicologossalamanca\/\" \/>\n<meta property=\"article:author\" content=\"https:\/\/www.facebook.com\/psicologossalamanca\/\" \/>\n<meta property=\"article:published_time\" content=\"2014-02-17T11:41:21+00:00\" \/>\n<meta property=\"article:modified_time\" content=\"2026-03-26T20:01:06+00:00\" \/>\n<meta property=\"og:image\" content=\"https:\/\/barreiropsicologia.com\/blog\/wp-content\/uploads\/2014\/02\/slide-crazy.jpg\" \/>\n\t<meta property=\"og:image:width\" content=\"940\" \/>\n\t<meta property=\"og:image:height\" content=\"400\" \/>\n\t<meta property=\"og:image:type\" content=\"image\/jpeg\" \/>\n<meta name=\"author\" content=\"Javier Barreiro\" \/>\n<meta name=\"twitter:card\" content=\"summary_large_image\" \/>\n<meta name=\"twitter:creator\" content=\"@Barreiro.javier@hotmail.com\" \/>\n<meta name=\"twitter:site\" content=\"@Barreiro_Psi\" \/>\n<meta name=\"twitter:label1\" content=\"Escrito por\" \/>\n\t<meta name=\"twitter:data1\" content=\"Javier Barreiro\" \/>\n\t<meta name=\"twitter:label2\" content=\"Tiempo de lectura\" \/>\n\t<meta name=\"twitter:data2\" content=\"3 minutos\" \/>\n<script type=\"application\/ld+json\" class=\"yoast-schema-graph\">{\"@context\":\"https:\\\/\\\/schema.org\",\"@graph\":[{\"@type\":\"Article\",\"@id\":\"https:\\\/\\\/barreiropsicologia.com\\\/blog\\\/estres-concepto-y-prevencion\\\/#article\",\"isPartOf\":{\"@id\":\"https:\\\/\\\/barreiropsicologia.com\\\/blog\\\/estres-concepto-y-prevencion\\\/\"},\"author\":{\"name\":\"Javier Barreiro\",\"@id\":\"https:\\\/\\\/barreiropsicologia.com\\\/blog\\\/#\\\/schema\\\/person\\\/6068f8a0ae30566e1100f91905ead263\"},\"headline\":\"Qu\u00e9 es el estr\u00e9s y c\u00f3mo prevenirlo\",\"datePublished\":\"2014-02-17T11:41:21+00:00\",\"dateModified\":\"2026-03-26T20:01:06+00:00\",\"mainEntityOfPage\":{\"@id\":\"https:\\\/\\\/barreiropsicologia.com\\\/blog\\\/estres-concepto-y-prevencion\\\/\"},\"wordCount\":643,\"commentCount\":0,\"image\":{\"@id\":\"https:\\\/\\\/barreiropsicologia.com\\\/blog\\\/estres-concepto-y-prevencion\\\/#primaryimage\"},\"thumbnailUrl\":\"https:\\\/\\\/barreiropsicologia.com\\\/blog\\\/wp-content\\\/uploads\\\/2014\\\/02\\\/slide-crazy.jpg\",\"keywords\":[\"t\u00e9cnicas y herramientas\"],\"articleSection\":[\"Entorno y salud mental\"],\"inLanguage\":\"es\",\"potentialAction\":[{\"@type\":\"CommentAction\",\"name\":\"Comment\",\"target\":[\"https:\\\/\\\/barreiropsicologia.com\\\/blog\\\/estres-concepto-y-prevencion\\\/#respond\"]}]},{\"@type\":\"WebPage\",\"@id\":\"https:\\\/\\\/barreiropsicologia.com\\\/blog\\\/estres-concepto-y-prevencion\\\/\",\"url\":\"https:\\\/\\\/barreiropsicologia.com\\\/blog\\\/estres-concepto-y-prevencion\\\/\",\"name\":\"Qu\u00e9 es el estr\u00e9s y c\u00f3mo prevenirlo - Barreiro Psicolog\u00eda Blog\",\"isPartOf\":{\"@id\":\"https:\\\/\\\/barreiropsicologia.com\\\/blog\\\/#website\"},\"primaryImageOfPage\":{\"@id\":\"https:\\\/\\\/barreiropsicologia.com\\\/blog\\\/estres-concepto-y-prevencion\\\/#primaryimage\"},\"image\":{\"@id\":\"https:\\\/\\\/barreiropsicologia.com\\\/blog\\\/estres-concepto-y-prevencion\\\/#primaryimage\"},\"thumbnailUrl\":\"https:\\\/\\\/barreiropsicologia.com\\\/blog\\\/wp-content\\\/uploads\\\/2014\\\/02\\\/slide-crazy.jpg\",\"datePublished\":\"2014-02-17T11:41:21+00:00\",\"dateModified\":\"2026-03-26T20:01:06+00:00\",\"author\":{\"@id\":\"https:\\\/\\\/barreiropsicologia.com\\\/blog\\\/#\\\/schema\\\/person\\\/6068f8a0ae30566e1100f91905ead263\"},\"description\":\"Aprende a identificar y conocer el estr\u00e9s, y c\u00f3mo prevenirlo e incluso reducirlo. Art\u00edculo de prensa en el Norte de Castilla.\",\"breadcrumb\":{\"@id\":\"https:\\\/\\\/barreiropsicologia.com\\\/blog\\\/estres-concepto-y-prevencion\\\/#breadcrumb\"},\"inLanguage\":\"es\",\"potentialAction\":[{\"@type\":\"ReadAction\",\"target\":[\"https:\\\/\\\/barreiropsicologia.com\\\/blog\\\/estres-concepto-y-prevencion\\\/\"]}]},{\"@type\":\"ImageObject\",\"inLanguage\":\"es\",\"@id\":\"https:\\\/\\\/barreiropsicologia.com\\\/blog\\\/estres-concepto-y-prevencion\\\/#primaryimage\",\"url\":\"https:\\\/\\\/barreiropsicologia.com\\\/blog\\\/wp-content\\\/uploads\\\/2014\\\/02\\\/slide-crazy.jpg\",\"contentUrl\":\"https:\\\/\\\/barreiropsicologia.com\\\/blog\\\/wp-content\\\/uploads\\\/2014\\\/02\\\/slide-crazy.jpg\",\"width\":940,\"height\":400,\"caption\":\"Control de ansiedad y estr\u00e9s en barreiro psicologia. Psicologos en Salamanca\"},{\"@type\":\"BreadcrumbList\",\"@id\":\"https:\\\/\\\/barreiropsicologia.com\\\/blog\\\/estres-concepto-y-prevencion\\\/#breadcrumb\",\"itemListElement\":[{\"@type\":\"ListItem\",\"position\":1,\"name\":\"Portada\",\"item\":\"https:\\\/\\\/barreiropsicologia.com\\\/blog\\\/\"},{\"@type\":\"ListItem\",\"position\":2,\"name\":\"Qu\u00e9 es el estr\u00e9s y c\u00f3mo prevenirlo\"}]},{\"@type\":\"WebSite\",\"@id\":\"https:\\\/\\\/barreiropsicologia.com\\\/blog\\\/#website\",\"url\":\"https:\\\/\\\/barreiropsicologia.com\\\/blog\\\/\",\"name\":\"Blog de psicolog\u00eda\",\"description\":\"Barreiro Psicolog\u00eda Blog\",\"potentialAction\":[{\"@type\":\"SearchAction\",\"target\":{\"@type\":\"EntryPoint\",\"urlTemplate\":\"https:\\\/\\\/barreiropsicologia.com\\\/blog\\\/?s={search_term_string}\"},\"query-input\":{\"@type\":\"PropertyValueSpecification\",\"valueRequired\":true,\"valueName\":\"search_term_string\"}}],\"inLanguage\":\"es\"},{\"@type\":\"Person\",\"@id\":\"https:\\\/\\\/barreiropsicologia.com\\\/blog\\\/#\\\/schema\\\/person\\\/6068f8a0ae30566e1100f91905ead263\",\"name\":\"Javier Barreiro\",\"image\":{\"@type\":\"ImageObject\",\"inLanguage\":\"es\",\"@id\":\"https:\\\/\\\/secure.gravatar.com\\\/avatar\\\/ba2dc692a18d0909a9544d2d12c67449129af0c5441c8732f319a1ae7ae701b0?s=96&d=mm&r=g\",\"url\":\"https:\\\/\\\/secure.gravatar.com\\\/avatar\\\/ba2dc692a18d0909a9544d2d12c67449129af0c5441c8732f319a1ae7ae701b0?s=96&d=mm&r=g\",\"contentUrl\":\"https:\\\/\\\/secure.gravatar.com\\\/avatar\\\/ba2dc692a18d0909a9544d2d12c67449129af0c5441c8732f319a1ae7ae701b0?s=96&d=mm&r=g\",\"caption\":\"Javier Barreiro\"},\"description\":\"Javier Barreiro Santamarta es Licenciado en Psicolog\u00eda por la Universidad de Salamanca, Psic\u00f3logo General Sanitario en Salamanca colegiado n\u00ba CL-3735. M\u00e1ster en Psicolog\u00eda Cl\u00ednica cognitivo-conductual, M\u00e1ster en Terapia Breve Centrada en Soluciones y M\u00e1ster en Recursos Humanos.\",\"sameAs\":[\"https:\\\/\\\/www.facebook.com\\\/psicologossalamanca\\\/\",\"https:\\\/\\\/www.instagram.com\\\/barreiro.psi\",\"https:\\\/\\\/ar.linkedin.com\\\/in\\\/javier-barreiro-santamarta-9183b962\",\"https:\\\/\\\/x.com\\\/Barreiro.javier@hotmail.com\"],\"url\":\"https:\\\/\\\/barreiropsicologia.com\\\/blog\\\/author\\\/javier_barreiro\\\/\"}]}<\/script>\n<!-- \/ Yoast SEO plugin. -->","yoast_head_json":{"title":"Qu\u00e9 es el estr\u00e9s y c\u00f3mo prevenirlo - Barreiro Psicolog\u00eda Blog","description":"Aprende a identificar y conocer el estr\u00e9s, y c\u00f3mo prevenirlo e incluso reducirlo. Art\u00edculo de prensa en el Norte de Castilla.","robots":{"index":"index","follow":"follow","max-snippet":"max-snippet:-1","max-image-preview":"max-image-preview:large","max-video-preview":"max-video-preview:-1"},"canonical":"https:\/\/barreiropsicologia.com\/blog\/estres-concepto-y-prevencion\/","og_locale":"es_ES","og_type":"article","og_title":"Qu\u00e9 es el estr\u00e9s y c\u00f3mo prevenirlo - Barreiro Psicolog\u00eda Blog","og_description":"Aprende a identificar y conocer el estr\u00e9s, y c\u00f3mo prevenirlo e incluso reducirlo. Art\u00edculo de prensa en el Norte de Castilla.","og_url":"https:\/\/barreiropsicologia.com\/blog\/estres-concepto-y-prevencion\/","og_site_name":"Blog de psicolog\u00eda","article_publisher":"https:\/\/www.facebook.com\/psicologossalamanca\/","article_author":"https:\/\/www.facebook.com\/psicologossalamanca\/","article_published_time":"2014-02-17T11:41:21+00:00","article_modified_time":"2026-03-26T20:01:06+00:00","og_image":[{"width":940,"height":400,"url":"https:\/\/barreiropsicologia.com\/blog\/wp-content\/uploads\/2014\/02\/slide-crazy.jpg","type":"image\/jpeg"}],"author":"Javier Barreiro","twitter_card":"summary_large_image","twitter_creator":"@Barreiro.javier@hotmail.com","twitter_site":"@Barreiro_Psi","twitter_misc":{"Escrito por":"Javier Barreiro","Tiempo de lectura":"3 minutos"},"schema":{"@context":"https:\/\/schema.org","@graph":[{"@type":"Article","@id":"https:\/\/barreiropsicologia.com\/blog\/estres-concepto-y-prevencion\/#article","isPartOf":{"@id":"https:\/\/barreiropsicologia.com\/blog\/estres-concepto-y-prevencion\/"},"author":{"name":"Javier Barreiro","@id":"https:\/\/barreiropsicologia.com\/blog\/#\/schema\/person\/6068f8a0ae30566e1100f91905ead263"},"headline":"Qu\u00e9 es el estr\u00e9s y c\u00f3mo prevenirlo","datePublished":"2014-02-17T11:41:21+00:00","dateModified":"2026-03-26T20:01:06+00:00","mainEntityOfPage":{"@id":"https:\/\/barreiropsicologia.com\/blog\/estres-concepto-y-prevencion\/"},"wordCount":643,"commentCount":0,"image":{"@id":"https:\/\/barreiropsicologia.com\/blog\/estres-concepto-y-prevencion\/#primaryimage"},"thumbnailUrl":"https:\/\/barreiropsicologia.com\/blog\/wp-content\/uploads\/2014\/02\/slide-crazy.jpg","keywords":["t\u00e9cnicas y herramientas"],"articleSection":["Entorno y salud mental"],"inLanguage":"es","potentialAction":[{"@type":"CommentAction","name":"Comment","target":["https:\/\/barreiropsicologia.com\/blog\/estres-concepto-y-prevencion\/#respond"]}]},{"@type":"WebPage","@id":"https:\/\/barreiropsicologia.com\/blog\/estres-concepto-y-prevencion\/","url":"https:\/\/barreiropsicologia.com\/blog\/estres-concepto-y-prevencion\/","name":"Qu\u00e9 es el estr\u00e9s y c\u00f3mo prevenirlo - Barreiro Psicolog\u00eda Blog","isPartOf":{"@id":"https:\/\/barreiropsicologia.com\/blog\/#website"},"primaryImageOfPage":{"@id":"https:\/\/barreiropsicologia.com\/blog\/estres-concepto-y-prevencion\/#primaryimage"},"image":{"@id":"https:\/\/barreiropsicologia.com\/blog\/estres-concepto-y-prevencion\/#primaryimage"},"thumbnailUrl":"https:\/\/barreiropsicologia.com\/blog\/wp-content\/uploads\/2014\/02\/slide-crazy.jpg","datePublished":"2014-02-17T11:41:21+00:00","dateModified":"2026-03-26T20:01:06+00:00","author":{"@id":"https:\/\/barreiropsicologia.com\/blog\/#\/schema\/person\/6068f8a0ae30566e1100f91905ead263"},"description":"Aprende a identificar y conocer el estr\u00e9s, y c\u00f3mo prevenirlo e incluso reducirlo. Art\u00edculo de prensa en el Norte de Castilla.","breadcrumb":{"@id":"https:\/\/barreiropsicologia.com\/blog\/estres-concepto-y-prevencion\/#breadcrumb"},"inLanguage":"es","potentialAction":[{"@type":"ReadAction","target":["https:\/\/barreiropsicologia.com\/blog\/estres-concepto-y-prevencion\/"]}]},{"@type":"ImageObject","inLanguage":"es","@id":"https:\/\/barreiropsicologia.com\/blog\/estres-concepto-y-prevencion\/#primaryimage","url":"https:\/\/barreiropsicologia.com\/blog\/wp-content\/uploads\/2014\/02\/slide-crazy.jpg","contentUrl":"https:\/\/barreiropsicologia.com\/blog\/wp-content\/uploads\/2014\/02\/slide-crazy.jpg","width":940,"height":400,"caption":"Control de ansiedad y estr\u00e9s en barreiro psicologia. Psicologos en Salamanca"},{"@type":"BreadcrumbList","@id":"https:\/\/barreiropsicologia.com\/blog\/estres-concepto-y-prevencion\/#breadcrumb","itemListElement":[{"@type":"ListItem","position":1,"name":"Portada","item":"https:\/\/barreiropsicologia.com\/blog\/"},{"@type":"ListItem","position":2,"name":"Qu\u00e9 es el estr\u00e9s y c\u00f3mo prevenirlo"}]},{"@type":"WebSite","@id":"https:\/\/barreiropsicologia.com\/blog\/#website","url":"https:\/\/barreiropsicologia.com\/blog\/","name":"Blog de psicolog\u00eda","description":"Barreiro Psicolog\u00eda Blog","potentialAction":[{"@type":"SearchAction","target":{"@type":"EntryPoint","urlTemplate":"https:\/\/barreiropsicologia.com\/blog\/?s={search_term_string}"},"query-input":{"@type":"PropertyValueSpecification","valueRequired":true,"valueName":"search_term_string"}}],"inLanguage":"es"},{"@type":"Person","@id":"https:\/\/barreiropsicologia.com\/blog\/#\/schema\/person\/6068f8a0ae30566e1100f91905ead263","name":"Javier Barreiro","image":{"@type":"ImageObject","inLanguage":"es","@id":"https:\/\/secure.gravatar.com\/avatar\/ba2dc692a18d0909a9544d2d12c67449129af0c5441c8732f319a1ae7ae701b0?s=96&d=mm&r=g","url":"https:\/\/secure.gravatar.com\/avatar\/ba2dc692a18d0909a9544d2d12c67449129af0c5441c8732f319a1ae7ae701b0?s=96&d=mm&r=g","contentUrl":"https:\/\/secure.gravatar.com\/avatar\/ba2dc692a18d0909a9544d2d12c67449129af0c5441c8732f319a1ae7ae701b0?s=96&d=mm&r=g","caption":"Javier Barreiro"},"description":"Javier Barreiro Santamarta es Licenciado en Psicolog\u00eda por la Universidad de Salamanca, Psic\u00f3logo General Sanitario en Salamanca colegiado n\u00ba CL-3735. M\u00e1ster en Psicolog\u00eda Cl\u00ednica cognitivo-conductual, M\u00e1ster en Terapia Breve Centrada en Soluciones y M\u00e1ster en Recursos Humanos.","sameAs":["https:\/\/www.facebook.com\/psicologossalamanca\/","https:\/\/www.instagram.com\/barreiro.psi","https:\/\/ar.linkedin.com\/in\/javier-barreiro-santamarta-9183b962","https:\/\/x.com\/Barreiro.javier@hotmail.com"],"url":"https:\/\/barreiropsicologia.com\/blog\/author\/javier_barreiro\/"}]}},"_links":{"self":[{"href":"https:\/\/barreiropsicologia.com\/blog\/wp-json\/wp\/v2\/posts\/422","targetHints":{"allow":["GET"]}}],"collection":[{"href":"https:\/\/barreiropsicologia.com\/blog\/wp-json\/wp\/v2\/posts"}],"about":[{"href":"https:\/\/barreiropsicologia.com\/blog\/wp-json\/wp\/v2\/types\/post"}],"author":[{"embeddable":true,"href":"https:\/\/barreiropsicologia.com\/blog\/wp-json\/wp\/v2\/users\/1"}],"replies":[{"embeddable":true,"href":"https:\/\/barreiropsicologia.com\/blog\/wp-json\/wp\/v2\/comments?post=422"}],"version-history":[{"count":12,"href":"https:\/\/barreiropsicologia.com\/blog\/wp-json\/wp\/v2\/posts\/422\/revisions"}],"predecessor-version":[{"id":3127,"href":"https:\/\/barreiropsicologia.com\/blog\/wp-json\/wp\/v2\/posts\/422\/revisions\/3127"}],"wp:featuredmedia":[{"embeddable":true,"href":"https:\/\/barreiropsicologia.com\/blog\/wp-json\/wp\/v2\/media\/427"}],"wp:attachment":[{"href":"https:\/\/barreiropsicologia.com\/blog\/wp-json\/wp\/v2\/media?parent=422"}],"wp:term":[{"taxonomy":"category","embeddable":true,"href":"https:\/\/barreiropsicologia.com\/blog\/wp-json\/wp\/v2\/categories?post=422"},{"taxonomy":"post_tag","embeddable":true,"href":"https:\/\/barreiropsicologia.com\/blog\/wp-json\/wp\/v2\/tags?post=422"}],"curies":[{"name":"wp","href":"https:\/\/api.w.org\/{rel}","templated":true}]}}