{"id":443,"date":"2014-03-05T11:36:17","date_gmt":"2014-03-05T10:36:17","guid":{"rendered":"http:\/\/www.barreiropsicologia.com\/?p=443"},"modified":"2026-04-29T19:34:39","modified_gmt":"2026-04-29T17:34:39","slug":"los-derechos-asertivos","status":"publish","type":"post","link":"https:\/\/barreiropsicologia.com\/blog\/los-derechos-asertivos\/","title":{"rendered":"Conoce tus derechos asertivos"},"content":{"rendered":"<p style=\"text-align: justify;\">Existen multitud de derechos para diferentes tipos de \u00e1mbitos, los laborales, los penales, los derechos constitucionales, etc&#8230; son derechos que conocemos de alguna manera y con mayor o menor exactitud, pero existen ciertos derechos, que son los grandes desconocidos para la mayor\u00eda de nosotros, pero que son probablemente los mas importantes y que son b\u00e1sicos y fundamentales para nuestro estado de bienestar psicol\u00f3gico. Son los <b><span style=\"color: #ff6600;\">derechos asertivos<\/span>.<\/b><\/p>\n<h2>Los derechos asertivos fundamentales<\/h2>\n<p style=\"text-align: justify;\">Os propongo un listado con los principales derechos asertivos que es obligatorio conocer y que debemos defender ya que son parte fundamental de nuestro <a href=\"https:\/\/barreiropsicologia.com\/tratamiento-psicologico\/autoestima\/\">autoestima<\/a>:<\/p>\n<ul>\n<li>El derecho a <em><span style=\"text-decoration: underline;\">mantener tu dignidad<\/span><\/em> y respeto comport\u00e1ndote de manera habilidosa o asertiva (Incluso si la otra persona se siente herida) mientras no violes los derechos b\u00e1sicos de los dem\u00e1s.<\/li>\n<li>El derecho a <em>ser <span style=\"text-decoration: underline;\">tratado con respeto<\/span><\/em> y dignidad.<\/li>\n<li>El derecho a <em><span style=\"text-decoration: underline;\">rechazar peticiones<\/span><\/em> sin tener que sentirse culpable o ego\u00edsta.<\/li>\n<li>El derecho a <em><span style=\"text-decoration: underline;\">experimentar y expresar tus propios sentimientos<\/span><\/em>.<\/li>\n<li>El derecho a detenerte y <em><span style=\"text-decoration: underline;\">pensar antes de actuar<\/span><\/em>.<\/li>\n<li>El derecho a <em><span style=\"text-decoration: underline;\">cambiar de opini\u00f3n<\/span><\/em>.<\/li>\n<li>El derecho a <em><span style=\"text-decoration: underline;\">pedir lo que quieres<\/span><\/em> (d\u00e1ndote cuenta que la otra persona tiene derecho a decir que NO).<\/li>\n<li>El derecho a <em><span style=\"text-decoration: underline;\">hacer menos<\/span> de lo que humanamente eres capaz<\/em> de hacer.<\/li>\n<li>El derecho a ser <em><span style=\"text-decoration: underline;\">independiente<\/span><\/em>.<\/li>\n<li>El derecho a <em><span style=\"text-decoration: underline;\">decidir que hacer<\/span> con tu propio cuerpo, tiempo y propiedad<\/em>.<\/li>\n<li>El derecho a <em><span style=\"text-decoration: underline;\">pedir informaci\u00f3n<\/span><\/em>.<\/li>\n<li>El derecho a <em><span style=\"text-decoration: underline;\">cometer errores<\/span><\/em>.<\/li>\n<li>El derecho a <em><span style=\"text-decoration: underline;\">sentirte a gusto contigo mismo<\/span><\/em>.<\/li>\n<\/ul>\n<h2>Algunos derechos asertivos m\u00e1s<\/h2>\n<ul>\n<li>El derecho a <em><span style=\"text-decoration: underline;\">conocer tus propias necesidades<\/span><\/em> y que esas necesidades sean tan importantes como las necesidades de los dem\u00e1s. Adem\u00e1s tenemos el derecho de pedir (no exigir) a los dem\u00e1s que respondan a nuestras necesidades y de decidir si satisfacemos las necesidades de los dem\u00e1s.<\/li>\n<li>El derecho a <em><span style=\"text-decoration: underline;\">tener opiniones y expresarlas<\/span><\/em>.<\/li>\n<li>El derecho a <em><span style=\"text-decoration: underline;\">decidir si satisfaces las expectativas de otras<\/span> personas<\/em> o si te comportas siguiendo tus intereses.<\/li>\n<li>El derecho a<em><span style=\"text-decoration: underline;\"> hablar sobre un problema con la persona involucrada<\/span><\/em> y aclararlo, en casos l\u00edmite donde los derechos no est\u00e1n del todo claros.<\/li>\n<li>El derecho a<em> <span style=\"text-decoration: underline;\">obtener aquello por lo que pagas<\/span><\/em>.<\/li>\n<li>El derecho a<em><span style=\"text-decoration: underline;\"> escoger no comportarte de manera poco habilidosa<\/span><\/em>.<\/li>\n<li>El derecho a<em><span style=\"text-decoration: underline;\"> tener derechos y defenderlos<\/span><\/em>.<\/li>\n<li>El derecho a <em><span style=\"text-decoration: underline;\">ser escuchado<\/span><\/em> y a ser tomado en serio.<\/li>\n<li>El derecho a <em><span style=\"text-decoration: underline;\">estar solo<\/span><\/em> cuando as\u00ed lo escojas.<\/li>\n<li>El derecho a<span style=\"text-decoration: underline;\"><em> hacer cualquier cosa mientras no violes los derechos de los dem\u00e1s<\/em>.<\/span><\/li>\n<\/ul>\n<h2>Nuestra recomendaci\u00f3n<\/h2>\n<blockquote><p><img loading=\"lazy\" decoding=\"async\" class=\"wp-image-1763 alignright\" title=\"defiende tus derechos asertivos\" src=\"http:\/\/barreiropsicologia.com\/blog\/wp-content\/uploads\/2014\/03\/grupo-gente-negocios-que-muestra-pulgar-arriba-signo_23-2147857241-300x200.jpg\" alt=\"Derechos asertivos\" width=\"251\" height=\"167\" srcset=\"https:\/\/barreiropsicologia.com\/blog\/wp-content\/uploads\/2014\/03\/grupo-gente-negocios-que-muestra-pulgar-arriba-signo_23-2147857241-300x200.jpg 300w, https:\/\/barreiropsicologia.com\/blog\/wp-content\/uploads\/2014\/03\/grupo-gente-negocios-que-muestra-pulgar-arriba-signo_23-2147857241.jpg 626w\" sizes=\"auto, (max-width: 251px) 100vw, 251px\" \/><\/p><\/blockquote>\n<p style=\"text-align: justify;\" align=\"JUSTIFY\">Lee, aprende y recuerda \u00e9stos derechos, y sobre todo no tengas miedo a defenderlos en cualquier situaci\u00f3n puesto que son tuyos, y hacerlo no significa ser ego\u00edsta, o egoc\u00e9ntrico, si no ser <strong>asertivo<\/strong> y consecuente contigo mismo, de \u00e9sta manera te respetar\u00e1s a ti mismo y tambi\u00e9n, si los tienes en cuenta, respetar\u00e1s a los dem\u00e1s.<\/p>\n<hr \/>\n<p align=\"JUSTIFY\"><strong>Tambi\u00e9n te puede interesar el art\u00edculo:<\/strong><\/p>\n<ul>\n<li><a href=\"https:\/\/barreiropsicologia.com\/blog\/habilidades-sociales\/\">Las principales habilidades sociales<\/a><\/li>\n<\/ul>\n","protected":false},"excerpt":{"rendered":"<p>Existen multitud de derechos para diferentes tipos de \u00e1mbitos, los laborales, los penales, los derechos constitucionales&#8230; todos \u00e9stos son derechos que conocemos de alguna manera y con mayor o menor exactitud, pero existen ciertos derechos que son los grandes desconocidos para la mayor\u00eda de nosotros, pero que son probablemente los mas importantes, y que son b\u00e1sicos y fundamentales para nuestro estado de bienestar psicol\u00f3gico. Son los <b>derechos asertivos.<\/p>\n","protected":false},"author":1,"featured_media":446,"comment_status":"open","ping_status":"open","sticky":false,"template":"","format":"standard","meta":{"footnotes":""},"categories":[841],"tags":[94],"class_list":["post-443","post","type-post","status-publish","format-standard","has-post-thumbnail","hentry","category-relaciones-vinculos","tag-autoestima"],"yoast_head":"<!-- This site is optimized with the Yoast SEO plugin v27.3 - https:\/\/yoast.com\/product\/yoast-seo-wordpress\/ -->\n<title>Conoce tus derechos asertivos - Blog de psicolog\u00eda<\/title>\n<meta name=\"description\" content=\"\u00bfSabes la importancia que tiene concer tus derechos asertivos?. Entra y desc\u00fabrelos para que aprendas cu\u00e1les son y puedas utilizarlos.\" \/>\n<meta name=\"robots\" content=\"index, follow, max-snippet:-1, max-image-preview:large, max-video-preview:-1\" \/>\n<link rel=\"canonical\" href=\"https:\/\/barreiropsicologia.com\/blog\/los-derechos-asertivos\/\" \/>\n<meta property=\"og:locale\" content=\"es_ES\" \/>\n<meta property=\"og:type\" content=\"article\" \/>\n<meta property=\"og:title\" content=\"Conoce tus derechos asertivos - Blog de psicolog\u00eda\" \/>\n<meta property=\"og:description\" content=\"asdadasdads\" \/>\n<meta property=\"og:url\" content=\"https:\/\/barreiropsicologia.com\/blog\/los-derechos-asertivos\/\" \/>\n<meta property=\"og:site_name\" content=\"Blog de psicolog\u00eda\" \/>\n<meta property=\"article:publisher\" content=\"https:\/\/www.facebook.com\/psicologossalamanca\/\" \/>\n<meta property=\"article:author\" content=\"https:\/\/www.facebook.com\/psicologossalamanca\/\" \/>\n<meta property=\"article:published_time\" content=\"2014-03-05T10:36:17+00:00\" \/>\n<meta property=\"article:modified_time\" content=\"2026-04-29T17:34:39+00:00\" \/>\n<meta property=\"og:image\" content=\"https:\/\/barreiropsicologia.com\/blog\/wp-content\/uploads\/2014\/03\/derechos.jpg\" \/>\n\t<meta property=\"og:image:width\" content=\"1626\" \/>\n\t<meta property=\"og:image:height\" content=\"1080\" \/>\n\t<meta property=\"og:image:type\" content=\"image\/jpeg\" \/>\n<meta name=\"author\" content=\"Javier Barreiro\" \/>\n<meta name=\"twitter:card\" content=\"summary_large_image\" \/>\n<meta name=\"twitter:creator\" content=\"@Barreiro.javier@hotmail.com\" \/>\n<meta name=\"twitter:site\" content=\"@Barreiro_Psi\" \/>\n<meta name=\"twitter:label1\" content=\"Escrito por\" \/>\n\t<meta name=\"twitter:data1\" content=\"Javier Barreiro\" \/>\n\t<meta name=\"twitter:label2\" content=\"Tiempo de lectura\" \/>\n\t<meta name=\"twitter:data2\" content=\"2 minutos\" \/>\n<script type=\"application\/ld+json\" class=\"yoast-schema-graph\">{\"@context\":\"https:\\\/\\\/schema.org\",\"@graph\":[{\"@type\":\"Article\",\"@id\":\"https:\\\/\\\/barreiropsicologia.com\\\/blog\\\/los-derechos-asertivos\\\/#article\",\"isPartOf\":{\"@id\":\"https:\\\/\\\/barreiropsicologia.com\\\/blog\\\/los-derechos-asertivos\\\/\"},\"author\":{\"name\":\"Javier Barreiro\",\"@id\":\"https:\\\/\\\/barreiropsicologia.com\\\/blog\\\/#\\\/schema\\\/person\\\/6068f8a0ae30566e1100f91905ead263\"},\"headline\":\"Conoce tus derechos asertivos\",\"datePublished\":\"2014-03-05T10:36:17+00:00\",\"dateModified\":\"2026-04-29T17:34:39+00:00\",\"mainEntityOfPage\":{\"@id\":\"https:\\\/\\\/barreiropsicologia.com\\\/blog\\\/los-derechos-asertivos\\\/\"},\"wordCount\":499,\"commentCount\":11,\"image\":{\"@id\":\"https:\\\/\\\/barreiropsicologia.com\\\/blog\\\/los-derechos-asertivos\\\/#primaryimage\"},\"thumbnailUrl\":\"https:\\\/\\\/barreiropsicologia.com\\\/blog\\\/wp-content\\\/uploads\\\/2014\\\/03\\\/derechos.jpg\",\"keywords\":[\"autoestima\"],\"articleSection\":[\"Relaciones y v\u00ednculos\"],\"inLanguage\":\"es\",\"potentialAction\":[{\"@type\":\"CommentAction\",\"name\":\"Comment\",\"target\":[\"https:\\\/\\\/barreiropsicologia.com\\\/blog\\\/los-derechos-asertivos\\\/#respond\"]}]},{\"@type\":\"WebPage\",\"@id\":\"https:\\\/\\\/barreiropsicologia.com\\\/blog\\\/los-derechos-asertivos\\\/\",\"url\":\"https:\\\/\\\/barreiropsicologia.com\\\/blog\\\/los-derechos-asertivos\\\/\",\"name\":\"Conoce tus derechos asertivos - Blog de psicolog\u00eda\",\"isPartOf\":{\"@id\":\"https:\\\/\\\/barreiropsicologia.com\\\/blog\\\/#website\"},\"primaryImageOfPage\":{\"@id\":\"https:\\\/\\\/barreiropsicologia.com\\\/blog\\\/los-derechos-asertivos\\\/#primaryimage\"},\"image\":{\"@id\":\"https:\\\/\\\/barreiropsicologia.com\\\/blog\\\/los-derechos-asertivos\\\/#primaryimage\"},\"thumbnailUrl\":\"https:\\\/\\\/barreiropsicologia.com\\\/blog\\\/wp-content\\\/uploads\\\/2014\\\/03\\\/derechos.jpg\",\"datePublished\":\"2014-03-05T10:36:17+00:00\",\"dateModified\":\"2026-04-29T17:34:39+00:00\",\"author\":{\"@id\":\"https:\\\/\\\/barreiropsicologia.com\\\/blog\\\/#\\\/schema\\\/person\\\/6068f8a0ae30566e1100f91905ead263\"},\"description\":\"\u00bfSabes la importancia que tiene concer tus derechos asertivos?. Entra y desc\u00fabrelos para que aprendas cu\u00e1les son y puedas utilizarlos.\",\"breadcrumb\":{\"@id\":\"https:\\\/\\\/barreiropsicologia.com\\\/blog\\\/los-derechos-asertivos\\\/#breadcrumb\"},\"inLanguage\":\"es\",\"potentialAction\":[{\"@type\":\"ReadAction\",\"target\":[\"https:\\\/\\\/barreiropsicologia.com\\\/blog\\\/los-derechos-asertivos\\\/\"]}]},{\"@type\":\"ImageObject\",\"inLanguage\":\"es\",\"@id\":\"https:\\\/\\\/barreiropsicologia.com\\\/blog\\\/los-derechos-asertivos\\\/#primaryimage\",\"url\":\"https:\\\/\\\/barreiropsicologia.com\\\/blog\\\/wp-content\\\/uploads\\\/2014\\\/03\\\/derechos.jpg\",\"contentUrl\":\"https:\\\/\\\/barreiropsicologia.com\\\/blog\\\/wp-content\\\/uploads\\\/2014\\\/03\\\/derechos.jpg\",\"width\":1626,\"height\":1080,\"caption\":\"Derechos asertivos, terapia cognitivo conductual en Salamanca\"},{\"@type\":\"BreadcrumbList\",\"@id\":\"https:\\\/\\\/barreiropsicologia.com\\\/blog\\\/los-derechos-asertivos\\\/#breadcrumb\",\"itemListElement\":[{\"@type\":\"ListItem\",\"position\":1,\"name\":\"Portada\",\"item\":\"https:\\\/\\\/barreiropsicologia.com\\\/blog\\\/\"},{\"@type\":\"ListItem\",\"position\":2,\"name\":\"Conoce tus derechos asertivos\"}]},{\"@type\":\"WebSite\",\"@id\":\"https:\\\/\\\/barreiropsicologia.com\\\/blog\\\/#website\",\"url\":\"https:\\\/\\\/barreiropsicologia.com\\\/blog\\\/\",\"name\":\"Blog de psicolog\u00eda\",\"description\":\"Barreiro Psicolog\u00eda Blog\",\"potentialAction\":[{\"@type\":\"SearchAction\",\"target\":{\"@type\":\"EntryPoint\",\"urlTemplate\":\"https:\\\/\\\/barreiropsicologia.com\\\/blog\\\/?s={search_term_string}\"},\"query-input\":{\"@type\":\"PropertyValueSpecification\",\"valueRequired\":true,\"valueName\":\"search_term_string\"}}],\"inLanguage\":\"es\"},{\"@type\":\"Person\",\"@id\":\"https:\\\/\\\/barreiropsicologia.com\\\/blog\\\/#\\\/schema\\\/person\\\/6068f8a0ae30566e1100f91905ead263\",\"name\":\"Javier Barreiro\",\"image\":{\"@type\":\"ImageObject\",\"inLanguage\":\"es\",\"@id\":\"https:\\\/\\\/secure.gravatar.com\\\/avatar\\\/ba2dc692a18d0909a9544d2d12c67449129af0c5441c8732f319a1ae7ae701b0?s=96&d=mm&r=g\",\"url\":\"https:\\\/\\\/secure.gravatar.com\\\/avatar\\\/ba2dc692a18d0909a9544d2d12c67449129af0c5441c8732f319a1ae7ae701b0?s=96&d=mm&r=g\",\"contentUrl\":\"https:\\\/\\\/secure.gravatar.com\\\/avatar\\\/ba2dc692a18d0909a9544d2d12c67449129af0c5441c8732f319a1ae7ae701b0?s=96&d=mm&r=g\",\"caption\":\"Javier Barreiro\"},\"description\":\"Javier Barreiro Santamarta es Licenciado en Psicolog\u00eda por la Universidad de Salamanca, Psic\u00f3logo General Sanitario en Salamanca colegiado n\u00ba CL-3735. M\u00e1ster en Psicolog\u00eda Cl\u00ednica cognitivo-conductual, M\u00e1ster en Terapia Breve Centrada en Soluciones y M\u00e1ster en Recursos Humanos.\",\"sameAs\":[\"https:\\\/\\\/www.facebook.com\\\/psicologossalamanca\\\/\",\"https:\\\/\\\/www.instagram.com\\\/barreiro.psi\",\"https:\\\/\\\/ar.linkedin.com\\\/in\\\/javier-barreiro-santamarta-9183b962\",\"https:\\\/\\\/x.com\\\/Barreiro.javier@hotmail.com\"],\"url\":\"https:\\\/\\\/barreiropsicologia.com\\\/blog\\\/author\\\/javier_barreiro\\\/\"}]}<\/script>\n<!-- \/ Yoast SEO plugin. -->","yoast_head_json":{"title":"Conoce tus derechos asertivos - Blog de psicolog\u00eda","description":"\u00bfSabes la importancia que tiene concer tus derechos asertivos?. Entra y desc\u00fabrelos para que aprendas cu\u00e1les son y puedas utilizarlos.","robots":{"index":"index","follow":"follow","max-snippet":"max-snippet:-1","max-image-preview":"max-image-preview:large","max-video-preview":"max-video-preview:-1"},"canonical":"https:\/\/barreiropsicologia.com\/blog\/los-derechos-asertivos\/","og_locale":"es_ES","og_type":"article","og_title":"Conoce tus derechos asertivos - Blog de psicolog\u00eda","og_description":"asdadasdads","og_url":"https:\/\/barreiropsicologia.com\/blog\/los-derechos-asertivos\/","og_site_name":"Blog de psicolog\u00eda","article_publisher":"https:\/\/www.facebook.com\/psicologossalamanca\/","article_author":"https:\/\/www.facebook.com\/psicologossalamanca\/","article_published_time":"2014-03-05T10:36:17+00:00","article_modified_time":"2026-04-29T17:34:39+00:00","og_image":[{"width":1626,"height":1080,"url":"https:\/\/barreiropsicologia.com\/blog\/wp-content\/uploads\/2014\/03\/derechos.jpg","type":"image\/jpeg"}],"author":"Javier Barreiro","twitter_card":"summary_large_image","twitter_creator":"@Barreiro.javier@hotmail.com","twitter_site":"@Barreiro_Psi","twitter_misc":{"Escrito por":"Javier Barreiro","Tiempo de lectura":"2 minutos"},"schema":{"@context":"https:\/\/schema.org","@graph":[{"@type":"Article","@id":"https:\/\/barreiropsicologia.com\/blog\/los-derechos-asertivos\/#article","isPartOf":{"@id":"https:\/\/barreiropsicologia.com\/blog\/los-derechos-asertivos\/"},"author":{"name":"Javier Barreiro","@id":"https:\/\/barreiropsicologia.com\/blog\/#\/schema\/person\/6068f8a0ae30566e1100f91905ead263"},"headline":"Conoce tus derechos asertivos","datePublished":"2014-03-05T10:36:17+00:00","dateModified":"2026-04-29T17:34:39+00:00","mainEntityOfPage":{"@id":"https:\/\/barreiropsicologia.com\/blog\/los-derechos-asertivos\/"},"wordCount":499,"commentCount":11,"image":{"@id":"https:\/\/barreiropsicologia.com\/blog\/los-derechos-asertivos\/#primaryimage"},"thumbnailUrl":"https:\/\/barreiropsicologia.com\/blog\/wp-content\/uploads\/2014\/03\/derechos.jpg","keywords":["autoestima"],"articleSection":["Relaciones y v\u00ednculos"],"inLanguage":"es","potentialAction":[{"@type":"CommentAction","name":"Comment","target":["https:\/\/barreiropsicologia.com\/blog\/los-derechos-asertivos\/#respond"]}]},{"@type":"WebPage","@id":"https:\/\/barreiropsicologia.com\/blog\/los-derechos-asertivos\/","url":"https:\/\/barreiropsicologia.com\/blog\/los-derechos-asertivos\/","name":"Conoce tus derechos asertivos - Blog de psicolog\u00eda","isPartOf":{"@id":"https:\/\/barreiropsicologia.com\/blog\/#website"},"primaryImageOfPage":{"@id":"https:\/\/barreiropsicologia.com\/blog\/los-derechos-asertivos\/#primaryimage"},"image":{"@id":"https:\/\/barreiropsicologia.com\/blog\/los-derechos-asertivos\/#primaryimage"},"thumbnailUrl":"https:\/\/barreiropsicologia.com\/blog\/wp-content\/uploads\/2014\/03\/derechos.jpg","datePublished":"2014-03-05T10:36:17+00:00","dateModified":"2026-04-29T17:34:39+00:00","author":{"@id":"https:\/\/barreiropsicologia.com\/blog\/#\/schema\/person\/6068f8a0ae30566e1100f91905ead263"},"description":"\u00bfSabes la importancia que tiene concer tus derechos asertivos?. Entra y desc\u00fabrelos para que aprendas cu\u00e1les son y puedas utilizarlos.","breadcrumb":{"@id":"https:\/\/barreiropsicologia.com\/blog\/los-derechos-asertivos\/#breadcrumb"},"inLanguage":"es","potentialAction":[{"@type":"ReadAction","target":["https:\/\/barreiropsicologia.com\/blog\/los-derechos-asertivos\/"]}]},{"@type":"ImageObject","inLanguage":"es","@id":"https:\/\/barreiropsicologia.com\/blog\/los-derechos-asertivos\/#primaryimage","url":"https:\/\/barreiropsicologia.com\/blog\/wp-content\/uploads\/2014\/03\/derechos.jpg","contentUrl":"https:\/\/barreiropsicologia.com\/blog\/wp-content\/uploads\/2014\/03\/derechos.jpg","width":1626,"height":1080,"caption":"Derechos asertivos, terapia cognitivo conductual en Salamanca"},{"@type":"BreadcrumbList","@id":"https:\/\/barreiropsicologia.com\/blog\/los-derechos-asertivos\/#breadcrumb","itemListElement":[{"@type":"ListItem","position":1,"name":"Portada","item":"https:\/\/barreiropsicologia.com\/blog\/"},{"@type":"ListItem","position":2,"name":"Conoce tus derechos asertivos"}]},{"@type":"WebSite","@id":"https:\/\/barreiropsicologia.com\/blog\/#website","url":"https:\/\/barreiropsicologia.com\/blog\/","name":"Blog de psicolog\u00eda","description":"Barreiro Psicolog\u00eda Blog","potentialAction":[{"@type":"SearchAction","target":{"@type":"EntryPoint","urlTemplate":"https:\/\/barreiropsicologia.com\/blog\/?s={search_term_string}"},"query-input":{"@type":"PropertyValueSpecification","valueRequired":true,"valueName":"search_term_string"}}],"inLanguage":"es"},{"@type":"Person","@id":"https:\/\/barreiropsicologia.com\/blog\/#\/schema\/person\/6068f8a0ae30566e1100f91905ead263","name":"Javier Barreiro","image":{"@type":"ImageObject","inLanguage":"es","@id":"https:\/\/secure.gravatar.com\/avatar\/ba2dc692a18d0909a9544d2d12c67449129af0c5441c8732f319a1ae7ae701b0?s=96&d=mm&r=g","url":"https:\/\/secure.gravatar.com\/avatar\/ba2dc692a18d0909a9544d2d12c67449129af0c5441c8732f319a1ae7ae701b0?s=96&d=mm&r=g","contentUrl":"https:\/\/secure.gravatar.com\/avatar\/ba2dc692a18d0909a9544d2d12c67449129af0c5441c8732f319a1ae7ae701b0?s=96&d=mm&r=g","caption":"Javier Barreiro"},"description":"Javier Barreiro Santamarta es Licenciado en Psicolog\u00eda por la Universidad de Salamanca, Psic\u00f3logo General Sanitario en Salamanca colegiado n\u00ba CL-3735. M\u00e1ster en Psicolog\u00eda Cl\u00ednica cognitivo-conductual, M\u00e1ster en Terapia Breve Centrada en Soluciones y M\u00e1ster en Recursos Humanos.","sameAs":["https:\/\/www.facebook.com\/psicologossalamanca\/","https:\/\/www.instagram.com\/barreiro.psi","https:\/\/ar.linkedin.com\/in\/javier-barreiro-santamarta-9183b962","https:\/\/x.com\/Barreiro.javier@hotmail.com"],"url":"https:\/\/barreiropsicologia.com\/blog\/author\/javier_barreiro\/"}]}},"_links":{"self":[{"href":"https:\/\/barreiropsicologia.com\/blog\/wp-json\/wp\/v2\/posts\/443","targetHints":{"allow":["GET"]}}],"collection":[{"href":"https:\/\/barreiropsicologia.com\/blog\/wp-json\/wp\/v2\/posts"}],"about":[{"href":"https:\/\/barreiropsicologia.com\/blog\/wp-json\/wp\/v2\/types\/post"}],"author":[{"embeddable":true,"href":"https:\/\/barreiropsicologia.com\/blog\/wp-json\/wp\/v2\/users\/1"}],"replies":[{"embeddable":true,"href":"https:\/\/barreiropsicologia.com\/blog\/wp-json\/wp\/v2\/comments?post=443"}],"version-history":[{"count":7,"href":"https:\/\/barreiropsicologia.com\/blog\/wp-json\/wp\/v2\/posts\/443\/revisions"}],"predecessor-version":[{"id":3289,"href":"https:\/\/barreiropsicologia.com\/blog\/wp-json\/wp\/v2\/posts\/443\/revisions\/3289"}],"wp:featuredmedia":[{"embeddable":true,"href":"https:\/\/barreiropsicologia.com\/blog\/wp-json\/wp\/v2\/media\/446"}],"wp:attachment":[{"href":"https:\/\/barreiropsicologia.com\/blog\/wp-json\/wp\/v2\/media?parent=443"}],"wp:term":[{"taxonomy":"category","embeddable":true,"href":"https:\/\/barreiropsicologia.com\/blog\/wp-json\/wp\/v2\/categories?post=443"},{"taxonomy":"post_tag","embeddable":true,"href":"https:\/\/barreiropsicologia.com\/blog\/wp-json\/wp\/v2\/tags?post=443"}],"curies":[{"name":"wp","href":"https:\/\/api.w.org\/{rel}","templated":true}]}}