{"id":722,"date":"2014-09-04T08:58:22","date_gmt":"2014-09-04T06:58:22","guid":{"rendered":"http:\/\/www.barreiropsicologia.com\/?p=722"},"modified":"2026-03-26T21:03:11","modified_gmt":"2026-03-26T20:03:11","slug":"la-dieta-en-vacaciones","status":"publish","type":"post","link":"https:\/\/barreiropsicologia.com\/blog\/la-dieta-en-vacaciones\/","title":{"rendered":"La dieta en vacaciones, factores psicol\u00f3gicos y nutricionales"},"content":{"rendered":"<p>En colaboraci\u00f3n con la Dra. Irene Blanco de<a title=\"Cl\u00ednica Blanco Diet\u00e9tica\" href=\"http:\/\/www.clinicablancodietetica.com\"> www.clinicablancodietetica.com<\/a>, en el diario El Norte de Castilla, nos entrevistaron para realizar un art\u00edculo sobre el efecto de<span style=\"color: #ff6600;\"> la dieta en vacaciones<\/span>, y c\u00f3mo \u00e9sta nos influye en el estado de bienestar emocional y en la salud en general.<\/p>\n<p>Adem\u00e1s la Dra. Blanco nos ofrece algunos consejos sobre c\u00f3mo llevar y mantener unas pautas m\u00e1s saludables de alimentaci\u00f3n en \u00e9ste periodo de verano.<\/p>\n<h2>Resumen de la entrevista sobre la dieta en vacaciones<\/h2>\n<section>\n<div id=\"ccronica\">\n<p>El buen tiempo incita salir de casa y disfrutar de alimentos acompa\u00f1ados de bebidas refrescantes. Las vacaciones son una raz\u00f3n s\u00f3lida para justificar un capricho y sobrepasar esos l\u00edmites autoimpuestos el resto del a\u00f1o.<\/p>\n<p>Al terminar el a\u00f1o, muchas personas hicieron los prop\u00f3sitos, entre los cuales suelen destacar los que hacen referencia a dietas y puestas a punto f\u00edsicas para lucir en verano un cuerpo diez.<\/p>\n<p>Ahora que estamos en pleno verano, muchas personas ya han disfrutado de sus vacaciones, otras est\u00e1n en ello y el resto de las personas que pueden tener vacaciones veraniegas lo har\u00e1n en breve.<\/p>\n<p><img loading=\"lazy\" decoding=\"async\" class=\"wp-image-1880 alignright\" src=\"http:\/\/barreiropsicologia.com\/blog\/wp-content\/uploads\/2014\/09\/marco-vacio-blanco-sobre-verduras-coloridas-telon-fondo_23-2147885664-300x214.jpg\" alt=\"dieta en vacaciones\" width=\"248\" height=\"177\" srcset=\"https:\/\/barreiropsicologia.com\/blog\/wp-content\/uploads\/2014\/09\/marco-vacio-blanco-sobre-verduras-coloridas-telon-fondo_23-2147885664-300x214.jpg 300w, https:\/\/barreiropsicologia.com\/blog\/wp-content\/uploads\/2014\/09\/marco-vacio-blanco-sobre-verduras-coloridas-telon-fondo_23-2147885664.jpg 626w\" sizes=\"auto, (max-width: 248px) 100vw, 248px\" \/><\/p>\n<h3>Descuido de la dieta en vacaciones<em><strong><br \/>\n<\/strong><\/em><\/h3>\n<p>En estos d\u00edas, por norma general, se descuida mucho la alimentaci\u00f3n, el problema emerge cuando salimos de nuestra ciudad.<\/p>\n<p>Estos d\u00edas propios para ir de vacaciones se evita cocinar, por lo tanto la comida es m\u00e1s prefabricada, menos casera y m\u00e1s cal\u00f3rica.<\/p>\n<p>Durante estas jornadas, en que por estar fuera de casa o con la excusa de que estamos de vacaciones se aprovecha para acudir m\u00e1s al <strong>restaurante<\/strong> y se recurre mucho al terraceo.<\/p>\n<p>En cuanto a los reg\u00edmenes se refiere, la mayor\u00eda de las personas suelen dejar las dietas estos d\u00edas, una vez que se ven bien se relajan.<\/p>\n<h4>Nuestras recomendaciones<\/h4>\n<p>Las <strong>recomendaciones<\/strong> son claras y contundentes cuando se trata de la <strong>alimentaci\u00f3n de los ni\u00f1os<\/strong>. Es recomendable que se respeten los horarios de comidas en la medida de lo posible para evitar que piquen entre horas.<\/p>\n<p>En vez de darles caprichos, se recomienda que se aproveche est\u00e1 \u00e9poca con tanta variedad de fruta nacional en el mercado, para darles este alimento sano, fresco y dulce.<\/p>\n<p>Esto que es una pauta muy sugerente para los m\u00e1s peques, tambi\u00e9n lo hace extensible a los adultos. Adem\u00e1s otra sugerencia muy oportuna para esos d\u00edas de playa en que se come o cena en el restaurante. Se considera muy oportuno aprovechar el picnic para consumir algo m\u00e1s ligero, bien ser\u00e1 un gazpacho, una ensalada.<\/p>\n<p><img loading=\"lazy\" decoding=\"async\" class=\"wp-image-1881 alignright\" src=\"http:\/\/barreiropsicologia.com\/blog\/wp-content\/uploads\/2014\/09\/vista-elevada-desayuno-saludable-sobre-fondo-blanco_23-2147907031-300x169.jpg\" alt=\"dieta en vacaciones\" width=\"249\" height=\"140\" srcset=\"https:\/\/barreiropsicologia.com\/blog\/wp-content\/uploads\/2014\/09\/vista-elevada-desayuno-saludable-sobre-fondo-blanco_23-2147907031-300x169.jpg 300w, https:\/\/barreiropsicologia.com\/blog\/wp-content\/uploads\/2014\/09\/vista-elevada-desayuno-saludable-sobre-fondo-blanco_23-2147907031.jpg 626w\" sizes=\"auto, (max-width: 249px) 100vw, 249px\" \/><\/p>\n<h3>Una vez en el restaurante<\/h3>\n<p>Se puede comer bien tambi\u00e9n en el restaurante. Lo importante es <strong>saber elegir<\/strong>, se puede optar por men\u00fas de verduras, escoger en vez de frituras carnes o pescados a la plancha e incluso mariscos.<\/p>\n<p>Las altas temperaturas piden el consumo de m\u00e1s l\u00edquidos y se abusa mucho de refrescos o bebidas azucaradas, esto es algo que se deber\u00eda evitar y sustituir por agua.<\/p>\n<p>El verano es \u00e9poca en que se tiene menos hambre, y, por ello, se tiende mucho al picoteo. El calor pide comida ligera y la dieta puede ser m\u00e1s saludable si se hace bien, porque hay m\u00e1s variedad de frutas y verduras.<\/p>\n<h2>Los factores psicol\u00f3gicos<\/h2>\n<p>En cuanto a si \u00e9sta mala alimentaci\u00f3n puede tener <strong>repercusiones<\/strong> a nivel personal, el tema de <strong>la imagen corporal<\/strong> suele ser lo que hace que la gente solicite dietas.<\/p>\n<p>Una de las cuestiones por las que m\u00e1s se pueden ver afectadas las personas es el hecho de ver que otras personas est\u00e1n relativamente mejor cuidadas.<\/p>\n<p>Hacer <strong>comparaciones<\/strong> con otros y si no tienes suficientes recursos psicol\u00f3gicos puede trasladarse una distorsi\u00f3n de la imagen corporal porque puedes pensar que lo que perfecto es lo que venden los medios.<\/p>\n<p><img loading=\"lazy\" decoding=\"async\" class=\"wp-image-1885 alignright\" src=\"http:\/\/barreiropsicologia.com\/blog\/wp-content\/uploads\/2014\/09\/Bienestar-300x200.jpg\" alt=\"programa psicodiet\" width=\"249\" height=\"166\" srcset=\"https:\/\/barreiropsicologia.com\/blog\/wp-content\/uploads\/2014\/09\/Bienestar-300x200.jpg 300w, https:\/\/barreiropsicologia.com\/blog\/wp-content\/uploads\/2014\/09\/Bienestar.jpg 626w\" sizes=\"auto, (max-width: 249px) 100vw, 249px\" \/><\/p>\n<p>Evidentemente el <strong>grado de bienestar<\/strong> de una persona se ve influido por su estado de salud, y \u00e9sta se ve condicionada por el tipo de alimentaci\u00f3n que consumido.<\/p>\n<p>Una <strong>alimentaci\u00f3n m\u00e1s equilibrada<\/strong> se asocia directamente con un mayor grado de bienestar, y al contrario, comer peor se vincula con mala salud y malestar psicol\u00f3gico.<\/p>\n<p>No descuideis vuestra dieta en vacaciones!<\/p>\n<hr \/>\n<p><strong>A continuaci\u00f3n teneis disponible el art\u00edculo completo<\/strong>:<\/p>\n<p><a href=\"http:\/\/www.elnortedecastilla.es\/salamanca\/201408\/08\/extravio-dietas-vacaciones-20140808124449\/\">http:\/\/www.elnortedecastilla.es\/salamanca\/201408\/08\/extravio-dietas-vacaciones-20140808124449\/<\/a><\/p>\n<hr \/>\n<p><strong>Tambi\u00e9n te pueden interesar los art\u00edculos<\/strong>:<\/p>\n<ul>\n<li><a href=\"http:\/\/barreiropsicologia.com\/blog\/programa-psicodiet-decalogo\/\">Programa Psicodiet, dec\u00e1logo<\/a><\/li>\n<li><a href=\"https:\/\/barreiropsicologia.com\/blog\/como-nos-afectan-las-emociones-en-alimentacion\/\">C\u00f3mo nos afectan las emociones en nuestra alimentaci\u00f3n<\/a><\/li>\n<li><a href=\"https:\/\/barreiropsicologia.com\/blog\/sobrepeso-y-factores-psicologicos\/\">El sobrepeso y los factores psicol\u00f3gicos<\/a><\/li>\n<\/ul>\n<\/div>\n<\/section>\n","protected":false},"excerpt":{"rendered":"<p>En colaboraci\u00f3n con Irene Blanco de www.clinicablancodietetica.com, y con el period\u00edsta Jorge Holgera Illera del diario \u00abEl Norte de Castilla\u00bb, elaboramos un art\u00edculo sobre el efecto de las vacaciones en los h\u00e1bitos de las dietas, y c\u00f3mo \u00e9sto nos influye en el estado de bienestar emocional y en la salud en general<\/p>\n","protected":false},"author":1,"featured_media":727,"comment_status":"open","ping_status":"open","sticky":false,"template":"","format":"standard","meta":{"footnotes":""},"categories":[780],"tags":[131],"class_list":["post-722","post","type-post","status-publish","format-standard","has-post-thumbnail","hentry","category-habitos-conducta","tag-programa-psicodiet-2"],"yoast_head":"<!-- This site is optimized with the Yoast SEO plugin v27.3 - https:\/\/yoast.com\/product\/yoast-seo-wordpress\/ -->\n<title>La Dieta en vacaciones, consejos adecuados - Blog de psicolog\u00eda<\/title>\n<meta name=\"description\" content=\"Art\u00edculo en prensa sobre c\u00f3mo llevar una correcta dieta en vacaciones en colaboraci\u00f3n con la Cl\u00ednica Blanco Diet\u00e9tica y Nutrici\u00f3n.\" \/>\n<meta name=\"robots\" content=\"index, follow, max-snippet:-1, max-image-preview:large, max-video-preview:-1\" \/>\n<link rel=\"canonical\" href=\"https:\/\/barreiropsicologia.com\/blog\/la-dieta-en-vacaciones\/\" \/>\n<meta property=\"og:locale\" content=\"es_ES\" \/>\n<meta property=\"og:type\" content=\"article\" \/>\n<meta property=\"og:title\" content=\"La Dieta en vacaciones, consejos adecuados - Blog de psicolog\u00eda\" \/>\n<meta property=\"og:description\" content=\"Art\u00edculo en prensa sobre c\u00f3mo llevar una correcta dieta en vacaciones en colaboraci\u00f3n con la Cl\u00ednica Blanco Diet\u00e9tica y Nutrici\u00f3n.\" \/>\n<meta property=\"og:url\" content=\"https:\/\/barreiropsicologia.com\/blog\/la-dieta-en-vacaciones\/\" \/>\n<meta property=\"og:site_name\" content=\"Blog de psicolog\u00eda\" \/>\n<meta property=\"article:publisher\" content=\"https:\/\/www.facebook.com\/psicologossalamanca\/\" \/>\n<meta property=\"article:author\" content=\"https:\/\/www.facebook.com\/psicologossalamanca\/\" \/>\n<meta property=\"article:published_time\" content=\"2014-09-04T06:58:22+00:00\" \/>\n<meta property=\"article:modified_time\" content=\"2026-03-26T20:03:11+00:00\" \/>\n<meta property=\"og:image\" content=\"https:\/\/barreiropsicologia.com\/blog\/wp-content\/uploads\/2014\/09\/plato-de-comida-en-cualquier.jpg\" \/>\n\t<meta property=\"og:image:width\" content=\"550\" \/>\n\t<meta property=\"og:image:height\" content=\"366\" \/>\n\t<meta property=\"og:image:type\" content=\"image\/jpeg\" \/>\n<meta name=\"author\" content=\"Javier Barreiro\" \/>\n<meta name=\"twitter:card\" content=\"summary_large_image\" \/>\n<meta name=\"twitter:creator\" content=\"@Barreiro.javier@hotmail.com\" \/>\n<meta name=\"twitter:site\" content=\"@Barreiro_Psi\" \/>\n<meta name=\"twitter:label1\" content=\"Escrito por\" \/>\n\t<meta name=\"twitter:data1\" content=\"Javier Barreiro\" \/>\n\t<meta name=\"twitter:label2\" content=\"Tiempo de lectura\" \/>\n\t<meta name=\"twitter:data2\" content=\"4 minutos\" \/>\n<script type=\"application\/ld+json\" class=\"yoast-schema-graph\">{\"@context\":\"https:\\\/\\\/schema.org\",\"@graph\":[{\"@type\":\"Article\",\"@id\":\"https:\\\/\\\/barreiropsicologia.com\\\/blog\\\/la-dieta-en-vacaciones\\\/#article\",\"isPartOf\":{\"@id\":\"https:\\\/\\\/barreiropsicologia.com\\\/blog\\\/la-dieta-en-vacaciones\\\/\"},\"author\":{\"name\":\"Javier Barreiro\",\"@id\":\"https:\\\/\\\/barreiropsicologia.com\\\/blog\\\/#\\\/schema\\\/person\\\/6068f8a0ae30566e1100f91905ead263\"},\"headline\":\"La dieta en vacaciones, factores psicol\u00f3gicos y nutricionales\",\"datePublished\":\"2014-09-04T06:58:22+00:00\",\"dateModified\":\"2026-03-26T20:03:11+00:00\",\"mainEntityOfPage\":{\"@id\":\"https:\\\/\\\/barreiropsicologia.com\\\/blog\\\/la-dieta-en-vacaciones\\\/\"},\"wordCount\":773,\"commentCount\":2,\"image\":{\"@id\":\"https:\\\/\\\/barreiropsicologia.com\\\/blog\\\/la-dieta-en-vacaciones\\\/#primaryimage\"},\"thumbnailUrl\":\"https:\\\/\\\/barreiropsicologia.com\\\/blog\\\/wp-content\\\/uploads\\\/2014\\\/09\\\/plato-de-comida-en-cualquier.jpg\",\"keywords\":[\"programa psicodiet\"],\"articleSection\":[\"H\u00e1bitos y conducta\"],\"inLanguage\":\"es\",\"potentialAction\":[{\"@type\":\"CommentAction\",\"name\":\"Comment\",\"target\":[\"https:\\\/\\\/barreiropsicologia.com\\\/blog\\\/la-dieta-en-vacaciones\\\/#respond\"]}]},{\"@type\":\"WebPage\",\"@id\":\"https:\\\/\\\/barreiropsicologia.com\\\/blog\\\/la-dieta-en-vacaciones\\\/\",\"url\":\"https:\\\/\\\/barreiropsicologia.com\\\/blog\\\/la-dieta-en-vacaciones\\\/\",\"name\":\"La Dieta en vacaciones, consejos adecuados - Blog de psicolog\u00eda\",\"isPartOf\":{\"@id\":\"https:\\\/\\\/barreiropsicologia.com\\\/blog\\\/#website\"},\"primaryImageOfPage\":{\"@id\":\"https:\\\/\\\/barreiropsicologia.com\\\/blog\\\/la-dieta-en-vacaciones\\\/#primaryimage\"},\"image\":{\"@id\":\"https:\\\/\\\/barreiropsicologia.com\\\/blog\\\/la-dieta-en-vacaciones\\\/#primaryimage\"},\"thumbnailUrl\":\"https:\\\/\\\/barreiropsicologia.com\\\/blog\\\/wp-content\\\/uploads\\\/2014\\\/09\\\/plato-de-comida-en-cualquier.jpg\",\"datePublished\":\"2014-09-04T06:58:22+00:00\",\"dateModified\":\"2026-03-26T20:03:11+00:00\",\"author\":{\"@id\":\"https:\\\/\\\/barreiropsicologia.com\\\/blog\\\/#\\\/schema\\\/person\\\/6068f8a0ae30566e1100f91905ead263\"},\"description\":\"Art\u00edculo en prensa sobre c\u00f3mo llevar una correcta dieta en vacaciones en colaboraci\u00f3n con la Cl\u00ednica Blanco Diet\u00e9tica y Nutrici\u00f3n.\",\"breadcrumb\":{\"@id\":\"https:\\\/\\\/barreiropsicologia.com\\\/blog\\\/la-dieta-en-vacaciones\\\/#breadcrumb\"},\"inLanguage\":\"es\",\"potentialAction\":[{\"@type\":\"ReadAction\",\"target\":[\"https:\\\/\\\/barreiropsicologia.com\\\/blog\\\/la-dieta-en-vacaciones\\\/\"]}]},{\"@type\":\"ImageObject\",\"inLanguage\":\"es\",\"@id\":\"https:\\\/\\\/barreiropsicologia.com\\\/blog\\\/la-dieta-en-vacaciones\\\/#primaryimage\",\"url\":\"https:\\\/\\\/barreiropsicologia.com\\\/blog\\\/wp-content\\\/uploads\\\/2014\\\/09\\\/plato-de-comida-en-cualquier.jpg\",\"contentUrl\":\"https:\\\/\\\/barreiropsicologia.com\\\/blog\\\/wp-content\\\/uploads\\\/2014\\\/09\\\/plato-de-comida-en-cualquier.jpg\",\"width\":550,\"height\":366,\"caption\":\"dieta en vacaciones\"},{\"@type\":\"BreadcrumbList\",\"@id\":\"https:\\\/\\\/barreiropsicologia.com\\\/blog\\\/la-dieta-en-vacaciones\\\/#breadcrumb\",\"itemListElement\":[{\"@type\":\"ListItem\",\"position\":1,\"name\":\"Portada\",\"item\":\"https:\\\/\\\/barreiropsicologia.com\\\/blog\\\/\"},{\"@type\":\"ListItem\",\"position\":2,\"name\":\"La dieta en vacaciones, factores psicol\u00f3gicos y nutricionales\"}]},{\"@type\":\"WebSite\",\"@id\":\"https:\\\/\\\/barreiropsicologia.com\\\/blog\\\/#website\",\"url\":\"https:\\\/\\\/barreiropsicologia.com\\\/blog\\\/\",\"name\":\"Blog de psicolog\u00eda\",\"description\":\"Barreiro Psicolog\u00eda Blog\",\"potentialAction\":[{\"@type\":\"SearchAction\",\"target\":{\"@type\":\"EntryPoint\",\"urlTemplate\":\"https:\\\/\\\/barreiropsicologia.com\\\/blog\\\/?s={search_term_string}\"},\"query-input\":{\"@type\":\"PropertyValueSpecification\",\"valueRequired\":true,\"valueName\":\"search_term_string\"}}],\"inLanguage\":\"es\"},{\"@type\":\"Person\",\"@id\":\"https:\\\/\\\/barreiropsicologia.com\\\/blog\\\/#\\\/schema\\\/person\\\/6068f8a0ae30566e1100f91905ead263\",\"name\":\"Javier Barreiro\",\"image\":{\"@type\":\"ImageObject\",\"inLanguage\":\"es\",\"@id\":\"https:\\\/\\\/secure.gravatar.com\\\/avatar\\\/ba2dc692a18d0909a9544d2d12c67449129af0c5441c8732f319a1ae7ae701b0?s=96&d=mm&r=g\",\"url\":\"https:\\\/\\\/secure.gravatar.com\\\/avatar\\\/ba2dc692a18d0909a9544d2d12c67449129af0c5441c8732f319a1ae7ae701b0?s=96&d=mm&r=g\",\"contentUrl\":\"https:\\\/\\\/secure.gravatar.com\\\/avatar\\\/ba2dc692a18d0909a9544d2d12c67449129af0c5441c8732f319a1ae7ae701b0?s=96&d=mm&r=g\",\"caption\":\"Javier Barreiro\"},\"description\":\"Javier Barreiro Santamarta es Licenciado en Psicolog\u00eda por la Universidad de Salamanca, Psic\u00f3logo General Sanitario en Salamanca colegiado n\u00ba CL-3735. M\u00e1ster en Psicolog\u00eda Cl\u00ednica cognitivo-conductual, M\u00e1ster en Terapia Breve Centrada en Soluciones y M\u00e1ster en Recursos Humanos.\",\"sameAs\":[\"https:\\\/\\\/www.facebook.com\\\/psicologossalamanca\\\/\",\"https:\\\/\\\/www.instagram.com\\\/barreiro.psi\",\"https:\\\/\\\/ar.linkedin.com\\\/in\\\/javier-barreiro-santamarta-9183b962\",\"https:\\\/\\\/x.com\\\/Barreiro.javier@hotmail.com\"],\"url\":\"https:\\\/\\\/barreiropsicologia.com\\\/blog\\\/author\\\/javier_barreiro\\\/\"}]}<\/script>\n<!-- \/ Yoast SEO plugin. -->","yoast_head_json":{"title":"La Dieta en vacaciones, consejos adecuados - Blog de psicolog\u00eda","description":"Art\u00edculo en prensa sobre c\u00f3mo llevar una correcta dieta en vacaciones en colaboraci\u00f3n con la Cl\u00ednica Blanco Diet\u00e9tica y Nutrici\u00f3n.","robots":{"index":"index","follow":"follow","max-snippet":"max-snippet:-1","max-image-preview":"max-image-preview:large","max-video-preview":"max-video-preview:-1"},"canonical":"https:\/\/barreiropsicologia.com\/blog\/la-dieta-en-vacaciones\/","og_locale":"es_ES","og_type":"article","og_title":"La Dieta en vacaciones, consejos adecuados - Blog de psicolog\u00eda","og_description":"Art\u00edculo en prensa sobre c\u00f3mo llevar una correcta dieta en vacaciones en colaboraci\u00f3n con la Cl\u00ednica Blanco Diet\u00e9tica y Nutrici\u00f3n.","og_url":"https:\/\/barreiropsicologia.com\/blog\/la-dieta-en-vacaciones\/","og_site_name":"Blog de psicolog\u00eda","article_publisher":"https:\/\/www.facebook.com\/psicologossalamanca\/","article_author":"https:\/\/www.facebook.com\/psicologossalamanca\/","article_published_time":"2014-09-04T06:58:22+00:00","article_modified_time":"2026-03-26T20:03:11+00:00","og_image":[{"width":550,"height":366,"url":"https:\/\/barreiropsicologia.com\/blog\/wp-content\/uploads\/2014\/09\/plato-de-comida-en-cualquier.jpg","type":"image\/jpeg"}],"author":"Javier Barreiro","twitter_card":"summary_large_image","twitter_creator":"@Barreiro.javier@hotmail.com","twitter_site":"@Barreiro_Psi","twitter_misc":{"Escrito por":"Javier Barreiro","Tiempo de lectura":"4 minutos"},"schema":{"@context":"https:\/\/schema.org","@graph":[{"@type":"Article","@id":"https:\/\/barreiropsicologia.com\/blog\/la-dieta-en-vacaciones\/#article","isPartOf":{"@id":"https:\/\/barreiropsicologia.com\/blog\/la-dieta-en-vacaciones\/"},"author":{"name":"Javier Barreiro","@id":"https:\/\/barreiropsicologia.com\/blog\/#\/schema\/person\/6068f8a0ae30566e1100f91905ead263"},"headline":"La dieta en vacaciones, factores psicol\u00f3gicos y nutricionales","datePublished":"2014-09-04T06:58:22+00:00","dateModified":"2026-03-26T20:03:11+00:00","mainEntityOfPage":{"@id":"https:\/\/barreiropsicologia.com\/blog\/la-dieta-en-vacaciones\/"},"wordCount":773,"commentCount":2,"image":{"@id":"https:\/\/barreiropsicologia.com\/blog\/la-dieta-en-vacaciones\/#primaryimage"},"thumbnailUrl":"https:\/\/barreiropsicologia.com\/blog\/wp-content\/uploads\/2014\/09\/plato-de-comida-en-cualquier.jpg","keywords":["programa psicodiet"],"articleSection":["H\u00e1bitos y conducta"],"inLanguage":"es","potentialAction":[{"@type":"CommentAction","name":"Comment","target":["https:\/\/barreiropsicologia.com\/blog\/la-dieta-en-vacaciones\/#respond"]}]},{"@type":"WebPage","@id":"https:\/\/barreiropsicologia.com\/blog\/la-dieta-en-vacaciones\/","url":"https:\/\/barreiropsicologia.com\/blog\/la-dieta-en-vacaciones\/","name":"La Dieta en vacaciones, consejos adecuados - Blog de psicolog\u00eda","isPartOf":{"@id":"https:\/\/barreiropsicologia.com\/blog\/#website"},"primaryImageOfPage":{"@id":"https:\/\/barreiropsicologia.com\/blog\/la-dieta-en-vacaciones\/#primaryimage"},"image":{"@id":"https:\/\/barreiropsicologia.com\/blog\/la-dieta-en-vacaciones\/#primaryimage"},"thumbnailUrl":"https:\/\/barreiropsicologia.com\/blog\/wp-content\/uploads\/2014\/09\/plato-de-comida-en-cualquier.jpg","datePublished":"2014-09-04T06:58:22+00:00","dateModified":"2026-03-26T20:03:11+00:00","author":{"@id":"https:\/\/barreiropsicologia.com\/blog\/#\/schema\/person\/6068f8a0ae30566e1100f91905ead263"},"description":"Art\u00edculo en prensa sobre c\u00f3mo llevar una correcta dieta en vacaciones en colaboraci\u00f3n con la Cl\u00ednica Blanco Diet\u00e9tica y Nutrici\u00f3n.","breadcrumb":{"@id":"https:\/\/barreiropsicologia.com\/blog\/la-dieta-en-vacaciones\/#breadcrumb"},"inLanguage":"es","potentialAction":[{"@type":"ReadAction","target":["https:\/\/barreiropsicologia.com\/blog\/la-dieta-en-vacaciones\/"]}]},{"@type":"ImageObject","inLanguage":"es","@id":"https:\/\/barreiropsicologia.com\/blog\/la-dieta-en-vacaciones\/#primaryimage","url":"https:\/\/barreiropsicologia.com\/blog\/wp-content\/uploads\/2014\/09\/plato-de-comida-en-cualquier.jpg","contentUrl":"https:\/\/barreiropsicologia.com\/blog\/wp-content\/uploads\/2014\/09\/plato-de-comida-en-cualquier.jpg","width":550,"height":366,"caption":"dieta en vacaciones"},{"@type":"BreadcrumbList","@id":"https:\/\/barreiropsicologia.com\/blog\/la-dieta-en-vacaciones\/#breadcrumb","itemListElement":[{"@type":"ListItem","position":1,"name":"Portada","item":"https:\/\/barreiropsicologia.com\/blog\/"},{"@type":"ListItem","position":2,"name":"La dieta en vacaciones, factores psicol\u00f3gicos y nutricionales"}]},{"@type":"WebSite","@id":"https:\/\/barreiropsicologia.com\/blog\/#website","url":"https:\/\/barreiropsicologia.com\/blog\/","name":"Blog de psicolog\u00eda","description":"Barreiro Psicolog\u00eda Blog","potentialAction":[{"@type":"SearchAction","target":{"@type":"EntryPoint","urlTemplate":"https:\/\/barreiropsicologia.com\/blog\/?s={search_term_string}"},"query-input":{"@type":"PropertyValueSpecification","valueRequired":true,"valueName":"search_term_string"}}],"inLanguage":"es"},{"@type":"Person","@id":"https:\/\/barreiropsicologia.com\/blog\/#\/schema\/person\/6068f8a0ae30566e1100f91905ead263","name":"Javier Barreiro","image":{"@type":"ImageObject","inLanguage":"es","@id":"https:\/\/secure.gravatar.com\/avatar\/ba2dc692a18d0909a9544d2d12c67449129af0c5441c8732f319a1ae7ae701b0?s=96&d=mm&r=g","url":"https:\/\/secure.gravatar.com\/avatar\/ba2dc692a18d0909a9544d2d12c67449129af0c5441c8732f319a1ae7ae701b0?s=96&d=mm&r=g","contentUrl":"https:\/\/secure.gravatar.com\/avatar\/ba2dc692a18d0909a9544d2d12c67449129af0c5441c8732f319a1ae7ae701b0?s=96&d=mm&r=g","caption":"Javier Barreiro"},"description":"Javier Barreiro Santamarta es Licenciado en Psicolog\u00eda por la Universidad de Salamanca, Psic\u00f3logo General Sanitario en Salamanca colegiado n\u00ba CL-3735. M\u00e1ster en Psicolog\u00eda Cl\u00ednica cognitivo-conductual, M\u00e1ster en Terapia Breve Centrada en Soluciones y M\u00e1ster en Recursos Humanos.","sameAs":["https:\/\/www.facebook.com\/psicologossalamanca\/","https:\/\/www.instagram.com\/barreiro.psi","https:\/\/ar.linkedin.com\/in\/javier-barreiro-santamarta-9183b962","https:\/\/x.com\/Barreiro.javier@hotmail.com"],"url":"https:\/\/barreiropsicologia.com\/blog\/author\/javier_barreiro\/"}]}},"_links":{"self":[{"href":"https:\/\/barreiropsicologia.com\/blog\/wp-json\/wp\/v2\/posts\/722","targetHints":{"allow":["GET"]}}],"collection":[{"href":"https:\/\/barreiropsicologia.com\/blog\/wp-json\/wp\/v2\/posts"}],"about":[{"href":"https:\/\/barreiropsicologia.com\/blog\/wp-json\/wp\/v2\/types\/post"}],"author":[{"embeddable":true,"href":"https:\/\/barreiropsicologia.com\/blog\/wp-json\/wp\/v2\/users\/1"}],"replies":[{"embeddable":true,"href":"https:\/\/barreiropsicologia.com\/blog\/wp-json\/wp\/v2\/comments?post=722"}],"version-history":[{"count":10,"href":"https:\/\/barreiropsicologia.com\/blog\/wp-json\/wp\/v2\/posts\/722\/revisions"}],"predecessor-version":[{"id":3135,"href":"https:\/\/barreiropsicologia.com\/blog\/wp-json\/wp\/v2\/posts\/722\/revisions\/3135"}],"wp:featuredmedia":[{"embeddable":true,"href":"https:\/\/barreiropsicologia.com\/blog\/wp-json\/wp\/v2\/media\/727"}],"wp:attachment":[{"href":"https:\/\/barreiropsicologia.com\/blog\/wp-json\/wp\/v2\/media?parent=722"}],"wp:term":[{"taxonomy":"category","embeddable":true,"href":"https:\/\/barreiropsicologia.com\/blog\/wp-json\/wp\/v2\/categories?post=722"},{"taxonomy":"post_tag","embeddable":true,"href":"https:\/\/barreiropsicologia.com\/blog\/wp-json\/wp\/v2\/tags?post=722"}],"curies":[{"name":"wp","href":"https:\/\/api.w.org\/{rel}","templated":true}]}}