{"id":854,"date":"2016-02-15T12:18:54","date_gmt":"2016-02-15T11:18:54","guid":{"rendered":"http:\/\/www.barreiropsicologia.com\/?p=854"},"modified":"2026-03-27T13:35:04","modified_gmt":"2026-03-27T12:35:04","slug":"san-valentin-y-las-relaciones-de-pareja","status":"publish","type":"post","link":"https:\/\/barreiropsicologia.com\/blog\/san-valentin-y-las-relaciones-de-pareja\/","title":{"rendered":"San Valent\u00edn y las relaciones de pareja"},"content":{"rendered":"<p>Debido al d\u00eda de San Valent\u00edn, he realizado un art\u00edculo para la prensa de Salamanca en el diario <a href=\"https:\/\/salamanca24horas.com\/\">Salamanca24horas<\/a> junto con otras dos compa\u00f1eras, en el cual hablamos sobre las <a href=\"https:\/\/barreiropsicologia.com\/terapia-psicologica\/terapia-sexual\/\">relaciones de pareja<\/a>, y tambi\u00e9n sobre los efectos que produce en las parejas \u00e9ste se\u00f1alado y conocido d\u00eda.<\/p>\n<p>Es importante hacer una buena reflexi\u00f3n sobre c\u00f3mo influye este d\u00eda en nuestra relacion de pareja, ya que podemos descubrir ciertos errores en los que solemos caer y por tanto ser m\u00e1s conscientes de las consecuencias que tienen en nuestra relaci\u00f3n.<\/p>\n<p>Os animo a leer el art\u00edculo y a reflexionar sobre lo que comentamos. Muy interesante!<\/p>\n<p>Enlace al <a href=\"http:\/\/www.salamanca24horas.com\/local\/14-02-2016-san-valentin-causa-frustracion-porque-no-responde-los-ideales#sthash.ro5G49EJ.gbpl&amp;st_refDomain=www.facebook.com&amp;st_refQuery=\">Art\u00edculo de prensa<\/a><\/p>\n<hr>\n<p><strong>Tambi\u00e9n os puede interesar los art\u00edculos:<\/strong><\/p>\n<ul>\n<li><a href=\"https:\/\/barreiropsicologia.com\/blog\/influencia-de-san-valentin\/\">La influencia de San Valentin en las parejas.<\/a><\/li>\n<li><a href=\"https:\/\/barreiropsicologia.com\/blog\/fases-y-crisis-de-pareja\/\">Fases y crisis de pareja<\/a>.<\/li>\n<\/ul>\n","protected":false},"excerpt":{"rendered":"<p>Debido al d\u00eda de San Valent\u00edn, he realizado un art\u00edculo para la prensa de Salamanca en el diario Salamanca24horas junto con otras dos compa\u00f1eras, en el cual hablamos sobre las relaciones de pareja, y tambi\u00e9n sobre los efectos que produce&#46;&#46;&#46;<\/p>\n","protected":false},"author":1,"featured_media":855,"comment_status":"open","ping_status":"open","sticky":false,"template":"","format":"standard","meta":{"footnotes":""},"categories":[801],"tags":[83],"class_list":["post-854","post","type-post","status-publish","format-standard","has-post-thumbnail","hentry","category-entorno-salud-mental","tag-pareja"],"yoast_head":"<!-- This site is optimized with the Yoast SEO plugin v27.3 - https:\/\/yoast.com\/product\/yoast-seo-wordpress\/ -->\n<title>Influencia de San Valent\u00edn en las relaciones de pareja - Blog de Psicolog\u00eda<\/title>\n<meta name=\"description\" content=\"Art\u00edculo en prensa por el d\u00eda de San Valent\u00edn y la influencia de ese d\u00eda en las relaciones de pareja, c\u00f3mo nos afecta y que puede implicar.\" \/>\n<meta name=\"robots\" content=\"index, follow, max-snippet:-1, max-image-preview:large, max-video-preview:-1\" \/>\n<link rel=\"canonical\" href=\"https:\/\/barreiropsicologia.com\/blog\/san-valentin-y-las-relaciones-de-pareja\/\" \/>\n<meta property=\"og:locale\" content=\"es_ES\" \/>\n<meta property=\"og:type\" content=\"article\" \/>\n<meta property=\"og:title\" content=\"Influencia de San Valent\u00edn en las relaciones de pareja - Blog de Psicolog\u00eda\" \/>\n<meta property=\"og:description\" content=\"Art\u00edculo en prensa por el d\u00eda de San Valent\u00edn y la influencia de ese d\u00eda en las relaciones de pareja, c\u00f3mo nos afecta y que puede implicar.\" \/>\n<meta property=\"og:url\" content=\"https:\/\/barreiropsicologia.com\/blog\/san-valentin-y-las-relaciones-de-pareja\/\" \/>\n<meta property=\"og:site_name\" content=\"Blog de psicolog\u00eda\" \/>\n<meta property=\"article:publisher\" content=\"https:\/\/www.facebook.com\/psicologossalamanca\/\" \/>\n<meta property=\"article:author\" content=\"https:\/\/www.facebook.com\/psicologossalamanca\/\" \/>\n<meta property=\"article:published_time\" content=\"2016-02-15T11:18:54+00:00\" \/>\n<meta property=\"article:modified_time\" content=\"2026-03-27T12:35:04+00:00\" \/>\n<meta property=\"og:image\" content=\"https:\/\/barreiropsicologia.com\/blog\/wp-content\/uploads\/2016\/02\/san_valentin.jpg\" \/>\n\t<meta property=\"og:image:width\" content=\"600\" \/>\n\t<meta property=\"og:image:height\" content=\"270\" \/>\n\t<meta property=\"og:image:type\" content=\"image\/jpeg\" \/>\n<meta name=\"author\" content=\"Javier Barreiro\" \/>\n<meta name=\"twitter:card\" content=\"summary_large_image\" \/>\n<meta name=\"twitter:creator\" content=\"@Barreiro.javier@hotmail.com\" \/>\n<meta name=\"twitter:site\" content=\"@Barreiro_Psi\" \/>\n<meta name=\"twitter:label1\" content=\"Escrito por\" \/>\n\t<meta name=\"twitter:data1\" content=\"Javier Barreiro\" \/>\n\t<meta name=\"twitter:label2\" content=\"Tiempo de lectura\" \/>\n\t<meta name=\"twitter:data2\" content=\"1 minuto\" \/>\n<script type=\"application\/ld+json\" class=\"yoast-schema-graph\">{\"@context\":\"https:\\\/\\\/schema.org\",\"@graph\":[{\"@type\":\"Article\",\"@id\":\"https:\\\/\\\/barreiropsicologia.com\\\/blog\\\/san-valentin-y-las-relaciones-de-pareja\\\/#article\",\"isPartOf\":{\"@id\":\"https:\\\/\\\/barreiropsicologia.com\\\/blog\\\/san-valentin-y-las-relaciones-de-pareja\\\/\"},\"author\":{\"name\":\"Javier Barreiro\",\"@id\":\"https:\\\/\\\/barreiropsicologia.com\\\/blog\\\/#\\\/schema\\\/person\\\/6068f8a0ae30566e1100f91905ead263\"},\"headline\":\"San Valent\u00edn y las relaciones de pareja\",\"datePublished\":\"2016-02-15T11:18:54+00:00\",\"dateModified\":\"2026-03-27T12:35:04+00:00\",\"mainEntityOfPage\":{\"@id\":\"https:\\\/\\\/barreiropsicologia.com\\\/blog\\\/san-valentin-y-las-relaciones-de-pareja\\\/\"},\"wordCount\":153,\"commentCount\":2,\"image\":{\"@id\":\"https:\\\/\\\/barreiropsicologia.com\\\/blog\\\/san-valentin-y-las-relaciones-de-pareja\\\/#primaryimage\"},\"thumbnailUrl\":\"https:\\\/\\\/barreiropsicologia.com\\\/blog\\\/wp-content\\\/uploads\\\/2016\\\/02\\\/san_valentin.jpg\",\"keywords\":[\"pareja\"],\"articleSection\":[\"Entorno y salud mental\"],\"inLanguage\":\"es\",\"potentialAction\":[{\"@type\":\"CommentAction\",\"name\":\"Comment\",\"target\":[\"https:\\\/\\\/barreiropsicologia.com\\\/blog\\\/san-valentin-y-las-relaciones-de-pareja\\\/#respond\"]}]},{\"@type\":\"WebPage\",\"@id\":\"https:\\\/\\\/barreiropsicologia.com\\\/blog\\\/san-valentin-y-las-relaciones-de-pareja\\\/\",\"url\":\"https:\\\/\\\/barreiropsicologia.com\\\/blog\\\/san-valentin-y-las-relaciones-de-pareja\\\/\",\"name\":\"Influencia de San Valent\u00edn en las relaciones de pareja - Blog de Psicolog\u00eda\",\"isPartOf\":{\"@id\":\"https:\\\/\\\/barreiropsicologia.com\\\/blog\\\/#website\"},\"primaryImageOfPage\":{\"@id\":\"https:\\\/\\\/barreiropsicologia.com\\\/blog\\\/san-valentin-y-las-relaciones-de-pareja\\\/#primaryimage\"},\"image\":{\"@id\":\"https:\\\/\\\/barreiropsicologia.com\\\/blog\\\/san-valentin-y-las-relaciones-de-pareja\\\/#primaryimage\"},\"thumbnailUrl\":\"https:\\\/\\\/barreiropsicologia.com\\\/blog\\\/wp-content\\\/uploads\\\/2016\\\/02\\\/san_valentin.jpg\",\"datePublished\":\"2016-02-15T11:18:54+00:00\",\"dateModified\":\"2026-03-27T12:35:04+00:00\",\"author\":{\"@id\":\"https:\\\/\\\/barreiropsicologia.com\\\/blog\\\/#\\\/schema\\\/person\\\/6068f8a0ae30566e1100f91905ead263\"},\"description\":\"Art\u00edculo en prensa por el d\u00eda de San Valent\u00edn y la influencia de ese d\u00eda en las relaciones de pareja, c\u00f3mo nos afecta y que puede implicar.\",\"breadcrumb\":{\"@id\":\"https:\\\/\\\/barreiropsicologia.com\\\/blog\\\/san-valentin-y-las-relaciones-de-pareja\\\/#breadcrumb\"},\"inLanguage\":\"es\",\"potentialAction\":[{\"@type\":\"ReadAction\",\"target\":[\"https:\\\/\\\/barreiropsicologia.com\\\/blog\\\/san-valentin-y-las-relaciones-de-pareja\\\/\"]}]},{\"@type\":\"ImageObject\",\"inLanguage\":\"es\",\"@id\":\"https:\\\/\\\/barreiropsicologia.com\\\/blog\\\/san-valentin-y-las-relaciones-de-pareja\\\/#primaryimage\",\"url\":\"https:\\\/\\\/barreiropsicologia.com\\\/blog\\\/wp-content\\\/uploads\\\/2016\\\/02\\\/san_valentin.jpg\",\"contentUrl\":\"https:\\\/\\\/barreiropsicologia.com\\\/blog\\\/wp-content\\\/uploads\\\/2016\\\/02\\\/san_valentin.jpg\",\"width\":600,\"height\":270,\"caption\":\"san valent\u00edn\"},{\"@type\":\"BreadcrumbList\",\"@id\":\"https:\\\/\\\/barreiropsicologia.com\\\/blog\\\/san-valentin-y-las-relaciones-de-pareja\\\/#breadcrumb\",\"itemListElement\":[{\"@type\":\"ListItem\",\"position\":1,\"name\":\"Portada\",\"item\":\"https:\\\/\\\/barreiropsicologia.com\\\/blog\\\/\"},{\"@type\":\"ListItem\",\"position\":2,\"name\":\"San Valent\u00edn y las relaciones de pareja\"}]},{\"@type\":\"WebSite\",\"@id\":\"https:\\\/\\\/barreiropsicologia.com\\\/blog\\\/#website\",\"url\":\"https:\\\/\\\/barreiropsicologia.com\\\/blog\\\/\",\"name\":\"Blog de psicolog\u00eda\",\"description\":\"Barreiro Psicolog\u00eda Blog\",\"potentialAction\":[{\"@type\":\"SearchAction\",\"target\":{\"@type\":\"EntryPoint\",\"urlTemplate\":\"https:\\\/\\\/barreiropsicologia.com\\\/blog\\\/?s={search_term_string}\"},\"query-input\":{\"@type\":\"PropertyValueSpecification\",\"valueRequired\":true,\"valueName\":\"search_term_string\"}}],\"inLanguage\":\"es\"},{\"@type\":\"Person\",\"@id\":\"https:\\\/\\\/barreiropsicologia.com\\\/blog\\\/#\\\/schema\\\/person\\\/6068f8a0ae30566e1100f91905ead263\",\"name\":\"Javier Barreiro\",\"image\":{\"@type\":\"ImageObject\",\"inLanguage\":\"es\",\"@id\":\"https:\\\/\\\/secure.gravatar.com\\\/avatar\\\/ba2dc692a18d0909a9544d2d12c67449129af0c5441c8732f319a1ae7ae701b0?s=96&d=mm&r=g\",\"url\":\"https:\\\/\\\/secure.gravatar.com\\\/avatar\\\/ba2dc692a18d0909a9544d2d12c67449129af0c5441c8732f319a1ae7ae701b0?s=96&d=mm&r=g\",\"contentUrl\":\"https:\\\/\\\/secure.gravatar.com\\\/avatar\\\/ba2dc692a18d0909a9544d2d12c67449129af0c5441c8732f319a1ae7ae701b0?s=96&d=mm&r=g\",\"caption\":\"Javier Barreiro\"},\"description\":\"Javier Barreiro Santamarta es Licenciado en Psicolog\u00eda por la Universidad de Salamanca, Psic\u00f3logo General Sanitario en Salamanca colegiado n\u00ba CL-3735. M\u00e1ster en Psicolog\u00eda Cl\u00ednica cognitivo-conductual, M\u00e1ster en Terapia Breve Centrada en Soluciones y M\u00e1ster en Recursos Humanos.\",\"sameAs\":[\"https:\\\/\\\/www.facebook.com\\\/psicologossalamanca\\\/\",\"https:\\\/\\\/www.instagram.com\\\/barreiro.psi\",\"https:\\\/\\\/ar.linkedin.com\\\/in\\\/javier-barreiro-santamarta-9183b962\",\"https:\\\/\\\/x.com\\\/Barreiro.javier@hotmail.com\"],\"url\":\"https:\\\/\\\/barreiropsicologia.com\\\/blog\\\/author\\\/javier_barreiro\\\/\"}]}<\/script>\n<!-- \/ Yoast SEO plugin. -->","yoast_head_json":{"title":"Influencia de San Valent\u00edn en las relaciones de pareja - Blog de Psicolog\u00eda","description":"Art\u00edculo en prensa por el d\u00eda de San Valent\u00edn y la influencia de ese d\u00eda en las relaciones de pareja, c\u00f3mo nos afecta y que puede implicar.","robots":{"index":"index","follow":"follow","max-snippet":"max-snippet:-1","max-image-preview":"max-image-preview:large","max-video-preview":"max-video-preview:-1"},"canonical":"https:\/\/barreiropsicologia.com\/blog\/san-valentin-y-las-relaciones-de-pareja\/","og_locale":"es_ES","og_type":"article","og_title":"Influencia de San Valent\u00edn en las relaciones de pareja - Blog de Psicolog\u00eda","og_description":"Art\u00edculo en prensa por el d\u00eda de San Valent\u00edn y la influencia de ese d\u00eda en las relaciones de pareja, c\u00f3mo nos afecta y que puede implicar.","og_url":"https:\/\/barreiropsicologia.com\/blog\/san-valentin-y-las-relaciones-de-pareja\/","og_site_name":"Blog de psicolog\u00eda","article_publisher":"https:\/\/www.facebook.com\/psicologossalamanca\/","article_author":"https:\/\/www.facebook.com\/psicologossalamanca\/","article_published_time":"2016-02-15T11:18:54+00:00","article_modified_time":"2026-03-27T12:35:04+00:00","og_image":[{"width":600,"height":270,"url":"https:\/\/barreiropsicologia.com\/blog\/wp-content\/uploads\/2016\/02\/san_valentin.jpg","type":"image\/jpeg"}],"author":"Javier Barreiro","twitter_card":"summary_large_image","twitter_creator":"@Barreiro.javier@hotmail.com","twitter_site":"@Barreiro_Psi","twitter_misc":{"Escrito por":"Javier Barreiro","Tiempo de lectura":"1 minuto"},"schema":{"@context":"https:\/\/schema.org","@graph":[{"@type":"Article","@id":"https:\/\/barreiropsicologia.com\/blog\/san-valentin-y-las-relaciones-de-pareja\/#article","isPartOf":{"@id":"https:\/\/barreiropsicologia.com\/blog\/san-valentin-y-las-relaciones-de-pareja\/"},"author":{"name":"Javier Barreiro","@id":"https:\/\/barreiropsicologia.com\/blog\/#\/schema\/person\/6068f8a0ae30566e1100f91905ead263"},"headline":"San Valent\u00edn y las relaciones de pareja","datePublished":"2016-02-15T11:18:54+00:00","dateModified":"2026-03-27T12:35:04+00:00","mainEntityOfPage":{"@id":"https:\/\/barreiropsicologia.com\/blog\/san-valentin-y-las-relaciones-de-pareja\/"},"wordCount":153,"commentCount":2,"image":{"@id":"https:\/\/barreiropsicologia.com\/blog\/san-valentin-y-las-relaciones-de-pareja\/#primaryimage"},"thumbnailUrl":"https:\/\/barreiropsicologia.com\/blog\/wp-content\/uploads\/2016\/02\/san_valentin.jpg","keywords":["pareja"],"articleSection":["Entorno y salud mental"],"inLanguage":"es","potentialAction":[{"@type":"CommentAction","name":"Comment","target":["https:\/\/barreiropsicologia.com\/blog\/san-valentin-y-las-relaciones-de-pareja\/#respond"]}]},{"@type":"WebPage","@id":"https:\/\/barreiropsicologia.com\/blog\/san-valentin-y-las-relaciones-de-pareja\/","url":"https:\/\/barreiropsicologia.com\/blog\/san-valentin-y-las-relaciones-de-pareja\/","name":"Influencia de San Valent\u00edn en las relaciones de pareja - Blog de Psicolog\u00eda","isPartOf":{"@id":"https:\/\/barreiropsicologia.com\/blog\/#website"},"primaryImageOfPage":{"@id":"https:\/\/barreiropsicologia.com\/blog\/san-valentin-y-las-relaciones-de-pareja\/#primaryimage"},"image":{"@id":"https:\/\/barreiropsicologia.com\/blog\/san-valentin-y-las-relaciones-de-pareja\/#primaryimage"},"thumbnailUrl":"https:\/\/barreiropsicologia.com\/blog\/wp-content\/uploads\/2016\/02\/san_valentin.jpg","datePublished":"2016-02-15T11:18:54+00:00","dateModified":"2026-03-27T12:35:04+00:00","author":{"@id":"https:\/\/barreiropsicologia.com\/blog\/#\/schema\/person\/6068f8a0ae30566e1100f91905ead263"},"description":"Art\u00edculo en prensa por el d\u00eda de San Valent\u00edn y la influencia de ese d\u00eda en las relaciones de pareja, c\u00f3mo nos afecta y que puede implicar.","breadcrumb":{"@id":"https:\/\/barreiropsicologia.com\/blog\/san-valentin-y-las-relaciones-de-pareja\/#breadcrumb"},"inLanguage":"es","potentialAction":[{"@type":"ReadAction","target":["https:\/\/barreiropsicologia.com\/blog\/san-valentin-y-las-relaciones-de-pareja\/"]}]},{"@type":"ImageObject","inLanguage":"es","@id":"https:\/\/barreiropsicologia.com\/blog\/san-valentin-y-las-relaciones-de-pareja\/#primaryimage","url":"https:\/\/barreiropsicologia.com\/blog\/wp-content\/uploads\/2016\/02\/san_valentin.jpg","contentUrl":"https:\/\/barreiropsicologia.com\/blog\/wp-content\/uploads\/2016\/02\/san_valentin.jpg","width":600,"height":270,"caption":"san valent\u00edn"},{"@type":"BreadcrumbList","@id":"https:\/\/barreiropsicologia.com\/blog\/san-valentin-y-las-relaciones-de-pareja\/#breadcrumb","itemListElement":[{"@type":"ListItem","position":1,"name":"Portada","item":"https:\/\/barreiropsicologia.com\/blog\/"},{"@type":"ListItem","position":2,"name":"San Valent\u00edn y las relaciones de pareja"}]},{"@type":"WebSite","@id":"https:\/\/barreiropsicologia.com\/blog\/#website","url":"https:\/\/barreiropsicologia.com\/blog\/","name":"Blog de psicolog\u00eda","description":"Barreiro Psicolog\u00eda Blog","potentialAction":[{"@type":"SearchAction","target":{"@type":"EntryPoint","urlTemplate":"https:\/\/barreiropsicologia.com\/blog\/?s={search_term_string}"},"query-input":{"@type":"PropertyValueSpecification","valueRequired":true,"valueName":"search_term_string"}}],"inLanguage":"es"},{"@type":"Person","@id":"https:\/\/barreiropsicologia.com\/blog\/#\/schema\/person\/6068f8a0ae30566e1100f91905ead263","name":"Javier Barreiro","image":{"@type":"ImageObject","inLanguage":"es","@id":"https:\/\/secure.gravatar.com\/avatar\/ba2dc692a18d0909a9544d2d12c67449129af0c5441c8732f319a1ae7ae701b0?s=96&d=mm&r=g","url":"https:\/\/secure.gravatar.com\/avatar\/ba2dc692a18d0909a9544d2d12c67449129af0c5441c8732f319a1ae7ae701b0?s=96&d=mm&r=g","contentUrl":"https:\/\/secure.gravatar.com\/avatar\/ba2dc692a18d0909a9544d2d12c67449129af0c5441c8732f319a1ae7ae701b0?s=96&d=mm&r=g","caption":"Javier Barreiro"},"description":"Javier Barreiro Santamarta es Licenciado en Psicolog\u00eda por la Universidad de Salamanca, Psic\u00f3logo General Sanitario en Salamanca colegiado n\u00ba CL-3735. M\u00e1ster en Psicolog\u00eda Cl\u00ednica cognitivo-conductual, M\u00e1ster en Terapia Breve Centrada en Soluciones y M\u00e1ster en Recursos Humanos.","sameAs":["https:\/\/www.facebook.com\/psicologossalamanca\/","https:\/\/www.instagram.com\/barreiro.psi","https:\/\/ar.linkedin.com\/in\/javier-barreiro-santamarta-9183b962","https:\/\/x.com\/Barreiro.javier@hotmail.com"],"url":"https:\/\/barreiropsicologia.com\/blog\/author\/javier_barreiro\/"}]}},"_links":{"self":[{"href":"https:\/\/barreiropsicologia.com\/blog\/wp-json\/wp\/v2\/posts\/854","targetHints":{"allow":["GET"]}}],"collection":[{"href":"https:\/\/barreiropsicologia.com\/blog\/wp-json\/wp\/v2\/posts"}],"about":[{"href":"https:\/\/barreiropsicologia.com\/blog\/wp-json\/wp\/v2\/types\/post"}],"author":[{"embeddable":true,"href":"https:\/\/barreiropsicologia.com\/blog\/wp-json\/wp\/v2\/users\/1"}],"replies":[{"embeddable":true,"href":"https:\/\/barreiropsicologia.com\/blog\/wp-json\/wp\/v2\/comments?post=854"}],"version-history":[{"count":6,"href":"https:\/\/barreiropsicologia.com\/blog\/wp-json\/wp\/v2\/posts\/854\/revisions"}],"predecessor-version":[{"id":3299,"href":"https:\/\/barreiropsicologia.com\/blog\/wp-json\/wp\/v2\/posts\/854\/revisions\/3299"}],"wp:featuredmedia":[{"embeddable":true,"href":"https:\/\/barreiropsicologia.com\/blog\/wp-json\/wp\/v2\/media\/855"}],"wp:attachment":[{"href":"https:\/\/barreiropsicologia.com\/blog\/wp-json\/wp\/v2\/media?parent=854"}],"wp:term":[{"taxonomy":"category","embeddable":true,"href":"https:\/\/barreiropsicologia.com\/blog\/wp-json\/wp\/v2\/categories?post=854"},{"taxonomy":"post_tag","embeddable":true,"href":"https:\/\/barreiropsicologia.com\/blog\/wp-json\/wp\/v2\/tags?post=854"}],"curies":[{"name":"wp","href":"https:\/\/api.w.org\/{rel}","templated":true}]}}