{"id":866,"date":"2016-04-19T09:52:55","date_gmt":"2016-04-19T07:52:55","guid":{"rendered":"http:\/\/www.barreiropsicologia.com\/?p=866"},"modified":"2026-03-27T13:39:49","modified_gmt":"2026-03-27T12:39:49","slug":"como-trabajar-el-duelo","status":"publish","type":"post","link":"https:\/\/barreiropsicologia.com\/blog\/como-trabajar-el-duelo\/","title":{"rendered":"C\u00f3mo trabajar el Duelo"},"content":{"rendered":"<p style=\"text-align: justify;\">Repasando los apuntes de el <a href=\"https:\/\/lavanguardia.com\/sucesos\/20131206\/54395242757\/150-psicologos-de-c-y-leon-se-forman-para-actuar-en-desastres-y-emergencias\/\">curso<\/a> que realic\u00e9 recientemente sobre la <span style=\"color: #ff6600;\">intervenci\u00f3n en situaciones de emergencia y duelo<\/span> a trav\u00e9s del grupo <a href=\"http:\/\/comunicacion.jcyl.es\/web\/jcyl\/Comunicacion\/es\/Plantilla100Detalle\/1281372051501\/_\/1284295734653\/Comunicacion\">GIPDE<\/a> del <a href=\"http:\/\/www.copcyl.es\/\">Colegio Oficial de Psic\u00f3logos<\/a>, para la actuaci\u00f3n a trav\u00e9s de los <a href=\"https:\/\/112.jcyl.es\/web\/jcyl\/112\/es\/Plantilla100\/1284178030391\/_\/_\/_\">servicios de emergencias del 112<\/a> en Castilla y Le\u00f3n, me reencontr\u00e9 con el trabajo de un psic\u00f3logo, <em>J. William Worden<\/em>, que plantea una forma de actuar sobre la asistencia en los casos de Duelo que me parece muy pr\u00e1ctica e interesante.<\/p>\n<h2>Qu\u00e9 nos dice el autor sobre el duelo<\/h2>\n<p style=\"text-align: justify;\"><em>J. William Worden<\/em> en su libro \u00ab<a href=\"https:\/\/casadellibro.com\/libro-el-tratamiento-del-duelo\/9788449326097\/2077011\">El tratamiento del duelo<\/a>\u00bb describe los mecanismos del duelo y los procedimientos que se deben emplear para que el individuo afronte su p\u00e9rdida y su dolor, y pueda seguir el proceso que le permitir\u00e1 superarlos.<\/p>\n<p style=\"text-align: justify;\">Tambi\u00e9n explica por qu\u00e9 los procesos de <strong>duelo mal resueltos<\/strong> (como las reacciones emocionales exageradas, que llegan a convertirse en cr\u00f3nicas, o las que se enmascaran o se retardan) pueden originar problemas que acaban convirti\u00e9ndose en <strong>patolog\u00edas<\/strong> que requieren tratamiento y que el psicoterapeuta deber\u00e1&nbsp; diagnosticar y tratar.<\/p>\n<p><img loading=\"lazy\" decoding=\"async\" class=\"wp-image-1801 alignright\" src=\"http:\/\/barreiropsicologia.com\/blog\/wp-content\/uploads\/2016\/04\/9788449326097-211x300.jpg\" alt=\"trabajando el duelo\" width=\"172\" height=\"245\" srcset=\"https:\/\/barreiropsicologia.com\/blog\/wp-content\/uploads\/2016\/04\/9788449326097-211x300.jpg 211w, https:\/\/barreiropsicologia.com\/blog\/wp-content\/uploads\/2016\/04\/9788449326097-768x1091.jpg 768w, https:\/\/barreiropsicologia.com\/blog\/wp-content\/uploads\/2016\/04\/9788449326097-721x1024.jpg 721w, https:\/\/barreiropsicologia.com\/blog\/wp-content\/uploads\/2016\/04\/9788449326097.jpg 1408w\" sizes=\"auto, (max-width: 172px) 100vw, 172px\" \/><\/p>\n<h2>Las tareas propuestas sobre el tratamiento del duelo<\/h2>\n<h3><span style=\"color: #00ccff;\">Aceptar la realidad de la p\u00e9rdida<\/span><\/h3>\n<p>Seg\u00fan Worden hay <strong>dos tipos de aceptaci\u00f3n<\/strong>: la aceptaci\u00f3n intelectual o la conciencia racional de que la persona ya no est\u00e1, ha muerto y la aceptaci\u00f3n emocional aceptar vivir las emociones que este hecho genera.<\/p>\n<p>Si el sujeto se obstina en la negaci\u00f3n del hecho o de lo que significa esta p\u00e9rdida emocionalmente para \u00e9l, esta tarea se ver\u00e1 prolongada.<\/p>\n<h3><span style=\"color: #00ccff;\">Trabajar las emociones y el dolor de la p\u00e9rdida<\/span><\/h3>\n<p>Para ello es necesario que la persona sea consciente de qu\u00e9 emociones est\u00e1n surgiendo y luego que se d\u00e9 permiso para sentirlas.<\/p>\n<p>Durante el proceso de duelo es normal que puedansurgir tanto emociones negativas como positivas, las m\u00e1s comunes son la ira o el enfado, (la rabia que mencionaba Bowlby en la segunda fase de su modelo).<\/p>\n<p>Seg\u00fan Worden hay algunas <strong>emociones que son m\u00e1s dif\u00edciles de aceptar<\/strong>, como el dolor, la tristeza, a veces por condicionamientos sociales.<\/p>\n<p>Si el sujeto no se permite experimentar todas estas emociones entrar\u00e1 en un proceso de negaci\u00f3n consistente en tratar de evitar pensamientos y recuerdos.<\/p>\n<p>Si esta tarea no se completa adecuadamente, puede que m\u00e1s adelante necesite terapia para resolver un duelo complicado.<\/p>\n<h3><span style=\"color: #00ccff;\">Adaptarse a un medio en el que la persona est\u00e1 ausente <\/span><\/h3>\n<p>El deudo tiene que readaptar su vida cotidiana en ausencia del ser querido.<\/p>\n<p>Deber\u00e1 <strong>asumir roles<\/strong> que antes no le correspond\u00edan y desarrollar habilidades que desconoc\u00eda que pudiese poseer, lo que afectar\u00e1 al concepto que hasta ahora ten\u00eda de s\u00ed mismo.<\/p>\n<p>Todo su mundo externo e interno debe adquirir un nuevo sentido y \u00e9ste ser\u00e1 diferente para cada persona.<\/p>\n<h3><span style=\"color: #00ccff;\">Recolocar emocionalmente al fallecido y continuar viviendo <\/span><\/h3>\n<p>Esta ser\u00eda la \u00faltima tarea. El duelo se acaba cuando se cumplen las 4 tareas, pero no consiste en renunciar a la persona fallecida sino en tratar de recordarla de una manera adaptativa, sin dolor, aunque cierta tristeza es inevitable.<\/p>\n<p>Debemos encontrar <strong>maneras de recordar<\/strong> a los seres queridos que han fallecido llev\u00e1ndolos con nosotros, pero sin que ello nos impida seguir viviendo <em>(Worden, 2004)<\/em>.<\/p>\n<p>El modelo de Worden tiene una aplicaci\u00f3n pr\u00e1ctica, ya que adem\u00e1s de identificar los momentos del duelo, proporciona estrategias terap\u00e9uticas que pueden ser utilizadas en terapia.<\/p>\n<hr>\n<h2>A tener en cuenta<\/h2>\n<p style=\"text-align: justify;\">Esta forma de intervenci\u00f3n nos propone a los profesionales unas herramientas concretas con las que podemos manejar un proceso tan complicado como es en ocasiones el dolor de la p\u00e9rdida y empezar a trabajar as\u00ed con un procedimiento concreto centrado en una serie de principios determinados.<\/p>\n<p style=\"text-align: justify;\">Adem\u00e1s de \u00e9ste modelo en <strong>nuestra consulta<\/strong> aplicamos diferentes <a href=\"https:\/\/barreiropsicologia.com\/tratamiento-psicologico\/duelo\/\">herramientas espec\u00edficas<\/a> que ayudan a trabajar y superar el duelo.<\/p>\n<hr>\n<p>\u2666 Tambi\u00e9n te puede interesar el art\u00edculo sobre <a href=\"https:\/\/barreiropsicologia.com\/blog\/pasos-en-el-duelo\/\">los pasos a seguir para superar el duelo<\/a><\/p>\n","protected":false},"excerpt":{"rendered":"<p>Repasando los apuntes de el curso que realic\u00e9 recientemente sobre la intervenci\u00f3n en situaciones de emergencia y duelo a trav\u00e9s del grupo GIPDE del Colegio Oficial de Psic\u00f3logos, para la actuaci\u00f3n a trav\u00e9s de los servicios de emergencias del 112&#46;&#46;&#46;<\/p>\n","protected":false},"author":1,"featured_media":868,"comment_status":"open","ping_status":"open","sticky":false,"template":"","format":"standard","meta":{"footnotes":""},"categories":[802],"tags":[267,700,692],"class_list":["post-866","post","type-post","status-publish","format-standard","has-post-thumbnail","hentry","category-estado-animo","tag-depresion-y-tristeza","tag-tecnicas-y-herramientas","tag-trauma-y-duelo"],"yoast_head":"<!-- This site is optimized with the Yoast SEO plugin v27.3 - https:\/\/yoast.com\/product\/yoast-seo-wordpress\/ -->\n<title>Trabajando el Duelo, pautas y herramientas - Blog de Psicolog\u00eda<\/title>\n<meta name=\"description\" content=\"Si quieres conocer pautas y herramientas concretas para trabajar sobre los procesos psicol\u00f3gicos del duelo, aprende con este art\u00edculo.\" \/>\n<meta name=\"robots\" content=\"index, follow, max-snippet:-1, max-image-preview:large, max-video-preview:-1\" \/>\n<link rel=\"canonical\" href=\"https:\/\/barreiropsicologia.com\/blog\/como-trabajar-el-duelo\/\" \/>\n<meta property=\"og:locale\" content=\"es_ES\" \/>\n<meta property=\"og:type\" content=\"article\" \/>\n<meta property=\"og:title\" content=\"Trabajando el Duelo, pautas y herramientas - Blog de Psicolog\u00eda\" \/>\n<meta property=\"og:description\" content=\"Si quieres conocer pautas y herramientas concretas para trabajar sobre los procesos psicol\u00f3gicos del duelo, aprende con este art\u00edculo.\" \/>\n<meta property=\"og:url\" content=\"https:\/\/barreiropsicologia.com\/blog\/como-trabajar-el-duelo\/\" \/>\n<meta property=\"og:site_name\" content=\"Blog de psicolog\u00eda\" \/>\n<meta property=\"article:publisher\" content=\"https:\/\/www.facebook.com\/psicologossalamanca\/\" \/>\n<meta property=\"article:author\" content=\"https:\/\/www.facebook.com\/psicologossalamanca\/\" \/>\n<meta property=\"article:published_time\" content=\"2016-04-19T07:52:55+00:00\" \/>\n<meta property=\"article:modified_time\" content=\"2026-03-27T12:39:49+00:00\" \/>\n<meta property=\"og:image\" content=\"https:\/\/barreiropsicologia.com\/blog\/wp-content\/uploads\/2016\/04\/f4235b_434aa3b5bc334f6a8d683298a9079766.jpg_srz_670_226_85_22_0.50_1.20_0.00_jpg_srz.jpg\" \/>\n\t<meta property=\"og:image:width\" content=\"660\" \/>\n\t<meta property=\"og:image:height\" content=\"223\" \/>\n\t<meta property=\"og:image:type\" content=\"image\/jpeg\" \/>\n<meta name=\"author\" content=\"Javier Barreiro\" \/>\n<meta name=\"twitter:card\" content=\"summary_large_image\" \/>\n<meta name=\"twitter:creator\" content=\"@Barreiro.javier@hotmail.com\" \/>\n<meta name=\"twitter:site\" content=\"@Barreiro_Psi\" \/>\n<meta name=\"twitter:label1\" content=\"Escrito por\" \/>\n\t<meta name=\"twitter:data1\" content=\"Javier Barreiro\" \/>\n\t<meta name=\"twitter:label2\" content=\"Tiempo de lectura\" \/>\n\t<meta name=\"twitter:data2\" content=\"4 minutos\" \/>\n<script type=\"application\/ld+json\" class=\"yoast-schema-graph\">{\"@context\":\"https:\\\/\\\/schema.org\",\"@graph\":[{\"@type\":\"Article\",\"@id\":\"https:\\\/\\\/barreiropsicologia.com\\\/blog\\\/como-trabajar-el-duelo\\\/#article\",\"isPartOf\":{\"@id\":\"https:\\\/\\\/barreiropsicologia.com\\\/blog\\\/como-trabajar-el-duelo\\\/\"},\"author\":{\"name\":\"Javier Barreiro\",\"@id\":\"https:\\\/\\\/barreiropsicologia.com\\\/blog\\\/#\\\/schema\\\/person\\\/6068f8a0ae30566e1100f91905ead263\"},\"headline\":\"C\u00f3mo trabajar el Duelo\",\"datePublished\":\"2016-04-19T07:52:55+00:00\",\"dateModified\":\"2026-03-27T12:39:49+00:00\",\"mainEntityOfPage\":{\"@id\":\"https:\\\/\\\/barreiropsicologia.com\\\/blog\\\/como-trabajar-el-duelo\\\/\"},\"wordCount\":674,\"commentCount\":4,\"image\":{\"@id\":\"https:\\\/\\\/barreiropsicologia.com\\\/blog\\\/como-trabajar-el-duelo\\\/#primaryimage\"},\"thumbnailUrl\":\"https:\\\/\\\/barreiropsicologia.com\\\/blog\\\/wp-content\\\/uploads\\\/2016\\\/04\\\/f4235b_434aa3b5bc334f6a8d683298a9079766.jpg_srz_670_226_85_22_0.50_1.20_0.00_jpg_srz.jpg\",\"keywords\":[\"depresi\u00f3n y tristeza\",\"t\u00e9cnicas y herramientas\",\"trauma y duelo\"],\"articleSection\":[\"Estado de \u00e1nimo\"],\"inLanguage\":\"es\",\"potentialAction\":[{\"@type\":\"CommentAction\",\"name\":\"Comment\",\"target\":[\"https:\\\/\\\/barreiropsicologia.com\\\/blog\\\/como-trabajar-el-duelo\\\/#respond\"]}]},{\"@type\":\"WebPage\",\"@id\":\"https:\\\/\\\/barreiropsicologia.com\\\/blog\\\/como-trabajar-el-duelo\\\/\",\"url\":\"https:\\\/\\\/barreiropsicologia.com\\\/blog\\\/como-trabajar-el-duelo\\\/\",\"name\":\"Trabajando el Duelo, pautas y herramientas - Blog de Psicolog\u00eda\",\"isPartOf\":{\"@id\":\"https:\\\/\\\/barreiropsicologia.com\\\/blog\\\/#website\"},\"primaryImageOfPage\":{\"@id\":\"https:\\\/\\\/barreiropsicologia.com\\\/blog\\\/como-trabajar-el-duelo\\\/#primaryimage\"},\"image\":{\"@id\":\"https:\\\/\\\/barreiropsicologia.com\\\/blog\\\/como-trabajar-el-duelo\\\/#primaryimage\"},\"thumbnailUrl\":\"https:\\\/\\\/barreiropsicologia.com\\\/blog\\\/wp-content\\\/uploads\\\/2016\\\/04\\\/f4235b_434aa3b5bc334f6a8d683298a9079766.jpg_srz_670_226_85_22_0.50_1.20_0.00_jpg_srz.jpg\",\"datePublished\":\"2016-04-19T07:52:55+00:00\",\"dateModified\":\"2026-03-27T12:39:49+00:00\",\"author\":{\"@id\":\"https:\\\/\\\/barreiropsicologia.com\\\/blog\\\/#\\\/schema\\\/person\\\/6068f8a0ae30566e1100f91905ead263\"},\"description\":\"Si quieres conocer pautas y herramientas concretas para trabajar sobre los procesos psicol\u00f3gicos del duelo, aprende con este art\u00edculo.\",\"breadcrumb\":{\"@id\":\"https:\\\/\\\/barreiropsicologia.com\\\/blog\\\/como-trabajar-el-duelo\\\/#breadcrumb\"},\"inLanguage\":\"es\",\"potentialAction\":[{\"@type\":\"ReadAction\",\"target\":[\"https:\\\/\\\/barreiropsicologia.com\\\/blog\\\/como-trabajar-el-duelo\\\/\"]}]},{\"@type\":\"ImageObject\",\"inLanguage\":\"es\",\"@id\":\"https:\\\/\\\/barreiropsicologia.com\\\/blog\\\/como-trabajar-el-duelo\\\/#primaryimage\",\"url\":\"https:\\\/\\\/barreiropsicologia.com\\\/blog\\\/wp-content\\\/uploads\\\/2016\\\/04\\\/f4235b_434aa3b5bc334f6a8d683298a9079766.jpg_srz_670_226_85_22_0.50_1.20_0.00_jpg_srz.jpg\",\"contentUrl\":\"https:\\\/\\\/barreiropsicologia.com\\\/blog\\\/wp-content\\\/uploads\\\/2016\\\/04\\\/f4235b_434aa3b5bc334f6a8d683298a9079766.jpg_srz_670_226_85_22_0.50_1.20_0.00_jpg_srz.jpg\",\"width\":660,\"height\":223,\"caption\":\"Trabajando el duelo\"},{\"@type\":\"BreadcrumbList\",\"@id\":\"https:\\\/\\\/barreiropsicologia.com\\\/blog\\\/como-trabajar-el-duelo\\\/#breadcrumb\",\"itemListElement\":[{\"@type\":\"ListItem\",\"position\":1,\"name\":\"Portada\",\"item\":\"https:\\\/\\\/barreiropsicologia.com\\\/blog\\\/\"},{\"@type\":\"ListItem\",\"position\":2,\"name\":\"C\u00f3mo trabajar el Duelo\"}]},{\"@type\":\"WebSite\",\"@id\":\"https:\\\/\\\/barreiropsicologia.com\\\/blog\\\/#website\",\"url\":\"https:\\\/\\\/barreiropsicologia.com\\\/blog\\\/\",\"name\":\"Blog de psicolog\u00eda\",\"description\":\"Barreiro Psicolog\u00eda Blog\",\"potentialAction\":[{\"@type\":\"SearchAction\",\"target\":{\"@type\":\"EntryPoint\",\"urlTemplate\":\"https:\\\/\\\/barreiropsicologia.com\\\/blog\\\/?s={search_term_string}\"},\"query-input\":{\"@type\":\"PropertyValueSpecification\",\"valueRequired\":true,\"valueName\":\"search_term_string\"}}],\"inLanguage\":\"es\"},{\"@type\":\"Person\",\"@id\":\"https:\\\/\\\/barreiropsicologia.com\\\/blog\\\/#\\\/schema\\\/person\\\/6068f8a0ae30566e1100f91905ead263\",\"name\":\"Javier Barreiro\",\"image\":{\"@type\":\"ImageObject\",\"inLanguage\":\"es\",\"@id\":\"https:\\\/\\\/secure.gravatar.com\\\/avatar\\\/ba2dc692a18d0909a9544d2d12c67449129af0c5441c8732f319a1ae7ae701b0?s=96&d=mm&r=g\",\"url\":\"https:\\\/\\\/secure.gravatar.com\\\/avatar\\\/ba2dc692a18d0909a9544d2d12c67449129af0c5441c8732f319a1ae7ae701b0?s=96&d=mm&r=g\",\"contentUrl\":\"https:\\\/\\\/secure.gravatar.com\\\/avatar\\\/ba2dc692a18d0909a9544d2d12c67449129af0c5441c8732f319a1ae7ae701b0?s=96&d=mm&r=g\",\"caption\":\"Javier Barreiro\"},\"description\":\"Javier Barreiro Santamarta es Licenciado en Psicolog\u00eda por la Universidad de Salamanca, Psic\u00f3logo General Sanitario en Salamanca colegiado n\u00ba CL-3735. M\u00e1ster en Psicolog\u00eda Cl\u00ednica cognitivo-conductual, M\u00e1ster en Terapia Breve Centrada en Soluciones y M\u00e1ster en Recursos Humanos.\",\"sameAs\":[\"https:\\\/\\\/www.facebook.com\\\/psicologossalamanca\\\/\",\"https:\\\/\\\/www.instagram.com\\\/barreiro.psi\",\"https:\\\/\\\/ar.linkedin.com\\\/in\\\/javier-barreiro-santamarta-9183b962\",\"https:\\\/\\\/x.com\\\/Barreiro.javier@hotmail.com\"],\"url\":\"https:\\\/\\\/barreiropsicologia.com\\\/blog\\\/author\\\/javier_barreiro\\\/\"}]}<\/script>\n<!-- \/ Yoast SEO plugin. -->","yoast_head_json":{"title":"Trabajando el Duelo, pautas y herramientas - Blog de Psicolog\u00eda","description":"Si quieres conocer pautas y herramientas concretas para trabajar sobre los procesos psicol\u00f3gicos del duelo, aprende con este art\u00edculo.","robots":{"index":"index","follow":"follow","max-snippet":"max-snippet:-1","max-image-preview":"max-image-preview:large","max-video-preview":"max-video-preview:-1"},"canonical":"https:\/\/barreiropsicologia.com\/blog\/como-trabajar-el-duelo\/","og_locale":"es_ES","og_type":"article","og_title":"Trabajando el Duelo, pautas y herramientas - Blog de Psicolog\u00eda","og_description":"Si quieres conocer pautas y herramientas concretas para trabajar sobre los procesos psicol\u00f3gicos del duelo, aprende con este art\u00edculo.","og_url":"https:\/\/barreiropsicologia.com\/blog\/como-trabajar-el-duelo\/","og_site_name":"Blog de psicolog\u00eda","article_publisher":"https:\/\/www.facebook.com\/psicologossalamanca\/","article_author":"https:\/\/www.facebook.com\/psicologossalamanca\/","article_published_time":"2016-04-19T07:52:55+00:00","article_modified_time":"2026-03-27T12:39:49+00:00","og_image":[{"width":660,"height":223,"url":"https:\/\/barreiropsicologia.com\/blog\/wp-content\/uploads\/2016\/04\/f4235b_434aa3b5bc334f6a8d683298a9079766.jpg_srz_670_226_85_22_0.50_1.20_0.00_jpg_srz.jpg","type":"image\/jpeg"}],"author":"Javier Barreiro","twitter_card":"summary_large_image","twitter_creator":"@Barreiro.javier@hotmail.com","twitter_site":"@Barreiro_Psi","twitter_misc":{"Escrito por":"Javier Barreiro","Tiempo de lectura":"4 minutos"},"schema":{"@context":"https:\/\/schema.org","@graph":[{"@type":"Article","@id":"https:\/\/barreiropsicologia.com\/blog\/como-trabajar-el-duelo\/#article","isPartOf":{"@id":"https:\/\/barreiropsicologia.com\/blog\/como-trabajar-el-duelo\/"},"author":{"name":"Javier Barreiro","@id":"https:\/\/barreiropsicologia.com\/blog\/#\/schema\/person\/6068f8a0ae30566e1100f91905ead263"},"headline":"C\u00f3mo trabajar el Duelo","datePublished":"2016-04-19T07:52:55+00:00","dateModified":"2026-03-27T12:39:49+00:00","mainEntityOfPage":{"@id":"https:\/\/barreiropsicologia.com\/blog\/como-trabajar-el-duelo\/"},"wordCount":674,"commentCount":4,"image":{"@id":"https:\/\/barreiropsicologia.com\/blog\/como-trabajar-el-duelo\/#primaryimage"},"thumbnailUrl":"https:\/\/barreiropsicologia.com\/blog\/wp-content\/uploads\/2016\/04\/f4235b_434aa3b5bc334f6a8d683298a9079766.jpg_srz_670_226_85_22_0.50_1.20_0.00_jpg_srz.jpg","keywords":["depresi\u00f3n y tristeza","t\u00e9cnicas y herramientas","trauma y duelo"],"articleSection":["Estado de \u00e1nimo"],"inLanguage":"es","potentialAction":[{"@type":"CommentAction","name":"Comment","target":["https:\/\/barreiropsicologia.com\/blog\/como-trabajar-el-duelo\/#respond"]}]},{"@type":"WebPage","@id":"https:\/\/barreiropsicologia.com\/blog\/como-trabajar-el-duelo\/","url":"https:\/\/barreiropsicologia.com\/blog\/como-trabajar-el-duelo\/","name":"Trabajando el Duelo, pautas y herramientas - Blog de Psicolog\u00eda","isPartOf":{"@id":"https:\/\/barreiropsicologia.com\/blog\/#website"},"primaryImageOfPage":{"@id":"https:\/\/barreiropsicologia.com\/blog\/como-trabajar-el-duelo\/#primaryimage"},"image":{"@id":"https:\/\/barreiropsicologia.com\/blog\/como-trabajar-el-duelo\/#primaryimage"},"thumbnailUrl":"https:\/\/barreiropsicologia.com\/blog\/wp-content\/uploads\/2016\/04\/f4235b_434aa3b5bc334f6a8d683298a9079766.jpg_srz_670_226_85_22_0.50_1.20_0.00_jpg_srz.jpg","datePublished":"2016-04-19T07:52:55+00:00","dateModified":"2026-03-27T12:39:49+00:00","author":{"@id":"https:\/\/barreiropsicologia.com\/blog\/#\/schema\/person\/6068f8a0ae30566e1100f91905ead263"},"description":"Si quieres conocer pautas y herramientas concretas para trabajar sobre los procesos psicol\u00f3gicos del duelo, aprende con este art\u00edculo.","breadcrumb":{"@id":"https:\/\/barreiropsicologia.com\/blog\/como-trabajar-el-duelo\/#breadcrumb"},"inLanguage":"es","potentialAction":[{"@type":"ReadAction","target":["https:\/\/barreiropsicologia.com\/blog\/como-trabajar-el-duelo\/"]}]},{"@type":"ImageObject","inLanguage":"es","@id":"https:\/\/barreiropsicologia.com\/blog\/como-trabajar-el-duelo\/#primaryimage","url":"https:\/\/barreiropsicologia.com\/blog\/wp-content\/uploads\/2016\/04\/f4235b_434aa3b5bc334f6a8d683298a9079766.jpg_srz_670_226_85_22_0.50_1.20_0.00_jpg_srz.jpg","contentUrl":"https:\/\/barreiropsicologia.com\/blog\/wp-content\/uploads\/2016\/04\/f4235b_434aa3b5bc334f6a8d683298a9079766.jpg_srz_670_226_85_22_0.50_1.20_0.00_jpg_srz.jpg","width":660,"height":223,"caption":"Trabajando el duelo"},{"@type":"BreadcrumbList","@id":"https:\/\/barreiropsicologia.com\/blog\/como-trabajar-el-duelo\/#breadcrumb","itemListElement":[{"@type":"ListItem","position":1,"name":"Portada","item":"https:\/\/barreiropsicologia.com\/blog\/"},{"@type":"ListItem","position":2,"name":"C\u00f3mo trabajar el Duelo"}]},{"@type":"WebSite","@id":"https:\/\/barreiropsicologia.com\/blog\/#website","url":"https:\/\/barreiropsicologia.com\/blog\/","name":"Blog de psicolog\u00eda","description":"Barreiro Psicolog\u00eda Blog","potentialAction":[{"@type":"SearchAction","target":{"@type":"EntryPoint","urlTemplate":"https:\/\/barreiropsicologia.com\/blog\/?s={search_term_string}"},"query-input":{"@type":"PropertyValueSpecification","valueRequired":true,"valueName":"search_term_string"}}],"inLanguage":"es"},{"@type":"Person","@id":"https:\/\/barreiropsicologia.com\/blog\/#\/schema\/person\/6068f8a0ae30566e1100f91905ead263","name":"Javier Barreiro","image":{"@type":"ImageObject","inLanguage":"es","@id":"https:\/\/secure.gravatar.com\/avatar\/ba2dc692a18d0909a9544d2d12c67449129af0c5441c8732f319a1ae7ae701b0?s=96&d=mm&r=g","url":"https:\/\/secure.gravatar.com\/avatar\/ba2dc692a18d0909a9544d2d12c67449129af0c5441c8732f319a1ae7ae701b0?s=96&d=mm&r=g","contentUrl":"https:\/\/secure.gravatar.com\/avatar\/ba2dc692a18d0909a9544d2d12c67449129af0c5441c8732f319a1ae7ae701b0?s=96&d=mm&r=g","caption":"Javier Barreiro"},"description":"Javier Barreiro Santamarta es Licenciado en Psicolog\u00eda por la Universidad de Salamanca, Psic\u00f3logo General Sanitario en Salamanca colegiado n\u00ba CL-3735. M\u00e1ster en Psicolog\u00eda Cl\u00ednica cognitivo-conductual, M\u00e1ster en Terapia Breve Centrada en Soluciones y M\u00e1ster en Recursos Humanos.","sameAs":["https:\/\/www.facebook.com\/psicologossalamanca\/","https:\/\/www.instagram.com\/barreiro.psi","https:\/\/ar.linkedin.com\/in\/javier-barreiro-santamarta-9183b962","https:\/\/x.com\/Barreiro.javier@hotmail.com"],"url":"https:\/\/barreiropsicologia.com\/blog\/author\/javier_barreiro\/"}]}},"_links":{"self":[{"href":"https:\/\/barreiropsicologia.com\/blog\/wp-json\/wp\/v2\/posts\/866","targetHints":{"allow":["GET"]}}],"collection":[{"href":"https:\/\/barreiropsicologia.com\/blog\/wp-json\/wp\/v2\/posts"}],"about":[{"href":"https:\/\/barreiropsicologia.com\/blog\/wp-json\/wp\/v2\/types\/post"}],"author":[{"embeddable":true,"href":"https:\/\/barreiropsicologia.com\/blog\/wp-json\/wp\/v2\/users\/1"}],"replies":[{"embeddable":true,"href":"https:\/\/barreiropsicologia.com\/blog\/wp-json\/wp\/v2\/comments?post=866"}],"version-history":[{"count":10,"href":"https:\/\/barreiropsicologia.com\/blog\/wp-json\/wp\/v2\/posts\/866\/revisions"}],"predecessor-version":[{"id":3178,"href":"https:\/\/barreiropsicologia.com\/blog\/wp-json\/wp\/v2\/posts\/866\/revisions\/3178"}],"wp:featuredmedia":[{"embeddable":true,"href":"https:\/\/barreiropsicologia.com\/blog\/wp-json\/wp\/v2\/media\/868"}],"wp:attachment":[{"href":"https:\/\/barreiropsicologia.com\/blog\/wp-json\/wp\/v2\/media?parent=866"}],"wp:term":[{"taxonomy":"category","embeddable":true,"href":"https:\/\/barreiropsicologia.com\/blog\/wp-json\/wp\/v2\/categories?post=866"},{"taxonomy":"post_tag","embeddable":true,"href":"https:\/\/barreiropsicologia.com\/blog\/wp-json\/wp\/v2\/tags?post=866"}],"curies":[{"name":"wp","href":"https:\/\/api.w.org\/{rel}","templated":true}]}}